{"id":7931,"date":"2022-04-06T14:04:48","date_gmt":"2022-04-06T11:04:48","guid":{"rendered":"https:\/\/egegen.com\/blog\/?p=7931"},"modified":"2022-10-10T16:51:12","modified_gmt":"2022-10-10T13:51:12","slug":"egegen-trend-raporu-53-mart-2022","status":"publish","type":"post","link":"https:\/\/egegen.com\/blog\/egegen-trend-raporu-53-mart-2022\/","title":{"rendered":"egegen Trend Raporu &#8211; 53 \/ Mart 2022"},"content":{"rendered":"\r\n<p><strong>Ortak tweet: Twitter\u2019\u0131n yeni \u00f6zelli\u011fi!<\/strong><\/p>\r\n\r\n\r\n\r\n<p>Twitter son zamanlarda DM b\u00f6l\u00fcm\u00fcnde mesaj arama, sohbet sabitleme, podcast ve benzeri bir\u00e7ok \u00f6zellik hayata ge\u00e7irdi. Bunlar\u0131n bir k\u0131sm\u0131 tamamen \u00fccretsizken, baz\u0131lar\u0131 ise ayl\u0131k bir abonelik gerektiren <strong>Twitter Blue<\/strong> kapsam\u0131nda kullan\u0131ma sunuldu.<\/p>\r\n\r\n\r\n\r\n<p>Sosyal medya uygulamalar\u0131 hakk\u0131ndaki s\u0131z\u0131nt\u0131lar\u0131yla tan\u0131nan tersine m\u00fchendislik uzman\u0131 Alessandro Paluzzi, Twitter platformuna yak\u0131nda \u201c<strong>ortak tweet<\/strong>\u201d \u00f6zelli\u011fi gelece\u011fini s\u00f6yledi. Aral\u0131k ay\u0131ndan beri geli\u015ftirme a\u015famas\u0131nda olan bu \u00f6zellik sayesinde iki farkl\u0131 kullan\u0131c\u0131 ayn\u0131 anda tek bir tweeti birlikte yazabilecek.<\/p>\r\n\r\n\r\n\r\n<p>Twitter, ortak tweet \u00f6zelli\u011fiyle i\u015f birli\u011fini kolayla\u015ft\u0131racak!<\/p>\r\n\r\n\r\n\r\n<p>Payla\u015f\u0131lan ekran g\u00f6r\u00fcnt\u00fcs\u00fcnde de anla\u015f\u0131laca\u011f\u0131 \u00fczere bir ki\u015fiyle ortak <strong>tweet yazmak<\/strong> i\u00e7in, hesab\u0131n\u0131n herkese a\u00e7\u0131k olmas\u0131 ve sizi takip ediyor olmas\u0131 gerekecek. Bu iki gereksinimden birini kar\u015f\u0131lamayan herhangi bir hesap, ortak tweet \u00f6zelli\u011finden ne yaz\u0131k ki faydalanamayacak.<\/p>\r\n\r\n\r\n\r\n<p>Beraber tweet yazmak \u00fczere bir kullan\u0131c\u0131ya istek g\u00f6nderdi\u011finizde, kar\u015f\u0131daki ki\u015fi kabul eder etmez \u00f6zellik aktif hale gelecek. Yazd\u0131\u011f\u0131n\u0131z tweet hem sizin hem de onun <strong>Twitter<\/strong> profilinde g\u00f6z\u00fckecek ve her iki hesab\u0131n takip\u00e7ilerinin zaman \u00e7izelgesine de d\u00fc\u015fecek. Ek olarak tweet\u2019te yazarlar\u0131n kullan\u0131c\u0131 adlar\u0131 da herkese a\u00e7\u0131k bir \u015fekilde yer alacak.<\/p>\r\n\r\n\r\n\r\n<figure class=\"wp-block-image size-large\"><img width=\"1024\" height=\"576\" class=\"wp-image-7934\" src=\"https:\/\/egegen.com\/blog\/wp-content\/uploads\/2022\/04\/ezgif.com-gif-maker-1024x576.jpg\" alt=\"\" \/><\/figure>\r\n\r\n\r\n<hr class=\"wp-block-separator is-style-wide\" \/>\r\n\r\n\r\n<p><strong>Benzinden Ucuz Whopper\u00a0<\/strong><\/p>\r\n\r\n\r\n\r\n<p>D\u00fcnyaca \u00fcnl\u00fc restoran zinciri <strong>Burger King<\/strong>; Fransa\u2019daki <strong>akaryak\u0131t zamanlar\u0131na<\/strong> at\u0131fta bulunarak s\u00fcr\u00fcc\u00fcler i\u00e7in sadece araca serviste ge\u00e7erli olmak \u00fczere indirimli <strong>Whopper<\/strong> sunuyor.<\/p>\r\n\r\n\r\n\r\n<p><strong>Burger King\u2019ten artan yak\u0131t fiyatlar\u0131 kar\u015f\u0131s\u0131nda s\u00fcr\u00fcc\u00fclere destek.<\/strong><\/p>\r\n\r\n\r\n\r\n<p>S\u00fcr\u00fcc\u00fclere biraz olsun nefes ald\u0131rmay\u0131 ama\u00e7layan Burger King Fransa, araca serviste <strong>Whopper<\/strong> burgerlar\u0131n fiyat\u0131n\u0131 2 Euro\u2019nun alt\u0131na \u00e7ekti ve s\u00fcrekli artan akaryak\u0131t fiyatlar\u0131 ile cebelle\u015fen Burger King hayranlar\u0131n\u0131 yoldan \u00e7\u0131karacak bir i\u015fe imza att\u0131. K\u0131sa d\u00f6nemli bu promosyonu akaryak\u0131t istasyonlar\u0131ndaki tabela benzetmesiyle vurgulayan Burger King Fransa; normalde 4 euro olan efsane burgeri Whopper\u2019in fiyat\u0131n\u0131 yar\u0131 yar\u0131ya d\u00fc\u015f\u00fcrd\u00fc.<\/p>\r\n\r\n\r\n\r\n<p>Kampanya Fransa ve Bel\u00e7ika\u2019da k\u0131s\u0131tl\u0131 bir s\u00fcre i\u00e7in uygulamada olacak. M\u00fc\u015fteriler araca servis noktalar\u0131nda Whopper\u2019lar\u0131n\u0131 indirimli fiyata sat\u0131n alabilecek ancak her ara\u00e7 i\u00e7in en fazla iki indirimli <strong>Whopper<\/strong> hakk\u0131 sunuldu.<\/p>\r\n\r\n\r\n\r\n<figure class=\"wp-block-image size-large\"><img width=\"1024\" height=\"914\" class=\"wp-image-7935\" src=\"https:\/\/egegen.com\/blog\/wp-content\/uploads\/2022\/04\/burger-king-whopper-1024x914.jpeg\" alt=\"\" \/><\/figure>\r\n\r\n\r\n<hr class=\"wp-block-separator is-style-wide\" \/>\r\n\r\n\r\n<p><strong>WhatsApp&#8217;tan &#8216;Kaybolan Mesajlar&#8217; \u0130\u00e7in M\u00fcthi\u015f Yenilik:<\/strong><\/p>\r\n\r\n\r\n\r\n<p>WhatsApp&#8217;\u0131n kullan\u0131ma sunulan son <strong>Android beta<\/strong> s\u00fcr\u00fcm\u00fcnde yeni bir \u00f6zellik ke\u015ffedildi. Bu \u00f6zellik, kaybolan mesajlar modu a\u00e7\u0131k olan sohbetlerdeki baz\u0131 mesajlar\u0131n otomatik olarak silinmesini engelliyor. B\u00f6ylece t\u00fcm mesajlar silinse dahi istedi\u011finiz mesaj sohbette saklanmaya devam ediyor.<\/p>\r\n\r\n\r\n\r\n<p>D\u00fcnyan\u0131n en pop\u00fcler mesajla\u015fma uygulamas\u0131 olan WhatsApp\u2019\u0131n bu yeni \u00f6zelli\u011fi kullan\u0131c\u0131lar\u0131n i\u015fine yarayacak gibi duruyor. <strong>WhatsApp<\/strong>&#8216;\u0131n bir s\u00fcredir kullan\u0131mda olan <strong>kaybolan mesajlar<\/strong> \u00f6zelli\u011fi, bir sohbetteki ya da bir gruptaki mesajlar\u0131n belirli bir s\u00fcre sonra otomatik olarak silinmesini sa\u011fl\u0131yor.<\/p>\r\n\r\n\r\n\r\n<p><strong>Kaybolan mesajlar modu<\/strong> a\u00e7\u0131k olan bir sohbete girip bir mesaja bas\u0131l\u0131 tuttuklar\u0131nda, yeni bir a\u00e7\u0131labilir men\u00fcyle kar\u015f\u0131la\u015facaklar. Bu a\u00e7\u0131labilir men\u00fcde de ilgili mesaj\u0131n kal\u0131c\u0131 olarak saklanmas\u0131n\u0131 sa\u011flayabilece\u011finiz bir se\u00e7enek yer alacak. Fakat fikrinizi de\u011fi\u015ftirirseniz, yine o mesaja bas\u0131l\u0131 tutarak mesaj\u0131n s\u00fcresi geldi\u011finde silinmesini sa\u011flayabileceksiniz.<\/p>\r\n\r\n\r\n\r\n<figure class=\"wp-block-image size-large\"><img width=\"1024\" height=\"662\" class=\"wp-image-7936\" src=\"https:\/\/egegen.com\/blog\/wp-content\/uploads\/2022\/04\/whatsapp-mesaj-silme-1024x662.jpeg\" alt=\"\" \/><\/figure>\r\n\r\n\r\n<hr class=\"wp-block-separator is-style-wide\" \/>\r\n\r\n\r\n<p><strong>Twitter yeni bir al\u0131\u015fveri\u015f mecras\u0131 m\u0131 oluyor?<\/strong><\/p>\r\n\r\n\r\n\r\n<p><strong>Twitter<\/strong> al\u0131\u015fveri\u015f ile ilgili geli\u015ftirmelerine bir yenisini daha ekleyerek <strong>Twitter Shops<\/strong> \u00f6zelli\u011fini duyurdu.<\/p>\r\n\r\n\r\n\r\n<p>E-ticaret alan\u0131nda yenilikler ile kar\u015f\u0131m\u0131za \u00e7\u0131kan Twitter; bu kez de <strong>Twitter Shops<\/strong> isimli \u00f6zelli\u011fini duyurdu. Bu yeni \u00f6zellikle birlikte markalar Twitter profillerinde 50\u2019ye kadar \u00fcr\u00fcn sergileyebilecek.<\/p>\r\n\r\n\r\n\r\n<p>Twitter\u2019dan yap\u0131lan a\u00e7\u0131klamaya g\u00f6re; direkt bir al\u0131\u015fveri\u015f \u00f6zelli\u011finden farkl\u0131 \u00e7al\u0131\u015fan Twitter Shops, markalar i\u00e7in bir nevi vitrin \u00f6zelli\u011fi ta\u015f\u0131yacak. Markalar \u00fcr\u00fcn g\u00f6rsellerini, isim, a\u00e7\u0131klama ve fiyatlar\u0131n\u0131 y\u00fckleyerek profillerinde kataloglar\u0131n\u0131 \u00f6ne \u00e7\u0131karabilecek. Kullan\u0131c\u0131lar herhangi bir \u00fcr\u00fcn\u00fc sat\u0131n almak istediklerinde \u00fcr\u00fcn\u00fcn \u00fcst\u00fcne t\u0131klayarak markan\u0131n internet sitesine y\u00f6nlendirilecek.<\/p>\r\n\r\n\r\n\r\n<p>\u0130lk etapta \u00fccretsiz olacak olan <strong>Twitter Shops<\/strong>; \u015fu an sadece baz\u0131 markalar ve baz\u0131 kullan\u0131c\u0131larla test ediliyor.<\/p>\r\n\r\n\r\n\r\n<figure class=\"wp-block-image size-large\"><img width=\"1024\" height=\"762\" class=\"wp-image-7938\" src=\"https:\/\/egegen.com\/blog\/wp-content\/uploads\/2022\/04\/twitter-shops-1024x762.jpeg\" alt=\"\" \/><\/figure>\r\n\r\n\r\n<hr class=\"wp-block-separator is-style-wide\" \/>\r\n\r\n\r\n<p><strong>NFT\u2019ler Instagram\u2019a geliyor\u2026<\/strong><\/p>\r\n\r\n\r\n\r\n<p>South by Southwest (SXSW) sahnesinde konu\u015fan <strong>Meta Kurucusu Zuckerberg<\/strong>, NFT teknolojisinin \u00e7ok yak\u0131nda bir zaman Instagram\u2019a yer alaca\u011f\u0131n\u0131 duyurdu.<\/p>\r\n\r\n\r\n\r\n<p>\u201c<strong>NFT\u2019leri Instagram<\/strong>\u2019a getirmek i\u00e7in \u00e7al\u0131\u015f\u0131yoruz\u201d a\u00e7\u0131klamas\u0131nda bulunan Zuckerberg, s\u00fcrecin tam olarak nas\u0131l i\u015fleyece\u011fine dair detay vermese de kullan\u0131c\u0131lar\u0131n Instagram \u00fczerinden mevcut <strong>NFT<\/strong>\u2019lerini sergileyebilecekleri ve yenilerini olu\u015fturabileceklerini ifade etti. Zuckerberg\u2019\u00fcn a\u00e7\u0131klamas\u0131na g\u00f6re bu NFT\u2019ler, bir g\u00fcn \u015firketin nihai metaverse evreninde de yer edinebilir.<\/p>\r\n\r\n\r\n\r\n<figure class=\"wp-block-image size-large\"><img width=\"1024\" height=\"512\" class=\"wp-image-7939\" src=\"https:\/\/egegen.com\/blog\/wp-content\/uploads\/2022\/04\/ezgif.com-gif-maker-1-1024x512.png\" alt=\"\" \/><\/figure>\r\n\r\n\r\n<hr class=\"wp-block-separator is-style-wide\" \/>\r\n\r\n\r\n<p><strong>WhatsApp Mesajlar\u0131na Emojiyle Tepki D\u00f6nemi!<\/strong><\/p>\r\n\r\n\r\n\r\n<p>Emojiler o kadar \u00e7ok farkl\u0131 duyguyu ifade eder hale geldi ki mesajlar\u0131m\u0131zda yer verdi\u011fimiz, payla\u015f\u0131mlarda s\u0131k s\u0131k kulland\u0131\u011f\u0131m\u0131z <strong>emojiler<\/strong> bir\u00e7ok duyguya pratik yoldan terc\u00fcman oluyor.<\/p>\r\n\r\n\r\n\r\n<p>Bu durumun zamandan kazanmak gibi g\u00fczel bir yan\u0131 olsa da ileti\u015fimi yozla\u015ft\u0131rd\u0131\u011f\u0131 da b\u00fcy\u00fck bir kesim taraf\u0131ndan savunuluyor.<\/p>\r\n\r\n\r\n\r\n<p>\u015eimdi s\u0131rada <strong>WhatsApp<\/strong> mesajlar\u0131na emoji ile tepki (cevap vermek) d\u00f6nemi var.<\/p>\r\n\r\n\r\n\r\n<p><strong>WhatsApp&#8217;\u0131n Beta<\/strong> \u00f6zelliklerini duyurmas\u0131yla tan\u0131nan<a href=\"https:\/\/wabetainfo.com\/whatsapp-is-rolling-out-message-reactions\/\" target=\"_blank\" rel=\"noreferrer noopener\">\u00a0Wabetainfo<\/a>&#8216;nun payla\u015ft\u0131\u011f\u0131na g\u00f6re, WhatsApp yay\u0131nlad\u0131\u011f\u0131\u00a0<strong>WhatsApp beta for Android<\/strong> 2.22.8.3\u00a0s\u00fcr\u00fcm\u00fcnde \u00f6zelli\u011fi g\u00f6r\u00fcc\u00fcye \u00e7\u0131kard\u0131.\u00a0<\/p>\r\n\r\n\r\n\r\n<p>Gelen mesaja; <strong>be\u011feni, sevgi, g\u00fcl\u00fcmseme, \u00fczg\u00fcn, te\u015fekk\u00fcr <\/strong>gibi tepkiler verilebilecek.<\/p>\r\n\r\n\r\n\r\n<p><br \/><br \/>Konuya iki bak\u0131\u015f a\u00e7\u0131s\u0131 ile yakla\u015f\u0131rsak;<\/p>\r\n\r\n\r\n\r\n<ol type=\"1\">\r\n<li>Bir mesaj ald\u0131n\u0131z, hi\u00e7 vaktiniz yok fakat kar\u015f\u0131 taraf de\u011fer verdi\u011finiz birisi bu nedenle cevaps\u0131z b\u0131rakmak istemiyorsunuz. <strong>Emoji ile tepki<\/strong> size zaman konforu kazand\u0131rabilir. Tabii tepkisiz kalarak, daha sonra detayl\u0131 bir d\u00f6n\u00fc\u015f de alternatif yol.<\/li>\r\n<li>Bu sefer mesaj\u0131 atan sizsiniz. Zaman ay\u0131r\u0131p, uzun uzun yazm\u0131\u015fs\u0131n\u0131z. Cevap olarak emoji ile tepki verilmi\u015f. \u0130kili aras\u0131ndaki samimiyet ili\u015fkisi tabi etkin fakt\u00f6r olacakt\u0131r ama bu hepimizi biraz \u00fczebilir. :)<\/li>\r\n<\/ol>\r\n\r\n\r\n\r\n<figure class=\"wp-block-image size-large\"><img width=\"1024\" height=\"576\" class=\"wp-image-7940\" src=\"https:\/\/egegen.com\/blog\/wp-content\/uploads\/2022\/04\/whatapp_emoji-ile-tepki-verme-1024x576.jpeg\" alt=\"\" \/><\/figure>\r\n\r\n\r\n<hr class=\"wp-block-separator is-style-wide\" \/>\r\n\r\n\r\n<p><strong>Ankara Sokaklar\u0131nda G\u00fcl\u00fcmseten \u0130lanlar<\/strong><\/p>\r\n\r\n\r\n\r\n<p>Sokak sanatlar\u0131, her d\u00f6nem insanlar\u0131n dikkatini \u00e7eken, soka\u011fa hayat katan ve y\u00fczlerde tebess\u00fcm b\u0131rakan bir sanat t\u00fcr\u00fc.<\/p>\r\n\r\n\r\n\r\n<p>Tokyo\u2019daki u\u011fruna festival bile d\u00fczenlenen reng\u00e2renk r\u00f6gar kapaklar\u0131, <strong>Pejac<\/strong>\u2019\u0131n s\u0131vas\u0131 d\u00f6k\u00fclen duvarlara sanat\u0131yla katt\u0131\u011f\u0131 anlam, <strong>Michael Pederson\u2019un<\/strong> betonlar ve ekranlar aras\u0131nda bo\u011fulmu\u015f ya\u015famlar\u0131m\u0131za ayna tutan, \u00e7evresel bozulma ve kentsel dinamikler konusunda \u00f6nemli mesajlar veren yerle\u015ftirmeleri, <strong>Ememem<\/strong>\u2019in mozaiklerle onard\u0131\u011f\u0131 hasarl\u0131 kald\u0131r\u0131mlar, <strong>David Zinn<\/strong>\u2019in renkli tebe\u015firleriyle sokaklara kazand\u0131rd\u0131\u011f\u0131 eserleri, Onaranlar Kul\u00fcb\u00fc\u2019n\u00fcn at\u0131k malzemelerle kent mobilyalar\u0131na uygulad\u0131\u011f\u0131 ve \u0130stanbul sokaklar\u0131nda sergilenen yarat\u0131c\u0131 tasar\u0131mlar\u0131 bu ne\u015feli sanat\u0131n yaln\u0131zca birka\u00e7 \u00f6rne\u011fi.<\/p>\r\n\r\n\r\n\r\n<figure class=\"wp-block-image size-large\"><img width=\"1024\" height=\"614\" class=\"wp-image-7942\" src=\"https:\/\/egegen.com\/blog\/wp-content\/uploads\/2022\/04\/ankara_ilan_2-1024x614.jpeg\" alt=\"\" \/><\/figure>\r\n\r\n\r\n\r\n<p>&nbsp;<\/p>\r\n\r\n\r\n\r\n<p>D\u00fcnyadan ve \u00fclkemizden onlarca \u00f6rne\u011fi olan, tren duraklar\u0131nda, kald\u0131r\u0131mlarda ve duvarlarda kar\u015f\u0131m\u0131za \u00e7\u0131kan bu birbirinden yarat\u0131c\u0131 fikirlere son d\u00f6nemlerde Ankara\u2019dan e\u011flenceli bir ilan serisi eklendi. <strong>Hikmeti Tabiyeci<\/strong> isimli ill\u00fcstrat\u00f6r ve grafik sanat\u00e7\u0131s\u0131n\u0131n resmetti\u011fi, her g\u00fcn g\u00f6rmeye al\u0131\u015f\u0131k olmad\u0131\u011f\u0131m\u0131z t\u00fcrden ilgin\u00e7 ve yarat\u0131c\u0131 duvar ilanlar\u0131, g\u00f6renleri hem \u015fa\u015f\u0131rt\u0131yor hem de g\u00fcl\u00fcmsetiyor.<\/p>\r\n\r\n\r\n\r\n<p>Eserlerini sokaklardaki duvarlarda, ayd\u0131nlatma direklerinde, trafolarda, a\u011fa\u00e7larda ve di\u011fer kent mobilyalar\u0131 \u00fczerinde sergileyen sanat\u00e7\u0131, sadece birka\u00e7 k\u00fc\u00e7\u00fck malzeme kullanarak da yarat\u0131c\u0131 ve e\u011flenceli bir fikri parlatman\u0131n, bunu yaparken duygular\u0131n\u0131 da aktarman\u0131n m\u00fcmk\u00fcn oldu\u011funu herkese kan\u0131tl\u0131yor adeta. <strong>Ankara<\/strong> sokaklar\u0131nda her k\u00f6\u015fe ba\u015f\u0131nda kar\u015f\u0131m\u0131za \u00e7\u0131kabilecek bu muzip ilanlar, bir\u00e7ok duyguya terc\u00fcman ve herkese ilham olacak gibi g\u00f6z\u00fck\u00fcyor.<\/p>\r\n\r\n\r\n\r\n<figure class=\"wp-block-image size-large\"><img width=\"1024\" height=\"614\" class=\"wp-image-7941\" src=\"https:\/\/egegen.com\/blog\/wp-content\/uploads\/2022\/04\/ankara_ilan_1-1024x614.jpeg\" alt=\"\" \/><\/figure>\r\n\r\n\r\n<hr class=\"wp-block-separator is-style-wide\" \/>\r\n\r\n\r\n<p><strong>Instagram\u2019dan yepyeni bir \u00f6zellik daha<\/strong><\/p>\r\n\r\n\r\n\r\n<p><strong>Instagram<\/strong> kullan\u0131c\u0131lar\u0131na yeni \u00f6zellikler sunmaya devam ediyor.<\/p>\r\n\r\n\r\n\r\n<p>Hen\u00fcz test a\u015famas\u0131nda olan <strong>Yak\u0131ndaki Pop\u00fcler Yerleri Ke\u015ffet<\/strong> \u00d6zelli\u011fi ile dikkat \u00e7ekti. Bu \u00f6zellik, ad\u0131ndan da anla\u015f\u0131ld\u0131\u011f\u0131 gibi yak\u0131n konumda bulunan pop\u00fcler mekanlar\u0131 ke\u015ffedecek.<\/p>\r\n\r\n\r\n\r\n<p>Bu yeni \u00f6zellik sayesinde, <strong>yak\u0131n konumdaki<\/strong> mekanlarda payla\u015f\u0131lan hikayeler g\u00f6r\u00fclecek. Bununla birlikte mekanlar hakk\u0131nda anl\u0131k bilgi sahibi olunacak. \u00c7al\u0131\u015fma \u015fekli ise g\u00f6re kafede ya da restoranlarda bulunan ki\u015filer konum ekleyerek hik\u00e2ye payla\u015fmas\u0131yla olacak.<\/p>\r\n\r\n\r\n\r\n<p>\u00d6zelli\u011fin tam olarak a\u00e7\u0131ld\u0131ktan sonra ise mekanlar i\u00e7in olan <strong>blog<\/strong> hesaplar\u0131nda art\u0131\u015f ya\u015fanmas\u0131 bekleniyor. T\u00fcrkiye\u2019de de test edilen fonksiyonun tam olarak ne zaman kullan\u0131ma a\u00e7\u0131laca\u011f\u0131 belirsiz durumda.<\/p>\r\n\r\n\r\n\r\n<figure class=\"wp-block-image size-large\"><img width=\"1024\" height=\"576\" class=\"wp-image-7943\" src=\"https:\/\/egegen.com\/blog\/wp-content\/uploads\/2022\/04\/instagram-location-1024x576.jpeg\" alt=\"\" \/><\/figure>\r\n\r\n\r\n<hr class=\"wp-block-separator is-style-wide\" \/>\r\n\r\n\r\n<p><strong>T\u00fcrkiye\u2019nin Wordle Karnesi<\/strong><\/p>\r\n\r\n\r\n\r\n<p><strong>Bundle<\/strong> b\u00fcnyesine kat\u0131ld\u0131ktan sonra 2,5 milyon ki\u015fiye ula\u015fan <strong>Wordle T\u00fcrk\u00e7e<\/strong>\u2019den \u00f6ne \u00e7\u0131kan veriler payla\u015f\u0131ld\u0131.<\/p>\r\n\r\n\r\n\r\n<p>Bazen Twitter\u2019da g\u00f6rd\u00fc\u011f\u00fcm\u00fcz ye\u015fil ve sar\u0131 renkli tetrisi and\u0131ran kutucuklarla, bazense d\u00fc\u015f\u00fcnceli bir \u015fekilde klavyeye bakarak ge\u00e7irilen dakikalarla <strong>Wordl<\/strong>e, \u00e7o\u011fu internet kullan\u0131c\u0131s\u0131n\u0131n hayat\u0131na bir \u015fekilde dokundu.<\/p>\r\n\r\n\r\n\r\n<p><strong>Wordle T\u00fcrk\u00e7e\u2019de en zor kelime<\/strong><\/p>\r\n\r\n\r\n\r\n<p>Haber uygulamas\u0131 <strong>Bundle<\/strong>, ge\u00e7ti\u011fimiz \u015eubat ay\u0131nda Fatih Kadir Ak\u0131n\u2019\u0131n dilimize kazand\u0131rd\u0131\u011f\u0131, <strong>Wordle T\u00fcrk\u00e7e<\/strong>\u2019yi b\u00fcnyesine katt\u0131\u011f\u0131n\u0131 duyurmu\u015ftu. Uygulama, Aradan ge\u00e7en s\u00fcrenin ard\u0131ndan 2,5 milyon ki\u015fiye ula\u015fan oyunun karnesini de payla\u015ft\u0131.<\/p>\r\n\r\n\r\n\r\n<p>Wordle T\u00fcrk\u00e7e\u2019ye giren kullan\u0131c\u0131lar\u0131n ortalama 100 bini her gece 00.00 \u2013 01.00 saatleri aras\u0131nda (yani g\u00fcn\u00fcn kelimesi hen\u00fcz y\u00fcklenmi\u015fken) yeni kelimeyi \u00e7\u00f6z\u00fcyor. T\u00fcm oyuncular\u0131n ortalama kelime tahmin s\u00fcresi ise 3 dakika 32 saniye. Bundle, oyuncular\u0131n y\u00fczde 78\u2019inin mobil cihazlar\u0131 \u00fczerinden <strong>Wordle<\/strong> T\u00fcrk\u00e7e\u2019ye girdi\u011fini belirtirken kelimeleri uyku \u00f6ncesi rutini olarak bulmaya \u00e7al\u0131\u015fan bir kitlenin oldu\u011funu s\u00f6yleyebiliriz. Bundle, <strong>Wordle T\u00fcrk\u00e7e<\/strong> oyuncular\u0131n\u0131n bulmakta en \u00e7ok zorland\u0131\u011f\u0131 kelimenin \u201c<strong>Elips<\/strong>\u201d oldu\u011funu a\u00e7\u0131klad\u0131. Oyuncular\u0131n y\u00fczde 51\u2019i kelimeyi ancak d\u00f6rd\u00fcnc\u00fc ve sonraki denemelerinde bulabilmi\u015f.<\/p>\r\n\r\n\r\n\r\n<figure class=\"wp-block-image size-large\"><img width=\"1024\" height=\"576\" class=\"wp-image-7945\" src=\"https:\/\/egegen.com\/blog\/wp-content\/uploads\/2022\/04\/bundle-wordle-turkce-1-1024x576.png\" alt=\"\" \/><\/figure>\r\n\r\n\r\n<hr class=\"wp-block-separator is-style-wide\" \/>\r\n\r\n\r\n<p><strong>Metaverse Evreninde Fiziksel Ac\u0131 Deneyimi<\/strong><\/p>\r\n\r\n\r\n\r\n<p>Teknolojinin var g\u00fcc\u00fcyle sanal evrenin geli\u015fimine yo\u011funla\u015ft\u0131\u011f\u0131 bu son d\u00f6nemlerde hedeflerden biri de sanal evrende dokunma duyusunu harekete ge\u00e7irmek. Bunun i\u00e7in art\u0131k s\u0131k\u00e7a rastlad\u0131\u011f\u0131m\u0131z giyilebilir teknolojilerin yan\u0131 s\u0131ra, ultrasonik dalgalarla \u00e7\u0131plak tende dokunma hissi yaratan ve herhangi bir giyilebilir \u00fcr\u00fcne ihtiya\u00e7 b\u0131rakmayan bir teknoloji daha bulunuyor. T\u00fcm bu geli\u015fmelerin \u0131\u015f\u0131\u011f\u0131nda g\u00f6r\u00fcnen o ki sanal evrende de fiziksel evrendekine benzer bir dokunsal deneyime git gide yakla\u015f\u0131yoruz.<\/p>\r\n\r\n\r\n\r\n<p>Peki ya <strong>fiziksel ac\u0131 hissi<\/strong>? Geli\u015fen teknoloji sanal evrende de bize fiziksel evrendekine benzer bir fiziksel ac\u0131 deneyimi ya\u015fatacak m\u0131?<\/p>\r\n\r\n\r\n\r\n<p>Bu konu bug\u00fcne dek g\u00fcndeme gelmemi\u015f olsa da <strong>Sony<\/strong> taraf\u0131ndan desteklenen Japon startup <strong>H2L Technologies<\/strong>, geli\u015ftirdi\u011fi bir bileklikle bu konuyu g\u00fcndeme ta\u015f\u0131makta olduk\u00e7a iddial\u0131. Kullan\u0131c\u0131ya k\u00fc\u00e7\u00fck elektrik \u015foklar\u0131 vererek <strong>Metaverse<\/strong>&#8216;de daha g\u00fc\u00e7l\u00fc bir dokunma deneyimi ya\u015fatmay\u0131 hedefleyen <strong>H2L Technologies<\/strong>, bir top yakalama hissinden cildinizde \u00e7imdikleme hissi yaratan bir ku\u015fa kadar t\u00fcm dokunsal duyumlar\u0131 hissettirebilecek bir bileklik geli\u015ftirmi\u015f. Dokunma duyusuna hitap eden geri bildirimleri olan giyilebilir teknoloji fikri yeni de\u011fil fakat kullan\u0131c\u0131ya bu sayede fiziksel ac\u0131y\u0131 hissettirme fikri olduk\u00e7a yeni. Elbette bahsedilen ac\u0131 deneyimi b\u00fcy\u00fck ac\u0131lardan ziyade g\u00fcnl\u00fck ya\u015fam\u0131n bir par\u00e7as\u0131 olan, ufak \u015fiddetteki fiziksel etkileri ifade ediyor. Ama bu yakla\u015f\u0131m\u0131n nereye do\u011fru evrilip geli\u015ftirilece\u011fini ve etkilerini zaman g\u00f6sterecek.<\/p>\r\n\r\n\r\n\r\n<figure class=\"wp-block-image size-large\"><img width=\"1024\" height=\"536\" class=\"wp-image-7946\" src=\"https:\/\/egegen.com\/blog\/wp-content\/uploads\/2022\/04\/metaverse-evreninde-fiziksel-1024x536.jpeg\" alt=\"\" \/><\/figure>\r\n\r\n\r\n<hr class=\"wp-block-separator is-style-wide\" \/>\r\n\r\n\r\n<p><strong>Bir Twitter Klasi\u011fi: Will Smith\u2019in Oscar Tokad\u0131n\u0131n Hesab\u0131, Yanl\u0131\u015f Will\u2019den Soruldu<\/strong><\/p>\r\n\r\n\r\n\r\n<p>Ge\u00e7ti\u011fimiz g\u00fcnlerde d\u00fczenlenen <strong>Oscar \u00d6d\u00fcl T\u00f6reni<\/strong>\u2019ne, Hollywood\u2019un \u00fcnl\u00fc ve sevilen isimlerinden <strong>Will Smith<\/strong>\u2019in tokad\u0131 damga vurmu\u015ftu. Gecenin sunucusu olan Chris Rock, Will Smith\u2019in e\u015fi oyuncu Jada Smith\u2019le ilgili bir espri yapm\u0131\u015f, espriye sinirlenen <strong>Will Smith<\/strong> canl\u0131 yay\u0131nda milyonlarca insan\u0131n g\u00f6z\u00fc \u00f6n\u00fcnde sahneye f\u0131rlayarak Chris Rock\u2019a tokat atm\u0131\u015f ve \u201cKar\u0131m\u0131n ad\u0131n\u0131 a\u011fz\u0131na alma!\u201d diyerek k\u00fcf\u00fcr etmi\u015fti.<\/p>\r\n\r\n\r\n\r\n<figure class=\"wp-block-image size-large\"><img width=\"1024\" height=\"576\" class=\"wp-image-7947\" src=\"https:\/\/egegen.com\/blog\/wp-content\/uploads\/2022\/04\/willsmith_tokat-1024x576.jpeg\" alt=\"\" \/><\/figure>\r\n\r\n\r\n\r\n<p>Sosyal medyada g\u00fcndem olup tepki \u00e7eken ve g\u00fcnlerce konu\u015fulan bu olaydan, konuyla tek alakas\u0131 isim benzerli\u011fi olan bamba\u015fka biri nasibini ald\u0131. Will Smith\u2019e tepki g\u00f6stermek i\u00e7in solu\u011fu <strong>Twitter<\/strong>\u2019da alan on binlerce kullan\u0131c\u0131, Twitter\u2019da kendisine ait bir hesab\u0131 bulunmayan akt\u00f6r <strong>Will Smith<\/strong> yerine \u201c@willsmith\u201d kullan\u0131c\u0131 ad\u0131na sahip bamba\u015fka birinin hesab\u0131n\u0131 yorum ya\u011fmuruna tuttu. Asl\u0131nda bir <strong>Twitch<\/strong> yay\u0131nc\u0131s\u0131 ve oyun geli\u015ftiricisi olan, konuyla hi\u00e7bir ilgisi bulunmayan Smith, olay\u0131n hemen ard\u0131ndan hesab\u0131ndan bir a\u00e7\u0131klama yay\u0131nlasa da tepkilerin hedefi olmaktan kurtulamad\u0131.<\/p>\r\n\r\n\r\n\r\n<p>Sosyal medya i\u00e7in art\u0131k al\u0131\u015f\u0131ld\u0131k bir g\u00f6r\u00fcnt\u00fc olan bu durumun ard\u0131ndan, oyun geli\u015ftiricisi Smith\u2019in hesab\u0131na bir gecede 100 binden fazla takip\u00e7i geldi. Tepki g\u00f6sterdikleri insan\u0131n do\u011fru ki\u015fi olup olmad\u0131\u011f\u0131n\u0131 sorgulamak ve profilini incelemek kimsenin akl\u0131na gelmezken, <strong>Oscar T\u00f6reni<\/strong> biti\u015finde yeni bir tweet atarak \u201cCiddi konu\u015fay\u0131m, ad\u0131na \u00fcz\u00fcld\u00fc\u011f\u00fcn\/mutlu oldu\u011fun ki\u015fi ben de\u011filim. Ge\u00e7imimi sa\u011flamak i\u00e7in podcast\u2019ler ve video oyunlar\u0131 yap\u0131yorum. Di\u011fer adam yerine insanlar\u0131 bana k\u0131zd\u0131rma pahas\u0131na, kelimelere \u015fiddetle cevap vermeyi b\u0131rak\u0131rsak d\u00fcnya daha iyi bir yer olurdu.\u201d ifadelerini kullanan Smith\u2019in payla\u015f\u0131m\u0131 binlerce be\u011feni ald\u0131.<\/p>\r\n\r\n\r\n\r\n<figure class=\"wp-block-image size-large is-resized\"><img class=\"wp-image-7948\" src=\"https:\/\/egegen.com\/blog\/wp-content\/uploads\/2022\/04\/willsmith_tweet-1024x697.png\" alt=\"\" width=\"680\" height=\"462\" \/><\/figure>\r\n\r\n\r\n<hr class=\"wp-block-separator is-style-wide\" \/>\r\n\r\n\r\n<p><strong>Horizon Interactive Awards\u2019tan tam 10 \u00f6d\u00fcl ile d\u00f6nd\u00fck.<br \/><\/strong><\/p>\r\n\r\n\r\n\r\n<p>\u0130nteraktif medya \u00f6d\u00fcllerinde 20. Y\u0131l\u0131n\u0131 dolduran ve bu sene 50\u2019ye yak\u0131n \u00fclkeden kat\u0131l\u0131m ile gelen 10 binden fazla ba\u015fvuru aras\u0131ndan yap\u0131lan de\u011ferlendirmeler sonucunda <strong>Horizon Interactive Awards<\/strong>\u2019da 10 \u00f6d\u00fcle lay\u0131k g\u00f6r\u00fcld\u00fck. Ayn\u0131 zamanda egegen olarak bir\u00e7ok uluslararas\u0131 ajans\u0131 geride b\u0131rakarak 2021y\u0131l\u0131n\u0131n <strong>DISTINGUISHED AGENCIES &amp; DEVELOPERS WINNER<\/strong> aras\u0131nda yer ald\u0131k.<\/p>\r\n\r\n\r\n\r\n<p>20.Horizon Interactive Awards\u2019tan ald\u0131\u011f\u0131m\u0131z projelerim\u015fz;<\/p>\r\n\r\n\r\n\r\n<ul>\r\n<li><strong>BETONSTAR<\/strong> &#8211; Corporate &amp; B2B &#8211; GOLD WINNER<\/li>\r\n<li><em>REFLEX &#8211; Consumer Information &#8211; GOLD WINNER<\/em><\/li>\r\n<li><strong>SPECTRUM<\/strong> &#8211; Consumer Information &#8211; GOLD WINNER<\/li>\r\n<li><em>\u0130VA GALER\u0130 &#8211; Arts \/ Activism \/ Culture &#8211; GOLD WINNER<\/em><\/li>\r\n<li><strong>WELCOME AYNES<\/strong>! &#8211; Video &#8211; Motion Graphics \/ Effects &#8211; GOLD WINNER<\/li>\r\n<li><em>AYNES KOLAJEN &#8211; Restaurant \/ Food Industry &#8211; SILVER WINNER<\/em><\/li>\r\n<li><strong>KOCAER GROUP<\/strong> &#8211; Corporate &amp; B2B &#8211; SILVER WINNER<\/li>\r\n<li><em>EDINA YATAK\u00a0 &#8211; Consumer Information &#8211; SILVER WINNER<\/em><\/li>\r\n<li><strong>E.C.A. SEREL<\/strong> &#8211; Corporate &amp; B2B &#8211; BRONZE WINNER<\/li>\r\n<li><em>egegen &#8211; <\/em><em>DISTINGUISHED AGENCIES &amp; DEVELOPERS WINNER <\/em><em>\u00a0<\/em><\/li>\r\n<\/ul>\r\n\r\n\r\n\r\n<p>K\u0131saca Horizon Interactive Awards Hakk\u0131nda; <br \/>Ba\u011f\u0131ms\u0131z \u00fcyeler taraf\u0131ndan de\u011ferlendirilen projeler\u00a0be\u015f a\u015famal\u0131 kontrolden ge\u00e7mektedir. Bu de\u011ferlendirmeler sonucunda ald\u0131\u011f\u0131 puan\/puanlara g\u00f6re Alt\u0131n, G\u00fcm\u00fc\u015f ve Bronz \u00f6d\u00fcl verilmektedir. \u00d6d\u00fcl kriterleri; tasar\u0131m m\u00fckemmelli\u011fi, yarat\u0131c\u0131l\u0131k, teknolojik inovasyon, uygunluk ve verimlilik odakl\u0131 yap\u0131lan de\u011ferlendirme sonucunda ajanslar\u0131 \u00f6d\u00fcllendiriyor.\u00a0Bu sene ger\u00e7ekle\u015ftirilen yar\u0131\u015fmaya 50\u2019den fazla \u00fclkeden 10 binden fazla proje ba\u015fvurdu.<\/p>\r\n\r\n\r\n\r\n<figure class=\"wp-block-image size-full\"><img width=\"800\" height=\"381\" class=\"wp-image-7949\" src=\"https:\/\/egegen.com\/blog\/wp-content\/uploads\/2022\/04\/egegen-odul.jpeg\" alt=\"\" \/><\/figure>\r\n\r\n\r\n\r\n<p>&nbsp;<\/p>\r\n","protected":false},"excerpt":{"rendered":"<p>Ortak tweet: Twitter\u2019\u0131n yeni \u00f6zelli\u011fi! Twitter son zamanlarda DM b\u00f6l\u00fcm\u00fcnde mesaj arama, sohbet sabitleme, podcast ve benzeri bir\u00e7ok \u00f6zellik hayata ge\u00e7irdi. Bunlar\u0131n bir k\u0131sm\u0131 tamamen \u00fccretsizken, baz\u0131lar\u0131 ise ayl\u0131k bir abonelik gerektiren Twitter Blue kapsam\u0131nda kullan\u0131ma sunuldu. Sosyal medya uygulamalar\u0131 hakk\u0131ndaki s\u0131z\u0131nt\u0131lar\u0131yla tan\u0131nan tersine m\u00fchendislik uzman\u0131 Alessandro Paluzzi, Twitter platformuna yak\u0131nda \u201cortak tweet\u201d \u00f6zelli\u011fi gelece\u011fini &hellip;<\/p>\n","protected":false},"author":20,"featured_media":7932,"comment_status":"open","ping_status":"open","sticky":false,"template":"","format":"standard","meta":[],"categories":[188],"tags":[],"_links":{"self":[{"href":"https:\/\/egegen.com\/blog\/wp-json\/wp\/v2\/posts\/7931"}],"collection":[{"href":"https:\/\/egegen.com\/blog\/wp-json\/wp\/v2\/posts"}],"about":[{"href":"https:\/\/egegen.com\/blog\/wp-json\/wp\/v2\/types\/post"}],"author":[{"embeddable":true,"href":"https:\/\/egegen.com\/blog\/wp-json\/wp\/v2\/users\/20"}],"replies":[{"embeddable":true,"href":"https:\/\/egegen.com\/blog\/wp-json\/wp\/v2\/comments?post=7931"}],"version-history":[{"count":3,"href":"https:\/\/egegen.com\/blog\/wp-json\/wp\/v2\/posts\/7931\/revisions"}],"predecessor-version":[{"id":8879,"href":"https:\/\/egegen.com\/blog\/wp-json\/wp\/v2\/posts\/7931\/revisions\/8879"}],"wp:featuredmedia":[{"embeddable":true,"href":"https:\/\/egegen.com\/blog\/wp-json\/wp\/v2\/media\/7932"}],"wp:attachment":[{"href":"https:\/\/egegen.com\/blog\/wp-json\/wp\/v2\/media?parent=7931"}],"wp:term":[{"taxonomy":"category","embeddable":true,"href":"https:\/\/egegen.com\/blog\/wp-json\/wp\/v2\/categories?post=7931"},{"taxonomy":"post_tag","embeddable":true,"href":"https:\/\/egegen.com\/blog\/wp-json\/wp\/v2\/tags?post=7931"}],"curies":[{"name":"wp","href":"https:\/\/api.w.org\/{rel}","templated":true}]}}