{"id":7824,"date":"2022-03-06T23:28:29","date_gmt":"2022-03-06T20:28:29","guid":{"rendered":"https:\/\/egegen.com\/blog\/?p=7824"},"modified":"2022-10-10T16:52:12","modified_gmt":"2022-10-10T13:52:12","slug":"egegen-trend-raporu-52-subat-2022","status":"publish","type":"post","link":"https:\/\/egegen.com\/blog\/egegen-trend-raporu-52-subat-2022\/","title":{"rendered":"egegen Trend Raporu &#8211; 52 \/ \u015eubat 2022"},"content":{"rendered":"\r\n<p><strong>\u00d6d\u00fcll\u00fc tarar\u0131m: Gezici Geri D\u00f6n\u00fc\u015f\u00fcm Tesisi<\/strong><\/p>\r\n\r\n\r\n\r\n<p>Plastik at\u0131klar ba\u015fta olmak \u00fczere t\u00fcm at\u0131klar\u0131n ne derece b\u00fcy\u00fck bir tehdit oldu\u011funun art\u0131k hepimiz bilincindeyiz. Miniwiz taraf\u0131ndan tasarlanan ve World Design Impact \u00f6d\u00fcl\u00fc kazanan Trashpresso da bu acil \u00e7\u00f6z\u00fcm bekleyen soruna odaklanan projelerden biri. Gezici geri d\u00f6n\u00fc\u015f\u00fcm tesisi niteli\u011finde olan tasar\u0131m, yaln\u0131zca iki end\u00fcstriyel buzdolab\u0131 boyutunda. Tesis, minimum karbon ayak izi ile plastik at\u0131klar\u0131n toplanmas\u0131na, ayr\u0131\u015ft\u0131r\u0131lmas\u0131na ve geri d\u00f6n\u00fc\u015ft\u00fcr\u00fclmesine katk\u0131da bulunmak \u00fczere tasarlanm\u0131\u015f.<\/p>\r\n\r\n\r\n\r\n<p>Trashpresso\u2019da geri d\u00f6n\u00fc\u015f\u00fcmle elde edilen malzemeler \u015fu anda d\u00fcnyan\u0131n farkl\u0131 kentlerinde kullan\u0131mda- 300.000 metrekarelik bir perakende alan\u0131nda, otellerde ve ofislerde kullan\u0131mda oldu\u011fu belirtilmi\u015f. Daha da etkileyici olan\u0131; Nike, Philip Morris ve JackieChan gibi markalar, \u00e7al\u0131\u015fmalar\u0131nda Trashpresso malzemeleri kullanmaya ba\u015flam\u0131\u015f.<\/p>\r\n\r\n\r\n\r\n<figure class=\"wp-block-image size-large\"><img width=\"949\" height=\"542\" class=\"wp-image-7825\" src=\"https:\/\/egegen.com\/blog\/wp-content\/uploads\/2022\/03\/image.png\" alt=\"\" \/><\/figure>\r\n\r\n\r\n<hr class=\"wp-block-separator is-style-wide\" \/>\r\n\r\n\r\n<p><strong>Facebook, &#8216;Haber Kayna\u011f\u0131&#8217;n\u0131n \u0130smini De\u011fi\u015ftirdi!<\/strong><\/p>\r\n\r\n\r\n\r\n<p>Pop\u00fcler sosyal medya platformu Facebook, 15 y\u0131ld\u0131r kullan\u0131mda olan News Feed (Haber Kayna\u011f\u0131) k\u0131sm\u0131n\u0131n isminin de\u011fi\u015ftirildi\u011fini duyurdu.<\/p>\r\n\r\n\r\n\r\n<p>\u00a0\u015eirketin resmi Twitter hesab\u0131 taraf\u0131ndan yap\u0131lan a\u00e7\u0131klamalarda kullan\u0131c\u0131lar\u0131n, arkada\u015flar\u0131 ve takip etti\u011fi hesaplar taraf\u0131ndan yap\u0131lan payla\u015f\u0131mlar\u0131 g\u00f6rebildi\u011fi, bir ana sayfa g\u00f6revi g\u00f6ren ve Haber Kayna\u011f\u0131 (News Feed) ismi verilen b\u00f6l\u00fcm\u00fcn ad\u0131n\u0131n de\u011fi\u015ftirildi\u011fi ifade edildi.<\/p>\r\n\r\n\r\n\r\n<p>Facebook Haber Kayna\u011f\u0131 ad\u0131n\u0131 de\u011fi\u015ftirerek uygulama i\u00e7indeki potansiyel bir kafa kar\u0131\u015f\u0131kl\u0131\u011f\u0131n\u0131 da ortadan kald\u0131r\u0131yor. Haber Kayna\u011f\u0131 bundan 15 y\u0131l \u00f6nce duyuruldu\u011funda Facebook\u2019ta ayr\u0131ca bir Haber sekmesi bulunmuyordu. Meta taraf\u0131ndan \u00e7al\u0131\u015fanlara g\u00f6nderilen notta, \u201cHaber Kayna\u011f\u0131\u201d ismi nedeniyle insanlar\u0131n arkada\u015flar\u0131n\u0131n payla\u015f\u0131mlar\u0131ndan ziyade haberleri g\u00f6rmeyi bekledi\u011fi belirtildi.<\/p>\r\n\r\n\r\n\r\n<figure class=\"wp-block-image size-large\"><img width=\"949\" height=\"630\" class=\"wp-image-7826\" src=\"https:\/\/egegen.com\/blog\/wp-content\/uploads\/2022\/03\/image-1.png\" alt=\"\" \/><\/figure>\r\n\r\n\r\n<hr class=\"wp-block-separator is-style-wide\" \/>\r\n\r\n\r\n<p><strong>WhatsApp Plus Nedir, Kullanmas\u0131 G\u00fcvenli midir?<\/strong><\/p>\r\n\r\n\r\n\r\n<p>Alexmods taraf\u0131ndan geli\u015ftirilen ve yay\u0131nlanan WhatsApp Plus uygulamas\u0131, kullan\u0131c\u0131lar\u0131na WhatsApp resmi uygulamas\u0131nda olmayan \u00f6zellikler sunarak farkl\u0131 bir WhatsApp deneyimi ya\u015fatan ve resmi olmayan bir mobil uygulamad\u0131r. WhatsApp Plus resmi bir mobil uygulama olmad\u0131\u011f\u0131 i\u00e7in uygulama ma\u011fazalar\u0131nda bulamazs\u0131n\u0131z. APK olarak indirmeli ve elle kurulum yapmal\u0131s\u0131n\u0131z.<\/p>\r\n\r\n\r\n\r\n<p>WhatsApp Plus, asl\u0131nda bildi\u011fimiz WhatsApp. Ancak resmi uygulaman\u0131n sunmad\u0131\u011f\u0131 pek \u00e7ok farkl\u0131 \u00f6zellik sunuyor. \u00d6zelle\u015ftirilebilir tema, aray\u00fcz ve farkl\u0131 gizlilik \u00f6zellikleri ile WhatsApp Plus \u00f6ne \u00e7\u0131k\u0131yor. Yani resmi uygulamadan s\u0131k\u0131lan ama farkl\u0131 bir mesajla\u015fma hizmetine de ge\u00e7mek istemeyen kullan\u0131c\u0131lar, WhatsApp Plus ile farkl\u0131 bir deneyim ya\u015f\u0131yorlar.<\/p>\r\n\r\n\r\n\r\n<p>WhatsApp ile WhatsApp Plus aras\u0131ndaki en temel fark, birinin resmi di\u011ferinin resmi olmamas\u0131d\u0131r. Elbette pek \u00e7ok kullan\u0131c\u0131 i\u00e7in pek anlam ifade etmiyor ancak kar\u015f\u0131n\u0131zda koca bir \u015firket taraf\u0131ndan desteklenen resmi bir uygulama olmas\u0131, emin olun birka\u00e7 basit \u00f6zellikten \u00e7ok daha \u00f6nemlidir.<\/p>\r\n\r\n\r\n\r\n<figure class=\"wp-block-image size-large\"><img width=\"1000\" height=\"500\" class=\"wp-image-7837\" src=\"https:\/\/egegen.com\/blog\/wp-content\/uploads\/2022\/03\/whatsapp-plus-.jpeg\" alt=\"\" \/><\/figure>\r\n\r\n\r\n<hr class=\"wp-block-separator is-style-wide\" \/>\r\n\r\n\r\n<p><strong>Facebook Messenger\u2019da yeni gizlilik \u00f6nlemi!<\/strong><\/p>\r\n\r\n\r\n\r\n<p>Facebook Messenger gizlili\u011fi art\u0131ran ad\u0131mlar atmaya devam ediyor. Messenger, SnapChat \u00f6zelli\u011finden yola \u00e7\u0131karak ekran g\u00f6r\u00fcnt\u00fcleri i\u00e7in bildirim ekliyor. B\u00f6ylelikle Facebook Messenger, kaybolan mesajlar\u0131n ekran g\u00f6r\u00fcnt\u00fcs\u00fc al\u0131nd\u0131\u011f\u0131nda kullan\u0131c\u0131lar\u0131 uyararak gizlili\u011fi \u00f6nemli \u00f6l\u00e7\u00fcde art\u0131rabilecek yeni bir \u00f6zellik sunuyor.<\/p>\r\n\r\n\r\n\r\n<p>Ayr\u0131ca, Facebook, WhatsApp\u2019ta oldu\u011fu gibi sohbetleri bilgisayar korsanlar\u0131n\u0131n veya devlet g\u00f6zetiminden uzak tutmaya yard\u0131mc\u0131 oldu\u011fu s\u00f6ylenen u\u00e7tan uca \u015fifreli (E2EE) grup sohbeti ve \u00e7a\u011fr\u0131lar\u0131n\u0131 da kullan\u0131ma sunuyor.<\/p>\r\n\r\n\r\n\r\n<p>Birisi bir E2EE sohbetinde mesaj\u0131n ekran g\u00f6r\u00fcnt\u00fcs\u00fcn\u00fc al\u0131rsa art\u0131k kullan\u0131c\u0131lar bilgilendirilecek. Hatta gerekirse konu\u015fmay\u0131 engellemek ve bildirmek i\u00e7in ek se\u00e7enekler de olacak.<\/p>\r\n\r\n\r\n\r\n<p>Bu yeni \u00f6zellikler hem web hem de mobil aray\u00fczlerde kullan\u0131ma sunulacak; \u00f6n\u00fcm\u00fczdeki birka\u00e7 hafta i\u00e7inde de k\u00fcresel olarak kullan\u0131labilecek.<\/p>\r\n\r\n\r\n\r\n<figure class=\"wp-block-image size-large\"><img width=\"667\" height=\"377\" class=\"wp-image-7828\" src=\"https:\/\/egegen.com\/blog\/wp-content\/uploads\/2022\/03\/image-3.png\" alt=\"\" \/><\/figure>\r\n\r\n\r\n<hr class=\"wp-block-separator is-style-wide\" \/>\r\n\r\n\r\n<p><strong>G\u00f6rme Engellilerin G\u00f6z\u00fc Olacak 3B Bask\u0131 G\u00f6zl\u00fck<\/strong><\/p>\r\n\r\n\r\n\r\n<p>M\u00fcnih Teknik \u00dcniversitesi&#8217;ndeki bilim insanlar\u0131, kameral\u0131 g\u00f6zl\u00fck ve ona ba\u011fl\u0131 bileklik arac\u0131l\u0131\u011f\u0131yla g\u00f6rme engelli bireylere k\u0131lavuzluk edebilen yeni bir sistem tasarlad\u0131.<\/p>\r\n\r\n\r\n\r\n<p>Geli\u015fmi\u015f sens\u00f6rlerle engelleri alg\u0131layan ve bunlar\u0131 titre\u015fim arac\u0131l\u0131\u011f\u0131yla g\u00f6rme engelli kullan\u0131c\u0131ya bildiren navigasyon sistemleri son y\u0131llarda olduk\u00e7a a\u015fama kaydetti. Baston, ayakkab\u0131, rehber k\u00f6pek niteli\u011finde el robotu ya da yelek benzeri formlara b\u00fcr\u00fcnen bu sistemlerin daha d\u00fc\u015f\u00fck maliyetle piyasaya sunulmas\u0131, yayg\u0131nla\u015fabilmesi a\u00e7\u0131s\u0131ndan olduk\u00e7a \u00f6nemli. Bu anlamda belki biraz daha olgunla\u015fmaya ihtiya\u00e7lar\u0131 var. Bu haberin konusu olan 3B bask\u0131 g\u00f6zl\u00fck ve ona ba\u011fl\u0131 \u00e7al\u0131\u015fan kol\/bileklik sistemi, hem maliyet anlam\u0131nda hem de kullan\u0131m pratikli\u011fi a\u00e7\u0131s\u0131ndan istenen noktaya biraz daha yakla\u015ft\u0131\u011f\u0131m\u0131z\u0131 g\u00f6steriyor.<\/p>\r\n\r\n\r\n\r\n<figure class=\"wp-block-image size-large\"><img width=\"594\" height=\"336\" class=\"wp-image-7829\" src=\"https:\/\/egegen.com\/blog\/wp-content\/uploads\/2022\/03\/image-4.png\" alt=\"\" \/><\/figure>\r\n\r\n\r\n<hr class=\"wp-block-separator is-style-wide\" \/>\r\n\r\n\r\n<p><strong>K\u0131z\u0131l\u00f6tesi g\u00f6zl\u00fck, karanl\u0131kta bile g\u00fcvenle yol almay\u0131 sa\u011fl\u0131yor<\/strong><\/p>\r\n\r\n\r\n\r\n<p>Sistem, kullan\u0131c\u0131n\u0131n \u00f6n koluna tak\u0131lacak bir dizi titre\u015fimli pede ba\u011fl\u0131 olarak \u00e7al\u0131\u015fan bir \u00e7ift k\u0131z\u0131l\u00f6tesi g\u00f6zl\u00fckten olu\u015fuyor. Bu ikili, kullan\u0131c\u0131n\u0131n hareket halindeyken engellerden ka\u00e7\u0131nmas\u0131n\u0131 ve g\u00fcvenle ilerlemesini sa\u011fl\u0131yor.<\/p>\r\n\r\n\r\n\r\n<p>3B bask\u0131 g\u00f6zl\u00fc\u011f\u00fcn i\u00e7inde, stereoskopik g\u00f6r\u00fcnt\u00fc yakalayabilen ve bu g\u00f6r\u00fcnt\u00fcleri k\u00fc\u00e7\u00fck bir bilgisayara aktaran bir \u00e7ift k\u0131z\u0131l\u00f6tesi kamera bulunuyor. Kamera sayesinde kullan\u0131c\u0131n\u0131n bulundu\u011fu alan\u0131n bir haritas\u0131 olu\u015fturuluyor ve bu harita daha sonra dokunsal ped arac\u0131l\u0131\u011f\u0131yla hissedilen titre\u015fimlere terc\u00fcme ediliyor. Daha basit anlatmak gerekirse, kullan\u0131c\u0131 bu haritay\u0131 titre\u015fimler arac\u0131l\u0131\u011f\u0131yla \u00f6\u011freniyor.<\/p>\r\n\r\n\r\n\r\n<p>Diyelim ki kullan\u0131c\u0131 kapal\u0131 bir mekan\u0131n i\u00e7inde y\u00fcr\u00fcyor. Ayn\u0131 mekanda uza\u011f\u0131nda bir ba\u015fka ki\u015fi varsa, bu durum hafif titre\u015fimlerle kullan\u0131c\u0131ya bildiriliyor. Ama bu ki\u015fi kullan\u0131c\u0131n\u0131n yak\u0131n\u0131ndaysa daha yo\u011fun titre\u015fimlerle kullan\u0131c\u0131ya bildirim yap\u0131l\u0131yor. Ara\u015ft\u0131rmac\u0131lar Manuel Zahn ve ArmaghanAhmadKhan, bulu\u015flar\u0131n\u0131n detaylar\u0131n\u0131 arXiv\u2019de yay\u0131nlad\u0131klar\u0131 bir makaleyle payla\u015fm\u0131\u015flar.<\/p>\r\n\r\n\r\n\r\n<p>Cihaz\u0131n bileklik olan k\u0131sm\u0131, kullan\u0131c\u0131n\u0131n \u00f6n koluna tak\u0131ld\u0131\u011f\u0131ndan, kullan\u0131c\u0131lar\u0131n ellerinin ba\u015fka \u015feyler i\u00e7in serbest kalmas\u0131na imkan tan\u0131yor. Bu da \u015fimdiye kadar kar\u015f\u0131m\u0131za \u00e7\u0131kan ak\u0131ll\u0131 baston ve benzeri projelere g\u00f6re \u00fcst\u00fcn oldu\u011fu \u00f6zelliklerden biri.<\/p>\r\n\r\n\r\n\r\n<p>G\u00f6zl\u00fckler, daha do\u011frusu g\u00f6zl\u00fcklerdeki kameralar k\u0131z\u0131l\u00f6tesi olarak da g\u00f6rebildi\u011fi i\u00e7in, kullan\u0131c\u0131lar\u0131n karanl\u0131kta bile rahat\u00e7a gezinebilmesini sa\u011fl\u0131yor. Bu \u00f6zelli\u011fiyle, g\u00f6rme engeli olmayan insanlar\u0131n baz\u0131 durumlarda bu g\u00f6zl\u00fckten fayda sa\u011flayabilece\u011fine i\u015faret ediyor. \u00d6rne\u011fin zifiri karanl\u0131k bir ma\u011farada ara\u015ft\u0131rma yapan bilim insanlar\u0131 i\u00e7in kullan\u0131\u015fl\u0131 bir ara\u00e7 olabilir.<\/p>\r\n\r\n\r\n<hr class=\"wp-block-separator is-style-wide\" \/>\r\n\r\n\r\n<p><strong>Sanat d\u00fcnyas\u0131nda dijitalin sesi y\u00fckseliyor!<\/strong><\/p>\r\n\r\n\r\n\r\n<p>T\u00fcm ya\u015fam dinamiklerimizin de\u011fi\u015fti\u011fi g\u00fcn\u00fcm\u00fczde sanat\u0131n da bu d\u00f6n\u00fc\u015f\u00fcmden etkilenmemesi m\u00fcmk\u00fcn de\u011fil elbette. Deloitte\u2019un haz\u0131rlad\u0131\u011f\u0131 Art&amp;Finance raporu tam da bu d\u00f6n\u00fc\u015f\u00fcm\u00fc g\u00f6zler \u00f6n\u00fcne sererken, son d\u00f6nemde ad\u0131n\u0131 s\u0131k\u00e7a duydu\u011fumuz yeni nesil teknolojilerin sanat d\u00fcnyas\u0131n\u0131 da \u015fekillendirmeye ba\u015flad\u0131\u011f\u0131n\u0131 ortaya koyuyor.<\/p>\r\n\r\n\r\n\r\n<p><strong>NFT\u2019ye ilgi artt\u0131<\/strong><\/p>\r\n\r\n\r\n\r\n<ul>\r\n<li>Covid-19\u2019un etkisi alt\u0131nda ge\u00e7en 2020\u2019de 35 ya\u015f alt\u0131 gen\u00e7 koleksiyonerlerin b\u00fcy\u00fck b\u00f6l\u00fcm\u00fcn\u00fcn (y\u00fczde 86) sanat \u00fcr\u00fcnleri ve yat\u0131r\u0131mlar\u0131na olan ilgisi artt\u0131.<\/li>\r\n<li>Rapor 2020\u2019de, \u00f6zg\u00fcnl\u00fcklerini do\u011frulamak ve al\u0131c\u0131lar\u0131n m\u00fclkiyeti onaylamas\u0131na izin vermek i\u00e7in bir blok zincirine kaydedilen NFT (non-fungibletoken) tarz\u0131 eserlere sanat ve koleksiyon d\u00fcnyas\u0131n\u0131n b\u00fcy\u00fck ilgi g\u00f6sterdi\u011fini ortaya koydu.<\/li>\r\n<li>Ara\u015ft\u0131rmaya kat\u0131lan 35 ya\u015f alt\u0131 koleksiyonerlerin y\u00fczde 64\u2019\u00fc NFT\u2019lere g\u00fc\u00e7l\u00fc bir ilgi duydu\u011funu vurgularken, y\u00fczde 43\u2019\u00fc sanat eserleriyle ba\u011flant\u0131l\u0131 k\u0131smi yat\u0131r\u0131mlarla ilgilendi\u011fini kaydetti.<\/li>\r\n<\/ul>\r\n\r\n\r\n\r\n<p><strong>Teknoloji sanat\u0131 da d\u00f6n\u00fc\u015ft\u00fcr\u00fcyor<\/strong><\/p>\r\n\r\n\r\n\r\n<ul>\r\n<li>Ara\u015ft\u0131rmaya g\u00f6re gen\u00e7 koleksiyonerlerin y\u00fczde 85\u2019i blok zinciri teknolojisinin \u015fu anda sanat ve koleksiyon d\u00fcnyas\u0131nda i\u015f yap\u0131\u015f \u015fekillerini de\u011fi\u015ftirebilece\u011fini d\u00fc\u015f\u00fcn\u00fcyor.<\/li>\r\n<li>Gen\u00e7 koleksiyoncular\u0131n b\u00fcy\u00fck b\u00f6l\u00fcm\u00fc, blok zincirinin d\u0131\u015f\u0131nda b\u00fcy\u00fck veri, analitik ve yapay zek\u00e2 gibi teknolojilerin de sanat \u00fczerinde etkisi olaca\u011f\u0131na inan\u0131yor.<\/li>\r\n<\/ul>\r\n\r\n\r\n\r\n<p><strong>Gen\u00e7ler sosyal etki i\u00e7in koleksiyon yap\u0131yor<\/strong><\/p>\r\n\r\n\r\n\r\n<ul>\r\n<li>Ara\u015ft\u0131rmaya g\u00f6re 35 ya\u015f alt\u0131 koleksiyonerlerin y\u00fczde 86\u2019s\u0131 sanat eserlerini, sosyal etki ve amaca y\u00f6nelik yat\u0131r\u0131m olarak sat\u0131n al\u0131yor.<\/li>\r\n<li>Ara\u015ft\u0131rmaya kat\u0131lan koleksiyonerlerin koleksiyon yapmalar\u0131ndaki bir numaral\u0131 etken ise toplad\u0131klar\u0131 eserlerin duygusal de\u011feri.<\/li>\r\n<\/ul>\r\n\r\n\r\n\r\n<p><strong>Hong Kong y\u00fckselen merkez<\/strong> Ara\u015ft\u0131rmaya kat\u0131lanlar\u0131n y\u00fczde 30\u2019u, ABD, Birle\u015fik Krall\u0131k ve Avrupa\u2019n\u0131n ard\u0131ndan \u00c7in\u2019in Hong Kong kentinin gelece\u011fin sanat pazar\u0131 merkezleri aras\u0131nda yer alaca\u011f\u0131n\u0131 d\u00fc\u015f\u00fcnd\u00fcklerini belirtiyor.<\/p>\r\n\r\n\r\n\r\n<figure class=\"wp-block-image size-large\"><img width=\"663\" height=\"375\" class=\"wp-image-7830\" src=\"https:\/\/egegen.com\/blog\/wp-content\/uploads\/2022\/03\/image-5.png\" alt=\"\" \/><\/figure>\r\n\r\n\r\n<hr class=\"wp-block-separator is-style-wide\" \/>\r\n\r\n\r\n<p><strong>\u201cSanat piyasas\u0131n\u0131 yeni nesil y\u00f6nlendirecek\u201c<\/strong><\/p>\r\n\r\n\r\n\r\n<p>Deloitte T\u00fcrkiye CEO\u2019su Ba\u015fak Vardar raporun sonu\u00e7lar\u0131na ili\u015fkin yapt\u0131\u011f\u0131 a\u00e7\u0131klamada, \u201cYak\u0131n gelecekte ya\u015fam tarz\u0131m\u0131z\u0131 b\u00fcy\u00fck \u00f6l\u00e7\u00fcde \u015fekillendirecek olan yeni teknolojilerin sanat ekosistemine etkileri de yads\u0131namaz boyutta. \u00d6zellikle gen\u00e7 koleksiyonerler dijital teknolojilere b\u00fcy\u00fck ilgi duyuyor. Bu noktada, sanat ve koleksiyon d\u00fcnyas\u0131na y\u00f6n veren oyuncular\u0131n, sekt\u00f6r\u00fc gelece\u011fe haz\u0131rlama konusunda gen\u00e7lerin e\u011filimlerini dikkate almalar\u0131 son derece \u00f6nemli\u201d diye konu\u015ftu.<\/p>\r\n\r\n\r\n<hr class=\"wp-block-separator is-style-wide\" \/>\r\n\r\n\r\n<p><strong>Instagram&#8217;a Hikaye Be\u011fenme \u00d6zelli\u011fi Geldi<\/strong><\/p>\r\n\r\n\r\n\r\n<p><strong>Instagram<\/strong> kullan\u0131c\u0131lar\u0131 yeni bir \u00f6zellik ile tan\u0131\u015ft\u0131! Ar\u0131k <strong>hikaye<\/strong> payla\u015f\u0131mlar\u0131 be\u011fenilebilecek.<\/p>\r\n\r\n\r\n\r\n<p>G\u00fcn\u00fcm\u00fcze kadar, <strong>hikaye<\/strong> payla\u015f\u0131mlar\u0131na direkt mesaj g\u00f6nderebilirken <strong>emojiler<\/strong> ile yan\u0131t verilebiliyordu.<\/p>\r\n\r\n\r\n\r\n<p><strong>Hikaye<\/strong> ile etkile\u015fim kurmak isteyen <strong>Instagram<\/strong> kullan\u0131c\u0131lar\u0131n\u0131n opsiyonlar\u0131 s\u0131n\u0131rl\u0131yd\u0131. Bu durum, gelen g\u00fcncelleme ile birlikte de\u011fi\u015fti.<\/p>\r\n\r\n\r\n\r\n<p><strong>InstagramBa\u015fkan\u0131<\/strong>, payla\u015ft\u0131\u011f\u0131 a\u00e7\u0131klamas\u0131nda hik\u00e2ye g\u00f6r\u00fcnt\u00fclerken art\u0131k mesaj g\u00f6nderme se\u00e7ene\u011finin yan\u0131nda k\u00fc\u00e7\u00fck bir <strong>kalp<\/strong> se\u00e7ene\u011fini olaca\u011f\u0131n\u0131 duyurdu. Bu se\u00e7ene\u011fe t\u0131kland\u0131\u011f\u0131nda bir g\u00f6nderi be\u011fenirmi\u015f\u00e7esine\u00a0hik\u00e2ye be\u011feneceksiniz. <strong>Hik\u00e2yeyi<\/strong> payla\u015fan ki\u015fiyse bu <strong>be\u011feniye<\/strong> dair herhangi bir bildirim almayacak.<\/p>\r\n\r\n\r\n\r\n<figure class=\"wp-block-image size-large\"><img width=\"1024\" height=\"576\" class=\"wp-image-7834\" src=\"https:\/\/egegen.com\/blog\/wp-content\/uploads\/2022\/03\/Instagrama-Hikaye-Begenme-Ozelligi-Geldi--1024x576.jpeg\" alt=\"\" \/><\/figure>\r\n\r\n\r\n<hr class=\"wp-block-separator is-style-wide\" \/>\r\n\r\n\r\n<p><strong>WhatsApp, Aramay\u0131 Kolayla\u015ft\u0131ran Yeni Bir \u00d6zellik Getiriyor!<\/strong><\/p>\r\n\r\n\r\n\r\n<p><strong>D\u00fcnyan\u0131n<\/strong> en yayg\u0131n <strong>mesajla\u015fma<\/strong> platformlar\u0131ndan <strong>WhatsApp<\/strong>, yeni bir <strong>aray\u00fcz<\/strong> \u00fczerinde \u00e7al\u0131\u015fmalar\u0131n\u0131 s\u00fcrd\u00fcr\u00fcyor.<\/p>\r\n\r\n\r\n\r\n<p>\u00dczerinde \u00e7al\u0131\u015ft\u0131\u011f\u0131 yeniliklerden birinin daha Beta s\u00fcr\u00fcm\u00fcn\u00fc kullan\u0131c\u0131lar\u0131na sunan <strong>WhatsApp<\/strong>, \u2018\u2019arama\u2019\u2019 k\u0131sayolu ekmeye haz\u0131rlan\u0131yor.<\/p>\r\n\r\n\r\n\r\n<p>Arama k\u0131sa yolu, ki\u015filerin bilgi sayfas\u0131nda ve sohbetlerde bulunacak. Yeni arama mesaj\u0131 k\u0131sayolu ile kullan\u0131c\u0131lar, aramak istedikleri herhangi bir kelime veya c\u00fcmleyi bu aray\u00fcz ile arayabilecekler. Bu arama sonucunda olu\u015fan liste, ki\u015filerin bilgilerinden mesajla\u015fma i\u00e7eriklerine kadar bir\u00e7ok sonu\u00e7 bar\u0131nd\u0131racak. \u00d6zellik, <strong>WABetaInfo\u2019daki<\/strong> ki\u015filer taraf\u0131ndan tespit edildi.<\/p>\r\n\r\n\r\n\r\n<figure class=\"wp-block-image size-large\"><img width=\"1024\" height=\"576\" class=\"wp-image-7833\" src=\"https:\/\/egegen.com\/blog\/wp-content\/uploads\/2022\/03\/WhatsApp-Aramayi-Kolaylastiran-Yeni-Bir-Ozellik-Getiriyor--1024x576.jpeg\" alt=\"\" \/><\/figure>\r\n\r\n\r\n<hr class=\"wp-block-separator is-style-wide\" \/>\r\n\r\n\r\n<p><strong>Twitter &#8216;Topluluk&#8217; \u00d6zelli\u011fini Geli\u015ftirece\u011fini A\u00e7\u0131klad\u0131.<\/strong><\/p>\r\n\r\n\r\n\r\n<p>Topluluk \u00f6zelli\u011fi, bir\u00e7ok insan taraf\u0131ndan olduk\u00e7a i\u015flevsel bir kullan\u0131ma sahip olacak. Twitter\u2019da bu \u00f6zelli\u011fin biraz daha geli\u015ftirmeye karar vermi\u015f olacak ki, birka\u00e7 de\u011fi\u015fiklik eklemeyi d\u00fc\u015f\u00fcn\u00fcyor. Bu g\u00fcncellemeyle birlikte art\u0131k topluluk y\u00f6neticileri, \u00fcyelerin ba\u015fka bir insan\u0131 davet edip edemeyece\u011fine karar verebilecek.<\/p>\r\n\r\n\r\n\r\n<ul>\r\n<li>Herkese A\u00e7\u0131k Topluluk: Herkesin Toplulu\u011fa kat\u0131labildi\u011fi ve t\u00fcm \u00fcyelerin ba\u015fka insanlar\u0131 davet edebildi\u011fi topluluk.<\/li>\r\n<li>K\u0131s\u0131tl\u0131 Topluluk: \u00dcyesi olmak i\u00e7in toplulu\u011fa talep g\u00f6nderilen k\u0131s\u0131tl\u0131 topluluk. Talepler admin veya y\u00f6netici taraf\u0131ndan onayland\u0131ktan sonra toplulu\u011fa eri\u015fim sa\u011flanabilecek. E\u011fer k\u0131s\u0131tl\u0131 toplulu\u011fun moderat\u00f6r\u00fc veya bir mevcut \u00fcyesi taraf\u0131ndan davet edilirseniz ise toplulu\u011fa istek g\u00f6ndermenize gerek kalmayacak.<\/li>\r\n<\/ul>\r\n\r\n\r\n\r\n<p>Twitter, topluluk \u00f6zelli\u011fiyle ilgili yapaca\u011f\u0131 yenilikleri a\u00e7\u0131klad\u0131. Twitter\u2019dan yap\u0131lan a\u00e7\u0131klamada alt\u0131 \u00e7izili, \u00fcst\u00fc \u00e7izili, italik ve kal\u0131n yaz\u0131lar yaz\u0131lmas\u0131na imkan verecek yeni \u00e7al\u0131\u015fmalar \u00fczerinde \u00e7al\u0131\u015ft\u0131klar\u0131n\u0131 belirtti. Nima Owji\u2019nin payla\u015f\u0131m\u0131na g\u00f6re Twitter yak\u0131nda\u00a0<strong>kal\u0131n, italik, \u00fcst\u00fc \u00e7izili ve alt\u0131 \u00e7izili\u00a0<\/strong>gibi bi\u00e7imlerde yaz\u0131lar yazabilece\u011fimiz yeni \u00f6zelli\u011fini kullan\u0131ma sunacak. Tweetlerde ve yan\u0131tlarda ge\u00e7erli olan 280 karakter s\u0131n\u0131rlamas\u0131 ise devam ediyor.<\/p>\r\n\r\n\r\n\r\n<figure class=\"wp-block-image size-large\"><img width=\"1024\" height=\"682\" class=\"wp-image-7839\" src=\"https:\/\/egegen.com\/blog\/wp-content\/uploads\/2022\/03\/twitter_topluluk-1024x682.png\" alt=\"\" \/><\/figure>\r\n\r\n\r\n\r\n<p>&nbsp;<\/p>\r\n","protected":false},"excerpt":{"rendered":"<p>\u00d6d\u00fcll\u00fc tarar\u0131m: Gezici Geri D\u00f6n\u00fc\u015f\u00fcm Tesisi Plastik at\u0131klar ba\u015fta olmak \u00fczere t\u00fcm at\u0131klar\u0131n ne derece b\u00fcy\u00fck bir tehdit oldu\u011funun art\u0131k hepimiz bilincindeyiz. Miniwiz taraf\u0131ndan tasarlanan ve World Design Impact \u00f6d\u00fcl\u00fc kazanan Trashpresso da bu acil \u00e7\u00f6z\u00fcm bekleyen soruna odaklanan projelerden biri. Gezici geri d\u00f6n\u00fc\u015f\u00fcm tesisi niteli\u011finde olan tasar\u0131m, yaln\u0131zca iki end\u00fcstriyel buzdolab\u0131 boyutunda. Tesis, minimum &hellip;<\/p>\n","protected":false},"author":20,"featured_media":7831,"comment_status":"open","ping_status":"open","sticky":false,"template":"","format":"standard","meta":[],"categories":[188],"tags":[],"_links":{"self":[{"href":"https:\/\/egegen.com\/blog\/wp-json\/wp\/v2\/posts\/7824"}],"collection":[{"href":"https:\/\/egegen.com\/blog\/wp-json\/wp\/v2\/posts"}],"about":[{"href":"https:\/\/egegen.com\/blog\/wp-json\/wp\/v2\/types\/post"}],"author":[{"embeddable":true,"href":"https:\/\/egegen.com\/blog\/wp-json\/wp\/v2\/users\/20"}],"replies":[{"embeddable":true,"href":"https:\/\/egegen.com\/blog\/wp-json\/wp\/v2\/comments?post=7824"}],"version-history":[{"count":2,"href":"https:\/\/egegen.com\/blog\/wp-json\/wp\/v2\/posts\/7824\/revisions"}],"predecessor-version":[{"id":8881,"href":"https:\/\/egegen.com\/blog\/wp-json\/wp\/v2\/posts\/7824\/revisions\/8881"}],"wp:featuredmedia":[{"embeddable":true,"href":"https:\/\/egegen.com\/blog\/wp-json\/wp\/v2\/media\/7831"}],"wp:attachment":[{"href":"https:\/\/egegen.com\/blog\/wp-json\/wp\/v2\/media?parent=7824"}],"wp:term":[{"taxonomy":"category","embeddable":true,"href":"https:\/\/egegen.com\/blog\/wp-json\/wp\/v2\/categories?post=7824"},{"taxonomy":"post_tag","embeddable":true,"href":"https:\/\/egegen.com\/blog\/wp-json\/wp\/v2\/tags?post=7824"}],"curies":[{"name":"wp","href":"https:\/\/api.w.org\/{rel}","templated":true}]}}