{"id":7813,"date":"2022-02-07T15:56:02","date_gmt":"2022-02-07T12:56:02","guid":{"rendered":"https:\/\/egegen.com\/blog\/?p=7813"},"modified":"2022-10-10T16:52:56","modified_gmt":"2022-10-10T13:52:56","slug":"egegen-trend-raporu-51-ocak-2022","status":"publish","type":"post","link":"https:\/\/egegen.com\/blog\/egegen-trend-raporu-51-ocak-2022\/","title":{"rendered":"egegen Trend Raporu &#8211; 51 \/ Ocak 2022"},"content":{"rendered":"\r\n<p><strong>GOOGLE MEET CANLI \u00c7EV\u0130R\u0130 \u00d6ZELL\u0130\u011e\u0130N\u0130 GEN\u0130\u015e \u00c7APTA KULLANIMA SUNDU!<\/strong><\/p>\r\n\r\n\r\n\r\n<p>Google Meet canl\u0131 altyaz\u0131 \u00e7evirme \u00f6zelli\u011fini geni\u015f \u00e7apta kullan\u0131ma sunuyor. Hem mobil hem de web\u2019de kullan\u0131labilecek olan bu \u00f6zellik, \u015fimdilik sadece \u0130ngilizce\u2019den Frans\u0131zca, Almanca, Portekizce ve \u0130spanyolca\u2019ya \u00e7eviri yap\u0131lmas\u0131na imk\u00e2n sa\u011fl\u0131yor.<\/p>\r\n\r\n\r\n\r\n<p>\u00d6zellikle i\u015f ve e\u011fitim alanlar\u0131nda dil bariyerlerini kald\u0131rmay\u0131 ama\u00e7layan \u00f6zelli\u011fin kullan\u0131labilmesi i\u00e7in kullan\u0131c\u0131lar\u0131n Google Meet ayarlar\u0131ndan bu \u00f6zelli\u011fi a\u00e7malar\u0131 ve dili \u0130ngilizce olarak ayarlamalar\u0131 gerekiyor. Bu ayarlama yap\u0131ld\u0131ktan sonra konu\u015fmalar\u0131n canl\u0131 olarak olu\u015fturulan altyaz\u0131lar\u0131 bahsi ge\u00e7en d\u00f6rt dile \u00e7evrilebiliyorlar.<\/p>\r\n\r\n\r\n\r\n<p>Google Meet&#8217;te yer alan \u00e7evrilmi\u015f altyaz\u0131lar \u00f6zelli\u011fini kullanmak i\u00e7in, \u00f6ncelikle ayarlardan altyaz\u0131lar\u0131n a\u00e7\u0131lmas\u0131 ve \u0130ngilizce&#8217;ye ayarlanmas\u0131 gerekiyor. Daha sonra da \u00e7evirinin yap\u0131laca\u011f\u0131 dili se\u00e7mek yeterli.\u00a0<\/p>\r\n\r\n\r\n\r\n<figure class=\"wp-block-image size-large\"><img width=\"850\" height=\"518\" class=\"wp-image-7815\" src=\"https:\/\/egegen.com\/blog\/wp-content\/uploads\/2022\/02\/google_meet.png\" alt=\"\" \/><\/figure>\r\n\r\n\r\n<hr class=\"wp-block-separator is-style-wide\" \/>\r\n\r\n\r\n<p><strong>Instagram\u2019a Gelecek Yeni \u00d6zellikler A\u00e7\u0131kland\u0131!<\/strong><\/p>\r\n\r\n\r\n\r\n<p><strong>Instagram\u2019\u0131n<\/strong> \u00fczerinde \u00e7al\u0131\u015ft\u0131\u011f\u0131 bir\u00e7ok yeni \u00f6zellik a\u00e7\u0131\u011fa \u00e7\u0131kt\u0131. Bu \u00f6zelliklerden en g\u00f6ze \u00e7arpanlar\u0131ndan; kullan\u0131c\u0131lar\u0131n profil sayfalar\u0131nda yer alan g\u00f6nderilerin yerlerini d\u00fczenleyebilecek olmas\u0131!<\/p>\r\n\r\n\r\n\r\n<p>D\u00fcnyan\u0131n en pop\u00fcler <strong>sosyal medya<\/strong> platformlar\u0131ndan <strong>Instagram\u2019\u0131n<\/strong> yeni bir \u00f6zellik \u00fczerinde daha \u00e7al\u0131\u015ft\u0131\u011f\u0131 ortaya \u00e7\u0131kt\u0131. <strong>Alessandro Paluzzi\u00a0<\/strong>taraf\u0131ndan ortaya \u00e7\u0131kar\u0131lan yeni \u00f6zellik, kullan\u0131c\u0131lar\u0131n<strong>\u00a0profil sayfalar\u0131ndaki payla\u015f\u0131mlar\u0131<\/strong>\u00a0diledikleri gibi d\u00fczenleyebilmelerine imkan tan\u0131yor.<\/p>\r\n\r\n\r\n\r\n<p>Instagram mobil uygulamas\u0131na eklenecek yeni bir ayar sayfas\u0131n\u0131 g\u00f6steriyor. Bu ayar sayfas\u0131, Edit Grid (\u0131zgaray\u0131 d\u00fczenle) ismiyle bulunacak ve &#8220;Profili D\u00fczenle&#8221; b\u00f6l\u00fcm\u00fcnde yer alacak.\u00a0Edit Grid b\u00f6l\u00fcm\u00fc, kullan\u0131c\u0131lar\u0131n kendi\u00a0<strong>profil sayfalar\u0131n\u0131 y\u00f6netmelerine\u00a0<\/strong>imkan tan\u0131yacak. Bu ayar sayfas\u0131na ula\u015fan bir kullan\u0131c\u0131, profil sayfas\u0131ndaki t\u00fcm payla\u015f\u0131mlar\u0131n yerini diledi\u011fi gibi\u00a0<strong>de\u011fi\u015ftirebilecek<\/strong>.<\/p>\r\n\r\n\r\n\r\n<p>Instagram, g\u00f6nderilerin yaln\u0131zca kronolojik s\u0131rayla yerle\u015ftirilmesine imkan tan\u0131yordu. Ancak bundan sonra bu durum de\u011fi\u015fecek gibi g\u00f6r\u00fcn\u00fcyor. Zira yeni \u00f6zellik sayesinde Instagram&#8217;a y\u00fcklenmi\u015f olan\u00a0<strong>ilk g\u00f6nderi bile\u00a0<\/strong>en g\u00fcncel g\u00f6nderiler aras\u0131na yerle\u015ftirilebilecek. Kullan\u0131c\u0131lar bu sayede, en sevdikleri payla\u015f\u0131mlar\u0131 en \u00fcst s\u0131ralarda tutabilecekler. \u0130\u00e7erik \u00fcreticiler de en \u00e7ok be\u011feni alan ya da sponsorluklar kapsam\u0131nda payla\u015ft\u0131klar\u0131 g\u00f6nderiler \u00fczerinde\u00a0<strong>daha fazla hakimiyete<\/strong>\u00a0sahip olma imkan\u0131 yakalam\u0131\u015f olacaklar.\u00a0<\/p>\r\n\r\n\r\n\r\n<figure class=\"wp-block-image size-large\"><img width=\"1024\" height=\"682\" class=\"wp-image-7816\" src=\"https:\/\/egegen.com\/blog\/wp-content\/uploads\/2022\/02\/Instagram_1-1024x682.jpg\" alt=\"\" \/><\/figure>\r\n\r\n\r\n<hr class=\"wp-block-separator is-style-wide\" \/>\r\n\r\n\r\n<p><strong>INSTAGRAM YEN\u0130 H\u0130KAYELER \u00d6ZELL\u0130\u011e\u0130N\u0130 \u0130LK KEZ T\u00dcRK\u0130YE\u2019DE TEST ED\u0130YOR!<\/strong><\/p>\r\n\r\n\r\n\r\n<p>Instagram, dikey hikaye kayd\u0131rma \u00f6zelli\u011fini d\u00fcnyada ilk kez T\u00fcrkiye&#8217;de test edece\u011fini a\u00e7\u0131klad\u0131!<\/p>\r\n\r\n\r\n\r\n<p>\u015eimdilik test a\u015famas\u0131nda olan bu \u00f6zelli\u011fin, k\u0131sa zaman i\u00e7inde t\u00fcm kullan\u0131c\u0131lara ula\u015fmas\u0131 bekleniyor!<\/p>\r\n\r\n\r\n\r\n<p>Instagram, getirdi\u011fi bu son yenilikte rakibi\u00a0<strong>TikTok<\/strong>\u2019tan ilham ald\u0131\u011f\u0131n\u0131 s\u00f6yleyebiliriz. Sosyal medya camias\u0131nda rakiplerine kar\u015f\u0131 \u00f6ne ge\u00e7mek isteyen \u015firket, bu kez de kullan\u0131c\u0131lara\u00a0<strong>dikey olarak kayd\u0131r\u0131labilen hikayeler<\/strong>\u00a0\u00f6zelli\u011fini sunmaya haz\u0131rlan\u0131yor.<\/p>\r\n\r\n\r\n\r\n<p>Bu \u00f6zellik ile birlikte, kullan\u0131c\u0131lar art\u0131k<strong>hikayeleri, dikey y\u00f6nde kayd\u0131r\u0131larak atlayabilecek<\/strong><strong>.<\/strong> B\u00f6ylelikle kullan\u0131c\u0131lar\u0131n t\u0131pk\u0131\u00a0<strong>TikTok<\/strong>\u2019taki gibi hikayeler aras\u0131 ge\u00e7i\u015f yapmalar\u0131na olanak sa\u011flayarak kullan\u0131c\u0131lara\u00a0farkl\u0131\u00a0bir deneyim sunacak.<\/p>\r\n\r\n\r\n\r\n<p>Instagram, son zamanlarda yo\u011fun olarak getirdi\u011fi g\u00fcncellemeler sayesinde, kullan\u0131c\u0131 kitlesini art\u0131rma hedeflerinde ad\u0131m ad\u0131m ilerlerken ayn\u0131 zamanda rakiplerine g\u00f6z da\u011f\u0131 veriyor! \u00c7e\u015fitli \u00fclkelerde test edilen bu yenili\u011fin, k\u0131sa zaman i\u00e7inde t\u00fcm kullan\u0131c\u0131lara ula\u015fmas\u0131 bekleniyor.<\/p>\r\n\r\n\r\n\r\n<figure class=\"wp-block-image size-large\"><img width=\"975\" height=\"546\" class=\"wp-image-7817\" src=\"https:\/\/egegen.com\/blog\/wp-content\/uploads\/2022\/02\/instagram_2.png\" alt=\"\" \/><\/figure>\r\n\r\n\r\n<hr class=\"wp-block-separator is-style-wide\" \/>\r\n\r\n\r\n<p><strong>Metaverse Evreninden Arsa Sat\u0131n Alabilece\u011finizi Biliyor muydunuz?<\/strong><\/p>\r\n\r\n\r\n\r\n<p><strong>Metaverse<\/strong> yeni ad\u0131mlar\u0131yla hayat\u0131n i\u00e7inde daha da aktif olmaya devam ediyor.<\/p>\r\n\r\n\r\n\r\n<p>Eski ad\u0131yla <strong>Facebook<\/strong>, yeni ad\u0131yla <strong>Meta<\/strong> <strong>Metaverse\u2019\u00fcn<\/strong> gelece\u011fi \u015fekillendiriyor.<\/p>\r\n\r\n\r\n\r\n<p>G\u00fcnden g\u00fcne b\u00fcy\u00fck hamlelerle g\u00fcndeme gelen <strong>Metaverse<\/strong> gelece\u011fe yat\u0131r\u0131m yapmam\u0131z\u0131 sa\u011flayacak yeni bir hizmet ile kar\u015f\u0131m\u0131zda; <strong>Metaverse<\/strong> Arsalar\u0131!<\/p>\r\n\r\n\r\n\r\n<p>G\u00fcn\u00fcm\u00fczde her ne kadar soyut bir kavram olsa da daha \u015fimdiden milyarlarca dolar\u0131n i\u015flem g\u00f6rd\u00fc\u011f\u00fc devasa bir sekt\u00f6r haline geldi bile. Bu yat\u0131mlar\u0131n en g\u00fcncellerinden <strong>Metaverse<\/strong> arsalar al\u0131p, satabilirsiniz.<\/p>\r\n\r\n\r\n\r\n<figure class=\"wp-block-image size-large\"><img width=\"1024\" height=\"614\" class=\"wp-image-7818\" src=\"https:\/\/egegen.com\/blog\/wp-content\/uploads\/2022\/02\/metaverse-1024x614.png\" alt=\"\" \/><\/figure>\r\n\r\n\r\n\r\n<p><strong>Al\u0131m sat\u0131m i\u015flemini<\/strong> yapabilece\u011finiz platformlar ise \u015f\u00f6yle;<\/p>\r\n\r\n\r\n\r\n<p><strong>Metaverse\u2019\u00fcn en pop\u00fcler isimlerinden Decentraland:<\/strong><\/p>\r\n\r\n\r\n\r\n<p><strong>Decentraland<\/strong>, tamamen sanal arsalardan olu\u015fan bir platform. Burada arsalar\u0131n de\u011feri genellikle merkez yerler olan <strong>Genesis<\/strong> <strong>Plaza\u2019<\/strong>ya yak\u0131nla\u015ft\u0131k\u00e7a art\u0131yor.<\/p>\r\n\r\n\r\n\r\n<p><strong>Yat\u0131r\u0131mc\u0131lar\u0131yla en b\u00fcy\u00fck platformlardan birisi olan The Sandbox<\/strong><\/p>\r\n\r\n\r\n\r\n<p>Decentraland\u2019\u0131n en b\u00fcy\u00fck rakibi olan <strong>The Sandbox<\/strong>, t\u0131pk\u0131 <strong>Decentraland<\/strong> gibi oyuncular\u0131n kendi arsalar\u0131n\u0131 olu\u015fturdu\u011fu ve bu arsalar\u0131 satt\u0131\u011f\u0131 dijital bir platform.<\/p>\r\n\r\n\r\n\r\n<p><strong>Ger\u00e7ek sanal ger\u00e7eklik deneyiminin sunuldu\u011fu Somnium Space<\/strong><\/p>\r\n\r\n\r\n\r\n<p><strong>Decentraland<\/strong> ve <strong>The<\/strong> <strong>Sandbox\u2019\u0131n<\/strong> aksine sanal ger\u00e7eklik deste\u011fi sunan <strong>Somnium<\/strong>, yine her iki oyunda da oldu\u011fu gibi arsa olu\u015fturup buray\u0131 tasarlaman\u0131z\u0131 ve arsa al\u0131m sat\u0131m yapman\u0131za olanak tan\u0131yor.<\/p>\r\n\r\n\r\n\r\n<p><strong>Metaverse d\u00fcnyas\u0131n\u0131n en bilindi\u011fi: Axie Infinity<\/strong><\/p>\r\n\r\n\r\n\r\n<p>En pop\u00fcler <strong>metaverse<\/strong> platformlar\u0131ndan birisi olan <strong>Axie<\/strong> <strong>Infinity<\/strong>, kiralayabilece\u011finiz ya da sat\u0131n alabilece\u011finiz, geli\u015ftirilebilir arsalara ev sahipli\u011fi yap\u0131yor.<\/p>\r\n\r\n\r\n<hr class=\"wp-block-separator is-style-wide\" \/>\r\n\r\n\r\n<p><strong>WhatsApp, sesli mesajlar\u0131n arka planda dinlenmesine izin verecek<\/strong><\/p>\r\n\r\n\r\n\r\n<figure class=\"wp-block-image size-large\"><img width=\"768\" height=\"788\" class=\"wp-image-7819\" src=\"https:\/\/egegen.com\/blog\/wp-content\/uploads\/2022\/02\/whatsapp.jpg\" alt=\"\" \/><\/figure>\r\n\r\n\r\n\r\n<p>WhatsApp, yakla\u015f\u0131k bir ay \u00f6nce sesli mesajlar\u0131 g\u00f6ndermeden \u00f6nce dinleyebilmemize olanak sa\u011flayan \u00f6zelli\u011fini test ediyordu. \u015eimdi ise \u015firketin sesli mesajlar \u00f6zelinde baz\u0131 yenilikler \u00fczerinde \u00e7al\u0131\u015ft\u0131\u011f\u0131 bilgisi payla\u015f\u0131ld\u0131. Payla\u015f\u0131lan bilgiye g\u00f6re WhatsApp, hem Android hem de iOS i\u00e7in sesli mesajlar\u0131n arka planda dinlenebilmesi \u00f6zelli\u011fi \u00fczerinde \u00e7al\u0131\u015f\u0131yor.<\/p>\r\n\r\n\r\n\r\n<p>Bu \u00f6zellik, farkl\u0131 bir sohbete ge\u00e7ti\u011finizde bile size iletilen sesli mesajlar\u0131 dinlemenizi sa\u011flayacak. Yani diyelim ki bir arkada\u015f\u0131n\u0131z\u0131n sesli mesaj\u0131n\u0131 dinlemeye ba\u015flad\u0131n\u0131z ve o s\u0131rada ba\u015fka biri size bir mesaj g\u00f6nderirdi. Bu esnada sesli mesaj\u0131n\u0131z\u0131 dinlemeyi kesmeden di\u011fer arkada\u015f\u0131n\u0131zdan gelen mesaja cevap verebileceksiniz. Payla\u015f\u0131lan ekran g\u00f6r\u00fcnt\u00fclerine bakt\u0131\u011f\u0131m\u0131zda sesli mesaj uygulaman\u0131n \u00fcst k\u0131sm\u0131nda bir oynat\/duraklat d\u00fc\u011fmesi ile g\u00f6r\u00fcnecek, ki\u015finin ad\u0131 ve mesaj\u0131 kapatmak i\u00e7in bir kapat d\u00fc\u011fmesi de bulunacak.<\/p>\r\n\r\n\r\n\r\n<p>Bu \u00f6zellik, WhatsApp Business beta da dahil olmak \u00fczere baz\u0131 iOS beta test kullan\u0131c\u0131lar\u0131na sunuldu. Ancak farkl\u0131 bir sohbete ge\u00e7ti\u011finizde sesli notlar\u0131 dinleyemiyorsan\u0131z, WhatsApp hesab\u0131n\u0131z\u0131n \u00f6zelli\u011fi test etmenize hen\u00fcz haz\u0131r olmad\u0131\u011f\u0131n\u0131 s\u00f6yleyebiliriz. Android&#8217;de ise uygulama hen\u00fcz geli\u015ftirilme a\u015famas\u0131nda o y\u00fczden ne zaman ve hangi kullan\u0131c\u0131lara sunulaca\u011f\u0131 konusunda hen\u00fcz bir bilgi bulunmuyor.<\/p>\r\n\r\n\r\n\r\n<p>WhatsApp&#8217;\u0131n g\u00fcndeminde tek yenilik bu da de\u011fil. Uygulama, k\u0131sa bir s\u00fcre sonra, biri size mesaj g\u00f6nderdi\u011finde ki\u015filerinizin profil foto\u011fraflar\u0131n\u0131 bildirimlere ekleyecek. Yani WhatsApp&#8217;ta her yeni bildirim ald\u0131\u011f\u0131n\u0131zda, ki\u015finin ad\u0131 ve profil resmi g\u00f6r\u00fcnecek.<\/p>\r\n\r\n\r\n\r\n<p>WhatsApp ayr\u0131ca birisinin bir grup sohbetinde size cevap verip vermedi\u011fini veya sizden bahsetti\u011fini ay\u0131rt etmenize de imkan sa\u011flayacak. Bir grupta biri size yan\u0131t verirse, birinin size yan\u0131t verdi\u011fine dair bir bildirim alacaks\u0131n\u0131z.<\/p>\r\n\r\n\r\n<hr class=\"wp-block-separator is-style-wide\" \/>\r\n\r\n\r\n<p><strong>Zoom Hibrit \u00c7al\u0131\u015fma Modeli \u0130\u00e7in Gelen Yenilikler<\/strong><\/p>\r\n\r\n\r\n\r\n<figure class=\"wp-block-image size-large\"><img width=\"800\" height=\"450\" class=\"wp-image-7820\" src=\"https:\/\/egegen.com\/blog\/wp-content\/uploads\/2022\/02\/zoom.jpg\" alt=\"\" \/><\/figure>\r\n\r\n\r\n\r\n<p>Pandemi nedeniyle evlerden \u00e7al\u0131\u015fmaya ba\u015flad\u0131\u011f\u0131m\u0131z g\u00fcnlerde adeta bir kurtar\u0131c\u0131ya d\u00f6n\u00fc\u015fen platform yeri geldi b\u00fcy\u00fck toplant\u0131 salonlar\u0131na, yeri geldi a\u00e7\u0131k oturumlara ev sahipli\u011fi yapt\u0131. T\u00fcm bu s\u00fcre\u00e7te yakalad\u0131\u011f\u0131 ivmeyi h\u0131z kesmeden s\u00fcrd\u00fcren Zoom, pandemi sonras\u0131 \u00e7al\u0131\u015fma hayat\u0131ndaki evrimi h\u0131zland\u0131racak, \u00e7al\u0131\u015fanlar\u0131 yeni d\u00f6neme uyum sa\u011flama konusunda g\u00fc\u00e7lendirecek ve i\u015f birli\u011fini kolayla\u015ft\u0131rarak hibrit \u00e7al\u0131\u015fmaya ge\u00e7i\u015fi olabildi\u011fince sorunsuz h\u00e2le getirecek yeniliklerini sundu.<\/p>\r\n\r\n\r\n\r\n<p><strong>Huddle View<\/strong><\/p>\r\n\r\n\r\n\r\n<p>Huddle View, sanal olarak \u00e7al\u0131\u015f\u0131rken ekiplere ba\u011flant\u0131da olma hissi vermek i\u00e7in potansiyel olarak g\u00f6rsel bir kanal d\u00fczeni sa\u011flayan bir \u00f6zellik. Bu sayede, kanal \u00fcyeleri kendilerine \u00f6zel benzersiz bir sanal arka plan se\u00e7ebiliyor, sohbet edebiliyor, kanalda kimlerin oldu\u011funu kolayca g\u00f6rebiliyor ve me\u015fgul veya m\u00fcsait olup olmad\u0131klar\u0131n\u0131 h\u0131zl\u0131 bir \u015fekilde belirleyerek ekipleri bir araya getirebiliyor.<\/p>\r\n\r\n\r\n\r\n<p><strong>Zoom Events Sahne Arkas\u0131<\/strong><\/p>\r\n\r\n\r\n\r\n<p>Canl\u0131 yay\u0131n \u00f6ncesinde konu\u015fmac\u0131lara, panelistlere ve prod\u00fcksiyon ekibine, aralar\u0131nda konu\u015fabilecekleri, etkinli\u011fi izleyebilecekleri veya kayna\u015fabilecekleri bir alan sa\u011flayan Zoom\u2019un yeni sahne arkas\u0131 \u00f6zelli\u011fi ye\u015fil oday\u0131 sanal ortama ta\u015f\u0131yor.<\/p>\r\n\r\n\r\n\r\n<p><strong>Zoom Beyaz Tahta<\/strong><\/p>\r\n\r\n\r\n\r\n<p>Tamamen yenilemi\u015f Zoom Beyaz Tahta, ofisten ya da uzaktan \u00e7al\u0131\u015fan kat\u0131l\u0131mc\u0131lar\u0131n dijital beyaz tahta \u00fczerinde ger\u00e7ek zamanl\u0131 olarak, herhangi bir yerde, herhangi bir zamanda toplant\u0131 kurgulamadan bir araya gelmelerine imkan sa\u011fl\u0131yor. Bu yeni \u00f6zellik, diz\u00fcst\u00fc bilgisayarda, konferans odas\u0131nda, mobil cihazda veya Zoom for Home cihaz\u0131nda k\u0131saca Zoom Meetings\u2019in \u00e7al\u0131\u015ft\u0131\u011f\u0131 her yerde kullan\u0131labiliyor.<\/p>\r\n\r\n\r\n\r\n<p><strong>Zoom Widget<\/strong><\/p>\r\n\r\n\r\n\r\n<p>Ekiplerle ba\u011flant\u0131 kurmak ve i\u015f ak\u0131\u015flar\u0131n\u0131 d\u00fczene koymak i\u00e7in geli\u015ftirilen Zoom Widget, toplant\u0131lardaki ki\u015filerin zaman\u0131 ve beklentileri y\u00f6netmelerine ve tak\u0131m arkada\u015flar\u0131n\u0131 haberdar etmelerine yard\u0131mc\u0131 oluyor. Ayr\u0131ca kullan\u0131c\u0131lar\u0131n toplant\u0131da kimlerin oldu\u011funu g\u00f6rmelerine ve ge\u00e7 kal\u0131yorlarsa Zoom Chat\u2019i kullanarak toplant\u0131 sahibini bilgilendirmelerine olanak tan\u0131yor.<\/p>\r\n\r\n\r\n\r\n<p><strong>Mobil ve Web Seminerleri i\u00e7in Zoom Apps<\/strong><\/p>\r\n\r\n\r\n\r\n<p>2021\u2019in ba\u015flar\u0131nda Zoom Masa\u00fcst\u00fc toplant\u0131 deneyimine eklenen Zoom Apps, \u015fimdi mobil ve web seminerlere de geldi. Bu sayede \u00e7al\u0131\u015f\u0131rken kulland\u0131\u011f\u0131n\u0131z favori uygulamalar\u0131n\u0131z\u0131 mobil cihaz\u0131n\u0131zda ger\u00e7ekle\u015ftirdi\u011finiz toplant\u0131larda veya web seminerlerinde kullanabiliyorsunuz. Bu yenilik, oyunlar ve di\u011fer uygulamalarla etkile\u015fim i\u00e7in size daha fazla f\u0131rsat getiriyor. Zoom ayr\u0131ca, hem siz hem de kat\u0131l\u0131mc\u0131lar\u0131n\u0131z i\u00e7in \u00f6zelle\u015ftirilmi\u015f \u201cS\u00fcr\u00fckleyici G\u00f6r\u00fcn\u00fcmler\u201d olu\u015fturman\u0131za olanak tan\u0131yan \u201cS\u00fcr\u00fckleyici Uygulamalar\u0131\u201d kullan\u0131ma sunuyor.<\/p>\r\n\r\n\r\n\r\n<p><strong>Video Kat\u0131l\u0131m Merkezi<\/strong><\/p>\r\n\r\n\r\n\r\n<p>Zoom Video Kat\u0131l\u0131m Merkezi ile kurumlar, yap\u0131land\u0131r\u0131lm\u0131\u015f ve kapsaml\u0131 bir sanal ortamda, uzmanlar\u0131n\u0131 kendi m\u00fc\u015fterileri ile video \u00fczerinde bir araya getirerek g\u00fcven odakl\u0131 etkile\u015fimler geli\u015ftirebilecekleri ilgi \u00e7ekici deneyimler olu\u015fturabiliyorlar. Bu \u00e7\u00f6z\u00fcmle Zoom, kurumlara bulut \u00f6ncelikli \u00f6l\u00e7eklenebilirli\u011fi ve g\u00fcvenilir video mimarisini sunuyor.<\/p>\r\n\r\n\r\n\r\n<p><strong>Geli\u015fmi\u015f \u00e7eviri ve de\u015fifre<\/strong><\/p>\r\n\r\n\r\n\r\n<p>Zoom toplant\u0131lar\u0131, ger\u00e7ek zamanl\u0131 ve otomatik \u00e7eviri hizmetinin yan\u0131 s\u0131ra canl\u0131 de\u015fifre yetene\u011fiyle daha kapsay\u0131c\u0131 hale geliyor. Ayr\u0131ca platformun \u00e7eviri yetene\u011fi birden fazla dil deste\u011fiyle daha da geli\u015fmi\u015f durumda.<\/p>\r\n\r\n\r\n\r\n<p><strong>Zoom Jumpstart<\/strong><\/p>\r\n\r\n\r\n\r\n<p>Zoom Geli\u015ftiriciler Platformu arac\u0131l\u0131\u011f\u0131yla inovasyonu te\u015fvik etme ve etkinle\u015ftirme konusundaki misyonunun bir par\u00e7as\u0131 olarak, geli\u015ftiricilerin daha h\u0131zl\u0131 hareket etmesine yard\u0131mc\u0131 olan yeni bir uygulama olu\u015fturma arac\u0131 Jumpstart\u2019\u0131 pazara sunuyor. Bu yetenekli ara\u00e7, temel yap\u0131land\u0131rmalar\u0131, \u00f6nceden tasarlanm\u0131\u015f baz\u0131 \u00f6zellikleri, markala\u015fma i\u00e7in baz\u0131 girdileri ve platform se\u00e7eneklerini belirledikten sonra Video SDK i\u015flevselli\u011fini sorunsuz bir \u015fekilde mevcut uygulamaya getiren bir kod \u00fcretiyor.<\/p>\r\n\r\n\r\n<hr class=\"wp-block-separator is-style-wide\" \/>\r\n\r\n\r\n<p><strong>Kedilerin Al\u0131\u015fkanl\u0131klar\u0131n\u0131 Takip Eden Ak\u0131ll\u0131 Tasma Catlog CES 2022&#8217;de Tan\u0131t\u0131ld\u0131<\/strong><\/p>\r\n\r\n\r\n\r\n<figure class=\"wp-block-image size-large\"><img width=\"1024\" height=\"536\" class=\"wp-image-7821\" src=\"https:\/\/egegen.com\/blog\/wp-content\/uploads\/2022\/02\/kedi-1024x536.jpg\" alt=\"\" \/><\/figure>\r\n\r\n\r\n\r\n<p>Kendi al\u0131\u015fkanl\u0131klar\u0131m\u0131z kadar ayn\u0131 evi payla\u015ft\u0131\u011f\u0131m\u0131z can dostlar\u0131m\u0131z\u0131n da al\u0131\u015fkanl\u0131klar\u0131n\u0131 ve ya\u015fam bi\u00e7imlerini takip etmek bizlerin sorumlulu\u011funda. Haz\u0131r mama ve hareketsiz bir ya\u015fam bi\u00e7imiyle sa\u011fl\u0131klar\u0131n\u0131 kaybetmelerine engel olmal\u0131, daha iyi beslenmeleri ve aktif olmalar\u0131 i\u00e7in \u00fczerimize d\u00fc\u015feni yapmal\u0131y\u0131z. \u00d6rne\u011fin kediler s\u00f6z konusu oldu\u011funda bunlar\u0131 yapmam\u0131za yard\u0131m edecek pek \u00e7ok yenilik var art\u0131k. Egzersiz \u00e7ark\u0131ndan, su i\u00e7me al\u0131\u015fkanl\u0131klar\u0131n\u0131 takip eden ak\u0131ll\u0131 su p\u0131nar\u0131na, kedilerin ruh halini analiz eden mobil uygulamalardan miyavlamalar\u0131 terc\u00fcme eden uygulamalara kadar bir \u00e7ok projeyle kar\u015f\u0131la\u015ft\u0131k. Bu defa da CES 2022\u2019nin dikkat \u00e7ekici kat\u0131l\u0131mc\u0131lar\u0131ndan Catlog var s\u0131rada.<\/p>\r\n\r\n\r\n\r\n<p>Catlog, insan ve evcil hayvan aras\u0131ndaki k\u00f6pr\u00fcy\u00fc k\u0131saltma misyonuyla do\u011fmu\u015f bir cihaz. Aral\u0131ks\u0131z bir \u015fekilde kedinin hareketlerini ve al\u0131\u015fkanl\u0131klar\u0131n\u0131 izleyip alg\u0131l\u0131yor. Her \u015feyi ayn\u0131 anda kedi sahiplerine raporluyor. Fitness ve sa\u011fl\u0131kl\u0131 ya\u015fam i\u00e7in tasarlanan ak\u0131ll\u0131 saat FitBit\u2019in kediler i\u00e7in olan versiyonu gibi d\u00fc\u015f\u00fcnebiliriz.<\/p>\r\n\r\n\r\n\r\n<p>Japon \u015firketi RABO taraf\u0131ndan tasarlanan ak\u0131ll\u0131 tasma; kedinin ne kadar uyudu\u011funu, ne kadar oturdu\u011funu, ne kadar temizlendi\u011fini takip edebiliyor. Ayr\u0131ca \u015fok ve korku gibi hareketleri de alg\u0131layabiliyor. T\u00fcm bu veriler ger\u00e7ek zamanl\u0131 olarak uygulamaya yans\u0131yor ve kaydediliyor. Kullan\u0131c\u0131 bu aktivitelerin s\u0131kl\u0131\u011f\u0131n\u0131 g\u00f6rmek ve bir de\u011ferlendirme yapabilmek i\u00e7in istedi\u011fi zaman geriye d\u00f6n\u00fck verilere g\u00f6z atabiliyor. Altta yatan bir sa\u011fl\u0131k sorununa i\u015faret edebilecek herhangi bir de\u011fi\u015fiklik, sorunun erkenden fark edilmesini ve \u00e7\u00f6z\u00fcm i\u00e7in de erkenden veteriner kontrol\u00fcne ba\u015fvurulmas\u0131n\u0131 sa\u011fl\u0131yor.<\/p>\r\n\r\n\r\n\r\n<p>Kedilerin farkl\u0131 ya\u015fam evrelerine dair farkl\u0131 verilerin takip edilmesi gerekiyor. Catlog bu ba\u011flamda her ya\u015ftan kedi i\u00e7in uygun. \u00d6rne\u011fin, bir yavru kedi s\u00f6z konusuysa \u00f6zellikle kilosu ve b\u00fcy\u00fcmesi yak\u0131n takip gerektiriyor. Ya\u015fl\u0131 bir kedi i\u00e7inse uyku d\u00fczeni \u00e7ok \u00f6nemli. Catlog ile t\u00fcm bu veriler kolayca takip edilebiliyor.<\/p>\r\n\r\n\r\n\r\n<p>Catlog tasman\u0131n yan\u0131nda kullan\u0131c\u0131ya kum kab\u0131n\u0131n alt\u0131na yerle\u015ftirilebilen ince bir cihaz olan Catlog Board da sunuluyor. Bu cihaz kedinin tuvalet al\u0131\u015fkanl\u0131klar\u0131n\u0131n yan\u0131 s\u0131ra a\u011f\u0131rl\u0131\u011f\u0131ndaki de\u011fi\u015fimleri de takip edebiliyor ve t\u00fcm verileri mobil uygulamaya g\u00f6nderiyor.<\/p>\r\n\r\n\r\n\r\n<p><a href=\"https:\/\/www.youtube.com\/watch?v=Ksne8tpBsvE&amp;t=52s&amp;ab_channel=RABO%2CInc\">Video i\u00e7in t\u0131klay\u0131n\u0131z&#8230;<\/a><\/p>\r\n","protected":false},"excerpt":{"rendered":"<p>GOOGLE MEET CANLI \u00c7EV\u0130R\u0130 \u00d6ZELL\u0130\u011e\u0130N\u0130 GEN\u0130\u015e \u00c7APTA KULLANIMA SUNDU! Google Meet canl\u0131 altyaz\u0131 \u00e7evirme \u00f6zelli\u011fini geni\u015f \u00e7apta kullan\u0131ma sunuyor. Hem mobil hem de web\u2019de kullan\u0131labilecek olan bu \u00f6zellik, \u015fimdilik sadece \u0130ngilizce\u2019den Frans\u0131zca, Almanca, Portekizce ve \u0130spanyolca\u2019ya \u00e7eviri yap\u0131lmas\u0131na imk\u00e2n sa\u011fl\u0131yor. \u00d6zellikle i\u015f ve e\u011fitim alanlar\u0131nda dil bariyerlerini kald\u0131rmay\u0131 ama\u00e7layan \u00f6zelli\u011fin kullan\u0131labilmesi i\u00e7in kullan\u0131c\u0131lar\u0131n Google Meet &hellip;<\/p>\n","protected":false},"author":20,"featured_media":7814,"comment_status":"open","ping_status":"open","sticky":false,"template":"","format":"standard","meta":[],"categories":[188],"tags":[],"_links":{"self":[{"href":"https:\/\/egegen.com\/blog\/wp-json\/wp\/v2\/posts\/7813"}],"collection":[{"href":"https:\/\/egegen.com\/blog\/wp-json\/wp\/v2\/posts"}],"about":[{"href":"https:\/\/egegen.com\/blog\/wp-json\/wp\/v2\/types\/post"}],"author":[{"embeddable":true,"href":"https:\/\/egegen.com\/blog\/wp-json\/wp\/v2\/users\/20"}],"replies":[{"embeddable":true,"href":"https:\/\/egegen.com\/blog\/wp-json\/wp\/v2\/comments?post=7813"}],"version-history":[{"count":2,"href":"https:\/\/egegen.com\/blog\/wp-json\/wp\/v2\/posts\/7813\/revisions"}],"predecessor-version":[{"id":8883,"href":"https:\/\/egegen.com\/blog\/wp-json\/wp\/v2\/posts\/7813\/revisions\/8883"}],"wp:featuredmedia":[{"embeddable":true,"href":"https:\/\/egegen.com\/blog\/wp-json\/wp\/v2\/media\/7814"}],"wp:attachment":[{"href":"https:\/\/egegen.com\/blog\/wp-json\/wp\/v2\/media?parent=7813"}],"wp:term":[{"taxonomy":"category","embeddable":true,"href":"https:\/\/egegen.com\/blog\/wp-json\/wp\/v2\/categories?post=7813"},{"taxonomy":"post_tag","embeddable":true,"href":"https:\/\/egegen.com\/blog\/wp-json\/wp\/v2\/tags?post=7813"}],"curies":[{"name":"wp","href":"https:\/\/api.w.org\/{rel}","templated":true}]}}