{"id":7792,"date":"2022-01-07T11:54:42","date_gmt":"2022-01-07T08:54:42","guid":{"rendered":"https:\/\/egegen.com\/blog\/?p=7792"},"modified":"2022-10-10T16:53:33","modified_gmt":"2022-10-10T13:53:33","slug":"egegen-trend-raporu-50-aralik-2021","status":"publish","type":"post","link":"https:\/\/egegen.com\/blog\/egegen-trend-raporu-50-aralik-2021\/","title":{"rendered":"egegen Trend Raporu &#8211; 50 \/ Aral\u0131k 2021"},"content":{"rendered":"\r\n<p><strong>Google\u2019a meydan okuyan yeni arama motoru: You.com<\/strong><\/p>\r\n\r\n\r\n\r\n<p>Bir\u00e7ok ki\u015fi i\u00e7in Google, yerini ba\u015fka hi\u00e7bir arama motorunun dolduramayaca\u011f\u0131 bir arama motoru. Hatta Google y\u0131llard\u0131r hayat\u0131m\u0131zda kendisine \u00f6ylesine bir yer etti ki, \u00e7o\u011fumuz merak etti\u011fimiz bir \u015feyi internette aratacak oldu\u011fumuzda \u2018Googlelamak\u2019 fiilini kullan\u0131r\u0131z. Ancak g\u00f6r\u00fcnen o ki d\u00fcnyan\u0131n \u00f6nde gelen m\u00fc\u015fteri ili\u015fkileri y\u00f6netim platformlar\u0131ndan Salesforce\u2019un eski ba\u015f bilim insan\u0131 David Socher bunu de\u011fi\u015ftirmeyi ama\u00e7l\u0131yor.<\/p>\r\n\r\n\r\n\r\n<p>Kariyeri boyunca, <strong>yapay zeka<\/strong> \u015firketi MetaMind\u2019\u0131 kuran ve daha sonra satan, bilgisayar vizyonundan makine \u00e7evirisine ve do\u011fal dil i\u015flemede \u00f6zetlemeye kadar geni\u015f bir alanda \u00e7al\u0131\u015fmalar\u0131 yay\u0131nlanan Socher\u2019in yeni arama motoru <strong>You.com<\/strong>, konu aratma ve ara\u015ft\u0131rma olunca birincil adres olan Google&#8217;a meydan okumaya \u00e7al\u0131\u015f\u0131yor.\u00a0<\/p>\r\n\r\n\r\n\r\n<figure class=\"wp-block-image size-large\"><img width=\"680\" height=\"389\" class=\"wp-image-7794\" src=\"https:\/\/egegen.com\/blog\/wp-content\/uploads\/2022\/01\/1-you.jpg\" alt=\"\" \/><\/figure>\r\n\r\n\r\n\r\n<p><strong>You, Google&#8217;dan farkl\u0131 olarak neler sunuyor?<\/strong><\/p>\r\n\r\n\r\n\r\n<p>Socher ve kurucu ortak Bryan McCann&#8217;e g\u00f6re arama s\u00f6z konusu oldu\u011funda d\u00fcnya \u015fu anda bir d\u00f6n\u00fcm noktas\u0131nda. Buna g\u00f6re Google, g\u00fcncel olarak arama pazar\u0131n\u0131n yakla\u015f\u0131k olarak %90\u2019\u0131na h\u00fckmediyor. Mevcut arama motorlar\u0131n\u0131n reklamc\u0131l\u0131k ve <strong>SEO<\/strong> ilkeleri; insanlar\u0131n izledikleri, okuduklar\u0131, ara\u015ft\u0131rd\u0131klar\u0131, yedikleri ve sat\u0131n ald\u0131klar\u0131 \u015feyler \u00fczerinden kontrol eksikli\u011fine sebep oluyor. B\u00f6ylece insanlar, onlar \u00fczerinden para kazanmak \u00fczere tasarlanm\u0131\u015f yapay zeka algoritmalar\u0131n\u0131n bir nesnesi haline geliyor. \u00a0<\/p>\r\n\r\n\r\n\r\n<p>Google ve You aras\u0131ndaki en belirgin fark ise estetik ve operasyon olarak \u00f6ne \u00e7\u0131k\u0131yor. Arama motorlar\u0131n\u0131n hemen hemen hepsinin ayn\u0131 g\u00f6r\u00fcnd\u00fc\u011f\u00fcne dikkat \u00e7eken Socher, <strong>You<\/strong>\u2019nun kanban panolar\u0131na ve sosyal medya platformlar\u0131na benzer bir tasar\u0131ma sahip oldu\u011funu belirtiyor. Google\u2019dakinden farkl\u0131 olarak You\u2019da bir \u015fey aratman\u0131z durumunda sizi alt alta s\u0131ralanm\u0131\u015f arama sonu\u00e7lar\u0131 de\u011fil de yana do\u011fru uzayan kare \u015feklindeki arama sonu\u00e7lar\u0131 kar\u015f\u0131l\u0131yor. Arama motorunun s\u0131ra d\u0131\u015f\u0131 tasar\u0131m\u0131 i\u00e7in Socher, &#8220;Asl\u0131nda \u00e7ok fazla yineleme ve tasar\u0131m k\u0131s\u0131tlamalar\u0131 ve mobil hakk\u0131nda d\u00fc\u015f\u00fcnmemiz gerekti&#8221; diyor.<\/p>\r\n\r\n\r\n\r\n<p>You\u2019da aramalar ilk olarak tercih edilen kaynaklardan, ard\u0131ndan tarafs\u0131z kaynaklardan ve son olarak da olumsuz oylanan kaynaklara g\u00f6re \u015fekillenir. Asl\u0131nda ki\u015fiselle\u015ftirilmi\u015f arama yeni bir \u015fey de\u011fil; Google bunu 2004 y\u0131l\u0131ndan beri yap\u0131yor. Ancak, <strong>You<\/strong>\u2019nun \u015feffaf manip\u00fclasyonu son derece yeni. Buna g\u00f6re You, \u00f6zelle\u015ftirilmi\u015f aramalarla objektif aramalar aras\u0131ndaki ayr\u0131m\u0131 \u00e7ok daha net bir \u015fekilde yap\u0131yor. Socher, <strong>You<\/strong>\u2019nun, bir arama motorunun kullan\u0131c\u0131lara aramalar\u0131 \u00fczerinde bu derece kontrol vermesi a\u00e7\u0131s\u0131ndan bir ilk oldu\u011funu belirtiyor. Buna ek olarak You, mahremiyetin \u00f6nemini de vurguluyor. Bilgilerinizin hi\u00e7bir \u015fekilde sat\u0131lmayaca\u011f\u0131n\u0131 belirten You, ayr\u0131ca son derece etkileyici bir gizli mod deneyimiz vadediyor.<\/p>\r\n\r\n\r\n<hr class=\"wp-block-separator is-style-wide\" \/>\r\n\r\n\r\n<p><strong>Google\u2019\u0131n Sa\u011fl\u0131k Sekt\u00f6r\u00fcnde \u00c7\u0131\u011f\u0131r A\u00e7acak Yeni G\u00fcncellemesi<\/strong><\/p>\r\n\r\n\r\n\r\n<p><strong>Google Arama<\/strong>\u2019da sa\u011fl\u0131k hizmeti se\u00e7enekleri art\u0131k daha eri\u015filebilir hale geliyor. Google taraf\u0131ndan yap\u0131lan geli\u015ftirmeye g\u00f6re, kullan\u0131c\u0131lar kendi dillerinde konu\u015fan doktorlar\u0131 bulabilecekler.<\/p>\r\n\r\n\r\n\r\n<p>Canl\u0131lar\u0131n sa\u011fl\u0131\u011f\u0131na y\u00f6nelik duyarl\u0131l\u0131klar, \u00f6zellikle pandemi d\u00f6neminden sonra daha da artm\u0131\u015f durumda. Haliyle bu do\u011frultuda, sa\u011fl\u0131k hizmetleri de geli\u015ftiriliyor. D\u00fcnyan\u0131n bir\u00e7ok yerinde halen sa\u011fl\u0131k hizmetlerine eri\u015femeyen insanlar bulunuyor. Bu bazen sa\u011fl\u0131k hizmetlerinin yoksunlu\u011fundan kaynaklan\u0131rken, bazen ise mevcut olsa dahi insanlar\u0131n \u00f6zellikle yabanc\u0131 \u00fclkelerde kendi dillerini konu\u015fabilen doktorlara ula\u015famay\u0131\u015f\u0131ndan kaynaklan\u0131yor.<\/p>\r\n\r\n\r\n\r\n<figure class=\"wp-block-image size-large\"><img width=\"680\" height=\"389\" class=\"wp-image-7795\" src=\"https:\/\/egegen.com\/blog\/wp-content\/uploads\/2022\/01\/2-google-saglik.jpg\" alt=\"\" \/><\/figure>\r\n\r\n\r\n\r\n<p>Sa\u011fl\u0131k hizmetleri g\u00fcn ge\u00e7tik\u00e7e ve teknoloji geli\u015ftik\u00e7e elbette daha da eri\u015filebilir hale getiriliyor. Bunun yan\u0131 s\u0131ra, mevcut bulunan sa\u011fl\u0131k hizmetlerine eri\u015fimin pratikli\u011fi de bir hayli \u00f6nem ta\u015f\u0131yor. Google son y\u0131llarda sa\u011fl\u0131k hizmetleri alan\u0131nda \u00f6nemli \u00e7al\u0131\u015fmalara imza at\u0131yor. Son olarak Google, ABD\u2019de ya\u015fayan yabanc\u0131 dil konu\u015fan vatanda\u015flar\u0131n sa\u011fl\u0131k hizmetlerine ve doktorlara kolay ula\u015fabilmesi i\u00e7in bir yenilik sa\u011flad\u0131.<\/p>\r\n\r\n\r\n\r\n<p><strong>Herkes kendi dilinde konu\u015fan doktoru bulabilecek<\/strong><\/p>\r\n\r\n\r\n\r\n<p>Bir\u00e7ok \u00fclkeden ve dilden insanlar\u0131 bar\u0131nd\u0131ran Amerika Birle\u015fik Devletleri (ABD)\u2019de, \u0130ngilizce d\u0131\u015f\u0131nda diller konu\u015fan insanlar sa\u011fl\u0131k hizmetlerinden faydalanmakta zorluk \u00e7ekebiliyorlar. Google bu sebeple, insanlar\u0131n kendi dillerinde konu\u015fan doktorlar\u0131 bulabildi\u011fi bir yenilik getirdi. Buna g\u00f6re, doktorlar ofislerinde hangi dillerin konu\u015fuldu\u011funu Google Arama\u2019da listeleyebilecekler. Kullan\u0131c\u0131lar, ger\u00e7ekle\u015ftirilen bu yenilikle sa\u011fl\u0131k sigortalar\u0131n\u0131 kabul eden doktorlar\u0131 da bulabilecekler. G\u00fcncellemeyle birlikte kullan\u0131c\u0131lar; hastalar\u0131n randevu alabilecekleri sitelere ba\u011flant\u0131lar ekleme, bir ofisin tedavi ko\u015fullar\u0131n\u0131n listelenmesi, tekerli sandalye eri\u015fiminin olup olmad\u0131\u011f\u0131 gibi se\u00e7eneklerin bilgisine ula\u015fabilecekler.<\/p>\r\n\r\n\r\n<hr class=\"wp-block-separator is-style-wide\" \/>\r\n\r\n\r\n<p><strong>AVM&#8217;lerde Ma\u011faza Ararken Kaybolma Derdi Bitiyor: \u0130\u015fte Google Haritalar&#8217;a Gelen \u0130ki Yeni \u00d6zellik<\/strong><\/p>\r\n\r\n\r\n\r\n<p><strong>Google Haritalar<\/strong>; b\u00fcnyesinde bulunan 220 \u00fclke, y\u00fcz milyonlarca i\u015fletme ve yer verisiyle d\u00fcnyan\u0131n neresinde olursan\u0131z olun ger\u00e7ek zamanl\u0131 navigasyon, trafik ve toplu ta\u015f\u0131ma bilgileri, restoranlar, kafeler ve gezi noktalar\u0131yla hizmet vermektedir.\u00a0<\/p>\r\n\r\n\r\n\r\n<p><strong>Google<\/strong>; havaalanlar\u0131, al\u0131\u015fveri\u015f merkezleri ve toplu ta\u015f\u0131ma istasyonlar\u0131 b\u00fcy\u00fck binalarda gitmek istenilen yere kolayca ula\u015f\u0131lmas\u0131n\u0131 sa\u011flayacak yeni bir \u00f6zelli\u011fini duyurdu. Uygulama bu \u00f6zellik ile d\u00fcnyan\u0131n her yerindeki AVM, havaalan\u0131 gibi alanlar\u0131n bir \u00e7e\u015fit haritas\u0131n\u0131 kullan\u0131c\u0131lar\u0131na sunacak. Bu veriler sayesinde bir binada; ne t\u00fcr ma\u011fazalar\u0131n, dinlenme salonlar\u0131n\u0131n, araba kiralama yerlerinin, otoparklar\u0131n ve daha fazlas\u0131n\u0131n bulundu\u011fu h\u0131zl\u0131ca g\u00f6r\u00fclecek. Ayr\u0131ca her kategoride s\u00f6z konusu mek\u00e2n\u0131n a\u00e7\u0131k olup olmad\u0131\u011f\u0131, de\u011ferlendirilmesi ve hangi katta oldu\u011fu hakk\u0131nda yararl\u0131 bilgiler ve ilgili i\u015fletmelerin bir listesi yer alacak.<\/p>\r\n\r\n\r\n\r\n<figure class=\"wp-block-image size-large\"><img width=\"680\" height=\"389\" class=\"wp-image-7797\" src=\"https:\/\/egegen.com\/blog\/wp-content\/uploads\/2022\/01\/3-avm.jpg\" alt=\"\" \/><\/figure>\r\n\r\n\r\n\r\n<p><strong>Google<\/strong>\u2019\u0131n bir di\u011fer yeni \u00f6zelli\u011fi de uygulamada yer alan, me\u015fguliyet arac\u0131na eklendi. Alan Me\u015fguliyeti adl\u0131 bu yeni \u00f6zellik t\u00fcm harita alanlar\u0131ndaki insan yo\u011funlu\u011funu g\u00f6steriyor. Kullan\u0131c\u0131, ister bir \u015fehre ister bir mek\u00e2na gidecek olsun bir yerin ne kadar me\u015fgul oldu\u011funu g\u00f6steren bu \u00f6zellik, gitmek istenilen yerin yo\u011funlu\u011funun anl\u0131k olarak takip edilmesini sa\u011flayacak.<\/p>\r\n\r\n\r\n<hr class=\"wp-block-separator is-style-wide\" \/>\r\n\r\n\r\n<p><strong>Instagram, Kronolojik S\u0131ralama \u00d6zelli\u011fi \u00dczerine \u00c7al\u0131\u015f\u0131yor!<\/strong><\/p>\r\n\r\n\r\n\r\n<p>Adam Mosseri taraf\u0131ndan yap\u0131lan duyuruda, g\u00f6nderiler kronolojik s\u0131raya g\u00f6re g\u00f6sterilecek.<\/p>\r\n\r\n\r\n\r\n<p>D\u00fcnyan\u0131n en pop\u00fcler sosyal medya platformlar\u0131ndan Instagram, ak\u0131\u015f sayfas\u0131ndaki g\u00f6nderileri kronolojik s\u0131raya g\u00f6sterme \u00fczerine \u00e7al\u0131\u015f\u0131yor!<\/p>\r\n\r\n\r\n\r\n<p>2016\u2019da al\u0131nan karar ile g\u00fcncellenen algoritma, kullan\u0131c\u0131lar\u0131n al\u0131\u015fkanl\u0131klar\u0131na g\u00f6re \u00fczerine \u00e7al\u0131\u015f\u0131yor ve ilgi potansiyeli y\u00fcksek g\u00f6nderiler ilgili kullan\u0131c\u0131 ile bulu\u015fturuluyordu.\u00a0<\/p>\r\n\r\n\r\n\r\n<p>Uzun s\u00fcredir devam eden bu yap\u0131n\u0131n dezavantaj\u0131 ise; yeni g\u00f6nderiler kullan\u0131c\u0131lar ile bulu\u015fmadan yani g\u00f6sterim almamas\u0131na yol a\u00e7abiliyor.<\/p>\r\n\r\n\r\n\r\n<p>Konu ile ilgili Instagram\u2019\u0131n bir numaral\u0131 ismi Adam Mosseri\u2019den a\u00e7\u0131klama geldi.<\/p>\r\n\r\n\r\n\r\n<p>G\u00fcncelleme hakk\u0131nda \u2018\u2019kontrol\u2019\u2019 vurgusu yapan Mosseri, \u2018\u2019\u00c7ok yak\u0131n gelecekte, kullan\u0131c\u0131lar ak\u0131\u015fta yeni bir se\u00e7enek ile kar\u015f\u0131la\u015facak. Bu se\u00e7enek ile g\u00f6nderileri kronolojik s\u0131ra yani payla\u015f\u0131m zaman\u0131na g\u00f6re g\u00f6r\u00fcnt\u00fcleyebilecekler.<\/p>\r\n\r\n\r\n\r\n<p>2022\u2019nin ilk \u00e7eyre\u011finde uygulaman\u0131n hayata ge\u00e7ece\u011fini belirtilirken iOS ya da Android ekosistemleriyle ilgili herhangi bir ayr\u0131m olmayaca\u011f\u0131 da aktar\u0131ld\u0131.<\/p>\r\n\r\n\r\n\r\n<figure class=\"wp-block-image size-large\"><img width=\"680\" height=\"389\" class=\"wp-image-7798\" src=\"https:\/\/egegen.com\/blog\/wp-content\/uploads\/2022\/01\/4instagram.jpg\" alt=\"\" \/><\/figure>\r\n\r\n\r\n<hr class=\"wp-block-separator is-style-wide\" \/>\r\n\r\n\r\n<p><strong>D\u00dcNYANIN EN DE\u011eERL\u0130 \u0130NTERNET ADRES\u0130 ARTIK T\u0130KTOK\u2019UN!<\/strong><\/p>\r\n\r\n\r\n\r\n<p>D\u00fcnyan\u0131n en \u00e7ok kullan\u0131lan uygulamalar listesinde ba\u015f\u0131 zorlayan <strong>Tiktok<\/strong>, Google\u2019ye geride b\u0131rakarak d\u00fcnyan\u0131n en de\u011ferli internet adresine sahip olan \u015firket unvan\u0131n\u0131 eline ald\u0131.<\/p>\r\n\r\n\r\n\r\n<p>\u00d6zellikle z ku\u015fa\u011f\u0131n\u0131n etkin olarak kulland\u0131\u011f\u0131 <strong>TikTok<\/strong>, her ge\u00e7en g\u00fcn b\u00fcy\u00fcyor. D\u00fcnyan\u0131n en \u00e7ok kullan\u0131lan uygulamalar\u0131nda Instagram ve Facebook\u2019u zorlayan <strong>TikTok<\/strong>, Google\u2019in elindeki bir unvan\u0131 daha ald\u0131.<\/p>\r\n\r\n\r\n\r\n<p>\u0130nternet g\u00fcvenlik \u015firketi <strong>CloudFlare<\/strong> d\u00fcnyan\u0131n en de\u011ferli internet adresleri listesinde Google\u2019\u0131 ge\u00e7en TikTok, d\u00fcnyan\u0131n en de\u011ferli internet adresi oldu.<\/p>\r\n\r\n\r\n\r\n<p>2020 y\u0131l\u0131nda lider Google\u2019in \u00e7ok arkas\u0131nda bulunan <strong>TikTok<\/strong>, y\u0131l sonunda en de\u011ferli internet adresi olarak girdi.<\/p>\r\n\r\n\r\n\r\n<figure class=\"wp-block-image size-large\"><img width=\"680\" height=\"389\" class=\"wp-image-7800\" src=\"https:\/\/egegen.com\/blog\/wp-content\/uploads\/2022\/01\/5-tiktok.jpg\" alt=\"\" \/><\/figure>\r\n\r\n\r\n<hr class=\"wp-block-separator is-style-wide\" \/>\r\n\r\n\r\n<p><strong>2022 i\u00e7in Pantone\u2019den Yepyeni Bir Renk!<\/strong><\/p>\r\n\r\n\r\n\r\n<p>Pantone Renk Enstit\u00fcs\u00fc, 2022 i\u00e7in katalo\u011f\u0131unda yer almayan yepyeni bir renk ekliyor!<\/p>\r\n\r\n\r\n\r\n<p>Yeni rengin ad\u0131 Very Peri!<\/p>\r\n\r\n\r\n\r\n<p>Her y\u0131l, bu d\u00f6nemlerde oldu\u011fu gibi yeni senenin rengini duyurdu. Ge\u00e7ti\u011fimiz y\u0131l\u0131n renkleri Enstit\u00fcs\u00fc dayan\u0131kl\u0131l\u0131\u011f\u0131 ve umudu temsil etmesi a\u00e7\u0131s\u0131ndan 2021 y\u0131l\u0131nda iki renk se\u00e7mi\u015fti. 17-5104 kodlu Ultimate Gray ve 13-0647 renk koduyla Illuminating.<\/p>\r\n\r\n\r\n\r\n<p>2022 y\u0131l\u0131n\u0131n renginde ise daha \u00f6nceden Pantone ar\u015fivinde bulunmayan yepyeni bir ton kar\u015f\u0131m\u0131za \u00e7\u0131k\u0131yor: PANTONE 17-3938 kodlu Very Peri.<\/p>\r\n\r\n\r\n\r\n<p>Renk yenili\u011fi temsil ederken gelece\u011fin yarat\u0131c\u0131l\u0131\u011f\u0131n\u0131 \u00e7a\u011fr\u0131\u015ft\u0131r\u0131yor. Geleneksel mavi ile k\u0131rm\u0131z\u0131n\u0131n enerjisinin birle\u015fiminden ortaya \u00e7\u0131kan mor tonu hayat\u0131n i\u00e7inden geliyor. Lavanta \u00e7i\u00e7eklerinden, mor t\u00fcyl\u00fc ku\u015flara kadar do\u011fan\u0131n her noktas\u0131nda yer alan renk ne\u015feli ve dinamik duru\u015fu ile dikkatleri \u00e7ekiyor.<\/p>\r\n\r\n\r\n\r\n<p>Bununla birlikte Very Peri, kar\u015f\u0131m\u0131za pek \u00e7ok alanda \u00e7\u0131kaca\u011f\u0131n\u0131n kan\u0131t\u0131n\u0131 neredeyse \u015fimdiden verdi. 2022 y\u0131l\u0131n\u0131n rengi PANTONE 17-3938 Very Peri i\u00e7in NFT koleksiyonu haz\u0131rlan\u0131yor. Koleksiyon Tezos a\u011f\u0131nda yay\u0131nlanacak.<\/p>\r\n\r\n\r\n\r\n<figure class=\"wp-block-image size-large\"><img width=\"680\" height=\"389\" class=\"wp-image-7801\" src=\"https:\/\/egegen.com\/blog\/wp-content\/uploads\/2022\/01\/6renk.jpg\" alt=\"\" \/><\/figure>\r\n\r\n\r\n<hr class=\"wp-block-separator is-style-wide\" \/>\r\n\r\n\r\n<p><strong>WOMBO Dream, Yapay Zeka ile bir Kelimeden Eserler Yarat\u0131yor!<\/strong><\/p>\r\n\r\n\r\n\r\n<p><strong>Yapay zeka<\/strong> destekli uygulamalar yada ara\u00e7larla yarat\u0131lan g\u00f6rseller, ger\u00e7ek\u00e7i resimler, film posterleri ve portreler farkl\u0131 tarzlarda ve yaz\u0131l\u0131mlarda kar\u015f\u0131m\u0131za \u00e7\u0131k\u0131yor. Wombo AI\u2019\u0131n yarat\u0131c\u0131lar\u0131 taraf\u0131ndan \u00fcretilen <strong>WOMBO Dream<\/strong> adl\u0131 uygulama da farkl\u0131 t\u00fcrlerde tamamen dijital tablolar yaratmak i\u00e7in sadece kelimelere ve birka\u00e7 saniyeye ihtiya\u00e7 duyuyor.<\/p>\r\n\r\n\r\n\r\n<p>Yapay zekal\u0131 destekli g\u00f6rseller olu\u015fturmaya yarayan <strong>WOMBO Dream<\/strong>, eseri adeta kendisi yarat\u0131yor. Uygulamay\u0131 geli\u015ftiren ekibi y\u00fcklenen foto\u011fraflardaki dudaklar\u0131 \u015fark\u0131larla senkronize ederek hareketlendiren wombo.ai uygulamas\u0131ndan da hat\u0131rlayabilirsiniz. \u015eimdi s\u0131rada canl\u0131 renklerin, b\u00fcy\u00fcl\u00fc \u015fekillerin ve ger\u00e7ek\u00fcst\u00fc eserlerin ortaya \u00e7\u0131kt\u0131\u011f\u0131 <strong>wombo.art<\/strong> ile kar\u015f\u0131m\u0131za \u00e7\u0131k\u0131yorlar.<\/p>\r\n\r\n\r\n\r\n<figure class=\"wp-block-image size-large\"><img width=\"680\" height=\"389\" class=\"wp-image-7802\" src=\"https:\/\/egegen.com\/blog\/wp-content\/uploads\/2022\/01\/7-wombo.jpg\" alt=\"\" \/><\/figure>\r\n\r\n\r\n<hr class=\"wp-block-separator is-style-wide\" \/>\r\n\r\n\r\n<p><strong>Netflix Yeni Whatsapp \u00c7\u0131kartma Botunu Duyurd\u0131!<\/strong><\/p>\r\n\r\n\r\n\r\n<p><strong>Netflix<\/strong>, kullan\u0131c\u0131lar\u0131 i\u00e7in yeni hizmetler geli\u015ftirmeye devam ediyor. <strong>Netflix T\u00fcrkiye<\/strong>, yeni WhatsApp \u00e7\u0131kartma botunu kullan\u0131ma ald\u0131. Sevilen diziler i\u00e7in pek \u00e7ok \u00e7\u0131kartma \u00f6rne\u011fi sunan Netflix, di\u011fer konu\u015fmalar\u0131nda da bu \u00e7\u0131kartmalar\u0131 kullanabilmenizi sa\u011fl\u0131yor, b\u00f6ylece sohbetlerinizde sevdi\u011finiz dizilerin \u00e7\u0131kartmalar kullanabiliyorsunuz.<\/p>\r\n\r\n\r\n\r\n<p><strong>Netflix<\/strong> <strong>T\u00fcrkiye<\/strong> hesab\u0131 ise yo\u011fun ilgi kar\u015f\u0131s\u0131nda, tatl\u0131 bir dil ile b\u00f6yle bir taleple kar\u015f\u0131la\u015facaklar\u0131n\u0131 tahmin etmediklerini a\u00e7\u0131klad\u0131. Bot \u015fu anda aktif ve kusursuz bir \u015fekilde \u00e7al\u0131\u015fmaya devam ediyor.<\/p>\r\n\r\n\r\n\r\n<p>Kullan\u0131c\u0131lar sohbet gruplar\u0131nda kendilerini &#8220;<strong>Netflix<\/strong> <strong>dizileri<\/strong>&#8221; arac\u0131l\u0131\u011f\u0131yla ifade edecek ve bu e\u011flenceli fikir ile kullan\u0131c\u0131lar\u0131n telefon numaralar\u0131na eri\u015fim sa\u011flanabilecek. K\u0131sacas\u0131<strong>; Netflix T\u00fcrkiye<\/strong> bu yeni bot ile kullan\u0131c\u0131lar\u0131n\u0131 daha yak\u0131ndan tan\u0131yabilir.<\/p>\r\n\r\n\r\n\r\n<figure class=\"wp-block-image size-large\"><img width=\"680\" height=\"389\" class=\"wp-image-7803\" src=\"https:\/\/egegen.com\/blog\/wp-content\/uploads\/2022\/01\/8netflix.jpg\" alt=\"\" \/><\/figure>\r\n\r\n\r\n<hr class=\"wp-block-separator is-style-wide\" \/>\r\n\r\n\r\n<p><strong>Ikea \u00dcr\u00fcn \u0130simlerinin Ard\u0131ndaki B\u00fcy\u00fck D\u00fcnya!<\/strong><\/p>\r\n\r\n\r\n\r\n<p>\u0130sve\u00e7 k\u00f6kenli mobilya ma\u011fazalar\u0131 zinciri <strong>IKEA<\/strong>, minimalist ve i\u015flevsel tasar\u0131mlar\u0131 ile milyonlarca insan\u0131n favorisi konumunda.<\/p>\r\n\r\n\r\n\r\n<p>Peki, mobilyada \u0130skandinav stilinin en \u00f6nemli temsilcilerinden biri olan IKEA\u2019n\u0131n, \u00fcr\u00fcnlerine isim verirken belli bir prensibi takip etti\u011fini biliyor muydunuz?<\/p>\r\n\r\n\r\n\r\n<p>IKEA\u2019n\u0131n \u00fcr\u00fcnleri, kendileri kadar ilgin\u00e7 isimleri ile de dikkat \u00e7ekiyor. Tamam\u0131 \u0130sve\u00e7\u00e7e kelimelerden olu\u015fan \u00fcr\u00fcn adlar\u0131, asl\u0131nda arkas\u0131nda kimsenin bilmedi\u011fi bir gizem ta\u015f\u0131yor.<\/p>\r\n\r\n\r\n\r\n<p>\u00d6rne\u011fin; Hal\u0131lara, Danimarka ve \u0130sve\u00e7&#8217;teki \u015fehirlerin adlar\u0131 verilirken, d\u0131\u015f mekan mobilyalar\u0131na \u0130skandinavya&#8217;daki adalar\u0131n isimleri verilmi\u015f. Raf \u00fcnitesi Expedit, \u0130sve\u00e7 dilinde \u201csat\u0131\u015f g\u00f6revlisi\u201d anlam\u0131na gelirken, sevilen kitapl\u0131k modeli Kallax ise ad\u0131n\u0131 \u0130sve\u00e7&#8217;in kuzeyindeki bir kasabadan alm\u0131\u015f. <strong>IKEA<\/strong>\u2019daki perde isimlerinin arkas\u0131nda ise matematiksel terimler yer al\u0131yormu\u015f.<\/p>\r\n\r\n\r\n\r\n<figure class=\"wp-block-image size-large\"><img width=\"680\" height=\"389\" class=\"wp-image-7804\" src=\"https:\/\/egegen.com\/blog\/wp-content\/uploads\/2022\/01\/9-ikea.jpg\" alt=\"\" \/><\/figure>\r\n\r\n\r\n\r\n<p>\u0130sve\u00e7li mobilya ma\u011fazalar\u0131 zinciri, d\u00fcnya \u00e7ap\u0131ndaki 389 ma\u011fazas\u0131nda \u00fcr\u00fcnlerinde ayn\u0131 adlar\u0131 kullan\u0131yor. Yani <strong>IKEA<\/strong>\u2019n\u0131n isimlendirme politikas\u0131 \u00fclkeye, b\u00f6lgeye veya ba\u015fka herhangi bir fakt\u00f6re g\u00f6re de\u011fi\u015fkenlik g\u00f6stermiyor.<\/p>\r\n\r\n\r\n<hr class=\"wp-block-separator is-style-wide\" \/>\r\n\r\n\r\n<p><strong>Ho\u015f geldin Aynes!<\/strong><\/p>\r\n\r\n\r\n\r\n<p>Yepyeni markam\u0131z <strong>Aynes<\/strong> ile dijital d\u00fcnyada yolculu\u011fa \u00e7\u0131kmaya haz\u0131r\u0131z! <strong>egegen<\/strong> olarak, s\u00fcrekli geli\u015fen ve de\u011fi\u015fen dijital d\u00fcnyaya uyum sa\u011flamak ad\u0131na <strong>Aynes<\/strong> i\u00e7in haz\u0131rlad\u0131\u011f\u0131m\u0131z sa\u011flam altyap\u0131l\u0131, modern aray\u00fczl\u00fc ve kullan\u0131c\u0131 dostu, son teknolojilerle olu\u015fturulan web sitesinin yap\u0131m\u0131 ve y\u00f6netim s\u00fcrecinde yer ald\u0131\u011f\u0131m\u0131z i\u00e7in \u00e7ok mutluyuz. <strong>Aynes<\/strong> Hakk\u0131nda1997 y\u0131l\u0131nda Denizli\u2019ye ba\u011fl\u0131 Ac\u0131payam \u0130l\u00e7esi Alig\u00f6z Mevkii\u2019nde \u00fcretime ba\u015flayan <strong>Aynes<\/strong>, \u00f6nceli\u011fini kalitesine vererek kapasitesini s\u00fcrekli olarak artt\u0131rm\u0131\u015ft\u0131r. Kurulu\u015f misyonu itibar\u0131yla, insan sa\u011fl\u0131\u011f\u0131n\u0131 tehdit eden katk\u0131lardan uzak, do\u011fal ve sa\u011fl\u0131kl\u0131 \u00fcr\u00fcnler \u00fcretme amac\u0131n\u0131 benimseyen <strong>Aynes<\/strong>, \u00fcr\u00fcnleriyle sa\u011fl\u0131kl\u0131 nesillerin yeti\u015fmesini ilke edinmi\u015ftir.<\/p>\r\n\r\n\r\n\r\n<p><a href=\"https:\/\/ayneskolajen.com\/\" target=\"_blank\" rel=\"noreferrer noopener nofollow\">Siteyi ziyaret etmek i\u00e7in t\u0131klay\u0131n.<\/a><\/p>\r\n\r\n\r\n\r\n<figure class=\"wp-block-image size-large\"><img width=\"680\" height=\"389\" class=\"wp-image-7805\" src=\"https:\/\/egegen.com\/blog\/wp-content\/uploads\/2022\/01\/10-aynes-2.jpg\" alt=\"\" \/><\/figure>\r\n","protected":false},"excerpt":{"rendered":"<p>Google\u2019a meydan okuyan yeni arama motoru: You.com Bir\u00e7ok ki\u015fi i\u00e7in Google, yerini ba\u015fka hi\u00e7bir arama motorunun dolduramayaca\u011f\u0131 bir arama motoru. Hatta Google y\u0131llard\u0131r hayat\u0131m\u0131zda kendisine \u00f6ylesine bir yer etti ki, \u00e7o\u011fumuz merak etti\u011fimiz bir \u015feyi internette aratacak oldu\u011fumuzda \u2018Googlelamak\u2019 fiilini kullan\u0131r\u0131z. Ancak g\u00f6r\u00fcnen o ki d\u00fcnyan\u0131n \u00f6nde gelen m\u00fc\u015fteri ili\u015fkileri y\u00f6netim platformlar\u0131ndan Salesforce\u2019un eski ba\u015f &hellip;<\/p>\n","protected":false},"author":20,"featured_media":7807,"comment_status":"open","ping_status":"open","sticky":false,"template":"","format":"standard","meta":[],"categories":[188],"tags":[],"_links":{"self":[{"href":"https:\/\/egegen.com\/blog\/wp-json\/wp\/v2\/posts\/7792"}],"collection":[{"href":"https:\/\/egegen.com\/blog\/wp-json\/wp\/v2\/posts"}],"about":[{"href":"https:\/\/egegen.com\/blog\/wp-json\/wp\/v2\/types\/post"}],"author":[{"embeddable":true,"href":"https:\/\/egegen.com\/blog\/wp-json\/wp\/v2\/users\/20"}],"replies":[{"embeddable":true,"href":"https:\/\/egegen.com\/blog\/wp-json\/wp\/v2\/comments?post=7792"}],"version-history":[{"count":2,"href":"https:\/\/egegen.com\/blog\/wp-json\/wp\/v2\/posts\/7792\/revisions"}],"predecessor-version":[{"id":8885,"href":"https:\/\/egegen.com\/blog\/wp-json\/wp\/v2\/posts\/7792\/revisions\/8885"}],"wp:featuredmedia":[{"embeddable":true,"href":"https:\/\/egegen.com\/blog\/wp-json\/wp\/v2\/media\/7807"}],"wp:attachment":[{"href":"https:\/\/egegen.com\/blog\/wp-json\/wp\/v2\/media?parent=7792"}],"wp:term":[{"taxonomy":"category","embeddable":true,"href":"https:\/\/egegen.com\/blog\/wp-json\/wp\/v2\/categories?post=7792"},{"taxonomy":"post_tag","embeddable":true,"href":"https:\/\/egegen.com\/blog\/wp-json\/wp\/v2\/tags?post=7792"}],"curies":[{"name":"wp","href":"https:\/\/api.w.org\/{rel}","templated":true}]}}