{"id":7787,"date":"2022-01-07T10:41:26","date_gmt":"2022-01-07T07:41:26","guid":{"rendered":"https:\/\/egegen.com\/blog\/?p=7787"},"modified":"2022-08-24T18:13:47","modified_gmt":"2022-08-24T15:13:47","slug":"hos-geldin-aynes","status":"publish","type":"post","link":"https:\/\/egegen.com\/blog\/hos-geldin-aynes\/","title":{"rendered":"Ho\u015f geldin Aynes!"},"content":{"rendered":"\n<p>Yepyeni markam\u0131z <strong>Aynes<\/strong> ile dijital d\u00fcnyada yolculu\u011fa \u00e7\u0131kmaya haz\u0131r\u0131z! <strong>egegen<\/strong> olarak, s\u00fcrekli geli\u015fen ve de\u011fi\u015fen dijital d\u00fcnyaya uyum sa\u011flamak ad\u0131na <strong>Aynes<\/strong> i\u00e7in haz\u0131rlad\u0131\u011f\u0131m\u0131z sa\u011flam altyap\u0131l\u0131, modern aray\u00fczl\u00fc ve kullan\u0131c\u0131 dostu, son teknolojilerle olu\u015fturulan web sitesinin yap\u0131m\u0131 ve y\u00f6netim s\u00fcrecinde yer ald\u0131\u011f\u0131m\u0131z i\u00e7in \u00e7ok mutluyuz.<\/p>\n\n\n\n<p><a href=\"https:\/\/ayneskolajen.com\/\" target=\"_blank\" rel=\"noreferrer noopener nofollow\">Siteyi ziyaret etmek i\u00e7in t\u0131klay\u0131n.<\/a><\/p>\n\n\n\n<p><strong>Aynes Hakk\u0131nda<\/strong><\/p>\n\n\n\n<p>1997 y\u0131l\u0131nda Denizli\u2019ye ba\u011fl\u0131 Ac\u0131payam \u0130l\u00e7esi Alig\u00f6z Mevkii\u2019nde \u00fcretime ba\u015flayan <strong>Aynes<\/strong>, \u00f6nceli\u011fini kalitesine vererek kapasitesini s\u00fcrekli olarak artt\u0131rm\u0131\u015ft\u0131r. Kurulu\u015f misyonu itibar\u0131yla, insan sa\u011fl\u0131\u011f\u0131n\u0131 tehdit eden katk\u0131lardan uzak, do\u011fal ve sa\u011fl\u0131kl\u0131 \u00fcr\u00fcnler \u00fcretme amac\u0131n\u0131 benimseyen <strong>Aynes<\/strong>, \u00fcr\u00fcnleriyle sa\u011fl\u0131kl\u0131 nesillerin yeti\u015fmesini ilke edinmi\u015ftir.<\/p>\n","protected":false},"excerpt":{"rendered":"<p>Yepyeni markam\u0131z Aynes ile dijital d\u00fcnyada yolculu\u011fa \u00e7\u0131kmaya haz\u0131r\u0131z! egegen olarak, s\u00fcrekli geli\u015fen ve de\u011fi\u015fen dijital d\u00fcnyaya uyum sa\u011flamak ad\u0131na Aynes i\u00e7in haz\u0131rlad\u0131\u011f\u0131m\u0131z sa\u011flam altyap\u0131l\u0131, modern aray\u00fczl\u00fc ve kullan\u0131c\u0131 dostu, son teknolojilerle olu\u015fturulan web sitesinin yap\u0131m\u0131 ve y\u00f6netim s\u00fcrecinde yer ald\u0131\u011f\u0131m\u0131z i\u00e7in \u00e7ok mutluyuz. Siteyi ziyaret etmek i\u00e7in t\u0131klay\u0131n. Aynes Hakk\u0131nda 1997 y\u0131l\u0131nda Denizli\u2019ye ba\u011fl\u0131 &hellip;<\/p>\n","protected":false},"author":1,"featured_media":7789,"comment_status":"open","ping_status":"open","sticky":false,"template":"","format":"standard","meta":[],"categories":[179],"tags":[],"_links":{"self":[{"href":"https:\/\/egegen.com\/blog\/wp-json\/wp\/v2\/posts\/7787"}],"collection":[{"href":"https:\/\/egegen.com\/blog\/wp-json\/wp\/v2\/posts"}],"about":[{"href":"https:\/\/egegen.com\/blog\/wp-json\/wp\/v2\/types\/post"}],"author":[{"embeddable":true,"href":"https:\/\/egegen.com\/blog\/wp-json\/wp\/v2\/users\/1"}],"replies":[{"embeddable":true,"href":"https:\/\/egegen.com\/blog\/wp-json\/wp\/v2\/comments?post=7787"}],"version-history":[{"count":0,"href":"https:\/\/egegen.com\/blog\/wp-json\/wp\/v2\/posts\/7787\/revisions"}],"wp:featuredmedia":[{"embeddable":true,"href":"https:\/\/egegen.com\/blog\/wp-json\/wp\/v2\/media\/7789"}],"wp:attachment":[{"href":"https:\/\/egegen.com\/blog\/wp-json\/wp\/v2\/media?parent=7787"}],"wp:term":[{"taxonomy":"category","embeddable":true,"href":"https:\/\/egegen.com\/blog\/wp-json\/wp\/v2\/categories?post=7787"},{"taxonomy":"post_tag","embeddable":true,"href":"https:\/\/egegen.com\/blog\/wp-json\/wp\/v2\/tags?post=7787"}],"curies":[{"name":"wp","href":"https:\/\/api.w.org\/{rel}","templated":true}]}}