{"id":7711,"date":"2021-12-06T17:20:14","date_gmt":"2021-12-06T14:20:14","guid":{"rendered":"https:\/\/egegen.com\/blog\/?p=7711"},"modified":"2022-10-10T16:54:50","modified_gmt":"2022-10-10T13:54:50","slug":"egegen-trend-raporu-49-kasim-2021","status":"publish","type":"post","link":"https:\/\/egegen.com\/blog\/egegen-trend-raporu-49-kasim-2021\/","title":{"rendered":"egegen Trend Raporu &#8211; 49 \/ Kas\u0131m 2021"},"content":{"rendered":"\r\n<p><strong>Twitter al\u0131\u015fveri\u015f tutkunlar\u0131na \u00f6zel yeni \u00f6zelli\u011fini a\u00e7\u0131klad\u0131!<\/strong><\/p>\r\n\r\n\r\n\r\n<p><strong>Twitter<\/strong>, daha aktif kullan\u0131m i\u00e7in yeni \u00f6zellikler denemeye devam ediyor.<\/p>\r\n\r\n\r\n\r\n<p>\u015eirket, son olarak para kazand\u0131racak olan <strong>yeni al\u0131\u015fveri\u015f \u00f6zelli\u011fi<\/strong> getiriyor.<\/p>\r\n\r\n\r\n\r\n<p>Son d\u00f6nemde sosyal medya, bir\u00e7ok ki\u015fi i\u00e7in art\u0131k b\u00fcy\u00fck paralar kazan\u0131labilecekleri meslek halini ald\u0131. Kullan\u0131c\u0131lar reklamlar\u0131ndan, b\u00fcy\u00fck firma ve \u015firketler ise \u00fcr\u00fcnlerinin tan\u0131t\u0131m ve sat\u0131\u015f\u0131ndan ciddi gelir elde ediyorlar. \u00c7o\u011fu uygulama <strong>e-ticaret sekt\u00f6r\u00fcne<\/strong> \u00f6nem verirken <strong>Twitter<\/strong>, di\u011fer mecralara g\u00f6re bu konuda geri planda duruyordu.<\/p>\r\n\r\n\r\n\r\n<figure class=\"wp-block-image size-large\"><img width=\"945\" height=\"541\" class=\"wp-image-7713\" src=\"https:\/\/egegen.com\/blog\/wp-content\/uploads\/2021\/12\/Twitter-Shop-1.png\" alt=\"\" \/><\/figure>\r\n\r\n\r\n\r\n<p>Twitter, uzun y\u0131llar para kazanma amac\u0131 g\u00fctmeyen <strong>i\u00e7erik \u00fcreticilerinin<\/strong>, \u00e7o\u011funlukla e\u011flence ama\u00e7l\u0131 yazd\u0131\u011f\u0131 tweet\u2019lerle pop\u00fclerli\u011fini \u00fcst seviyelerde tutuyordu. \u015eirket, son d\u00f6nemde i\u015f politikas\u0131nda de\u011fi\u015fikliklere giderek kullan\u0131c\u0131lar\u0131n para kazanabilece\u011fi bir alan yaratmaya \u00e7al\u0131\u015f\u0131yor.<\/p>\r\n\r\n\r\n\r\n<p><strong>Twitter canl\u0131 yay\u0131nlar\u0131nda art\u0131k al\u0131\u015fveri\u015f yap\u0131labilecek!<\/strong><\/p>\r\n\r\n\r\n\r\n<p>Son d\u00f6nemde yapt\u0131\u011f\u0131 yeniliklerde ad\u0131ndan s\u00f6z ettiren <strong>Twitter<\/strong>, yeni bir uygulamay\u0131 hayata sokuyor. Art\u0131k kullan\u0131c\u0131lar, bir yay\u0131n\u0131 izlerken ayn\u0131 anda al\u0131\u015fveri\u015f yapabilecekler..<\/p>\r\n\r\n\r\n\r\n<p>Twitter\u2019da <strong>canl\u0131 yay\u0131n<\/strong>, i\u015fletmelerin hayranlar\u0131yla etkile\u015fim kurmas\u0131na olanak sa\u011fl\u0131yor. Bu deneyime al\u0131\u015fveri\u015f yapma imkan\u0131 eklemek, al\u0131c\u0131 kitleleri \u00e7ekmenin ve onlarla etkile\u015fim kurman\u0131n \u00f6n\u00fcn\u00fc a\u00e7\u0131yor.<\/p>\r\n\r\n\r\n<hr class=\"wp-block-separator is-style-wide is-cnvs-separator-id-1638802148399\" \/>\r\n\r\n\r\n<p><strong>\u0130\u015fte 2022&#8217;nin Trend Shutterstock Renkleri!<\/strong><\/p>\r\n\r\n\r\n\r\n<p><strong>Shutterstock<\/strong>, yapay zeka destekli analizlerle belirledi\u011fi <strong>2022 renk trendlerini<\/strong> a\u00e7\u0131klad\u0131.<\/p>\r\n\r\n\r\n\r\n<p>Shutterstock\u2019taki analistler, her y\u0131l tasar\u0131mc\u0131lar\u0131n \u00f6n\u00fcm\u00fczdeki y\u0131l hangi renklere y\u00f6nelece\u011fini belirlemek i\u00e7in b\u00fcy\u00fck miktarda veriyi g\u00f6zden ge\u00e7iriyor. Bununla paralel olarak gelecek y\u0131la ait yarat\u0131c\u0131 trendleri de \u00f6nceden analiz edip duyuruyorlar.<\/p>\r\n\r\n\r\n\r\n<p><strong>Do\u011faya yak\u0131nla\u015ft\u0131ran renkler!<\/strong><\/p>\r\n\r\n\r\n\r\n<p>Gelecek y\u0131l hangi tonlar dalgalanacak?<\/p>\r\n\r\n\r\n\r\n<p><strong>Pasifik Pembesinin S\u00fckuneti!<\/strong><\/p>\r\n\r\n\r\n\r\n<p>Veriler, <strong>2022 Renk Trendlerinden<\/strong> biri olan <strong>Pacific Pink<\/strong>&#8216;e i\u015faret ediyor.<\/p>\r\n\r\n\r\n\r\n<p>Milyonlarca g\u00f6r\u00fcnt\u00fc, her bir pikselinin tam renk tonu ile g\u00f6rselin t\u0131klama oran\u0131 aras\u0131nda yap\u0131lan kar\u015f\u0131la\u015ft\u0131rmalarla analiz edilmi\u015f. Sonu\u00e7ta da \u00e7evrim i\u00e7i izleyicilerin ilgisini \u00e7ekmesi en muhtemel renk tonlar\u0131n\u0131n bir listesi elde edilmi\u015f.<\/p>\r\n\r\n\r\n\r\n<figure class=\"wp-block-image size-large\"><img width=\"945\" height=\"683\" class=\"wp-image-7715\" src=\"https:\/\/egegen.com\/blog\/wp-content\/uploads\/2021\/12\/shutter-pasific-pink-egegen.png\" alt=\"\" \/><\/figure>\r\n\r\n\r\n\r\n<p><strong>Kadife Menek\u015fenin G\u00f6rkemi!<\/strong><\/p>\r\n\r\n\r\n\r\n<p>\u00d6n\u00fcm\u00fczdeki y\u0131l listelerde t\u0131rmanaca\u011f\u0131n\u0131 tahmin edilen renklerden biri olan <strong>Kadife Menek\u015fe<\/strong> ile projelerinize asil bir g\u00f6r\u00fcn\u00fcm katabilirsiniz.<\/p>\r\n\r\n\r\n\r\n<figure class=\"wp-block-image size-large\"><img width=\"945\" height=\"700\" class=\"wp-image-7716\" src=\"https:\/\/egegen.com\/blog\/wp-content\/uploads\/2021\/12\/shutter-kadife-menekse-egegen.png\" alt=\"\" \/><\/figure>\r\n\r\n\r\n\r\n<p><strong>Sakinle\u015ftirici Mercan!<\/strong><\/p>\r\n\r\n\r\n\r\n<p>Trend olaca\u011f\u0131 \u00f6ng\u00f6r\u00fclen bir di\u011fer renk olan z\u00fcmr\u00fct ye\u015fili ile, d\u00f6n\u00fc\u015f\u00fcmleri art\u0131rmaya nas\u0131l yard\u0131mc\u0131 olabilece\u011fini g\u00f6rece\u011fiz. Reklam \u00f6\u011feleri ile her yerde bu tonu g\u00f6rece\u011fimizi tahmin ediyoruz.<\/p>\r\n\r\n\r\n\r\n<figure class=\"wp-block-image size-large\"><img width=\"945\" height=\"689\" class=\"wp-image-7717\" src=\"https:\/\/egegen.com\/blog\/wp-content\/uploads\/2021\/12\/shutter-calming-coral-egegen-1.png\" alt=\"\" \/><\/figure>\r\n\r\n\r\n<hr class=\"wp-block-separator is-style-wide is-cnvs-separator-id-1638802148419\" \/>\r\n\r\n\r\n<p><strong>Instagram, \u201cAk\u0131\u015fta M\u00fczik\u201d \u00f6zelli\u011fini test etmeye ba\u015flad\u0131!<\/strong><\/p>\r\n\r\n\r\n\r\n<p><strong>Instagram<\/strong> aralar\u0131nda T\u00fcrkiye\u2019nin de bulundu\u011fu \u00fc\u00e7 \u00fclkede \u201c<strong>Ak\u0131\u015fta M\u00fczik<\/strong>\u201d \u00f6zelli\u011fini test etmeye ba\u015flad\u0131\u011f\u0131n\u0131 a\u00e7\u0131klad\u0131.<\/p>\r\n\r\n\r\n\r\n<p>M\u00fczi\u011fin insanlar\u0131n kendilerini ifade etmelerinde b\u00fcy\u00fck rol oynad\u0131\u011f\u0131n\u0131 belirten <strong>Instagram<\/strong>, T\u00fcrkiye, Brezilya ve Hindistan\u2019da test edilen yeni \u00f6zellik sayesinde Instagram toplulu\u011funa <strong>Reels ve Stories\u2019de<\/strong> oldu\u011fu gibi, ak\u0131\u015fta payla\u015ft\u0131klar\u0131 foto\u011fraf g\u00f6nderilerine m\u00fczik ekleme \u00f6zelli\u011fini sunuyor.<\/p>\r\n\r\n\r\n\r\n<figure class=\"wp-block-image size-large\"><img width=\"741\" height=\"418\" class=\"wp-image-7718\" src=\"https:\/\/egegen.com\/blog\/wp-content\/uploads\/2021\/12\/instagram-akis-muzik.png\" alt=\"\" \/><\/figure>\r\n\r\n\r\n\r\n<p><strong>Ak\u0131\u015fta M\u00fczik \u00f6zelli\u011fini<\/strong> kullanmak i\u00e7in foto\u011fraf g\u00f6nderinizi payla\u015f\u0131n. \u201c<strong>M\u00fczik Ekle<\/strong>\u201d se\u00e7ene\u011fine t\u0131klay\u0131n. Arama sekmesinden istedi\u011finiz \u015fark\u0131y\u0131 bulun veya \u201c<strong>Trending<\/strong>\u201d ve \u201cSenin \u0130\u00e7in\u201d sekmelerine g\u00f6z atarak foto\u011fraf\u0131n\u0131za eklemek istedi\u011finiz \u015fark\u0131y\u0131 se\u00e7in. Bu \u00f6zelli\u011fi kullan\u0131rken ayn\u0131 Stories\u2019de oldu\u011fu gibi \u015fark\u0131n\u0131n diledi\u011finiz b\u00f6l\u00fcm\u00fcn\u00fc se\u00e7ebilecek ve s\u00fcresini belirleyebileceksiniz.<\/p>\r\n\r\n\r\n<hr class=\"wp-block-separator is-style-wide is-cnvs-separator-id-1638802148437\" \/>\r\n\r\n\r\n<p><strong>Bisiklet S\u00fcrerek GPS \u00c7izimleri Yapan Avustralyal\u0131 Bisiklet\u00e7i: Pete Stokes<\/strong><\/p>\r\n\r\n\r\n\r\n<p>\u00c7izim yapmak i\u00e7in s\u0131ra d\u0131\u015f\u0131 teknikler ve malzemeler se\u00e7mek, dikkat \u00e7ekici i\u015flerin ortaya \u00e7\u0131kmas\u0131n\u0131 sa\u011fl\u0131yor. Kendi bedenine mimari \u00e7izim yapan\u0131ndan tutun da, tozlu kamyonlara \u00e7izim yapan\u0131na veya l\u00fcsid r\u00fcya \u00e7izimleri \u00fcretenine kadar \u00e7ok say\u0131da ilgin\u00e7 sanat\u00e7\u0131yla kar\u015f\u0131la\u015ft\u0131k bug\u00fcne kadar. Avustralyal\u0131 bisiklet tutkunu <strong>Pete Stokes<\/strong> ise <strong>GPS<\/strong> sanat\u0131n\u0131 iyi icra ederek t\u00fcm d\u00fcnyan\u0131n dikkatini \u00e7ekmeyi ba\u015fard\u0131.<\/p>\r\n\r\n\r\n\r\n<figure class=\"wp-block-image size-large\"><img width=\"1024\" height=\"576\" class=\"wp-image-7719\" src=\"https:\/\/egegen.com\/blog\/wp-content\/uploads\/2021\/12\/Pete-Stokes-egegen-1024x576.png\" alt=\"\" \/><\/figure>\r\n\r\n\r\n\r\n<p><strong>Egzersiz uygulamas\u0131yla yarat\u0131c\u0131l\u0131k<\/strong> Asl\u0131nda <strong>Pete Stokes GPS<\/strong> ile \u00e7izim yapan ilk ki\u015fi de\u011fil. D\u00fcnyan\u0131n her yerinden bisiklet\u00e7iler ve ko\u015fucular, GPS uygulamalar\u0131yla yarat\u0131c\u0131 i\u015fler yap\u0131yor. Fakat bunlar sanatsal i\u015fler de\u011fil. Daha ziyade evlilik teklifleri gibi \u015feyler \u00e7izmek i\u00e7in kilometrelerce bisiklet s\u00fcr\u00fcyorlar. Bunun d\u0131\u015f\u0131nda Nike reklam\u0131 i\u00e7in ko\u015fan GPS sanat\u00e7\u0131s\u0131n\u0131n da ayakkab\u0131 \u00e7izdi\u011fine \u015fahit olmu\u015ftuk. <strong>Strava<\/strong> da s\u0131k tercih edilen GPS tabanl\u0131 egzersiz uygulamalar\u0131ndan biri. \u00c7izilen rota yaln\u0131zca Strava uygulamas\u0131nda g\u00f6r\u00fcn\u00fcr oluyor. Pete Stokes da bir Strava kullan\u0131c\u0131s\u0131 olarak bu toplulu\u011fun bir par\u00e7as\u0131. Hatta kendisine <strong>Strava sanat\u00e7\u0131s\u0131<\/strong> diyor. 45 ya\u015f\u0131ndaki bisiklet\u00e7i, kendisi bir eskiz kalemi, yollarsa birer ka\u011f\u0131tm\u0131\u015fsana y\u00fczlerce kilometre pedal \u00e7evirmi\u015f. B\u00f6ylece portrelerden, hayvan fig\u00fcrlerinden, \u00e7e\u015fitli nesnelerden ve sembollerden olu\u015fan bu dijital \u00e7izimler \u00e7\u0131km\u0131\u015f.<\/p>\r\n\r\n\r\n\r\n<figure class=\"wp-block-image size-large\"><img width=\"768\" height=\"768\" class=\"wp-image-7720\" src=\"https:\/\/egegen.com\/blog\/wp-content\/uploads\/2021\/12\/Pete-Stokes-egegn-2.jpeg\" alt=\"\" \/><\/figure>\r\n\r\n\r\n\r\n<p>\u00d6rne\u011fin <strong>Ludwig van Beethoven<\/strong>\u2019\u0131n 250. do\u011fum g\u00fcn\u00fc \u015ferefine onun portresini yorumlam\u0131\u015f. <strong>Pink Floyd<\/strong>\u2019un 1973 tarihli <strong>The Dark Side of the Moon<\/strong> alb\u00fcm\u00fcn\u00fcn y\u0131l d\u00f6n\u00fcm\u00fcnde ise bu alb\u00fcm\u00fcn kapa\u011f\u0131n\u0131 da \u00e7izmi\u015f. Yine Nirvana\u2019n\u0131n Nevermind alb\u00fcm\u00fcn\u00fcn ikonik kapa\u011f\u0131 da Pete Stokes\u2019un haritaya i\u015flediklerinden. Bunlar\u0131n d\u0131\u015f\u0131nda tilki ve ejderha fig\u00fcrleri de en dikkat \u00e7eken i\u015flerinden biri. Pete Stokes\u2019un di\u011fer i\u015flerine g\u00f6z atmak i\u00e7in Instagram\u2019dan <strong>pete.the.r4bbit <\/strong>ad\u0131yla aratabilirsiniz.<\/p>\r\n\r\n\r\n<hr class=\"wp-block-separator is-style-wide is-cnvs-separator-id-1638802148458\" \/>\r\n\r\n\r\n<p><strong>Gucci\u2019den Yepyeni Bir Pop &#8211; Up Deneyimi<\/strong><\/p>\r\n\r\n\r\n\r\n<p><strong>Gucci<\/strong>, <strong>Shoreditch<\/strong> ma\u011fazas\u0131 ile 100. y\u0131l d\u00f6n\u00fcm\u00fcne girmeye haz\u0131rlan\u0131yor. Bu s\u00fcre\u00e7te zamanla evrilecek ve de\u011fi\u015fecek \u00e7ok duyusal deneyimleri ve perakende alan\u0131n\u0131 kapsayan bir pop-up deneyimi ile ad\u0131ndan s\u00f6z ettiriyor.<\/p>\r\n\r\n\r\n\r\n<figure class=\"wp-block-image size-large\"><img width=\"945\" height=\"631\" class=\"wp-image-7721\" src=\"https:\/\/egegen.com\/blog\/wp-content\/uploads\/2021\/12\/gucci-egegen.png\" alt=\"\" \/><\/figure>\r\n\r\n\r\n\r\n<p>\u201c<strong>Gucci Circolo Shoreditch<\/strong>\u201d, Mimar <strong>Sir David Adjaye<\/strong> taraf\u0131ndan sanat\u00e7\u0131lar i\u00e7in \u00f6zel bir ev ve st\u00fcdyo olarak tasarlanan bir binada yer al\u0131yor. Zemin katta k\u00fcrat\u00f6rl\u00fc\u011f\u00fc <strong>Idea Books<\/strong> taraf\u0131ndan yap\u0131lan; ender moda, sanat ve foto\u011fraf kitaplar\u0131n\u0131n bulundu\u011fu \u00f6zel bir kitap\u00e7\u0131 bulunuyor. \u00d6zelle\u015ftirilmi\u015f alan; koyu renkli, ah\u015fap panelli duvarlar ve Gucci\u2019nin glade bask\u0131l\u0131 duvar ka\u011f\u0131d\u0131 ile \u00f6ne \u00e7\u0131k\u0131yor.<\/p>\r\n\r\n\r\n\r\n<figure class=\"wp-block-image size-large\"><img width=\"1024\" height=\"628\" class=\"wp-image-7722\" src=\"https:\/\/egegen.com\/blog\/wp-content\/uploads\/2021\/12\/gucci-egegen-2-1024x628.jpeg\" alt=\"\" \/><\/figure>\r\n\r\n\r\n\r\n<p>Pop-up\u2019ta ziyaret\u00e7iler, hafta boyunca Londra\u2019n\u0131n yarat\u0131c\u0131 topluluklar\u0131na ev sahipli\u011fi yapacak olan Gucci kafede kahvelerini yudumlayabiliyor. 15 Kas\u0131m\u2019da ikinci a\u015fama i\u00e7in yeniden a\u00e7\u0131lan d\u0131\u015f mekan, perakende ve k\u00fct\u00fcphane alanlar\u0131 yeniden kapland\u0131. \u201c<strong>The Hacker Project<\/strong>\u201din evine d\u00f6n\u00fc\u015fen d\u0131\u015f k\u0131s\u0131m, <strong>Balenciaga<\/strong> logosunun vurgular\u0131yla tamamlanan tasar\u0131m\u0131 ile g\u00f6ze \u00e7arp\u0131yor. Zemin kattaki merkezi perakende alan, art\u0131k zemini kaplayan \u201c<strong>GG<\/strong>\u201d monogramlar\u0131na ve koleksiyonu sergileyen yans\u0131t\u0131c\u0131 g\u00fcm\u00fc\u015f enstalasyonlara sahip. K\u00fct\u00fcphane bir Aria podyum deneyimine d\u00f6n\u00fc\u015f\u00fcyor ve koleksiyonun filmi, podyumda g\u00f6r\u00fclen kameralar, fla\u015f ampulleri ve bitkilerle dolu oday\u0131 yans\u0131t\u0131yor.<\/p>\r\n\r\n\r\n\r\n<figure class=\"wp-block-image size-large\"><img width=\"1024\" height=\"744\" class=\"wp-image-7723\" src=\"https:\/\/egegen.com\/blog\/wp-content\/uploads\/2021\/12\/gucci-egegen-3-1024x744.jpeg\" alt=\"\" \/><\/figure>\r\n\r\n\r\n<hr class=\"wp-block-separator is-style-wide is-cnvs-separator-id-1638802148478\" \/>\r\n\r\n\r\n<p><strong>Twitter\u2019dan Spaces \u0130\u00e7in Yeni D\u00fczenleme<\/strong><\/p>\r\n\r\n\r\n\r\n<p><strong>Twitter<\/strong>, bir\u00e7ok kullan\u0131c\u0131 taraf\u0131ndan ilgi g\u00f6ren ve kullan\u0131lmaya ba\u015flayan sesli sohbet \u00f6zelli\u011fi <strong>Spaces<\/strong>\u2019i daha geni\u015f kitlelere ula\u015ft\u0131rabilmek i\u00e7in yeni bir d\u00fczenleme getirdi. Bu yeni d\u00fczenlemeye g\u00f6re <strong>Spaces<\/strong>\u2019teki sesli g\u00f6r\u00fc\u015fmeleri dinlemek i\u00e7in <strong>Twitter<\/strong> kullan\u0131c\u0131s\u0131 olmak gerekmeyecek.<\/p>\r\n\r\n\r\n\r\n<figure class=\"wp-block-image size-large\"><img width=\"840\" height=\"471\" class=\"wp-image-7724\" src=\"https:\/\/egegen.com\/blog\/wp-content\/uploads\/2021\/12\/twitter-spaces-egegen.jpeg\" alt=\"\" \/><\/figure>\r\n\r\n\r\n\r\n<p>G\u00fcn\u00fcm\u00fczde sosyal medya uygulamalar\u0131 sadece sosyalle\u015fmek ve vakit ge\u00e7irmek i\u00e7in de\u011fil \u00e7ok daha geni\u015f boyutlu kullan\u0131m oranlar\u0131na eri\u015fti. Bir\u00e7ok\u00a0sosyal medya\u00a0uygulamas\u0131n\u0131n yapt\u0131\u011f\u0131 ard\u0131 ard\u0131na yenilikler ile bu kullan\u0131m oranlar\u0131n\u0131 geni\u015fletmeye devam ediyor. <strong>Snapchat<\/strong>\u2019in k\u0131sa video ve hikayeler \u00f6zelli\u011fi, ba\u015fta <strong>Instagram<\/strong> olmak \u00fczere di\u011fer bir\u00e7ok uygulaman\u0131n da dikkatini \u00e7ekmi\u015f ve farkl\u0131 isimlerle bu \u00f6zelli\u011fi b\u00fcnyelerine katm\u0131\u015flard\u0131.<br \/><br \/>Son olarak ise bu y\u0131l\u0131n ba\u015flar\u0131nda hayat\u0131m\u0131za giren ve b\u00fcy\u00fck bir ilgi g\u00f6ren sesli sohbet uygulamas\u0131 Clubhouse, sadece mobil uygulama kullan\u0131c\u0131lar\u0131n\u0131n de\u011fil; <strong>Twitter, Facebook, LinkedIn, Discord<\/strong> gibi uygulamalar\u0131n da dikkatini \u00e7ekmi\u015f, bu sayede\u00a0sesli sohbet \u00f6zelli\u011fi\u00a0hayatlar\u0131m\u0131zda h\u0131zl\u0131 bir \u015fekilde kabul g\u00f6rm\u00fc\u015ft\u00fc.\u00a0<\/p>\r\n\r\n\r\n\r\n<figure class=\"wp-block-image size-large\"><img width=\"1024\" height=\"569\" class=\"wp-image-7725\" src=\"https:\/\/egegen.com\/blog\/wp-content\/uploads\/2021\/12\/twitter-spaces-egegen-2-1024x569.jpeg\" alt=\"\" \/><\/figure>\r\n\r\n\r\n\r\n<p>&nbsp;<\/p>\r\n\r\n\r\n\r\n<p><strong>Spaces\u00a0\u00f6zelli\u011fi<\/strong> ile sesli sohbet \u00f6zelli\u011finden belki de en fazla nasiplenen Twitter oldu. Twitter son getirdi\u011fi d\u00fczenlemeyle birlikte sadece kullan\u0131c\u0131lar\u0131na sundu\u011fu <strong>Spaces \u00f6zelli\u011fini<\/strong> art\u0131k\u00a0Twitter kullan\u0131c\u0131s\u0131 olmayan\u00a0insanlara da a\u00e7maya haz\u0131rlan\u0131yor.<\/p>\r\n\r\n\r\n\r\n<p>Twitter\u2019da \u00e7e\u015fitli konularda insanlar\u0131n bir araya gelerek tart\u0131\u015fmas\u0131na olanak sa\u011flayan <strong>Spaces<\/strong> sohbetlerine art\u0131k Twitter hesab\u0131 olmayanlar da kat\u0131labilecek. Hesab\u0131 olanlar ise\u00a0oturum a\u00e7madan\u00a0da sohbetleri dinlemek \u00fczere dahil olabilecek. Daha geni\u015f kitlelere ula\u015fmak i\u00e7in bu \u00f6zelli\u011fi getirdi\u011fi d\u00fc\u015f\u00fcn\u00fclen Twitter, Spaces \u00f6zelli\u011fine\u00a0<strong>ayr\u0131ca \u00f6nem veriyor<\/strong>. Twitter, Spaces sohbetlerini payla\u015fmay\u0131, ke\u015ffetmeyi kolayla\u015ft\u0131rmak i\u00e7in sohbetleri kaydetme, Spaces\u2019ten yeni tweetler olu\u015fturulmas\u0131, iPhone\u2019lar i\u00e7in sesli sohbetleri tek bir yerde toplama gibi baz\u0131 \u00f6zellikler sunuyor.<\/p>\r\n\r\n\r\n<hr class=\"wp-block-separator is-style-wide is-cnvs-separator-id-1638802148497\" \/>\r\n\r\n\r\n<p><strong>Patili Dostunuzun sizi g\u00f6r\u00fcnt\u00fcl\u00fc arayabilmesini sa\u011flayan telefon: DogPhone!<\/strong><\/p>\r\n\r\n\r\n\r\n<p>Patili dostunuz siz sabahlar\u0131 i\u015fe gitti\u011finizde veya d\u0131\u015far\u0131 \u00e7\u0131kt\u0131\u011f\u0131n\u0131zda evde yaln\u0131zken sizi telefon ile aramas\u0131na olanak sa\u011flayan cihaz <strong>DogPhone<\/strong>!<\/p>\r\n\r\n\r\n\r\n<p><strong>DogPhone<\/strong>, hayvan-bilgisayar etkile\u015fimi konusunda uzman <strong>Dr. Ilyena Hirskyj-Douglas<\/strong> liderli\u011finde geli\u015ftirilmi\u015f yepyeni bir \u00fcr\u00fcn. Glasgow \u00dcniversitesi\u2019nden ve Aalto \u00dcniversitesi\u2019nden tak\u0131m arkada\u015flar\u0131yla birlikte, insan ve hayvan aras\u0131nda elektronik ileti\u015fim i\u00e7in \u201ck\u00f6pek interneti\u201d niteli\u011finde bir cihaz yaratm\u0131\u015flar. K\u00f6peklerin favori oyunca\u011f\u0131 olmakta iddial\u0131 olan <strong>DogPhone<\/strong>, dostunuzun onu sallayarak sizi g\u00f6r\u00fcnt\u00fcl\u00fc arayabilmesine imk\u00e2n tan\u0131yor.<\/p>\r\n\r\n\r\n\r\n<figure class=\"wp-block-image size-large\"><img width=\"1024\" height=\"683\" class=\"wp-image-7726\" src=\"https:\/\/egegen.com\/blog\/wp-content\/uploads\/2021\/12\/dogphone-egegen-1024x683.png\" alt=\"\" \/><\/figure>\r\n\r\n\r\n\r\n<p>Dr Hirskyj-Douglas bu cihaz\u0131 kendi <strong>patili dostu<\/strong> 10 ya\u015f\u0131ndaki labradoru Zack ile birlikte test etmi\u015f. Zack\u2019in oyuncak topunun i\u00e7ine bir h\u0131zland\u0131r\u0131c\u0131 (accelerator) saklam\u0131\u015f. Topun i\u00e7indeki h\u0131zland\u0131r\u0131c\u0131, hareketi alg\u0131lad\u0131\u011f\u0131nda Zack\u2019in laptop \u00fczerinden bir video g\u00f6r\u00fc\u015fmesi ba\u015flatmas\u0131 i\u00e7in tetikleyici i\u015flevini \u00fcstlenmi\u015f.<\/p>\r\n\r\n\r\n\r\n<p><a href=\"https:\/\/www.youtube.com\/watch?v=LLNrNAMnA6M&amp;feature=emb_imp_woyt\">Videoya ula\u015fmak i\u00e7in t\u0131klay\u0131n\u0131z.<\/a><\/p>\r\n\r\n\r\n<hr class=\"wp-block-separator is-style-wide is-cnvs-separator-id-1638802148530\" \/>\r\n\r\n\r\n<p><strong>Ho\u015f Geldin Pelsan Ayd\u0131nlatma!<\/strong><\/p>\r\n\r\n\r\n\r\n<p>Ayd\u0131nlatma sekt\u00f6r\u00fcnde T\u00fcrkiye\u2019nin en b\u00fcy\u00fck \u00fcreticilerinden biri olan <strong>Pelsan Ayd\u0131nlatma<\/strong>\u2019n\u0131n dijital faaliyetleri egegen\u2019e emanet!<\/p>\r\n\r\n\r\n\r\n<p><strong>egegen<\/strong> olarak yeni markam\u0131z olan Pelsan Ayd\u0131nlatma\u2019ya; dijital strateji geli\u015ftirme, konumland\u0131rma, web sitesi tasar\u0131m &amp; programlama, i\u00e7erik \u00fcretimi gibi konulardaki t\u00fcm ileti\u015fim s\u00fcre\u00e7lerini y\u00f6netiyor olaca\u011f\u0131z. Yeni markam\u0131za ho\u015f geldin diyoruz!<\/p>\r\n\r\n\r\n\r\n<p><a href=\"https:\/\/www.instagram.com\/p\/CW-kxTzKzkL\/\" target=\"_blank\" rel=\"noreferrer noopener\">Ho\u015f Geldin videosunu izlemek i\u00e7in t\u0131klay\u0131n.<\/a><\/p>\r\n\r\n\r\n\r\n<figure class=\"wp-block-image size-large\"><img width=\"822\" height=\"381\" class=\"wp-image-7737\" src=\"https:\/\/egegen.com\/blog\/wp-content\/uploads\/2021\/12\/Unknown.png\" alt=\"\" \/><\/figure>\r\n\r\n\r\n\r\n<p><strong>Pelsan Ayd\u0131nlatma Hakk\u0131nda<\/strong><\/p>\r\n\r\n\r\n\r\n<p>37 y\u0131l \u00f6nce \u0130stanbul&#8217;da kurulan\u00a0<strong>Pelsan<\/strong>\u00a0<strong>Ayd\u0131nlatma<\/strong> <strong>A.\u015e.<\/strong> \u00fcretim, ihracat ve istihdam rakamlar\u0131 ile ayd\u0131nlatma sekt\u00f6r\u00fcnde T\u00fcrkiye&#8217;nin en b\u00fcy\u00fck \u00fcreticilerinden biridir. 30.000 m\u00b2 kapal\u0131 alana sahip\u00a0<strong>Pelsan<\/strong>\u00a0tesislerinde, 450 \u00e7al\u0131\u015fanla y\u0131lda 5 milyon ayd\u0131nlatma armat\u00fcr\u00fc \u00fcretilmekte ve 65 \u00fclkeye ihracat yap\u0131lmaktad\u0131r.<\/p>\r\n","protected":false},"excerpt":{"rendered":"<p>Twitter al\u0131\u015fveri\u015f tutkunlar\u0131na \u00f6zel yeni \u00f6zelli\u011fini a\u00e7\u0131klad\u0131! Twitter, daha aktif kullan\u0131m i\u00e7in yeni \u00f6zellikler denemeye devam ediyor. \u015eirket, son olarak para kazand\u0131racak olan yeni al\u0131\u015fveri\u015f \u00f6zelli\u011fi getiriyor. Son d\u00f6nemde sosyal medya, bir\u00e7ok ki\u015fi i\u00e7in art\u0131k b\u00fcy\u00fck paralar kazan\u0131labilecekleri meslek halini ald\u0131. Kullan\u0131c\u0131lar reklamlar\u0131ndan, b\u00fcy\u00fck firma ve \u015firketler ise \u00fcr\u00fcnlerinin tan\u0131t\u0131m ve sat\u0131\u015f\u0131ndan ciddi gelir elde &hellip;<\/p>\n","protected":false},"author":20,"featured_media":7740,"comment_status":"open","ping_status":"open","sticky":false,"template":"","format":"standard","meta":[],"categories":[188],"tags":[],"_links":{"self":[{"href":"https:\/\/egegen.com\/blog\/wp-json\/wp\/v2\/posts\/7711"}],"collection":[{"href":"https:\/\/egegen.com\/blog\/wp-json\/wp\/v2\/posts"}],"about":[{"href":"https:\/\/egegen.com\/blog\/wp-json\/wp\/v2\/types\/post"}],"author":[{"embeddable":true,"href":"https:\/\/egegen.com\/blog\/wp-json\/wp\/v2\/users\/20"}],"replies":[{"embeddable":true,"href":"https:\/\/egegen.com\/blog\/wp-json\/wp\/v2\/comments?post=7711"}],"version-history":[{"count":2,"href":"https:\/\/egegen.com\/blog\/wp-json\/wp\/v2\/posts\/7711\/revisions"}],"predecessor-version":[{"id":8887,"href":"https:\/\/egegen.com\/blog\/wp-json\/wp\/v2\/posts\/7711\/revisions\/8887"}],"wp:featuredmedia":[{"embeddable":true,"href":"https:\/\/egegen.com\/blog\/wp-json\/wp\/v2\/media\/7740"}],"wp:attachment":[{"href":"https:\/\/egegen.com\/blog\/wp-json\/wp\/v2\/media?parent=7711"}],"wp:term":[{"taxonomy":"category","embeddable":true,"href":"https:\/\/egegen.com\/blog\/wp-json\/wp\/v2\/categories?post=7711"},{"taxonomy":"post_tag","embeddable":true,"href":"https:\/\/egegen.com\/blog\/wp-json\/wp\/v2\/tags?post=7711"}],"curies":[{"name":"wp","href":"https:\/\/api.w.org\/{rel}","templated":true}]}}