{"id":7607,"date":"2021-10-06T09:57:38","date_gmt":"2021-10-06T06:57:38","guid":{"rendered":"https:\/\/egegen.com\/blog\/?p=7607"},"modified":"2022-10-10T17:16:02","modified_gmt":"2022-10-10T14:16:02","slug":"egegen-trend-raporu-47-eylul-2021","status":"publish","type":"post","link":"https:\/\/egegen.com\/blog\/egegen-trend-raporu-47-eylul-2021\/","title":{"rendered":"egegen Trend Raporu &#8211; 47 \/ Eyl\u00fcl 2021"},"content":{"rendered":"\r\n<p>Bir mevsim ge\u00e7i\u015fini daha geride b\u0131rak\u0131rken ay boyunca ilgimizi \u00e7eken sosyal medya g\u00fcncellemeleri, haberleri ve dijital d\u00fcnyaya dair di\u011fer t\u00fcm geli\u015fmeleri bulabilece\u011finiz <strong>Egegen Trend Raporu<\/strong> <strong>47. say\u0131s\u0131<\/strong> ile kar\u015f\u0131n\u0131zda!<\/p>\r\n\r\n\r\n\r\n<p><strong>Twitter\u2019a Yeni Heads-Up \u00d6zelli\u011fi<\/strong><\/p>\r\n\r\n\r\n\r\n<p>Twitter, do\u011fas\u0131 gere\u011fi fikir \u00e7arp\u0131\u015fmalar\u0131n\u0131n yo\u011fun oldu\u011fu bir mecra. Bilgi ak\u0131\u015f\u0131n\u0131n bu denli yo\u011fun ve s\u0131n\u0131rs\u0131z oldu\u011fu bir platformda zaman zaman kendimizi yorum kalabal\u0131\u011f\u0131nda kaybedebiliyor veya hararetli tart\u0131\u015fmalar\u0131n i\u00e7inde bulabiliyoruz. Twitter, bu ve benzeri durumlar i\u00e7in <strong>Heads Up<\/strong> \u00f6zelli\u011fi ile \u00f6nlem almaya haz\u0131rlan\u0131yor.<\/p>\r\n\r\n\r\n\r\n<figure class=\"wp-block-image size-large\"><img width=\"1024\" height=\"768\" class=\"wp-image-7609\" src=\"https:\/\/egegen.com\/blog\/wp-content\/uploads\/2021\/10\/1.1-1024x768.jpeg\" alt=\"\" \/><\/figure>\r\n\r\n\r\n\r\n<p>Kullan\u0131c\u0131lar\u0131 zihinsel sa\u011fl\u0131klar\u0131na zarar verebilecek hararetli \u00e7evrimi\u00e7i tart\u0131\u015fmalardan ka\u00e7\u0131nmalar\u0131 konusunda uyaracak bir g\u00fcncelleme \u00fczerinde \u00e7al\u0131\u015fan Twitter, Heads Up olarak adland\u0131rd\u0131\u011f\u0131 bir algoritma ile kullan\u0131c\u0131lar\u0131 kendileri i\u00e7in rahats\u0131z edici nitelikte olabilecek i\u00e7erikler hakk\u0131nda uyarmay\u0131 hedefliyor.<\/p>\r\n\r\n\r\n\r\n<figure class=\"wp-block-image size-large\"><img width=\"1024\" height=\"512\" class=\"wp-image-7610\" src=\"https:\/\/egegen.com\/blog\/wp-content\/uploads\/2021\/10\/1.2-1024x512.jpeg\" alt=\"\" \/><\/figure>\r\n\r\n\r\n\r\n<p>Yeni \u00f6zellik, rahats\u0131z edici olma potansiyeli ta\u015f\u0131yan tweetleri baz\u0131 \u00f6zel anahtar kelimeler ekledi\u011fi yapay zeka teknolojisi arac\u0131l\u0131\u011f\u0131yla alg\u0131l\u0131yor. Herhangi bir tweette bu t\u00fcr anahtar kelimeler alg\u0131lad\u0131\u011f\u0131 durumda, bir a\u00e7\u0131l\u0131r ekran ile<strong> Heads Up<\/strong> uygulamas\u0131 g\u00f6r\u00fcnt\u00fclenecek ve ilgili tweetin rahats\u0131z edici olabilece\u011fi kullan\u0131c\u0131lara bildirilecek.<\/p>\r\n\r\n\r\n\r\n<p>Bu a\u00e7\u0131l\u0131r ekranda yer alan mesaj, kullan\u0131c\u0131lara farkl\u0131 bak\u0131\u015f a\u00e7\u0131lar\u0131n\u0131n de\u011ferli oldu\u011funu hat\u0131rlatma amac\u0131n\u0131 ta\u015f\u0131yor.<\/p>\r\n\r\n\r\n<hr class=\"wp-block-separator is-style-wide is-cnvs-separator-id-1636123252411\" \/>\r\n\r\n\r\n<p><strong>TikTok\u2019tan markalar\u0131 ve i\u00e7erik \u00fcreticilerini bulu\u015fturan yeni \u00f6zellik: Marketplace<\/strong><\/p>\r\n\r\n\r\n\r\n<figure class=\"wp-block-image size-large\"><img width=\"1024\" height=\"576\" class=\"wp-image-7611\" src=\"https:\/\/egegen.com\/blog\/wp-content\/uploads\/2021\/10\/2.1-1024x576.jpeg\" alt=\"\" \/><\/figure>\r\n\r\n\r\n\r\n<p>Pop\u00fclaritesini g\u00fcn ge\u00e7tik\u00e7e artt\u0131ran Tiktok, 1 milyardan fazla aktif kullan\u0131c\u0131s\u0131 ile son d\u00f6nemin en ba\u015far\u0131l\u0131 sosyal medya mecralar\u0131 aras\u0131nda zirveye oynuyor.<\/p>\r\n\r\n\r\n\r\n<p>\u00d6zellikle pandemi d\u00f6neminde y\u00fckseli\u015fini ivmelendiren ba\u015far\u0131l\u0131 platform, ge\u00e7ti\u011fimiz ay d\u00fczenlenen bir etkinlikte i\u00e7erik \u00fcreticilerini ve markalar\u0131 bir araya getirmeyi hedefleyen Marketplace \u00f6zelli\u011fini tan\u0131tt\u0131. <strong>TikTok Markeplace<\/strong>\u00a0ad\u0131 verilen \u00f6zellik, markalar\u0131n i\u00e7eriklerine en uygun ki\u015filerle \u00e7al\u0131\u015fmalar\u0131na olanak sa\u011flamay\u0131 ama\u00e7l\u0131yor.<\/p>\r\n\r\n\r\n\r\n<figure class=\"wp-block-image size-large\"><img width=\"1024\" height=\"533\" class=\"wp-image-7612\" src=\"https:\/\/egegen.com\/blog\/wp-content\/uploads\/2021\/10\/2.2-1024x533.png\" alt=\"\" \/><\/figure>\r\n\r\n\r\n\r\n<p>\u0130\u00e7erik \u00fcreticilerden olu\u015fan bir katalog olan\u00a0<strong>TikTok Marketplace<\/strong>, markalar\u0131n kendilerine en uygun ki\u015fiyi bulmalar\u0131 i\u00e7in tasarland\u0131. Reklam verenler, burada t\u00fcm pop\u00fcler kullan\u0131c\u0131lar\u0131 bularak hedef kitlelerine daha kolay eri\u015febilecek, bu \u00fcreticileri kategorize edebilecek ve kendilerine en uygun arama ko\u015fullar\u0131n\u0131 olu\u015fturabilecek.<\/p>\r\n\r\n\r\n\r\n<p>Daha profesyonel bir tecr\u00fcbe i\u00e7in ise profesyonel ajanslara eri\u015fim izni verilen bir i\u015f birli\u011fi program\u0131 hayata ge\u00e7irilecek. Belirli bir eri\u015fim yetkisi verilen bu ajanslar, marka ve i\u00e7erik \u00fcretici aras\u0131nda k\u00f6pr\u00fc g\u00f6revi \u00fcstlenecek.<\/p>\r\n\r\n\r\n\r\n<p>Ek olarak reklam verenlerin etkile\u015fimini art\u0131racak yeni y\u00f6ntemler de platformda yerini alacak. \u00d6rne\u011fin kullan\u0131c\u0131lar bir\u00a0<strong>TikTok\u00a0<\/strong>videosu izlerken ekranda tan\u0131t\u0131lan \u00fcr\u00fcn\u00fc g\u00f6steren bir etiket g\u00f6recek. Etikete t\u0131klad\u0131klar\u0131 zaman ise olduk\u00e7a h\u0131zl\u0131 y\u00fcklenen bir sat\u0131n alma sayfas\u0131na ula\u015facak. \u015eirket bu sayede t\u0131klama ve sat\u0131n alma oranlar\u0131nda ciddi bir art\u0131\u015f ya\u015fanaca\u011f\u0131n\u0131 \u00f6ng\u00f6r\u00fcyor.\u00a0<\/p>\r\n\r\n\r\n<hr class=\"wp-block-separator is-style-wide is-cnvs-separator-id-1636123252433\" \/>\r\n\r\n\r\n<p><strong>Twitter\u2019da Bitcoin ile Bah\u015fi\u015f D\u00f6nemi<\/strong><\/p>\r\n\r\n\r\n\r\n<figure class=\"wp-block-image size-large\"><img width=\"1024\" height=\"640\" class=\"wp-image-7613\" src=\"https:\/\/egegen.com\/blog\/wp-content\/uploads\/2021\/10\/3.1-1024x640.jpeg\" alt=\"\" \/><\/figure>\r\n\r\n\r\n\r\n<p>Twitter\u2019da uzun d\u00f6nem g\u00fcndem olan bah\u015fi\u015f \u00f6zelli\u011finin a\u00e7\u0131l\u0131p a\u00e7\u0131lmayaca\u011f\u0131 konusu, firmadan gelen a\u00e7\u0131klama ile son buldu. Twitter kullan\u0131c\u0131lar\u0131 art\u0131k platform \u00fczerinden Bitcoin ile bah\u015fi\u015f verebilecek.<\/p>\r\n\r\n\r\n\r\n<p>Kullan\u0131c\u0131lar\u0131n birbirlerine itibari para g\u00f6nderebilme imkanlar\u0131n\u0131 yan\u0131 s\u0131ra Lightning Network \u00fczerinden bitcoin ile de bah\u015fi\u015f g\u00f6ndermek de m\u00fcmk\u00fcn olacak. Lightning Network&#8217;\u00fcn kullan\u0131lmas\u0131n\u0131n nedeni ise daha y\u00fcksek h\u0131zda ve daha d\u00fc\u015f\u00fck \u00fccretle i\u015flem yap\u0131labilmesini sa\u011flama amac\u0131 ta\u015f\u0131yor.<\/p>\r\n\r\n\r\n\r\n<p>Bah\u015fi\u015f \u00f6zelli\u011fini e\u011flenceli bir payla\u015f\u0131mla duyuran Twitter, resmi hesab\u0131ndan yapt\u0131\u011f\u0131 payla\u015f\u0131mda &#8220;Bah\u015fi\u015fler \u00f6zelli\u011fini test ettik, insanlar paray\u0131 seviyormu\u015f. Yak\u0131nda iOS ve Android i\u00e7in yay\u0131nl\u0131yoruz&#8221; ifadelerini kulland\u0131.\u00a0<\/p>\r\n\r\n\r\n\r\n<p><a href=\"https:\/\/twitter.com\/Twitter\/status\/1441085130487975952?ref_src=twsrc%5Etfw%7Ctwcamp%5Etweetembed%7Ctwterm%5E1441085130487975952%7Ctwgr%5E%7Ctwcon%5Es1_&amp;ref_url=https%3A%2F%2Fwww.webtekno.com%2Ftwitter-kullanicilari-artik-bitcoin-ile-bahsis-verebilecek-h115244.html\" target=\"_blank\" rel=\"noreferrer noopener nofollow\">Gifi g\u00f6r\u00fcnt\u00fclemek i\u00e7in t\u0131klay\u0131n\u0131z<\/a>;<\/p>\r\n\r\n\r\n\r\n<p>\u0130lk olarak May\u0131s ay\u0131nda test edilmeye ba\u015flanan Lightning Network destekli sistem, Strike API&#8217;nin entegre edilmesiyle kullan\u0131ma haz\u0131r hale geldi. B\u00f6ylece kullan\u0131c\u0131lar yak\u0131n zamanda birbirlerine kripto para ile bah\u015fi\u015f verebilecek.<\/p>\r\n\r\n\r\n<hr class=\"wp-block-separator is-style-wide is-cnvs-separator-id-1636123252453\" \/>\r\n\r\n\r\n<p><strong>Instagram\u2019dan Ak\u0131\u015f\u0131n\u0131z\u0131 \u015eekillendirmenizi Sa\u011flayacak &#8216;Favoriler&#8217; \u00d6zelli\u011fi!<\/strong><\/p>\r\n\r\n\r\n\r\n<p>Son zamanlarda sosyal medya devleri, platformlar\u0131na ekledikleri yeni \u00f6zellikler ile g\u00fcndem olmaya devam ediyor. Twitter, yak\u0131n d\u00f6nemde hem yeni \u00f6zelliklerini kullan\u0131ma sunmu\u015f hem de yeni gelecek \u00f6zelliklerden bahsetmi\u015fti. \u015eimdi s\u0131ra Instagram\u2019da.<\/p>\r\n\r\n\r\n\r\n<figure class=\"wp-block-image size-large\"><img width=\"275\" height=\"183\" class=\"wp-image-7614\" src=\"https:\/\/egegen.com\/blog\/wp-content\/uploads\/2021\/10\/4.1.jpeg\" alt=\"\" \/><\/figure>\r\n\r\n\r\n\r\n<p>Instagram, Favoriler \u00f6zelli\u011fi ile diledi\u011finiz ki\u015fileri favorilere ekleyerek sayfa ak\u0131\u015f\u0131n\u0131z\u0131 \u015fekillendirecek yeni \u00f6zelli\u011fini test ediyor. Favorilerinize ekledi\u011finiz ki\u015filerin g\u00f6nderilerinin\u00a0<strong>di\u011ferlerinden \u00f6nce<\/strong>kar\u015f\u0131n\u0131za \u00e7\u0131kmas\u0131n\u0131 sa\u011flayan \u00f6zellik ile birlikte daha \u00f6nce g\u00f6rmek isteyece\u011finiz payla\u015f\u0131mlar\u0131 ka\u00e7\u0131rmam\u0131\u015f olacaks\u0131n\u0131z.\u00a0<\/p>\r\n\r\n\r\n\r\n<p>Favoriler listesi gizli olaca\u011f\u0131ndan d\u0131\u015far\u0131dan herhangi biri, favori listenizi\u00a0<strong>g\u00f6r\u00fcnt\u00fcleyemeyecek.<\/strong> Bununla birlikte favorilerinize ekledi\u011finiz veya \u00e7\u0131kard\u0131\u011f\u0131n\u0131z hesaplara bildirim gitmeyecek.<\/p>\r\n\r\n\r\n\r\n<figure class=\"wp-block-image size-large\"><img width=\"1024\" height=\"511\" class=\"wp-image-7615\" src=\"https:\/\/egegen.com\/blog\/wp-content\/uploads\/2021\/10\/4.2-1024x511.jpeg\" alt=\"\" \/><\/figure>\r\n\r\n\r\n\r\n<p>Instagram, yeni Favoriler \u00f6zelli\u011fi ile ilgi alan\u0131n\u0131za giren i\u00e7erikleri \u00f6nce g\u00f6rmenizi ve bu sayede daha fazla ki\u015fiselle\u015ftirilmi\u015f bir ak\u0131\u015f deneyimi sunmay\u0131 hedefliyor.<\/p>\r\n\r\n\r\n<hr class=\"wp-block-separator is-style-wide is-cnvs-separator-id-1636123252479\" \/>\r\n\r\n\r\n<p><strong>LinkedIn&#8217;den Rekabeti K\u0131z\u0131\u015ft\u0131racak Yeni \u00d6zellik: Rakipler<\/strong><\/p>\r\n\r\n\r\n\r\n<p>Linkedin, rekabette s\u00f6z sahibi olmak isteyen firmalar\u0131 sosyal medyada daha iyi bir noktaya ta\u015f\u0131mak i\u00e7in geli\u015ftirdi\u011fi Rakipler \u00f6zelli\u011fi ile g\u00fcndemde. \u015eirketlere ait sayfalar\u0131 ayn\u0131 sekt\u00f6rdeki di\u011fer firmalarla k\u0131yaslayan \u00f6zellik, k\u00fc\u00e7\u00fck i\u015fletmelerin b\u00fcy\u00fck \u00f6l\u00e7ekli olanlar ile aralar\u0131nda ne gibi farklar oldu\u011funu anlamalar\u0131n\u0131 sa\u011fl\u0131yor ve rekabete dahil olabilmeleri i\u00e7in neler yap\u0131labilece\u011fi konusunda fikir vermeyi hedefliyor.<\/p>\r\n\r\n\r\n\r\n<figure class=\"wp-block-image size-large\"><img width=\"1024\" height=\"642\" class=\"wp-image-7616\" src=\"https:\/\/egegen.com\/blog\/wp-content\/uploads\/2021\/10\/5.1-1024x642.png\" alt=\"\" \/><\/figure>\r\n\r\n\r\n\r\n<p>Rakipler, hesaplar\u0131 \u00f6ncelikle\u00a0sayfa kalitesi a\u00e7\u0131s\u0131ndan\u00a0k\u0131yasl\u0131yor. Bu ba\u011flamda bir \u015firketin sayfas\u0131n\u0131 y\u00f6neten ki\u015fi, rakiplerinin takip\u00e7i say\u0131lar\u0131n\u0131, g\u00f6nderi say\u0131lar\u0131n\u0131, son d\u00f6nemlerdeki aktiflik durumunu ve yap\u0131lan payla\u015f\u0131mlarla nas\u0131l etkile\u015fim i\u00e7inde olundu\u011funu istatistiksel olarak g\u00f6rebiliyor. Sadece bununla yetinmeyen platform, sayfan\u0131n nas\u0131l y\u00f6netilece\u011fine ili\u015fkin\u00a0tavsiyelerde\u00a0bulunmay\u0131 da vadediyor.<\/p>\r\n\r\n\r\n\r\n<figure class=\"wp-block-image size-large\"><img width=\"1024\" height=\"576\" class=\"wp-image-7617\" src=\"https:\/\/egegen.com\/blog\/wp-content\/uploads\/2021\/10\/5.2-1024x576.jpeg\" alt=\"\" \/><\/figure>\r\n\r\n\r\n\r\n<p>Linkedin\u2019in bu yeni \u00f6zelli\u011fiyle ilgili sekt\u00f6r\u00fcn genel kan\u0131s\u0131, i\u015f d\u00fcnyas\u0131na yeni bir soluk getirece\u011fi y\u00f6n\u00fcnde. Rekabet a\u00e7\u0131s\u0131ndan dezavantajl\u0131 \u015firketler, Linkedin\u2019in tavsiyeleri yoluyla sosyal medyada daha pop\u00fcler hale gelecek, alan\u0131nda iyi isimler gelecek vadeden \u015firketleri daha kolay ke\u015ffedebilecek. Bu da piyasadaki rekabet ortam\u0131n\u0131 hareketlendirecek gibi g\u00f6r\u00fcn\u00fcyor.<\/p>\r\n\r\n\r\n<hr class=\"wp-block-separator is-style-wide is-cnvs-separator-id-1636123252500\" \/>\r\n\r\n\r\n<p>D\u00fcnyan\u0131n en pop\u00fcler mesajla\u015fma uygulamalar\u0131ndan Whatsapp, IOS uygulamas\u0131nda birtak\u0131m de\u011fi\u015fikliklere gitti. S\u00f6z konusu tasar\u0131m maj\u00f6r de\u011fi\u015fiklikler getirmese de sohbet baloncuklar\u0131n\u0131n tasar\u0131m\u0131nda g\u00f6ze hitap eden de\u011fi\u015fikliklere odaklan\u0131yor.<\/p>\r\n\r\n\r\n\r\n<figure class=\"wp-block-image size-large\"><img width=\"1024\" height=\"576\" class=\"wp-image-7618\" src=\"https:\/\/egegen.com\/blog\/wp-content\/uploads\/2021\/10\/6.1-1024x576.jpeg\" alt=\"\" \/><\/figure>\r\n\r\n\r\n\r\n<p>Yeni g\u00fcncelleme ile birlikte sohbet baloncuklar\u0131n\u0131n rengi, tarz\u0131 ve b\u00fcy\u00fckl\u00fc\u011f\u00fc de\u011fi\u015fmi\u015f olacak. Boyutlar\u0131 b\u00fcy\u00fcyen baloncuklar, bu kez daha yuvarlak kenarlara sahip olan bir tasar\u0131m ile kar\u015f\u0131m\u0131za \u00e7\u0131k\u0131yor. Bunlar\u0131n yan\u0131 s\u0131ra baloncuk renklerinde de ufak \u00e7apl\u0131 de\u011fi\u015fiklikler g\u00f6ze \u00e7arp\u0131yor.<\/p>\r\n\r\n\r\n\r\n<figure class=\"wp-block-image size-large\"><img width=\"1024\" height=\"802\" class=\"wp-image-7619\" src=\"https:\/\/egegen.com\/blog\/wp-content\/uploads\/2021\/10\/6.2-1024x802.jpeg\" alt=\"\" \/><\/figure>\r\n\r\n\r\n\r\n<p>Sohbet baloncuklar\u0131na odaklanacak olan\u00a0g\u00fcncellemenin ne zaman gelece\u011fine dair bir bilgi bulunmuyor fakat o kadar da k\u00f6kl\u00fc de\u011fi\u015fikliklerin yap\u0131lmam\u0131\u015f olmas\u0131, \u00e7ok da\u00a0fazla beklemeyece\u011fimiz anlam\u0131na geliyor.<\/p>\r\n\r\n\r\n<hr class=\"wp-block-separator is-style-wide is-cnvs-separator-id-1636123252519\" \/>\r\n\r\n\r\n<p><strong>Spotify\u2019dan \u00c7alma Listelerinize Otomatize Eden Yeni \u00d6zellik: Geli\u015ftir<\/strong><\/p>\r\n\r\n\r\n\r\n<p>Pop\u00fcler m\u00fczik uygulamas\u0131 Spotify, kullan\u0131c\u0131lar\u0131na \u00e7ok daha kullan\u0131\u015fl\u0131 ve zengin bir m\u00fczik deneyimi sunmak i\u00e7in \u00e7al\u0131\u015fmalar\u0131n\u0131 s\u00fcrd\u00fcr\u00fcyor. Uygulamaya yeni eklenen Geli\u015ftir \u00f6zelli\u011fi, \u00e7alma listenize uygun olan ve be\u011fenme potansiyelinizin oldu\u011fu \u015fark\u0131lar\u0131 listenize otomatik olarak ekleme temeline dayan\u0131yor.<\/p>\r\n\r\n\r\n\r\n<figure class=\"wp-block-image size-large\"><img width=\"830\" height=\"620\" class=\"wp-image-7620\" src=\"https:\/\/egegen.com\/blog\/wp-content\/uploads\/2021\/10\/7.1.jpeg\" alt=\"\" \/><\/figure>\r\n\r\n\r\n\r\n<p>Peki bu algoritma nas\u0131l \u00e7al\u0131\u015f\u0131yor? \u0130\u015fin s\u0131rr\u0131 tam olarak burada. Sadece \u00f6nce dinledi\u011finiz \u015fark\u0131lar\u0131n tarz\u0131na ve d\u00f6nemine uyuyor diye \u015fark\u0131lar rasgele listenize eklenmiyor. Listenizdeki \u015fark\u0131lar\u0131n stilleri ve temas\u0131na g\u00f6re be\u011fenme ihtimaliniz olan par\u00e7alar listeleniyor ve algoritma bu listeye g\u00f6re eklenecek \u015fark\u0131lar\u0131 belirliyor.<\/p>\r\n\r\n\r\n\r\n<p>Yeni \u00f6zelli\u011fi kullanmak ise olduk\u00e7a kolay. \u00c7alma listesine girdi\u011finizde listenin isminin alt\u0131nda\u00a0geli\u015ftir\u00a0d\u00fc\u011fmesini g\u00f6receksiniz. Bu d\u00fc\u011fmeye bast\u0131\u011f\u0131n\u0131zda \u00f6zellik aktif hale gelecek. \u00d6zelli\u011fi kapatmak i\u00e7inse ayn\u0131 d\u00fc\u011fmeye bir kez daha basmak yeterli oluyor. \u00a0Yeni \u00f6zelli\u011fin \u00e7alma listesine ekledi\u011fi \u015fark\u0131lar\u00a0parlak ye\u015fil ikonlarla\u00a0g\u00f6r\u00fcnecek. \u015eark\u0131lar\u0131 listenize kal\u0131c\u0131 eklemek isterseniz \u015fark\u0131n\u0131n isminin yan\u0131nda \u00e7\u0131kan art\u0131 butonuna basman\u0131z gerekiyor. Eklenen \u015fark\u0131lardan memnun kalmazsan\u0131z \u00f6zelli\u011fi kapatarak listenizi ilk haline geri getirebileceksiniz.<\/p>\r\n\r\n\r\n\r\n<figure class=\"wp-block-image size-large\"><img width=\"1024\" height=\"576\" class=\"wp-image-7621\" src=\"https:\/\/egegen.com\/blog\/wp-content\/uploads\/2021\/10\/7.2-1024x576.jpeg\" alt=\"\" \/><\/figure>\r\n\r\n\r\n\r\n<p>Spotify, bu \u00f6zelli\u011fi \u00f6n\u00fcm\u00fczdeki aydan itibariyle aralar\u0131nda\u00a0T\u00fcrkiye&#8217;nin de bulundu\u011fu\u00a0\u00e7ok say\u0131da \u00fclkede premium kullan\u0131c\u0131lara a\u00e7acak. \u00d6zelli\u011fin uygulamada \u00e7ok daha zengin bir kullan\u0131m sunaca\u011f\u0131 kesin. Fakat di\u011fer yandan algoritman\u0131n nas\u0131l \u00e7al\u0131\u015faca\u011f\u0131 da merak konusu. Bekleyip g\u00f6relim.<\/p>\r\n\r\n\r\n<hr class=\"wp-block-separator is-style-wide is-cnvs-separator-id-1636123252538\" \/>\r\n\r\n\r\n<p><strong>IKEA\u2019dan Gezici Uyku Kozalar\u0131<\/strong><\/p>\r\n\r\n\r\n\r\n<p>G\u00fcn i\u00e7inde yap\u0131lan \u015fekerlemenin zihin ve beden sa\u011fl\u0131\u011f\u0131 i\u00e7in \u00e7ok faydal\u0131 oldu\u011funu biliyor muydunuz? IKEA, bunun alt\u0131n\u0131 \u00e7izen son derece yarat\u0131c\u0131 bir kampanya \u00f6rne\u011fi ile kar\u015f\u0131m\u0131zda.<\/p>\r\n\r\n\r\n\r\n<figure class=\"wp-block-image size-large\"><img width=\"1024\" height=\"536\" class=\"wp-image-7622\" src=\"https:\/\/egegen.com\/blog\/wp-content\/uploads\/2021\/10\/8.1-1024x536.jpeg\" alt=\"\" \/><\/figure>\r\n\r\n\r\n\r\n<p>IKEA Fransa, g\u00fcn i\u00e7inde \u015fekerleme yapmay\u0131 seven Parislilere 13:30-18:30 saatleri aras\u0131nda hizmet verecek tam donan\u0131ml\u0131 uyku kaps\u00fclleri haz\u0131rlad\u0131. Ge\u00e7ti\u011fimiz hafta ger\u00e7ekle\u015ftirilen kampanya s\u00fcresince kaps\u00fcller 8 adet elektrikli bisiklet filosu taraf\u0131ndan ta\u015f\u0131nd\u0131. Kullan\u0131c\u0131lara kaps\u00fcllerde uykunun verdi\u011fi iyi ve sa\u011fl\u0131kl\u0131 hissetme durumunu deneyimletmek amac\u0131 ta\u015f\u0131yan kampanya ile Parisliler, IKEA kozalar\u0131n\u0131n rahatl\u0131\u011f\u0131n\u0131 test etmeye davet edildi.<\/p>\r\n\r\n\r\n\r\n<p>Farkl\u0131 sertlikte yataklar, yazl\u0131k \u00f6rt\u00fcler, yorganlar, ergonomik yast\u0131klar ve akustik \u00e7\u00f6z\u00fcmler sunan \u015firket; uyku servisiyle uykuya dair t\u00fcm ihtiya\u00e7lara uygun \u00fcr\u00fcnler sundu\u011funu vurgulam\u0131\u015f oldu. Daha \u00f6nce de kaplumba\u011fa-tav\u015fan masal\u0131na getirdi\u011fi\u00a0<a href=\"https:\/\/bigumigu.com\/haber\/ikea-dan-kaplumbaga-ile-tavsan-masalina-cagdas-yorum-the-hare\/\" target=\"_blank\" rel=\"noreferrer noopener nofollow\">\u00e7a\u011fda\u015f yorum<\/a>\u00a0ve gece kul\u00fcb\u00fcnde verilen\u00a0<a href=\"https:\/\/bigumigu.com\/haber\/ikea-ile-cilgin-uyku-partisi\/\" target=\"_blank\" rel=\"noreferrer noopener nofollow\">uyku partisi<\/a>\u00a0gibi kampanyalar\u0131yla uyku \u00fcr\u00fcnlerine dikkat \u00e7eken yarat\u0131c\u0131 i\u015fler ger\u00e7ekle\u015ftirmi\u015fti.<\/p>\r\n\r\n\r\n\r\n<figure class=\"wp-block-image size-large\"><img width=\"818\" height=\"546\" class=\"wp-image-7623\" src=\"https:\/\/egegen.com\/blog\/wp-content\/uploads\/2021\/10\/8.2.jpeg\" alt=\"\" \/><\/figure>\r\n\r\n\r\n\r\n<p>IKEA konforunu temsil eden mobilyalarla donat\u0131lm\u0131\u015f uyku kaps\u00fclleri, bir hafta boyunca Paris\u2019te kullan\u0131c\u0131lar\u0131n hizmetine sunuldu. Parisliler, kentin diledikleri noktas\u0131na koza sipari\u015fi verebildiler.<\/p>\r\n\r\n\r\n\r\n<p>Kozada uyumak isteyen kullan\u0131c\u0131lar\u0131n belli \u015fartlar\u0131 yerine getirmeleri istendi. Bu \u015fartlar; Instagramda ve Twitter\u2019da IKEA Fransa\u2019dan bahseden ve #lasiesteIKEA etiketini i\u00e7eren bir hikaye veya tweet payla\u015fmalar\u0131 idi. Sipari\u015flerin onaylanmas\u0131n\u0131n ard\u0131ndan bisikletliler, sipari\u015f verene ula\u015farak 30\u2019ar dakikal\u0131k s\u00fcr\u00fc\u015fle onlara uyku keyfi sundu.<\/p>\r\n\r\n\r\n<hr class=\"wp-block-separator is-style-wide is-cnvs-separator-id-1636123252557\" \/>\r\n\r\n\r\n<p><strong>G\u00f6r\u00fcnt\u00fcl\u00fc Aramalar\u0131n\u0131z\u0131 Kontrol Etmek \u0130\u00e7in Dev Tu\u015f Tak\u0131m\u0131<\/strong><\/p>\r\n\r\n\r\n\r\n<p>\u00d6zellikle pandemi d\u00f6neminde i\u015f hayat\u0131nda da daha s\u0131k kullan\u0131lmaya ba\u015flanan video g\u00f6r\u00fc\u015fmelerinde ya\u015fanan tats\u0131z kazalar\u0131 \u00f6nlemeye odaklanan ChonkerKeys, g\u00f6r\u00fcnt\u00fcl\u00fc aramalar\u0131n\u0131z\u0131 kontrol etmenin kolay ve e\u011flenceli bir yolu olarak kar\u015f\u0131n\u0131zda. \u00a0<\/p>\r\n\r\n\r\n\r\n<p><a href=\"https:\/\/bigumigu.com\/etiket\/klavye\/\" target=\"_blank\" rel=\"noreferrer noopener nofollow\">Klavyedek<\/a>i k\u0131sayol tu\u015flar\u0131n\u0131n kolay olmamas\u0131, kamera ve mikron a\u00e7ma kapama tu\u015flar\u0131n\u0131n ufak olmas\u0131, bu tip kazalar\u0131n ortaya \u00e7\u0131kmas\u0131na \u00f6n ayak oluyor. ChonkerKeys, tam da bu ama\u00e7la yola \u00e7\u0131karak fiziksel \u00f6zellikleri ve \u00f6zelle\u015ftirilebilir d\u00fc\u011fmeleriyle yenilik\u00e7i ve e\u011flenceli bir tu\u015f tak\u0131m\u0131 olarak hayata ge\u00e7irildi<\/p>\r\n\r\n\r\n\r\n<figure class=\"wp-block-image size-large\"><img width=\"1024\" height=\"576\" class=\"wp-image-7624\" src=\"https:\/\/egegen.com\/blog\/wp-content\/uploads\/2021\/10\/9.1-1024x576.jpeg\" alt=\"\" \/><\/figure>\r\n\r\n\r\n\r\n<p>Orijinal ve Max olmak \u00fczere iki farkl\u0131 tasar\u0131m\u0131 olan mekanik tu\u015f tak\u0131m\u0131n\u0131n birinde 5 tu\u015f di\u011ferinde ise 9 tu\u015f bulunuyor. Standart modelde mikrofon ve kamera a\u00e7ma\/kapama tu\u015flar\u0131, be\u011fendim emojisi, ekran payla\u015f\u0131m\u0131 tu\u015fu ve k\u0131rm\u0131z\u0131 bir \u201ctoplant\u0131dan ayr\u0131l\u201d tu\u015fu bulunuyor. Geli\u015fmi\u015f se\u00e7enekte ise kay\u0131t alma, ileri sarma, duraklat\/oynat ve yorum tu\u015flar\u0131 da ekleniyor. Bu sayede Netflix ya da YouTube gibi yay\u0131n platformlar\u0131ndaki videolar\u0131 da tek tu\u015fla kontrol etmek m\u00fcmk\u00fcn.<\/p>\r\n\r\n\r\n\r\n<p>Her ne kadar pufuduk g\u00f6r\u00fcn\u00fcml\u00fc, renkli ve \u00e7ekici olsa da bu kadar b\u00fcy\u00fck bir mekanik tu\u015f tak\u0131m\u0131n\u0131n sadece belirli i\u015flerde kullan\u0131labilecek olmas\u0131 bir eksi tabii. Dolay\u0131s\u0131yla k\u00fc\u00e7\u00fck bir masada \u00e7al\u0131\u015fanlar i\u00e7in pek kullan\u0131\u015fl\u0131 bir \u00fcr\u00fcn olmad\u0131\u011f\u0131n\u0131 da belirtmek gerekir.<\/p>\r\n\r\n\r\n\r\n<p>Kickstarter\u2019daki finansman hedefinin ba\u015far\u0131ya ula\u015fmas\u0131n\u0131n ard\u0131ndan 2022 y\u0131l\u0131n\u0131n ba\u015f\u0131ndan itibaren \u00fcr\u00fcn\u00fcn sahiplere g\u00f6nderilmesi planlan\u0131yor.<\/p>\r\n\r\n\r\n<hr class=\"wp-block-separator is-style-wide is-cnvs-separator-id-1636123252576\" \/>\r\n\r\n\r\n<p><strong>Y\u00fcksek Yenileme H\u0131z\u0131na Sahip Ekranlar\u0131 ve Daha \u0130yi Pil \u00d6mr\u00fcyle iPhone 13 Serisi<\/strong><\/p>\r\n\r\n\r\n\r\n<p>Eyl\u00fcl ay\u0131na damga vuran geli\u015fmelerinden biri de Apple\u2019\u0131n iPhone 13 serisinin tan\u0131t\u0131m\u0131 oldu. 14 Eyl\u00fcl\u2019de ger\u00e7ekle\u015fen etkinlikte geli\u015fmi\u015f kamera sistemine, y\u00fcksek pil \u00f6mr\u00fcne ve performans\u0131 art\u0131ran y\u00fcksek yenileme h\u0131z\u0131na sahip ekranlar\u0131yla iPhone 13 serisini tan\u0131t\u0131ld\u0131.<\/p>\r\n\r\n\r\n\r\n<p>14 Eyl\u00fcl\u2019de ger\u00e7ekle\u015fen\u00a0<a href=\"https:\/\/www.apple.com\/tr\/apple-events\/september-2021\/\" target=\"_blank\" rel=\"noreferrer noopener nofollow\">California Streaming<\/a>\u00a0etkinli\u011fi ile iPhone 13 serisi ba\u015fta olmak \u00fczere 9. Nesil iPad, Apple Watch Series 7 gibi yeni \u00fcr\u00fcnlerinin duyurusunu ger\u00e7ekle\u015ftirildi. Etkinli\u011fin en beklenen \u00fcr\u00fcn\u00fc hi\u00e7 ku\u015fkusuz iPhone 13 serisiydi. A15 Bionic \u00e7ipiyle gelen iPhone 13 ailesi (iPhone 13, 13 Mini, 13 Pro ve 13 Pro Max) iyile\u015ftirilmi\u015f pil \u00f6mr\u00fc, geli\u015ftirilmi\u015f kameras\u0131 ve 120 Hz ekran yenileme h\u0131z\u0131yla dikkat \u00e7ekiyor.<\/p>\r\n\r\n\r\n\r\n<figure class=\"wp-block-image size-large\"><img width=\"1024\" height=\"533\" class=\"wp-image-7625\" src=\"https:\/\/egegen.com\/blog\/wp-content\/uploads\/2021\/10\/10.1.1-1024x533.jpeg\" alt=\"\" \/><\/figure>\r\n\r\n\r\n\r\n<p>Tasar\u0131m a\u00e7\u0131s\u0131ndan bir \u00f6nceki modele (iPhone 12) \u00e7ok b\u00fcy\u00fck farklar bulunmasa da g\u00f6ze \u00e7arpan ufak de\u011fi\u015fiklikler bulunuyor. Keskin ve k\u00f6\u015feli hatlar bu sefer de \u00f6ne \u00e7\u0131karken ahize bir t\u0131k daha yukar\u0131 kayd\u0131r\u0131l\u0131yor. Bu sayede iPhone 13 daha k\u00fc\u00e7\u00fck bir \u00e7entikle (y\u00fczde 20) kar\u015f\u0131m\u0131za \u00e7\u0131k\u0131yor. Bu alanda ahize d\u0131\u015f\u0131nda \u00f6n kamera yer al\u0131yor. T\u00fcm ak\u0131ll\u0131 telefon camlar\u0131ndan daha sa\u011flam olan Ceramic Shield \u00f6n y\u00fczey bu seride de bulunuyor.<\/p>\r\n\r\n\r\n\r\n<p>Alt\u0131n, g\u00fcm\u00fc\u015f, grafit ve Sierra mavisi renk se\u00e7eneklerinin sunuldu\u011fu iPhone 13 serisinin T\u00fcrkiye sat\u0131\u015f fiyatlar\u0131 da belli oldu. iPhone 13 mini 10.999 TL\u2019den, iPhone 13 11.999 TL\u2019den, iPhone 13 Pro 15.999 TL\u2019den ve iPhone 13 Pro Max 17.999 TL\u2019den sat\u0131\u015fa sunulacak.<\/p>\r\n\r\n\r\n\r\n<figure class=\"wp-block-image size-large is-resized\"><img class=\"wp-image-7626\" src=\"https:\/\/egegen.com\/blog\/wp-content\/uploads\/2021\/10\/10.2.jpeg\" alt=\"\" width=\"679\" height=\"380\" \/><\/figure>\r\n\r\n\r\n\r\n<p>&nbsp;<\/p>\r\n","protected":false},"excerpt":{"rendered":"<p>Bir mevsim ge\u00e7i\u015fini daha geride b\u0131rak\u0131rken ay boyunca ilgimizi \u00e7eken sosyal medya g\u00fcncellemeleri, haberleri ve dijital d\u00fcnyaya dair di\u011fer t\u00fcm geli\u015fmeleri bulabilece\u011finiz Egegen Trend Raporu 47. say\u0131s\u0131 ile kar\u015f\u0131n\u0131zda! Twitter\u2019a Yeni Heads-Up \u00d6zelli\u011fi Twitter, do\u011fas\u0131 gere\u011fi fikir \u00e7arp\u0131\u015fmalar\u0131n\u0131n yo\u011fun oldu\u011fu bir mecra. Bilgi ak\u0131\u015f\u0131n\u0131n bu denli yo\u011fun ve s\u0131n\u0131rs\u0131z oldu\u011fu bir platformda zaman zaman kendimizi &hellip;<\/p>\n","protected":false},"author":20,"featured_media":7627,"comment_status":"open","ping_status":"open","sticky":false,"template":"","format":"standard","meta":[],"categories":[188],"tags":[],"_links":{"self":[{"href":"https:\/\/egegen.com\/blog\/wp-json\/wp\/v2\/posts\/7607"}],"collection":[{"href":"https:\/\/egegen.com\/blog\/wp-json\/wp\/v2\/posts"}],"about":[{"href":"https:\/\/egegen.com\/blog\/wp-json\/wp\/v2\/types\/post"}],"author":[{"embeddable":true,"href":"https:\/\/egegen.com\/blog\/wp-json\/wp\/v2\/users\/20"}],"replies":[{"embeddable":true,"href":"https:\/\/egegen.com\/blog\/wp-json\/wp\/v2\/comments?post=7607"}],"version-history":[{"count":2,"href":"https:\/\/egegen.com\/blog\/wp-json\/wp\/v2\/posts\/7607\/revisions"}],"predecessor-version":[{"id":8942,"href":"https:\/\/egegen.com\/blog\/wp-json\/wp\/v2\/posts\/7607\/revisions\/8942"}],"wp:featuredmedia":[{"embeddable":true,"href":"https:\/\/egegen.com\/blog\/wp-json\/wp\/v2\/media\/7627"}],"wp:attachment":[{"href":"https:\/\/egegen.com\/blog\/wp-json\/wp\/v2\/media?parent=7607"}],"wp:term":[{"taxonomy":"category","embeddable":true,"href":"https:\/\/egegen.com\/blog\/wp-json\/wp\/v2\/categories?post=7607"},{"taxonomy":"post_tag","embeddable":true,"href":"https:\/\/egegen.com\/blog\/wp-json\/wp\/v2\/tags?post=7607"}],"curies":[{"name":"wp","href":"https:\/\/api.w.org\/{rel}","templated":true}]}}