{"id":7291,"date":"2021-04-02T13:53:15","date_gmt":"2021-04-02T10:53:15","guid":{"rendered":"https:\/\/egegen.com\/blog\/?p=7291"},"modified":"2022-10-10T17:13:23","modified_gmt":"2022-10-10T14:13:23","slug":"egegen-trend-raporu-41-mart-2021","status":"publish","type":"post","link":"https:\/\/egegen.com\/blog\/egegen-trend-raporu-41-mart-2021\/","title":{"rendered":"egegen Trend Raporu &#8211; 41 \/ Mart 2021"},"content":{"rendered":"\r\n<p>COVID-19 salg\u0131n\u0131n\u0131n, t\u00fcm al\u0131\u015fkanl\u0131klar\u0131m\u0131z\u0131, g\u00fcnl\u00fck hayat\u0131m\u0131z\u0131, i\u015f ya\u015fant\u0131m\u0131z\u0131, uygulama kullan\u0131mlar\u0131m\u0131z\u0131 etkilemesinin \u00fczerinden 1 y\u0131l ge\u00e7ti. egegen Trend Raporu\u2019nun 41. Say\u0131s\u0131 ile bu s\u00fcre\u00e7te yeni normale g\u00f6re evrilen g\u00fcndemler, trendler, uygulama g\u00fcncellemeleri ve \u00f6nemli haberlerle sizlerleyiz\u2026<\/p>\r\n\r\n\r\n\r\n<p><strong>INSTAGRAM H\u0130KAYELER\u0130NE ALT YAZI \u00d6ZELL\u0130\u011e\u0130 GEL\u0130YOR<\/strong><\/p>\r\n\r\n\r\n\r\n<p><strong>Instagram<\/strong> <strong>Hikayeleri<\/strong>ne yeni bir \u00f6zellik daha ekleniyor. Yeni \u00f6zellikle birlikte <strong>Instagram Hikayeleri<\/strong>ne sesleri yaz\u0131ya \u00e7eviren bir <strong>alt yaz\u0131 \u00e7\u0131kartmas\u0131<\/strong> eklenecek. \u00d6zellikle <strong>pandemi<\/strong> ile birlikte <strong>sosyal medya<\/strong> uygulamalar\u0131n\u0131n kullan\u0131m\u0131n\u0131n artmas\u0131yla kullan\u0131c\u0131lar\u0131n payla\u015f\u0131mlar\u0131 da \u00e7o\u011fald\u0131. Son zamanlarda kullan\u0131c\u0131lar g\u00f6nderi payla\u015fmak yerine <strong>Hikaye<\/strong> payla\u015fmay\u0131 daha \u00e7ok tercih ediyor. Bu sebeple <strong>Instagram<\/strong>, Hikayeler i\u00e7in b\u00fcy\u00fck bir \u00f6zellik \u00fczerinde \u00e7al\u0131\u015f\u0131yor.<\/p>\r\n\r\n\r\n\r\n<figure class=\"wp-block-image size-large\"><img width=\"1024\" height=\"576\" class=\"wp-image-7294\" src=\"https:\/\/egegen.com\/blog\/wp-content\/uploads\/2021\/04\/1-INSTAGRAM-HIKAYELERINE-ALT-YAZI-OZELLIGI-GELIYOR-1024x576.jpg\" alt=\"\" \/><\/figure>\r\n\r\n\r\n\r\n<p>\u00d6zellikle birlikte test a\u015famas\u0131nda olan <strong>alt yaz\u0131 \u00e7\u0131kartmas\u0131<\/strong> Hikayelere eklenerek videodaki konu\u015fmalar <strong>otomatik olarak<\/strong> alt yaz\u0131ya aktar\u0131labilecek. Bu yeni \u00f6zellik ile i\u015fitme engeli bulunan kullan\u0131c\u0131lara verimli bir deneyim sunmak ama\u00e7lan\u0131yor.<\/p>\r\n\r\n\r\n<hr class=\"wp-block-separator is-style-wide is-cnvs-separator-id-1617359986604\" \/>\r\n\r\n\r\n<p><strong>TW\u0130TTER COVID-19 A\u015eISIYLA \u0130LG\u0130L\u0130 YANLI\u015e B\u0130LG\u0130LER\u0130 \u201cYANILTICI\u201d OLARAK ET\u0130KETLEYECEK<\/strong><\/p>\r\n\r\n\r\n\r\n<p>Pop\u00fcler sosyal medya platformu <strong>Twitter<\/strong>, <strong>COVID-19<\/strong> a\u015f\u0131lar\u0131yla ilgili <strong>yanl\u0131\u015f bilgi<\/strong>lerin yay\u0131lmas\u0131n\u0131 \u00f6nlemek amac\u0131yla <strong>yeni kurallar<\/strong>\u0131 uygulamaya koyacak. Yeni kurallar \u00e7er\u00e7evesinde \u015firket, <strong>yanl\u0131\u015f bilgi<\/strong> bar\u0131nd\u0131ran i\u00e7erikleri <strong>\u201cyan\u0131lt\u0131c\u0131\u201d<\/strong> olarak <strong>etiketleyecek<\/strong>. Ayr\u0131ca belirlenen kurallar\u0131 defalarca yok sayan hesaplar da engellenecek. Etiketlerde \u201cBu tweet yan\u0131lt\u0131c\u0131. <strong>COVID-19 a\u015f\u0131lar\u0131<\/strong>n\u0131n pek \u00e7ok i\u00e7in neden g\u00fcvenli olarak de\u011ferlendirildi\u011fini \u00f6\u011frenin\u201d ifadesi yer alacak, i\u00e7erikler retweet edilemeyecek fakat <strong>tweet<\/strong>leri al\u0131nt\u0131lamak m\u00fcmk\u00fcn olacak. Twitter, <strong>COVID-19 a\u015f\u0131lar\u0131na<\/strong> dair yanl\u0131\u015f bilgilere kar\u015f\u0131 sava\u015f a\u00e7an tek sosyal a\u011f de\u011fil. <strong>Facebook, TikTok ve YouTube<\/strong>\u2019dan sonra Twitter da bu konuda \u00f6nlem alan <strong>platform<\/strong>lar aras\u0131nda bulunacak.<\/p>\r\n\r\n\r\n\r\n<figure class=\"wp-block-image size-large\"><img width=\"750\" height=\"505\" class=\"wp-image-7295\" src=\"https:\/\/egegen.com\/blog\/wp-content\/uploads\/2021\/04\/2-TWITTER-COVID19-ILE-ILGILI-YANLIS-BILGILERI.jpg\" alt=\"\" \/><\/figure>\r\n\r\n\r\n<hr class=\"wp-block-separator aligncenter is-style-wide is-cnvs-separator-id-1617360029817\" \/>\r\n\r\n\r\n<p><strong>WHATSAPP&#8217;A KEND\u0130 KEND\u0130NE KAYBOLAN FOTO\u011eRAF \u00d6ZELL\u0130\u011e\u0130 GEL\u0130YOR<\/strong><\/p>\r\n\r\n\r\n\r\n<p>G\u00fcndemden d\u00fc\u015fmeyen <strong>WhatsApp<\/strong>, yeni \u00f6zellikler \u00fczerinde \u00e7al\u0131\u015fmaya devam ediyor. <strong>Test edilen<\/strong> \u00f6zellik ile <strong>foto\u011fraflar kendi kendine kaybolabilecek<\/strong>. Yani kullan\u0131c\u0131lar, sohbet sayfas\u0131ndan \u00e7\u0131k\u0131ld\u0131\u011f\u0131 an kaybolacak foto\u011fraflar g\u00f6nderebilecekler. Foto\u011fraf g\u00f6nderme sayfas\u0131nda bir <strong>buton<\/strong> yer alacak ve bu butona dokunan kullan\u0131c\u0131lar, <strong>kaybolan foto\u011fraf \u00f6zelli\u011fi<\/strong>ni aktif edebilecekler. Bir s\u00fcre \u00f6nce yayg\u0131nla\u015fmaya ba\u015flayan &#8220;kendi kendini yok eden mesajlar&#8221; gibi art\u0131k &#8220;kendi kendini yok eden foto\u011fraflar&#8221; da hayat\u0131m\u0131za dahil olacak.<\/p>\r\n\r\n\r\n\r\n<figure class=\"wp-block-image size-large\"><img width=\"788\" height=\"443\" class=\"wp-image-7296\" src=\"https:\/\/egegen.com\/blog\/wp-content\/uploads\/2021\/04\/3-WHATSAPPA-KENDI-KENDINE-KAYBOLAN-FOTOGRAF-OZELLIGI-GELIYOR.jpg\" alt=\"\" \/><\/figure>\r\n\r\n\r\n\r\n<p><strong>Kaybolan foto\u011fraf \u00f6zelli\u011fi<\/strong>nin dezavantaj\u0131 ise kullan\u0131c\u0131lar\u0131n g\u00f6nderilen foto\u011fraf\u0131 ekran g\u00f6r\u00fcnt\u00fcs\u00fcn\u00fc alarak telefonlara kaydedebilecek olmas\u0131. <strong>WhatsApp<\/strong> ise bunun \u00f6n\u00fcne nas\u0131l ge\u00e7ece\u011fi hakk\u0131nda hen\u00fcz bir bilgi payla\u015fmad\u0131.<\/p>\r\n\r\n\r\n<hr class=\"wp-block-separator aligncenter is-style-wide is-cnvs-separator-id-1617360074462\" \/>\r\n\r\n\r\n<p><strong>TW\u0130TTER ANA AKI\u015eINDA G\u00d6RSEL\u0130 KIRPMAYACAK<\/strong><\/p>\r\n\r\n\r\n\r\n<p><strong>Twitter<\/strong>&#8216;\u0131n ana ak\u0131\u015ftaki g\u00f6rselleri k\u0131rpma sistemi, yap\u0131lacak yeni d\u00fczenlemeyle birlikte ortadan kalkacak. Art\u0131k ana ak\u0131\u015ftaki <strong>tweet <\/strong>g\u00f6rselleri sa\u011fdan soldan veya \u00fcstten alttan k\u0131rp\u0131lmayacak ve kullan\u0131c\u0131lar\u0131n kar\u015f\u0131s\u0131na <strong>foto\u011fraf<\/strong> tam boyutunda g\u00f6z\u00fckecek. \u015eu an <strong>Twitter<\/strong>\u2019a y\u00fcklenen ve g\u00f6r\u00fcnt\u00fc oran\u0131 <strong>16:9<\/strong> olmayan t\u00fcm foto\u011fraflar k\u0131rp\u0131l\u0131yor. \u00d6zellikle son y\u0131llarda \u00e7ok fazla ele\u015ftiri alan bu sistem daha \u00f6nceden de beyaz tenli insanlar\u0131 siyahi insanlara g\u00f6re daha fazla \u00f6ne \u00e7\u0131kard\u0131\u011f\u0131 i\u00e7in tepki alm\u0131\u015ft\u0131.<\/p>\r\n\r\n\r\n\r\n<figure class=\"wp-block-image size-large\"><img width=\"970\" height=\"648\" class=\"wp-image-7297\" src=\"https:\/\/egegen.com\/blog\/wp-content\/uploads\/2021\/04\/4-TWITTER-ANA-AKISINDA-GORSELI-KIRPMAYACAK.jpg\" alt=\"\" \/><\/figure>\r\n\r\n\r\n\r\n<p><strong>Twitter<\/strong>\u2019\u0131n tasar\u0131m ekibinin ba\u015f\u0131ndaki isim olan Dantley Davis \u015fu \u015fekilde a\u00e7\u0131klamada bulundu:<\/p>\r\n\r\n\r\n\r\n<p>\u201cBu <strong>test<\/strong>le yeni yakla\u015f\u0131m\u0131m\u0131z\u0131n daha iyi olup olmad\u0131\u011f\u0131n\u0131 g\u00f6rmeyi ama\u00e7l\u0131yoruz. Ayr\u0131ca resimli <strong>tweet<\/strong>lerde <strong>\u2018g\u00f6rd\u00fc\u011f\u00fcn\u00fcz anlad\u0131\u011f\u0131n\u0131zd\u0131r\u2019<\/strong> deneyimini sa\u011flamak i\u00e7in yapmam\u0131z gereken de\u011fi\u015fiklikleri \u00f6\u011frenmeyi istiyoruz.\u201d<\/p>\r\n\r\n\r\n<hr class=\"wp-block-separator aligncenter is-style-wide is-cnvs-separator-id-1617360090165\" \/>\r\n\r\n\r\n<p><strong>INSTAGRAM YORUMLARINA MESAJ \u00d6ZELL\u0130\u011e\u0130 GEL\u0130YOR<\/strong><\/p>\r\n\r\n\r\n\r\n<p><strong>Instagram<\/strong>, test a\u015famas\u0131nda olan bu \u00f6zellik ile kullan\u0131c\u0131lar\u0131n bir g\u00f6nderiye yorum yaparak <strong>do\u011frudan mesaj g\u00f6nderme<\/strong>lerine olanak tan\u0131yacak. G\u00f6nderilere yap\u0131lan <strong>yorum<\/strong>lar\u0131 <strong>be\u011fenme<\/strong> ve <strong>yan\u0131tlama <\/strong>\u00f6zelli\u011fine hali haz\u0131rda sahip olan kullan\u0131c\u0131lar yeni bir sekmede <strong>mesaj butonu<\/strong>nu da g\u00f6rmeye ba\u015flayacaklar. Bu sayede yap\u0131lan bir yoruma yan\u0131t vermek isteyen ve bunu herkesin g\u00f6rmesini istemeyen kullan\u0131c\u0131lar do\u011frudan <strong>DM <\/strong>\u00fczerinden <strong>yorum<\/strong> sahibiyle h\u0131zl\u0131ca ileti\u015fime ge\u00e7ebilecek.<\/p>\r\n\r\n\r\n\r\n<figure class=\"wp-block-image size-large\"><img width=\"1000\" height=\"552\" class=\"wp-image-7298\" src=\"https:\/\/egegen.com\/blog\/wp-content\/uploads\/2021\/04\/5-INSTAGRAM-YORUMLARINA-MESAJ-OZELLIGI-GELIYOR.jpg\" alt=\"\" \/><\/figure>\r\n\r\n\r\n\r\n<p>Gelen yoruma kar\u015f\u0131l\u0131k verildi\u011finde kullan\u0131c\u0131lar \u201cS\u00f6z konusu kullan\u0131c\u0131 ad\u0131 ile ilgili bir yoruma yan\u0131t verdiniz.\u201d uyar\u0131s\u0131 ile kar\u015f\u0131la\u015facak. Bu \u015fekilde bir ba\u015fkas\u0131na <strong>yorum <\/strong>yap\u0131ld\u0131\u011f\u0131nda, di\u011fer kullan\u0131c\u0131ya yan\u0131t bir mesajla bildirilecek ve di\u011fer kullan\u0131c\u0131 yine <strong>DM<\/strong> arac\u0131l\u0131\u011f\u0131yla yan\u0131t verebilecek.<\/p>\r\n\r\n\r\n<hr class=\"wp-block-separator aligncenter is-style-wide is-cnvs-separator-id-1617360098752\" \/>\r\n\r\n\r\n<p><strong>GOOGLE EARTH MOB\u0130L\u2019E YEN\u0130 \u00d6ZELL\u0130K: ZAMAN MAK\u0130NES\u0130<\/strong><\/p>\r\n\r\n\r\n\r\n<p><strong>Google Earth<\/strong>, mobil s\u00fcr\u00fcm\u00fcne bir <strong>zaman makinesi<\/strong> \u00f6zelli\u011fini getirmek i\u00e7in \u00e7al\u0131\u015fmalara ba\u015flad\u0131. Kullan\u0131c\u0131lar\u0131na <strong>mobil cihazlar<\/strong>da da <strong>web s\u00fcr\u00fcm\u00fc<\/strong>ndeki \u00f6zelliklerden biri olan zaman\u0131 geri alma ve ge\u00e7mi\u015f y\u0131llar\u0131n uydu g\u00f6r\u00fcnt\u00fclerini kontrol etme se\u00e7ene\u011fini sunacak. \u00d6zellik sayesinde kullan\u0131c\u0131lar d\u00fcnyan\u0131n herhangi bir yerindeki b\u00f6lgenin ge\u00e7mi\u015fte \u00e7ekilmi\u015f uydu g\u00f6r\u00fcnt\u00fclerine de g\u00f6z atabilecek.<\/p>\r\n\r\n\r\n\r\n<figure class=\"wp-block-image size-large\"><img width=\"728\" height=\"410\" class=\"wp-image-7299\" src=\"https:\/\/egegen.com\/blog\/wp-content\/uploads\/2021\/04\/6-GOOGLE-EARTH-MOBIL-YENI-OZELLIK-ZAMAN-MAKINESI.jpg\" alt=\"\" \/><\/figure>\r\n\r\n\r\n\r\n<p>Ge\u00e7mi\u015f y\u0131llarda \u00e7ekilen <strong>uydu g\u00f6r\u00fcnt\u00fcleri<\/strong>ni dahi kalite d\u00fc\u015f\u00fck olmas\u0131na ra\u011fmen incelenebilece\u011fi de belirtiliyor. <strong>Google Earth<\/strong>\u2019\u00fc s\u00fcrekli olarak g\u00fcncelleyen <strong>Google<\/strong>, eski g\u00f6r\u00fcnt\u00fcleri silmeyerek geriye d\u00f6n\u00fck bir inceleme yap\u0131lmas\u0131na izin veriyor. Hatta zaman makinesi \u00f6zelli\u011finde <strong>\u201ctime lapse\u201d<\/strong> g\u00f6sterimi de bulunuyor ve b\u00f6lgedeki de\u011fi\u015fim g\u00f6zlemlenebiliyor.<\/p>\r\n\r\n\r\n<hr class=\"wp-block-separator aligncenter is-style-wide is-cnvs-separator-id-1617360110258\" \/>\r\n\r\n\r\n<p><strong>NEFES ALMANIN GELECE\u011e\u0130: NOSY<\/strong><\/p>\r\n\r\n\r\n\r\n<p>\u201cD\u00fcnyan\u0131n temiz hava solumas\u0131na yard\u0131mc\u0131 olmak i\u00e7in\u201d tasarlanan <strong>Nosy<\/strong> adl\u0131 hava filtresi, solunum sistemi i\u00e7in hem <strong>konforlu<\/strong> hem de <strong>s\u00fcrd\u00fcr\u00fclebilir<\/strong> olan, <strong>etkili koruma<\/strong> sa\u011flayan giyilebilir bir <strong>teknoloji.<\/strong><\/p>\r\n\r\n\r\n\r\n<figure class=\"wp-block-image size-large\"><img width=\"1024\" height=\"536\" class=\"wp-image-7300\" src=\"https:\/\/egegen.com\/blog\/wp-content\/uploads\/2021\/04\/7-NEFES-ALMANIN-GELECEGINOSY-1024x536.jpg\" alt=\"\" \/><\/figure>\r\n\r\n\r\n\r\n<p>Kullan\u0131c\u0131y\u0131 hava kirlili\u011finden koruma amac\u0131yla tasarlanan <strong>Nosy<\/strong>, hava kirlili\u011finin beraberinde getirdi\u011fi fel\u00e7, akci\u011fer kanseri, kalp hastal\u0131\u011f\u0131, kronik solunum yolu hastal\u0131klar\u0131 riskini de azaltmak istiyor. T\u00fcm y\u00fcz\u00fc kaplayan bir maske yerine daha <strong>konforlu bir tasar\u0131m<\/strong> olarak sadece buruna tak\u0131lmas\u0131yla fark yaratan <strong>hava filtresi,<\/strong> kullan\u0131c\u0131lar\u0131na <strong>dikkat \u00e7ekici<\/strong> bir g\u00f6r\u00fcnt\u00fc de kazand\u0131r\u0131yor. Filtreleri 100 saate kadar dayan\u0131kl\u0131 olan <strong>Nosy<\/strong>\u2019nin daha hijyenik bir kullan\u0131m i\u00e7in filtrelerin haftada en az bir kez de\u011fi\u015ftirilmesini \u00f6neriliyor.<\/p>\r\n\r\n\r\n<hr class=\"wp-block-separator aligncenter is-style-wide is-cnvs-separator-id-1617360118508\" \/>\r\n\r\n\r\n<p><strong>YOUTUBE V\u0130DEOLARIN ALTINDAK\u0130 BE\u011eENMEME SAYISINI G\u0130ZLEYECEK<\/strong><\/p>\r\n\r\n\r\n\r\n<p><strong>YouTube<\/strong>, kullan\u0131c\u0131lar\u0131n videolar\u0131ndaki b<strong>e\u011fenmeme say\u0131s\u0131<\/strong>n\u0131 gizlemeye haz\u0131rlan\u0131yor. <strong>\u015eirket<\/strong>, i\u00e7erik olu\u015fturucular\u0131n\u0131 bu tarz olumsuzluklardan korumak ad\u0131na b\u00f6yle bir \u00f6zelli\u011fi test edece\u011fini a\u00e7\u0131klad\u0131.<\/p>\r\n\r\n\r\n\r\n<figure class=\"wp-block-image size-large\"><img width=\"600\" height=\"338\" class=\"wp-image-7301\" src=\"https:\/\/egegen.com\/blog\/wp-content\/uploads\/2021\/04\/8-YOUTUBE-VIDEOLARIN-ALTINDAKI-BEGENMEME-SAYISINI-GIZLEYECEK.jpg\" alt=\"\" \/><\/figure>\r\n\r\n\r\n\r\n<p><strong>Test a\u015famas\u0131<\/strong>ndan sonraki yeni <strong>YouTube<\/strong> d\u00fczeninde videolar\u0131n ka\u00e7 be\u011feni ald\u0131\u011f\u0131 g\u00f6sterilirken, ka\u00e7 <strong>kullan\u0131c\u0131 <\/strong>taraf\u0131ndan be\u011fenilmedi\u011fi g\u00f6sterilmeyecek. Fakat bu durum kullan\u0131c\u0131lar\u0131n bir videoyu be\u011fenmemelerini engellemeyecek. Videolar\u0131 y\u00fckleyenler, <strong>YouTube Studio<\/strong> \u00fczerinde videolar\u0131na gelen be\u011fenme ve be\u011fenmeme say\u0131lar\u0131n\u0131n oranlar\u0131n\u0131 g\u00f6rmeye devam edebilecekler. <strong>\u015eirket<\/strong>, b\u00f6yle bir \u00f6zelli\u011fi test etmesinin sebebine &#8220;<strong>\u0130\u00e7erik olu\u015fturucular\u0131<\/strong>n\u0131n be\u011fenmeme kampanyalar\u0131 hakk\u0131ndaki geri bildirimlerine yan\u0131t&#8221; \u015feklinde yan\u0131t verdi.<\/p>\r\n\r\n\r\n<hr class=\"wp-block-separator aligncenter is-style-wide is-cnvs-separator-id-1617360131563\" \/>\r\n\r\n\r\n<p><strong>APPLE HAR\u0130TALAR&#8217;DA GER\u00c7EK ZAMANLI KALABALIK TESP\u0130T\u0130 YAPILAB\u0130LECEK<\/strong><\/p>\r\n\r\n\r\n\r\n<p><strong>iOS 14.5<\/strong> ile <strong>Apple Haritalar<\/strong> \u00fczerinde yepyeni bir \u00f6zellik aktif edece\u011fi a\u00e7\u0131kland\u0131. <strong>COVID-19<\/strong> pandemisinin d\u00fcnyay\u0131 etkisi alt\u0131na almas\u0131 <strong>Apple<\/strong> ekibinin <strong>Haritalar<\/strong> i\u00e7in yeni bir g\u00fcncellemeye gitmesine sebep oldu.<\/p>\r\n\r\n\r\n\r\n<figure class=\"wp-block-image size-large\"><img width=\"740\" height=\"418\" class=\"wp-image-7302\" src=\"https:\/\/egegen.com\/blog\/wp-content\/uploads\/2021\/04\/9-APPLE-HARITALARDA-GERCEK-ZAMANLI-KALABALIK-TESPITI-YAPILABILECEK.jpg\" alt=\"\" \/><\/figure>\r\n\r\n\r\n\r\n<p><strong>\u0130\u015fletmelerin, parklar\u0131n, a\u00e7\u0131k\/kapal\u0131 alanlar\u0131n<\/strong> ne kadar kalabal\u0131k oldu\u011funu kullan\u0131c\u0131lar rahat\u00e7a g\u00f6rerek bu noktalara gidip gitmeme karar\u0131n\u0131 verebilecek. Bununla birlikte <strong>Apple Haritalar<\/strong>\u2019da bu alanlar\u0131n g\u00fcn\u00fcn hangi saatlerinde ne kadar yo\u011fun oldu\u011fu konusunda genel bir grafik de g\u00f6r\u00fclebilecek. <strong>Kullan\u0131c\u0131lar<\/strong>, uygulamaya giri\u015f yapt\u0131ktan sonra ekran\u0131 yukar\u0131 kayd\u0131rd\u0131klar\u0131nda <strong>yeni s\u00fcr\u00fcm<\/strong> ile birlikte yeni bir men\u00fc ile de kar\u015f\u0131la\u015facaklar. Yeni s\u00fcr\u00fcmden sonra gelen g\u00fcncelleme ile Haritalar <strong>Siri<\/strong>\u2019yle entegreli olarak \u00e7al\u0131\u015facak ve kullan\u0131c\u0131 sadece sesini kullanarak da bildirimde bulunabilecek.<\/p>\r\n\r\n\r\n<hr class=\"wp-block-separator is-style-wide is-cnvs-separator-id-1617360138854\" \/>\r\n\r\n\r\n<p><strong>UZUN S\u00dcREL\u0130 FERAHLIK SA\u011eLAYAN MASKE \u00c7IKARTMALARI<\/strong><\/p>\r\n\r\n\r\n\r\n<p>Rahat nefes alamama hissine sahip olanlar\u0131 ferahlatacak <strong>kokulu \u00e7\u0131kartmalar<\/strong> piyasaya s\u00fcr\u00fcld\u00fc! <strong>Officine Universelle Buly<\/strong> adl\u0131 marka okalipt\u00fcs, limon ve nane ferahl\u0131\u011f\u0131 veren kokulu \u00e7\u0131kartmalar ile <strong>maske <\/strong>kullan\u0131c\u0131lar\u0131n\u0131 rahatlatacak. Uzun s\u00fcreli ferahl\u0131k sa\u011flayan <strong>\u00e7\u0131kartmalar<\/strong> her t\u00fcr <strong>maske<\/strong>de kullan\u0131labiliyor. <strong>Maske<\/strong>nin t\u00fcr\u00fcne ve kullan\u0131m s\u0131ras\u0131ndaki ko\u015fullara ba\u011fl\u0131 olarak alt\u0131 saate kadar da etkisini s\u00fcrd\u00fcrebilen \u00e7\u0131kartmalar <strong>hijyen<\/strong> a\u00e7\u0131s\u0131ndan tek kullan\u0131ma uygun. Biyolojik olarak par\u00e7alanabilir yap\u0131da olduklar\u0131ndan da \u00e7evre i\u00e7in bir tehlike yaratm\u0131yorlar.<\/p>\r\n\r\n\r\n\r\n<figure class=\"wp-block-image size-large\"><img width=\"1024\" height=\"536\" class=\"wp-image-7303\" src=\"https:\/\/egegen.com\/blog\/wp-content\/uploads\/2021\/04\/10-UZUN-SURELI-FERAHLIK-SAGLAYAN-MASKE-CIKARTMALARI-1024x536.jpg\" alt=\"\" \/><\/figure>\r\n\r\n\r\n<hr class=\"wp-block-separator is-style-wide is-cnvs-separator-id-1617360148256\" \/>\r\n\r\n\r\n<p><strong>B\u0130ZDEN HABERLER<\/strong><\/p>\r\n\r\n\r\n\r\n<p>Bu y\u0131l g\u00fczel \u015feyler de olmuyor de\u011fil! Sevgili<strong> Ajans Ba\u015fkan\u0131m\u0131z Ali Atay<\/strong> T\u00fcrkiye\u2019nin sekt\u00f6rdeki ilk ve tek gelenekselle\u015fmi\u015f ba\u011f\u0131ms\u0131z organizasyonu <strong>Alt\u0131n \u00d6r\u00fcmcek \u00d6d\u00fclleri<\/strong>\u2019nde bu y\u0131l\u0131n j\u00fcrileri aras\u0131ndaki yerini ald\u0131! Gurur duyuyor, g\u00fcn ge\u00e7tik\u00e7e birlikte daha \u00e7ok g\u00fc\u00e7leniyoruz.<\/p>\r\n\r\n\r\n\r\n<p><strong>Ho\u015f geldin Abal\u0131m Yem!<\/strong><\/p>\r\n\r\n\r\n\r\n<p>Herkes mutlaka bir g\u00fcn do\u011fal ya\u015fama ge\u00e7ece\u011fi g\u00fcn\u00fcn hayalini kurar\u2026 Biz onlara gitmenin hayalini kurarken, onlar geldi ve bize yerle\u015ftiler bile. T\u00fcrkiye\u2019nin En B\u00fcy\u00fck Yem \u00dcreticisi Art\u0131k Bizimle&#8230;<\/p>\r\n\r\n\r\n\r\n<p>Bu s\u00fcre\u00e7 i\u00e7erisinde Abal\u0131 Yem\u2019in dijital t\u00fcm i\u015fleri bize emanet!<\/p>\r\n\r\n\r\n\r\n<blockquote class=\"instagram-media\" style=\"background: #FFF; border: 0; border-radius: 3px; box-shadow: 0 0 1px 0 rgba(0,0,0,0.5),0 1px 10px 0 rgba(0,0,0,0.15); margin: 1px; max-width: 540px; min-width: 326px; padding: 0; width: calc(100% - 2px);\" data-instgrm-captioned=\"\" data-instgrm-permalink=\"https:\/\/www.instagram.com\/p\/CMm1N6tlWUQ\/?utm_source=ig_embed&amp;utm_campaign=loading\" data-instgrm-version=\"13\">\r\n<div style=\"padding: 16px;\">\r\n<div style=\"display: flex; flex-direction: row; align-items: center;\">\r\n<div style=\"background-color: #f4f4f4; border-radius: 50%; flex-grow: 0; height: 40px; margin-right: 14px; width: 40px;\">\u00a0<\/div>\r\n<div style=\"display: flex; flex-direction: column; flex-grow: 1; justify-content: center;\">\r\n<div style=\"background-color: #f4f4f4; border-radius: 4px; flex-grow: 0; height: 14px; margin-bottom: 6px; width: 100px;\">\u00a0<\/div>\r\n<div style=\"background-color: #f4f4f4; border-radius: 4px; flex-grow: 0; height: 14px; width: 60px;\">\u00a0<\/div>\r\n<\/div>\r\n<\/div>\r\n<div style=\"padding: 19% 0;\">\u00a0<\/div>\r\n<div style=\"display: block; height: 50px; margin: 0 auto 12px; width: 50px;\">\u00a0<\/div>\r\n<div style=\"padding-top: 8px;\">\r\n<div style=\"color: #3897f0; font-family: Arial,sans-serif; font-size: 14px; font-style: normal; font-weight: 550; line-height: 18px;\">Bu g\u00f6nderiyi Instagram&#8217;da g\u00f6r<\/div>\r\n<\/div>\r\n<div style=\"padding: 12.5% 0;\">\u00a0<\/div>\r\n<div style=\"display: flex; flex-direction: row; margin-bottom: 14px; align-items: center;\">\r\n<div>\r\n<div style=\"background-color: #f4f4f4; border-radius: 50%; height: 12.5px; width: 12.5px; transform: translateX(0px) translateY(7px);\">\u00a0<\/div>\r\n<div style=\"background-color: #f4f4f4; height: 12.5px; transform: rotate(-45deg) translateX(3px) translateY(1px); width: 12.5px; flex-grow: 0; margin-right: 14px; margin-left: 2px;\">\u00a0<\/div>\r\n<div style=\"background-color: #f4f4f4; border-radius: 50%; height: 12.5px; width: 12.5px; transform: translateX(9px) translateY(-18px);\">\u00a0<\/div>\r\n<\/div>\r\n<div style=\"margin-left: 8px;\">\r\n<div style=\"background-color: #f4f4f4; border-radius: 50%; flex-grow: 0; height: 20px; width: 20px;\">\u00a0<\/div>\r\n<div style=\"width: 0; height: 0; border-top: 2px solid transparent; border-left: 6px solid #f4f4f4; border-bottom: 2px solid transparent; transform: translateX(16px) translateY(-4px) rotate(30deg);\">\u00a0<\/div>\r\n<\/div>\r\n<div style=\"margin-left: auto;\">\r\n<div style=\"width: 0px; border-top: 8px solid #F4F4F4; border-right: 8px solid transparent; transform: translateY(16px);\">\u00a0<\/div>\r\n<div style=\"background-color: #f4f4f4; flex-grow: 0; height: 12px; width: 16px; transform: translateY(-4px);\">\u00a0<\/div>\r\n<div style=\"width: 0; height: 0; border-top: 8px solid #F4F4F4; border-left: 8px solid transparent; transform: translateY(-4px) translateX(8px);\">\u00a0<\/div>\r\n<\/div>\r\n<\/div>\r\n<div style=\"display: flex; flex-direction: column; flex-grow: 1; justify-content: center; margin-bottom: 24px;\">\r\n<div style=\"background-color: #f4f4f4; border-radius: 4px; flex-grow: 0; height: 14px; margin-bottom: 6px; width: 224px;\">\u00a0<\/div>\r\n<div style=\"background-color: #f4f4f4; border-radius: 4px; flex-grow: 0; height: 14px; width: 144px;\">\u00a0<\/div>\r\n<\/div>\r\n<p style=\"color: #c9c8cd; font-family: Arial,sans-serif; font-size: 14px; line-height: 17px; margin-bottom: 0; margin-top: 8px; overflow: hidden; padding: 8px 0 7px; text-align: center; text-overflow: ellipsis; white-space: nowrap;\"><a style=\"color: #c9c8cd; font-family: Arial,sans-serif; font-size: 14px; font-style: normal; font-weight: normal; line-height: 17px; text-decoration: none;\" href=\"https:\/\/www.instagram.com\/p\/CK6cnv-AWVl\/?utm_source=ig_embed&amp;utm_campaign=loading\" target=\"_blank\" rel=\"noopener\">egegen (@egegen)&#8217;in payla\u015ft\u0131\u011f\u0131 bir g\u00f6nderi<\/a><\/p>\r\n<\/div>\r\n<\/blockquote>\r\n<p><script async=\"\" src=\"\/\/www.instagram.com\/embed.js\"><\/script><\/p>\r\n\r\n\r\n\r\n<p>Abal\u0131 Yem\u2019in hesaplar\u0131n\u0131 takip etmeyi unutmay\u0131n.<\/p>\r\n\r\n\r\n\r\n<p><a href=\"https:\/\/www.facebook.com\/abalimyem\" target=\"_blank\" rel=\"noreferrer noopener nofollow\">Abal\u0131m Yem Facebook<\/a><\/p>\r\n\r\n\r\n\r\n<p><a href=\"https:\/\/www.instagram.com\/abalimyem\/\" target=\"_blank\" rel=\"noreferrer noopener nofollow\">Abal\u0131m Yem Instagram<\/a><\/p>\r\n\r\n\r\n\r\n<figure class=\"wp-block-embed is-type-rich is-provider-twitter wp-block-embed-twitter\">\r\n<div class=\"wp-block-embed__wrapper\">https:\/\/twitter.com\/abalimyem<\/div>\r\n<\/figure>\r\n","protected":false},"excerpt":{"rendered":"<p>COVID-19 salg\u0131n\u0131n\u0131n, t\u00fcm al\u0131\u015fkanl\u0131klar\u0131m\u0131z\u0131, g\u00fcnl\u00fck hayat\u0131m\u0131z\u0131, i\u015f ya\u015fant\u0131m\u0131z\u0131, uygulama kullan\u0131mlar\u0131m\u0131z\u0131 etkilemesinin \u00fczerinden 1 y\u0131l ge\u00e7ti. egegen Trend Raporu\u2019nun 41. Say\u0131s\u0131 ile bu s\u00fcre\u00e7te yeni normale g\u00f6re evrilen g\u00fcndemler, trendler, uygulama g\u00fcncellemeleri ve \u00f6nemli haberlerle sizlerleyiz\u2026 INSTAGRAM H\u0130KAYELER\u0130NE ALT YAZI \u00d6ZELL\u0130\u011e\u0130 GEL\u0130YOR Instagram Hikayelerine yeni bir \u00f6zellik daha ekleniyor. Yeni \u00f6zellikle birlikte Instagram Hikayelerine sesleri yaz\u0131ya &hellip;<\/p>\n","protected":false},"author":20,"featured_media":7304,"comment_status":"open","ping_status":"open","sticky":false,"template":"","format":"standard","meta":[],"categories":[188],"tags":[],"_links":{"self":[{"href":"https:\/\/egegen.com\/blog\/wp-json\/wp\/v2\/posts\/7291"}],"collection":[{"href":"https:\/\/egegen.com\/blog\/wp-json\/wp\/v2\/posts"}],"about":[{"href":"https:\/\/egegen.com\/blog\/wp-json\/wp\/v2\/types\/post"}],"author":[{"embeddable":true,"href":"https:\/\/egegen.com\/blog\/wp-json\/wp\/v2\/users\/20"}],"replies":[{"embeddable":true,"href":"https:\/\/egegen.com\/blog\/wp-json\/wp\/v2\/comments?post=7291"}],"version-history":[{"count":2,"href":"https:\/\/egegen.com\/blog\/wp-json\/wp\/v2\/posts\/7291\/revisions"}],"predecessor-version":[{"id":8936,"href":"https:\/\/egegen.com\/blog\/wp-json\/wp\/v2\/posts\/7291\/revisions\/8936"}],"wp:featuredmedia":[{"embeddable":true,"href":"https:\/\/egegen.com\/blog\/wp-json\/wp\/v2\/media\/7304"}],"wp:attachment":[{"href":"https:\/\/egegen.com\/blog\/wp-json\/wp\/v2\/media?parent=7291"}],"wp:term":[{"taxonomy":"category","embeddable":true,"href":"https:\/\/egegen.com\/blog\/wp-json\/wp\/v2\/categories?post=7291"},{"taxonomy":"post_tag","embeddable":true,"href":"https:\/\/egegen.com\/blog\/wp-json\/wp\/v2\/tags?post=7291"}],"curies":[{"name":"wp","href":"https:\/\/api.w.org\/{rel}","templated":true}]}}