{"id":7185,"date":"2021-03-05T14:29:36","date_gmt":"2021-03-05T11:29:36","guid":{"rendered":"https:\/\/egegen.com\/blog\/?p=7185"},"modified":"2022-10-10T17:12:47","modified_gmt":"2022-10-10T14:12:47","slug":"egegen-trend-raporu-40-subat-2021","status":"publish","type":"post","link":"https:\/\/egegen.com\/blog\/egegen-trend-raporu-40-subat-2021\/","title":{"rendered":"egegen Trend Raporu &#8211; 40 \/ \u015eubat 2021"},"content":{"rendered":"\r\n<p><strong>Geride b\u0131rakt\u0131\u011f\u0131m\u0131z \u015fubat ay\u0131nda ya\u015fanan \u00f6nemli dijital geli\u015fmeleri, uygulama g\u00fcncellemeleri ve trend takibinin yan\u0131 s\u0131ra ilgi \u00e7ekici konular ile sizlere ilham vermek \u00fczere haz\u0131rlanan i\u00e7eriklerimizle kar\u015f\u0131n\u0131zday\u0131z\u2026<\/strong><\/p>\r\n\r\n\r\n\r\n<p><strong>ZOOM\u2019A ALTYAZI \u00d6ZELL\u0130\u011e\u0130 GEL\u0130YOR!<\/strong><\/p>\r\n\r\n\r\n\r\n<p>2020 y\u0131l\u0131ndan beri indirme rekorlar\u0131 k\u0131ran video konferans uygulamas\u0131 <strong>Zoom<\/strong>, 2021\u2019in sonbahar\u0131na kadar t\u00fcm kullan\u0131c\u0131lar\u0131 i\u00e7in <strong>otomatik altyaz\u0131 \u00f6zelli\u011fi<\/strong>ni sunaca\u011f\u0131n\u0131 duyurdu.<\/p>\r\n\r\n\r\n\r\n<figure class=\"wp-block-image size-large\"><img width=\"1024\" height=\"640\" class=\"wp-image-7174\" src=\"https:\/\/egegen.com\/blog\/wp-content\/uploads\/2021\/03\/1-ZOOMA-ALTYAZI-OZELLIGI-GELIYOR-1024x640.jpg\" alt=\"\" \/><\/figure>\r\n\r\n\r\n\r\n<p><strong>G\u00f6r\u00fcnt\u00fcl\u00fc g\u00f6r\u00fc\u015fme<\/strong>ler s\u0131ras\u0131nda canl\u0131 transkripsiyonlara ihtiya\u00e7 duyan kullan\u0131c\u0131lar\u0131na <strong>\u00fccretsiz olarak<\/strong> yard\u0131mc\u0131 olmak amac\u0131yla hala <strong>test edilen<\/strong> bu \u00f6zellik \u015fimdilik sadece \u00fccretli hesap sahipleri taraf\u0131ndan eri\u015filebilir durumda. Ancak <strong>Zoom<\/strong>, bu \u00f6zelli\u011fi <strong>t\u00fcm kullan\u0131c\u0131lara<\/strong> sonbahara kadar a\u00e7aca\u011f\u0131n\u0131 duyurdu.<\/p>\r\n\r\n\r\n\r\n<p>\u015eirketin kapal\u0131 altyaz\u0131 SSS\u2018lerine g\u00f6re \u00f6zellik, toplant\u0131 sahibi taraf\u0131ndan etkinle\u015ftirilebilecek ve di\u011fer t\u00fcm kat\u0131l\u0131mc\u0131lar taraf\u0131ndan g\u00f6r\u00fcnt\u00fclenebilecek. \u00d6zelli\u011fin \u015fu anda yaln\u0131zca <strong>\u0130ngilizce<\/strong> altyaz\u0131y\u0131 destekledi\u011fi s\u00f6yleniyor.<\/p>\r\n\r\n\r\n<hr class=\"wp-block-separator aligncenter is-style-wide is-cnvs-separator-id-1614943822758\" \/>\r\n\r\n\r\n<p><strong>SPOTIFY BE\u011eEN\u0130LEN \u015eARKILARI RUH HAL\u0130N\u0130ZE G\u00d6RE F\u0130LTRELEYECEK<\/strong><\/p>\r\n\r\n\r\n\r\n<p>Pop\u00fcler dijital m\u00fczik platformu <strong>Spotify<\/strong>, kullan\u0131c\u0131lar\u0131n be\u011fendikleri \u015fark\u0131lar\u0131 <strong>t\u00fcr<\/strong>e veya <strong>ruh hali<\/strong>ne g\u00f6re \u00e7alacak yeni bir \u00f6zelli\u011fi test ediyor.<\/p>\r\n\r\n\r\n\r\n<figure class=\"wp-block-image size-large\"><img width=\"696\" height=\"464\" class=\"wp-image-7175\" src=\"https:\/\/egegen.com\/blog\/wp-content\/uploads\/2021\/03\/2-SPOTIFY-BEGENILEN-SARKILARI-RUH-HALINIZE-GORE-FILTRELEYECEK.jpg\" alt=\"\" \/><\/figure>\r\n\r\n\r\n\r\n<p>Platformun sundu\u011fu <strong>yeni \u00f6zellik<\/strong>le be\u011fenilen \u015fark\u0131lar\u0131n t\u00fcre ve moda g\u00f6re <strong>filtrelenme<\/strong>sini m\u00fcmk\u00fcn h\u00e2le gelecek. Kullan\u0131c\u0131lar o anki hislerine g\u00f6re be\u011fendikleri \u015fark\u0131lar\u0131 dinleyebilecek.<\/p>\r\n\r\n\r\n\r\n<p>Kullan\u0131c\u0131lar\u0131n <strong>be\u011fenilen \u015fark\u0131lar listesi<\/strong>nde hareketli, sakin bir\u00e7ok tempoda \u015fark\u0131lar bulunabiliyor. <strong>Spotify<\/strong>\u2019\u0131n yeni \u00f6zelli\u011fi ile kullan\u0131c\u0131lar bu \u015fark\u0131lar\u0131 <strong>mod<\/strong>lar\u0131na veya isterlerse t\u00fcrlerine g\u00f6re s\u0131n\u0131fland\u0131rabilecek.<\/p>\r\n\r\n\r\n\r\n<p>Bu \u00f6zelli\u011fe eri\u015fmek isteyen kullan\u0131c\u0131lar\u0131n en az <strong>30 \u015fark\u0131y\u0131<\/strong> be\u011fenmi\u015f olmas\u0131 yeterli. Ard\u0131ndan kullan\u0131c\u0131lar kitapl\u0131klar\u0131na gidip <strong>be\u011fenilen \u015fark\u0131lar listesi<\/strong>ni a\u00e7t\u0131klar\u0131nda en \u00fcstte s\u0131ralanan filtrelerden birini se\u00e7ebiliyor. \u00d6zellik ilk etapta sadece <strong>ABD<\/strong>, <strong>\u0130ngiltere<\/strong> ve <strong>Kanada<\/strong>\u2019da kullan\u0131lmaya ba\u015fland\u0131.<\/p>\r\n\r\n\r\n<hr class=\"wp-block-separator aligncenter is-style-wide is-cnvs-separator-id-1614943822783\" \/>\r\n\r\n\r\n<p><strong>GOOGLE \u0130\u00c7\u0130N KARANLIK MOD G\u00dcNCELLEMES\u0130<\/strong><\/p>\r\n\r\n\r\n\r\n<p><strong>Google<\/strong>, <strong>Android<\/strong> i\u00e7in <strong>Haritalar<\/strong> uygulamas\u0131n\u0131n Beta s\u00fcr\u00fcm\u00fcyle gelen <strong>karanl\u0131k mod<\/strong> deste\u011fini kullan\u0131c\u0131lara sunacak.<\/p>\r\n\r\n\r\n\r\n<figure class=\"wp-block-image size-large\"><img width=\"950\" height=\"570\" class=\"wp-image-7176\" src=\"https:\/\/egegen.com\/blog\/wp-content\/uploads\/2021\/03\/3-GOOGLE-ICIN-KARANLIK-MOD-GUNCELLEMESI.jpg\" alt=\"\" \/><\/figure>\r\n\r\n\r\n\r\n<p><strong>Karanl\u0131k mod<\/strong>, kullan\u0131c\u0131lar\u0131n pil kullan\u0131m\u0131ndan tasarruf etmesini sa\u011flayacak ve <strong>koyu temal\u0131<\/strong> aray\u00fcz ile g\u00f6z yorgunlu\u011funu da azaltacak. Peki <strong>karanl\u0131k mod<\/strong> nas\u0131l aktif edilecek?<\/p>\r\n\r\n\r\n\r\n<p><strong>Ayarlar<\/strong> \u00fczerinde <strong>G\u00f6r\u00fcn\u00fcm<\/strong> sekmesinde burada kullan\u0131c\u0131lar\u0131n kar\u015f\u0131s\u0131na <strong>\u00fc\u00e7 farkl\u0131<\/strong> se\u00e7enek \u00e7\u0131k\u0131yor. Bunlar <strong>Light, Dark ve Default<\/strong> olarak se\u00e7ilebiliyor. \u0130lk se\u00e7enek standart beyaz, ikincisi karanl\u0131k \u00fc\u00e7\u00fcnc\u00fcs\u00fc ise cihaza g\u00f6re renk de\u011fi\u015fim sa\u011flayan <strong>mod<\/strong>. B\u00f6ylece bu \u00f6zellikle kullan\u0131c\u0131lar karanl\u0131kta ya da gece trafikte kald\u0131klar\u0131nda bembeyaz bir \u0131\u015f\u0131\u011fa maruz kalmayacak ve uygulamay\u0131 <strong>karanl\u0131k mod<\/strong>a ge\u00e7irip daha rahat kullanabilecekler.<\/p>\r\n\r\n\r\n<hr class=\"wp-block-separator aligncenter is-style-wide is-cnvs-separator-id-1614943822816\" \/>\r\n\r\n\r\n<p><strong>LASSO: \u00c7\u00d6PLER\u0130 KEND\u0130 KEND\u0130NE AYRI\u015eTIRAB\u0130LEN \u00c7\u00d6P KUTUSU<\/strong><\/p>\r\n\r\n\r\n\r\n<p>Kaliforniyal\u0131 giri\u015fim olan <strong>Lasso<\/strong>, evsel at\u0131klar\u0131 kolayca ayr\u0131\u015ft\u0131r\u0131p <strong>geri d\u00f6n\u00fc\u015f\u00fcm<\/strong>e katk\u0131 sa\u011flayabilecek bir robot \u00e7\u00f6p kutusu geli\u015ftirdi.<\/p>\r\n\r\n\r\n\r\n<figure class=\"wp-block-image size-large\"><img width=\"1024\" height=\"536\" class=\"wp-image-7177\" src=\"https:\/\/egegen.com\/blog\/wp-content\/uploads\/2021\/03\/4-LASSO-COPLERI-KENDI-KENDINE-AYRISTIRABILEN-COP-KUTUSU-1024x536.jpg\" alt=\"\" \/><\/figure>\r\n\r\n\r\n\r\n<p><strong>\u00c7evre kirlili\u011fi<\/strong>nin en b\u00fcy\u00fck etkenlerinden biride evsel at\u0131klar\u0131n ayr\u0131\u015ft\u0131r\u0131lmadan at\u0131lmas\u0131. \u00c7evreye duyarl\u0131 bir giri\u015fim olan <strong>Lasso<\/strong>, geri d\u00f6n\u00fc\u015ft\u00fcr\u00fclebilir at\u0131klar\u0131n daha verimli ve etkili bir \u015fekilde y\u00f6netilebilmesi i\u00e7in at\u0131klar\u0131 tan\u0131y\u0131p ayr\u0131\u015ft\u0131rman\u0131n \u00f6tesinde onlar\u0131 temizleyen, s\u0131k\u0131\u015ft\u0131ran ve tam anlam\u0131yla <strong>geri d\u00f6n\u00fc\u015f\u00fcm<\/strong>e haz\u0131rlayan <strong>robotik <\/strong>bir sistem geli\u015ftirdi. Kullan\u0131c\u0131lar <strong>at\u0131k<\/strong>lar\u0131 tek bir \u00e7\u00f6p kutusuna at\u0131yor ve gerisini Lasso <strong>yapay zeka<\/strong>s\u0131 sayesinde hallediyor. B\u00f6ylece kullan\u0131c\u0131lar\u0131n al\u0131\u015fkanl\u0131klar\u0131n\u0131 de\u011fi\u015ftirmesini beklemeden k\u0131sa bir s\u00fcrede b\u00fcy\u00fck \u00e7apl\u0131 aksiyon al\u0131n\u0131yor.<\/p>\r\n\r\n\r\n\r\n<p><strong>Lasso<\/strong>, kameralar, sens\u00f6rler ve makine \u00f6\u011frenme teknolojisiyle ambalaj\u0131 analiz edebiliyor ve <strong>geri d\u00f6n\u00fc\u015ft\u00fcr\u00fclebilir<\/strong> olup olmad\u0131\u011f\u0131na karar verebiliyor. Uygun de\u011filse geri iade sistemi ile nesneyi hazne d\u0131\u015f\u0131na \u00e7\u0131kar\u0131yor<strong>, geri d\u00f6n\u00fc\u015ft\u00fcr\u00fclebilir<\/strong> olanlar\u0131 ise buhar mekanizmas\u0131 sayesinde art\u0131k yiyecek, ya\u011f, kir ve etiketlerinden ar\u0131nd\u0131rarak gruplad\u0131\u011f\u0131 en alttaki \u00f6zel b\u00f6lmelere naklediyor.<\/p>\r\n\r\n\r\n<hr class=\"wp-block-separator aligncenter is-style-wide is-cnvs-separator-id-1614943822839\" \/>\r\n\r\n\r\n<p><strong>INSTAGRAM\u2019DAN \u201cD\u0130KEY H\u0130KAYELER\u201d<\/strong><\/p>\r\n\r\n\r\n\r\n<p><strong>Instagram<\/strong>\u2019\u0131n yatay bir \u015fekilde hareket eden <strong>Hikayeler<\/strong> \u00f6zelli\u011fi yak\u0131n zamanda \u201cdikey hikayeler\u201d ile t\u0131pk\u0131 <strong>TikTok <\/strong>uygulamas\u0131nda oldu\u011fu gibi dikey olarak hareket edecek.<\/p>\r\n\r\n\r\n\r\n<figure class=\"wp-block-image size-large\"><img width=\"788\" height=\"443\" class=\"wp-image-7178\" src=\"https:\/\/egegen.com\/blog\/wp-content\/uploads\/2021\/03\/5-INSTAGRAMDAN-DIKEY-HIKAYELER.jpg\" alt=\"\" \/><\/figure>\r\n\r\n\r\n\r\n<p><strong>Instagram<\/strong> geli\u015ftiricilerinin kodlamalar\u0131 aras\u0131nda s\u0131zd\u0131r\u0131lan yenilik ile daha pratik bir g\u00f6r\u00fcn\u00fcme ula\u015fmay\u0131 ama\u00e7l\u0131yor. Bilindi\u011fi \u00fczere <strong>Instagram<\/strong>\u2019\u0131n ana sayfas\u0131, <strong>Reels <\/strong>sekmesi ve ke\u015ffet ak\u0131\u015f\u0131 da dikine kayd\u0131rarak gezebilece\u011fimiz bir formata sahip. B\u00f6ylelikle <strong>hikayeler<\/strong>i de buna uygun hale getirerek kullan\u0131c\u0131lar i\u00e7in daha kolay bir deneyim sa\u011flanmas\u0131 bekleniyor. Bir yandan da bu yeni \u00f6zellikle birlikte platformun, <strong>TikTok<\/strong> ile rekabetini g\u00fc\u00e7lendirmeye \u00e7al\u0131\u015ft\u0131\u011f\u0131 d\u00fc\u015f\u00fcn\u00fcl\u00fcyor.<\/p>\r\n\r\n\r\n<hr class=\"wp-block-separator aligncenter is-style-wide is-cnvs-separator-id-1614943822860\" \/>\r\n\r\n\r\n<p><strong>SNAPCHAT\u2019TEN ARKADA\u015e KONTROL\u00dc \u00d6ZELL\u0130\u011e\u0130<\/strong><\/p>\r\n\r\n\r\n\r\n<figure class=\"wp-block-image size-large\"><img width=\"696\" height=\"392\" class=\"wp-image-7179\" src=\"https:\/\/egegen.com\/blog\/wp-content\/uploads\/2021\/03\/6-SNAPCHATTEN-ARKADAS-KONTROLU-OZELLIGI.png\" alt=\"\" \/><\/figure>\r\n\r\n\r\n\r\n<p><strong>Snapchat<\/strong> uygulamas\u0131, kullan\u0131c\u0131lar\u0131na istenmeyen ba\u011flant\u0131lar\u0131 <strong>ki\u015fi listeleri<\/strong>nden kald\u0131rmalar\u0131n\u0131 hat\u0131rlatacak yeni bir \u00f6zellik sunuyor. <strong>\u201cArkada\u015f kontrol\u00fc\u201d<\/strong> ad\u0131 verilen yeni \u00f6zellik, <strong>\u201cSnapchat ger\u00e7ek arkada\u015flar i\u00e7indir\u201d<\/strong> \u015feklinde bir bildirimle liste temizli\u011fini hat\u0131rlatacak. <strong>Snapchat<\/strong>\u2018e gelen yeni \u00f6zellik, \u00f6n\u00fcm\u00fczdeki birka\u00e7 hafta i\u00e7erisinde kullan\u0131ma sunulacakken \u015firket, <strong>Daha G\u00fcvenli \u0130nternet G\u00fcn\u00fc<\/strong>\u2019nde tan\u0131tmak i\u00e7in g\u00fcncellemenin \u00f6n izlemesini a\u00e7t\u0131. <strong>Snapchat<\/strong> arkada\u015f listesi temizli\u011fi \u00f6zelli\u011fini yeni sunsa da uzun s\u00fcredir uygulaman\u0131n asl\u0131nda yak\u0131n arkada\u015flara y\u00f6nelik olarak tasarland\u0131\u011f\u0131n\u0131 kullan\u0131c\u0131lara hat\u0131rlat\u0131yor.<\/p>\r\n\r\n\r\n<hr class=\"wp-block-separator aligncenter is-style-wide is-cnvs-separator-id-1614943822883\" \/>\r\n\r\n\r\n<p><strong>NETFL\u0130X YEN\u0130 \u0130ND\u0130RME \u00d6ZELL\u0130\u011e\u0130N\u0130 KULLANIMA SUNDU<\/strong><\/p>\r\n\r\n\r\n\r\n<p><strong>Netflix<\/strong>, film ve dizi indirme \u00f6zelli\u011fini yeniledi. <strong>Dijital yay\u0131n platformu<\/strong> art\u0131k be\u011fenece\u011finizi d\u00fc\u015f\u00fcnd\u00fc\u011f\u00fcn\u00fcz i\u00e7erikleri <strong>Android <\/strong>cihaz\u0131n\u0131za otomatik olarak indiren bir \u00f6zellik sunuyor.<\/p>\r\n\r\n\r\n\r\n<div class=\"wp-block-image\">\r\n<figure class=\"aligncenter size-large\"><img width=\"500\" height=\"300\" class=\"wp-image-7186\" src=\"https:\/\/egegen.com\/blog\/wp-content\/uploads\/2021\/03\/7-NETFLIX-YENI-INDIRME-OZELLIGINI-KULLANIMA-SUNDU-1.jpg\" alt=\"\" \/><\/figure>\r\n<\/div>\r\n\r\n\r\n\r\n<p>Profilinizde 5GB\u2018a kadar indirmeler i\u00e7in ay\u0131raca\u011f\u0131n\u0131z depolama alan\u0131n\u0131 se\u00e7menize olanak tan\u0131yan platform, bir <strong>Wi-Fi<\/strong> a\u011f\u0131na ba\u011fland\u0131\u011f\u0131n\u0131zda sizin i\u00e7in birka\u00e7 se\u00e7im yaparak otomatik olarak indirme i\u015flemini ba\u015flat\u0131yor ve <strong>\u201cSizin \u0130\u00e7in \u0130ndirilenler\u201d<\/strong> sekmesine ekliyor. Ayr\u0131ca bu se\u00e7kiler hafta boyunca g\u00fcncelleniyor. Bu yeni \u00f6zelli\u011fin, <strong>Netflix<\/strong>\u2019in kalabal\u0131k i\u00e7erik katalo\u011funda kaybolmadan <strong>yeni filmler<\/strong> ve <strong>\u015fovlar<\/strong> ke\u015ffedebilmenizi sa\u011flamay\u0131 ama\u00e7lad\u0131\u011f\u0131 ifade ediliyor.<\/p>\r\n\r\n\r\n<hr class=\"wp-block-separator aligncenter is-style-wide is-cnvs-separator-id-1614943822900\" \/>\r\n\r\n\r\n<p><strong>LEGO\u2019DAN DEN\u0130Z YA\u015eAMI KOLEKS\u0130YONU<\/strong><\/p>\r\n\r\n\r\n\r\n<p>Dikkat \u00e7ekici koleksiyonlar \u00e7\u0131kartan <strong>LEGO<\/strong>, \u015fimdi de sitede Brick Dangerous isimli kullan\u0131c\u0131 taraf\u0131ndan <strong>Marine Life<\/strong> ismiyle yeni bir set olu\u015fturuldu.<\/p>\r\n\r\n\r\n\r\n<figure class=\"wp-block-image size-large\"><img width=\"1024\" height=\"536\" class=\"wp-image-7181\" src=\"https:\/\/egegen.com\/blog\/wp-content\/uploads\/2021\/03\/8-LEGODAN-DENIZ-YASAMI-KOLEKSIYONU-1024x536.jpg\" alt=\"\" \/><\/figure>\r\n\r\n\r\n\r\n<p>\u00a0Deniz ya\u015fam\u0131ndan ilham al\u0131nan bu set toplamda 1164 par\u00e7adan olu\u015fuyor.\u00a0 Sette <strong>denizanas\u0131, palya\u00e7o bal\u0131\u011f\u0131, denizat\u0131 <\/strong>gibi deniz hayvanlar ve <strong>mercan resif<\/strong> gibi deniz ya\u015fam\u0131na dair pek \u00e7ok fig\u00fcr olu\u015fturulabiliyor. Kaidenin \u00fczerine yerle\u015ftirilen bir cam fanus hem <strong>deniz alt\u0131 g\u00f6r\u00fcn\u00fcm\u00fc<\/strong> etkisi yarat\u0131yor hem de fig\u00fcrlerin bozulmadan sergilenebilmesini sa\u011fl\u0131yor. Ayr\u0131ca yap\u0131lan baz\u0131 de\u011fi\u015fikliklerle <strong>LEGO<\/strong>\u2019lar birka\u00e7 farkl\u0131 pozisyonda yerle\u015ftirilebiliyor.<\/p>\r\n\r\n\r\n<hr class=\"wp-block-separator aligncenter is-style-wide is-cnvs-separator-id-1614943822916\" \/>\r\n\r\n\r\n<p><strong>INSTAGRAM T\u0130KTOK \u0130\u00c7ER\u0130KLER\u0130N\u0130 \u00d6NE \u00c7IKARMAYACAK<\/strong><\/p>\r\n\r\n\r\n\r\n<figure class=\"wp-block-image size-large\"><img width=\"1024\" height=\"768\" class=\"wp-image-7182\" src=\"https:\/\/egegen.com\/blog\/wp-content\/uploads\/2021\/03\/9-INSTAGRAM-TIKTOK-ICERIKLERINI-ONE-CIKARMAYACAK-1024x768.jpeg\" alt=\"\" \/><\/figure>\r\n\r\n\r\n\r\n<p><strong>Reels <\/strong>\u00f6zelli\u011fi ile <strong>Instagram<\/strong>, TikTok aras\u0131ndaki rekabeti artt\u0131rm\u0131\u015ft\u0131. Pek \u00e7ok ki\u015fi \u00e7ektikleri <strong>TikTok <\/strong>payla\u015f\u0131mlar\u0131n\u0131 <strong>Reels<\/strong> format\u0131yla Instagram\u2019a ta\u015f\u0131maya ba\u015flad\u0131. <strong>Instagram<\/strong> ise yeni g\u00fcncellemesiyle bunu istemedi\u011fini a\u00e7\u0131k bi\u00e7imde belirtti. Instagram kendi algoritmas\u0131nda <strong>TikTok logolu<\/strong> Reels videolar\u0131na yer vermeyerek bu payla\u015f\u0131mlar\u0131n platformda \u00f6ne \u00e7\u0131kar\u0131lmayaca\u011f\u0131 ifade etti. Buna ek olarak, Instagram\u2019\u0131n <strong>@creators<\/strong> hesab\u0131nda kullan\u0131c\u0131lara <strong>Reels<\/strong> i\u00e7eriklerinin g\u00f6r\u00fclmesinde ve \u00f6ne \u00e7\u0131kar\u0131lmas\u0131na yard\u0131m edecek yeni ipu\u00e7lar\u0131 payla\u015ft\u0131.<\/p>\r\n\r\n\r\n\r\n<p><strong>Instagram<\/strong>\u2019\u0131n Devi Narasimhan imzas\u0131yla The Verge sitesine g\u00f6nderilen bir di\u011fer a\u00e7\u0131klamas\u0131 \u015fu \u015fekilde:<\/p>\r\n\r\n\r\n\r\n<p>\u201cKe\u015ffet sekmesinde \u00f6\u011frendiklerimizden hareketle <strong>Reels<\/strong> b\u00f6l\u00fcm\u00fcnde insanlara e\u011flenceli videolar \u00f6nerece\u011fiz ve deneyimi ki\u015fiselle\u015ftirece\u011fiz. \u0130nsanlar\u0131n bir payla\u015f\u0131m\u0131 be\u011fenip be\u011fenmeyecekleri konusunda sinyalleri alg\u0131lamakta daha iyi h\u00e2le geldik.\u201d<\/p>\r\n\r\n\r\n<hr class=\"wp-block-separator aligncenter is-style-wide is-cnvs-separator-id-1614943822931\" \/>\r\n\r\n\r\n<p><strong>FACEBOOK MESSENGER\u2019DEN \u0130STENMEYEN MESAJLAR \u0130\u00c7\u0130N YEN\u0130 \u00d6ZELL\u0130K<\/strong><\/p>\r\n\r\n\r\n\r\n<p><strong>Facebook Messenger<\/strong>, istenmeyenler <strong>mesaj kontrol\u00fc<\/strong> ile kullan\u0131c\u0131lar\u0131n\u0131n g\u00fcvende olmas\u0131 ad\u0131na yeni bir \u00f6zellik sundu.<\/p>\r\n\r\n\r\n\r\n<figure class=\"wp-block-image size-large\"><img width=\"960\" height=\"540\" class=\"wp-image-7183\" src=\"https:\/\/egegen.com\/blog\/wp-content\/uploads\/2021\/03\/10-FACEBOOK-MESSENGERDEN-ISTENMEYEN-MESAJLAR-ICIN-YENI-OZELLIK.jpg\" alt=\"\" \/><\/figure>\r\n\r\n\r\n\r\n<p>Sosyal platformlar\u0131n\u0131n devi olan <strong>Facebook<\/strong>, yanl\u0131\u015f bilgilerin yay\u0131lmas\u0131n\u0131 \u00f6nlemek amac\u0131yla mesaj iletme s\u0131n\u0131rlamalar\u0131 da dahil olmak \u00fczere birka\u00e7 gizlilik ve g\u00fcvenlik \u00f6zelli\u011fini sunmu\u015ftu. \u015eirket, <strong>Messenger<\/strong> i\u00e7in g\u00fcvenlik \u00f6nlemlerini art\u0131rmaya h\u0131zla devam ediyor. <strong>Face ID<\/strong> veya <strong>Touch ID<\/strong> kullanarak <strong>Messenger <\/strong>uygulamas\u0131n\u0131n kilidini a\u00e7mak i\u00e7in tasarlanm\u0131\u015f bir <strong>Uygulama Kilidi<\/strong> \u00f6zelli\u011fi de sunan <strong>Facebook<\/strong> \u015fimdi ise <strong>Facebook Messenger<\/strong> istenmeyen mesajlar\u0131 kontrol etmek i\u00e7in kullan\u0131c\u0131lara kapsaml\u0131 \u00f6zellikler getirdi. Bunlar\u0131n ba\u015f\u0131nda <strong>mesaj istekleri<\/strong>ni ele alma \u015feklini destekleyecek bir yenilik bulunuyor. \u015eirket, istenmeyen bir mesaj\u0131n kimden geldi\u011fini belirlemek i\u00e7in yeni bir yol ve mesajlar\u0131 toplu olarak silmek i\u00e7in yeni bir se\u00e7enek daha ekledi. Ek olarak, <strong>k\u00f6t\u00fcye kullan\u0131m<\/strong> veya <strong>tacizi bildirme<\/strong>nize olanak tan\u0131yan yeni bir y\u00f6ntem de \u015fimdilik test ediliyor. K\u00fc\u00e7\u00fck kullan\u0131c\u0131lar\u0131n g\u00fcvenli\u011fini sa\u011flamak amac\u0131yla ise <strong>18 ya\u015f\u0131n alt\u0131ndaki <\/strong>hesaplara b\u00fcy\u00fck miktarda mesaj veya arkada\u015fl\u0131k iste\u011fi g\u00f6nderen kullan\u0131c\u0131lar\u0131 tan\u0131mlamak i\u00e7in yeni bir g\u00fcncelleme \u00fczerinde \u00e7al\u0131\u015f\u0131l\u0131yor. Bu \u00f6nlemler ile <strong>Facebook<\/strong>, Messenger\u2019daki k\u00f6t\u00fcye kullan\u0131m\u0131 veya zararl\u0131 i\u00e7eri\u011fi \u00f6nlemeyi ama\u00e7l\u0131yor.<\/p>\r\n\r\n\r\n\r\n<p><strong>B\u0130ZDEN HABERLER<\/strong><\/p>\r\n\r\n\r\n\r\n<p><strong>Ho\u015f Geldin Kocaer Group!<\/strong><\/p>\r\n\r\n\r\n\r\n<p>60 y\u0131ll\u0131k \u00fcretim ve ticaret deneyimiyle; demir \u00e7elik, tekstil, lojistik, ma\u011fazac\u0131l\u0131k, yurt d\u0131\u015f\u0131 da\u011f\u0131t\u0131m, otomotiv gibi bir\u00e7ok sekt\u00f6rde faaliyet g\u00f6steren Kocaer Group ve markalar\u0131 ile bir\u00e7ok sekt\u00f6re profesyonel hizmet veren yap\u0131m\u0131z bulu\u015ftu ve bir yolculu\u011fa ba\u015flad\u0131!<\/p>\r\n\r\n\r\n\r\n<p>egegen olarak Kocaer Group ve b\u00fcnyesinde bulunana Kocaer Hadde, Kocaer Tekstil, MyMetal, Ya\u011f\u0131z Nakliyat i\u00e7in web site projelerine \u00e7oktan ba\u015flad\u0131k bile\u2026<\/p>\r\n\r\n\r\n\r\n<blockquote class=\"instagram-media\" style=\"background: #FFF; border: 0; border-radius: 3px; box-shadow: 0 0 1px 0 rgba(0,0,0,0.5),0 1px 10px 0 rgba(0,0,0,0.15); margin: 1px; max-width: 540px; min-width: 326px; padding: 0; width: calc(100% - 2px);\" data-instgrm-captioned=\"\" data-instgrm-permalink=\"https:\/\/www.instagram.com\/p\/CK6cnv-AWVl\/?utm_source=ig_embed&amp;utm_campaign=loading\" data-instgrm-version=\"13\">\r\n<div style=\"padding: 16px;\">\r\n<div style=\"display: flex; flex-direction: row; align-items: center;\">\r\n<div style=\"background-color: #f4f4f4; border-radius: 50%; flex-grow: 0; height: 40px; margin-right: 14px; width: 40px;\">\u00a0<\/div>\r\n<div style=\"display: flex; flex-direction: column; flex-grow: 1; justify-content: center;\">\r\n<div style=\"background-color: #f4f4f4; border-radius: 4px; flex-grow: 0; height: 14px; margin-bottom: 6px; width: 100px;\">\u00a0<\/div>\r\n<div style=\"background-color: #f4f4f4; border-radius: 4px; flex-grow: 0; height: 14px; width: 60px;\">\u00a0<\/div>\r\n<\/div>\r\n<\/div>\r\n<div style=\"padding: 19% 0;\">\u00a0<\/div>\r\n<div style=\"display: block; height: 50px; margin: 0 auto 12px; width: 50px;\">\u00a0<\/div>\r\n<div style=\"padding-top: 8px;\">\r\n<div style=\"color: #3897f0; font-family: Arial,sans-serif; font-size: 14px; font-style: normal; font-weight: 550; line-height: 18px;\">Bu g\u00f6nderiyi Instagram&#8217;da g\u00f6r<\/div>\r\n<\/div>\r\n<div style=\"padding: 12.5% 0;\">\u00a0<\/div>\r\n<div style=\"display: flex; flex-direction: row; margin-bottom: 14px; align-items: center;\">\r\n<div>\r\n<div style=\"background-color: #f4f4f4; border-radius: 50%; height: 12.5px; width: 12.5px; transform: translateX(0px) translateY(7px);\">\u00a0<\/div>\r\n<div style=\"background-color: #f4f4f4; height: 12.5px; transform: rotate(-45deg) translateX(3px) translateY(1px); width: 12.5px; flex-grow: 0; margin-right: 14px; margin-left: 2px;\">\u00a0<\/div>\r\n<div style=\"background-color: #f4f4f4; border-radius: 50%; height: 12.5px; width: 12.5px; transform: translateX(9px) translateY(-18px);\">\u00a0<\/div>\r\n<\/div>\r\n<div style=\"margin-left: 8px;\">\r\n<div style=\"background-color: #f4f4f4; border-radius: 50%; flex-grow: 0; height: 20px; width: 20px;\">\u00a0<\/div>\r\n<div style=\"width: 0; height: 0; border-top: 2px solid transparent; border-left: 6px solid #f4f4f4; border-bottom: 2px solid transparent; transform: translateX(16px) translateY(-4px) rotate(30deg);\">\u00a0<\/div>\r\n<\/div>\r\n<div style=\"margin-left: auto;\">\r\n<div style=\"width: 0px; border-top: 8px solid #F4F4F4; border-right: 8px solid transparent; transform: translateY(16px);\">\u00a0<\/div>\r\n<div style=\"background-color: #f4f4f4; flex-grow: 0; height: 12px; width: 16px; transform: translateY(-4px);\">\u00a0<\/div>\r\n<div style=\"width: 0; height: 0; border-top: 8px solid #F4F4F4; border-left: 8px solid transparent; transform: translateY(-4px) translateX(8px);\">\u00a0<\/div>\r\n<\/div>\r\n<\/div>\r\n<div style=\"display: flex; flex-direction: column; flex-grow: 1; justify-content: center; margin-bottom: 24px;\">\r\n<div style=\"background-color: #f4f4f4; border-radius: 4px; flex-grow: 0; height: 14px; margin-bottom: 6px; width: 224px;\">\u00a0<\/div>\r\n<div style=\"background-color: #f4f4f4; border-radius: 4px; flex-grow: 0; height: 14px; width: 144px;\">\u00a0<\/div>\r\n<\/div>\r\n<p style=\"color: #c9c8cd; font-family: Arial,sans-serif; font-size: 14px; line-height: 17px; margin-bottom: 0; margin-top: 8px; overflow: hidden; padding: 8px 0 7px; text-align: center; text-overflow: ellipsis; white-space: nowrap;\"><a style=\"color: #c9c8cd; font-family: Arial,sans-serif; font-size: 14px; font-style: normal; font-weight: normal; line-height: 17px; text-decoration: none;\" href=\"https:\/\/www.instagram.com\/p\/CK6cnv-AWVl\/?utm_source=ig_embed&amp;utm_campaign=loading\" target=\"_blank\" rel=\"noopener\">egegen (@egegen)&#8217;in payla\u015ft\u0131\u011f\u0131 bir g\u00f6nderi<\/a><\/p>\r\n<\/div>\r\n<\/blockquote>\r\n<p><script async=\"\" src=\"\/\/www.instagram.com\/embed.js\"><\/script><\/p>\r\n\r\n\r\n\r\n<p><a href=\"https:\/\/www.instagram.com\/kocaergroup\/\" target=\"_blank\" rel=\"noreferrer noopener nofollow\">Kocaer Group Instagram <\/a><\/p>\r\n\r\n\r\n\r\n<p><a href=\"https:\/\/www.facebook.com\/kocaerhaddecilik\/\" target=\"_blank\" rel=\"noreferrer noopener nofollow\">Kocaer Haddecilik Facebook <\/a><\/p>\r\n\r\n\r\n\r\n<p><a href=\"https:\/\/www.linkedin.com\/company\/kocaer-steel\/\" target=\"_blank\" rel=\"noreferrer noopener nofollow\">Kocaer Steel Linkedin<\/a><\/p>\r\n\r\n\r\n\r\n<p><a href=\"https:\/\/www.youtube.com\/channel\/UC8JAy2Muh66789kxfkILOjA\" target=\"_blank\" rel=\"noreferrer noopener nofollow\">Kocaer Group Youtube <\/a><\/p>\r\n\r\n\r\n<hr class=\"wp-block-separator aligncenter is-style-wide is-cnvs-separator-id-1614943822952\" \/>\r\n\r\n\r\n<p><strong>Lider Pet Food\u2019un Tercihi egegen!<\/strong><\/p>\r\n\r\n\r\n\r\n<p>Bakt\u0131k ajansta herkesin kedisi, k\u00f6pe\u011fi var. Ee, bildi\u011fin bizimle birlikte her toplant\u0131ya da kat\u0131l\u0131yorlar. \u201cBi\u2019\u015fey yapmak laz\u0131m\u201d dedik&#8230; Ve \u00e7ok g\u00fczel bi\u2019\u015fey yapt\u0131k! T\u00fcrkiye\u2019nin \u201cLider\u201d Mama \u00dcreticisiyle anla\u015ft\u0131k.<\/p>\r\n\r\n\r\n\r\n<p>Evcil hayvan mamas\u0131 sekt\u00f6r\u00fcnde \u00fclkenin alt\u0131 bine yak\u0131n sat\u0131\u015f noktas\u0131nda, iki bin farkl\u0131 pet \u00fcr\u00fcn\u00fc ile faaliyet g\u00f6steren Lider Pet Food\u2019un dijital t\u00fcm i\u015fleri art\u0131k bize emanet!<\/p>\r\n\r\n\r\n\r\n<div class=\"wp-container-1 wp-block-group\"><div class=\"wp-block-group__inner-container\"><\/div><\/div>\r\n\r\n\r\n\r\n<p><a href=\"https:\/\/www.instagram.com\/liderpetfood\/\" target=\"_blank\" rel=\"noreferrer noopener nofollow\">Lider Pet Food Instagram <\/a><\/p>\r\n\r\n\r\n\r\n<p><a href=\"https:\/\/www.facebook.com\/liderpetfood\" target=\"_blank\" rel=\"noreferrer noopener nofollow\">Lider Pet Food Facebook <\/a><\/p>\r\n\r\n\r\n\r\n<p><a href=\"https:\/\/www.linkedin.com\/company\/liderpetfood\/\" target=\"_blank\" rel=\"noreferrer noopener nofollow\">Lider Pet Food Linkedin <\/a><\/p>\r\n\r\n\r\n\r\n<figure class=\"wp-block-embed is-type-rich is-provider-twitter wp-block-embed-twitter\">\r\n<div class=\"wp-block-embed__wrapper\">https:\/\/twitter.com\/liderpetfood<\/div>\r\n<\/figure>\r\n","protected":false},"excerpt":{"rendered":"<p>Geride b\u0131rakt\u0131\u011f\u0131m\u0131z \u015fubat ay\u0131nda ya\u015fanan \u00f6nemli dijital geli\u015fmeleri, uygulama g\u00fcncellemeleri ve trend takibinin yan\u0131 s\u0131ra ilgi \u00e7ekici konular ile sizlere ilham vermek \u00fczere haz\u0131rlanan i\u00e7eriklerimizle kar\u015f\u0131n\u0131zday\u0131z\u2026 ZOOM\u2019A ALTYAZI \u00d6ZELL\u0130\u011e\u0130 GEL\u0130YOR! 2020 y\u0131l\u0131ndan beri indirme rekorlar\u0131 k\u0131ran video konferans uygulamas\u0131 Zoom, 2021\u2019in sonbahar\u0131na kadar t\u00fcm kullan\u0131c\u0131lar\u0131 i\u00e7in otomatik altyaz\u0131 \u00f6zelli\u011fini sunaca\u011f\u0131n\u0131 duyurdu. G\u00f6r\u00fcnt\u00fcl\u00fc g\u00f6r\u00fc\u015fmeler s\u0131ras\u0131nda canl\u0131 &hellip;<\/p>\n","protected":false},"author":20,"featured_media":7184,"comment_status":"open","ping_status":"open","sticky":false,"template":"","format":"standard","meta":[],"categories":[188],"tags":[],"_links":{"self":[{"href":"https:\/\/egegen.com\/blog\/wp-json\/wp\/v2\/posts\/7185"}],"collection":[{"href":"https:\/\/egegen.com\/blog\/wp-json\/wp\/v2\/posts"}],"about":[{"href":"https:\/\/egegen.com\/blog\/wp-json\/wp\/v2\/types\/post"}],"author":[{"embeddable":true,"href":"https:\/\/egegen.com\/blog\/wp-json\/wp\/v2\/users\/20"}],"replies":[{"embeddable":true,"href":"https:\/\/egegen.com\/blog\/wp-json\/wp\/v2\/comments?post=7185"}],"version-history":[{"count":3,"href":"https:\/\/egegen.com\/blog\/wp-json\/wp\/v2\/posts\/7185\/revisions"}],"predecessor-version":[{"id":8935,"href":"https:\/\/egegen.com\/blog\/wp-json\/wp\/v2\/posts\/7185\/revisions\/8935"}],"wp:featuredmedia":[{"embeddable":true,"href":"https:\/\/egegen.com\/blog\/wp-json\/wp\/v2\/media\/7184"}],"wp:attachment":[{"href":"https:\/\/egegen.com\/blog\/wp-json\/wp\/v2\/media?parent=7185"}],"wp:term":[{"taxonomy":"category","embeddable":true,"href":"https:\/\/egegen.com\/blog\/wp-json\/wp\/v2\/categories?post=7185"},{"taxonomy":"post_tag","embeddable":true,"href":"https:\/\/egegen.com\/blog\/wp-json\/wp\/v2\/tags?post=7185"}],"curies":[{"name":"wp","href":"https:\/\/api.w.org\/{rel}","templated":true}]}}