{"id":7062,"date":"2021-02-03T17:13:08","date_gmt":"2021-02-03T14:13:08","guid":{"rendered":"https:\/\/egegen.com\/blog\/?p=7062"},"modified":"2022-10-10T17:12:21","modified_gmt":"2022-10-10T14:12:21","slug":"egegen-trend-raporu-39-ocak-2021","status":"publish","type":"post","link":"https:\/\/egegen.com\/blog\/egegen-trend-raporu-39-ocak-2021\/","title":{"rendered":"egegen Trend Raporu &#8211; 39 \/ Ocak 2021"},"content":{"rendered":"\r\n<p>39. egegen Trend Raporumuzun keyifli ve dopdolu i\u00e7eri\u011fi ile yeniden sizlerleyiz.<\/p>\r\n\r\n\r\n\r\n<p>Yeni y\u0131l\u0131n ilk ay\u0131nda ya\u015fanan dijital geli\u015fmeleri, \u00f6nemli g\u00fcncellemeleri ve ilginizi \u00e7ekebilecek teknolojik \u00fcr\u00fcnleri sizler i\u00e7in derledik\u2026<\/p>\r\n\r\n\r\n\r\n<p><strong>WHATSAPP\u2019TAN BEKLENEN \u00d6ZELL\u0130K<\/strong><\/p>\r\n\r\n\r\n\r\n<p>D\u00fcnyam\u0131z\u0131 saran <strong>salg\u0131n<\/strong> sebebiyle insanlar\u0131n birbirleriyle y\u00fcz y\u00fcze ileti\u015fime ge\u00e7emeyi\u015fi, 2020 y\u0131l\u0131nda <strong>video g\u00f6r\u00fc\u015fmeleri<\/strong>nde b\u00fcy\u00fck bir art\u0131\u015f ya\u015fatt\u0131. Bu durumdan iyi fayda sa\u011flayan <strong>WhatsApp<\/strong>, mobil uygulama taraf\u0131nda g\u00f6r\u00fcnt\u00fcl\u00fc g\u00f6r\u00fc\u015fme \u00f6zelliklerini geli\u015ftirirken, web taraf\u0131nda ise bu duruma dair bir g\u00fcncelleme yapmam\u0131\u015ft\u0131. Uzun s\u00fcredir <strong>web<\/strong> taraf\u0131ndan beklenen <strong>g\u00f6r\u00fcnt\u00fcl\u00fc konu\u015fma \u00f6zelli\u011fi<\/strong> <strong>WhatsApp Web<\/strong> i\u00e7in de m\u00fcmk\u00fcn hale geliyor. \u00d6zellikle toplant\u0131 g\u00f6r\u00fc\u015fmelerinde <strong>Google Meet<\/strong> ve <strong>Zoom<\/strong> gibi uygulamalara yeti\u015femeyen <strong>WhatsApp<\/strong>, yeni \u00f6zelli\u011fi sayesinde b\u00fcy\u00fck bir s\u0131\u00e7ray\u0131\u015f ya\u015fayacak gibi g\u00f6z\u00fck\u00fcyor. \u015eimdilik <strong>beta a\u015famas\u0131nda<\/strong> olan yeni \u00f6zelli\u011fin bu y\u0131l yak\u0131n zamanda kullan\u0131ma sunulaca\u011f\u0131 s\u00f6yleniyor.<\/p>\r\n\r\n\r\n\r\n<figure class=\"wp-block-image size-large\"><img width=\"1024\" height=\"593\" class=\"wp-image-7052\" src=\"https:\/\/egegen.com\/blog\/wp-content\/uploads\/2021\/02\/1-whatsapptan-beklenen-ozellik-1024x593.jpeg\" alt=\"\" \/><\/figure>\r\n\r\n\r\n<hr class=\"wp-block-separator is-style-wide is-cnvs-separator-id-1612360614097\" \/>\r\n\r\n\r\n<p><strong>RUH HAL\u0130NE G\u00d6RE \u015eARKI \u00d6NER\u0130S\u0130<\/strong><\/p>\r\n\r\n\r\n\r\n<p><strong>Spotify<\/strong>, kullan\u0131c\u0131lar\u0131n\u0131n ho\u015funa gidecek <strong>yeni bir \u00f6zellik<\/strong> \u00fczerinde \u00e7al\u0131\u015fmaya ba\u015flad\u0131.<\/p>\r\n\r\n\r\n\r\n<p>Kullan\u0131c\u0131lar\u0131n\u0131n ruh haline g\u00f6re <strong>\u015fark\u0131 \u00f6nerisi<\/strong> sunmak i\u00e7in yeni bir patent alan <strong>Spotify<\/strong>, tavsiyelerini geli\u015ftirmek i\u00e7in kullan\u0131c\u0131lar\u0131n <strong>duygusal durum, cinsiyet, ya\u015f<\/strong> gibi de\u011fi\u015fkenlerini izlemeyi planl\u0131yor.<\/p>\r\n\r\n\r\n\r\n<figure class=\"wp-block-image size-large\"><img width=\"920\" height=\"476\" class=\"wp-image-7053\" src=\"https:\/\/egegen.com\/blog\/wp-content\/uploads\/2021\/02\/2-RUH-HALINE-GORE-SARKI-ONERISI.png\" alt=\"\" \/><\/figure>\r\n\r\n\r\n\r\n<p><strong>Music Business Worldwide<\/strong>\u2019\u0131n yay\u0131nlad\u0131\u011f\u0131 raporlara g\u00f6re kullan\u0131c\u0131lar\u0131n konu\u015fma ve arka plan g\u00fcr\u00fclt\u00fclerinin kay\u0131tlar\u0131n\u0131 kullanarak ne t\u00fcr m\u00fczikleri dinlemek istedi\u011fini <strong>tahmin edecek<\/strong> bir algoritma geli\u015ftiriyor. <strong>Spotify<\/strong>\u2019\u0131n bu teknolojinin patentini ald\u0131\u011f\u0131n\u0131 duyuran raporlarda yazan \u00f6zellikler ise \u015fu \u015fekilde:<\/p>\r\n\r\n\r\n\r\n<p>Kullan\u0131c\u0131n\u0131n sesinden, tonlama, vurgu, ritim ve benzeri konu\u015fma seslerinden \u00e7\u0131kar\u0131m yap\u0131lmas\u0131n\u0131 sa\u011fl\u0131yor. Kullan\u0131c\u0131lar\u0131n yaln\u0131z m\u0131 yoksa yan\u0131nda birilerinin mi oldu\u011funu da tespit edebiliyor bu <strong>algoritma<\/strong>n\u0131n, ses kayd\u0131na dayal\u0131 olarak tan\u0131mlama yapabilmek i\u00e7in <strong>konu\u015fma tan\u0131ma<\/strong>y\u0131 kullanabilece\u011fi de s\u00f6yleniyor.<\/p>\r\n\r\n\r\n<hr class=\"wp-block-separator is-style-wide is-cnvs-separator-id-1612360649194\" \/>\r\n\r\n\r\n<p><strong>SNAPCHAT\u2019E KARANLIK MOD GEL\u0130YOR<\/strong><\/p>\r\n\r\n\r\n\r\n<p>Bir zamanlar\u0131n en p<strong>op\u00fcler uygulamalar\u0131ndan<\/strong> olan \u015fimdilerde pop\u00fclerli\u011fini yitirmesine ra\u011fmen pek \u00e7ok kullan\u0131c\u0131 taraf\u0131ndan kullan\u0131lmaya devam eden bir uygulama olan <strong>Snapchat, \u201ckaranl\u0131k mod\u201d<\/strong> \u00fczerinde \u00e7al\u0131\u015f\u0131yor.<\/p>\r\n\r\n\r\n\r\n<figure class=\"wp-block-image size-large\"><img width=\"1024\" height=\"796\" class=\"wp-image-7054\" src=\"https:\/\/egegen.com\/blog\/wp-content\/uploads\/2021\/02\/3-SNAPCHATE-KARANLIK-MOD-GELIYOR-1024x796.png\" alt=\"\" \/><\/figure>\r\n\r\n\r\n\r\n<p>Apple, <strong>karanl\u0131k mod<\/strong> deste\u011fini <strong>iOS 13<\/strong>\u2019le birlikte kullan\u0131c\u0131lara uzun bir s\u00fcre \u00f6nce sunmu\u015ftu. D\u00fcnyan\u0131n en pop\u00fcler <strong>mobil uygulamalar\u0131<\/strong> da art arda <strong>karanl\u0131k mod<\/strong> deste\u011fi vermeye ba\u015flam\u0131\u015flard\u0131.\u00a0 <strong>Snapchat<\/strong> uygulama geli\u015ftiricilerinin, karanl\u0131k mod \u00fczerinde \u00e7al\u0131\u015ft\u0131klar\u0131 ve \u00f6zelli\u011fin olduk\u00e7a k\u0131s\u0131tl\u0131 <strong>iOS <\/strong>kullan\u0131c\u0131 kitlesiyle test edildi\u011fi s\u00f6ylendi. <strong>Karanl\u0131k mod<\/strong> \u00f6zelli\u011finin ne zaman kullan\u0131ma sunulaca\u011f\u0131 ve <strong>Android<\/strong> i\u00e7in de b\u00f6yle bir \u00e7al\u0131\u015fman\u0131n olup olmad\u0131\u011f\u0131 \u015fu an i\u00e7in bilinmiyor. \u00a0<\/p>\r\n\r\n\r\n<hr class=\"wp-block-separator is-style-wide is-cnvs-separator-id-1612360654335\" \/>\r\n\r\n\r\n<p><strong>YOUTUBE\u2019TAN BEKLENEN \u201cKIRPMA\u201d \u00d6ZELL\u0130\u011e\u0130<\/strong><\/p>\r\n\r\n\r\n\r\n<p><strong>YouTube <\/strong>uzun zamand\u0131r beklenen <strong>\u201cK\u0131rpma\u201d<\/strong> \u00f6zelli\u011fini duyurdu. <strong>\u201cClips\u201d<\/strong> ad\u0131 verilen bu yeni \u00f6zellikle birlikte kullan\u0131c\u0131lar, y\u00fckledikleri videolar\u0131n\u0131 <strong>k\u0131sa klipler<\/strong>e d\u00f6n\u00fc\u015ft\u00fcrerek payla\u015fabilecek.<\/p>\r\n\r\n\r\n\r\n<figure class=\"wp-block-image size-large\"><img width=\"740\" height=\"418\" class=\"wp-image-7055\" src=\"https:\/\/egegen.com\/blog\/wp-content\/uploads\/2021\/02\/4-YOUTUBETAN-BEKLENEN-KIRPMA-OZELLIGI.jpg\" alt=\"\" \/><\/figure>\r\n\r\n\r\n\r\n<p>Testin aktif oldu\u011fu kanallarda <strong>be\u011fenme (like), be\u011fenmeme (dislike) ve payla\u015f (share)<\/strong> butonlar\u0131n\u0131n yan\u0131nda<strong> &#8216;K\u0131rpma&#8217;<\/strong> se\u00e7ene\u011fi de g\u00f6r\u00fcn\u00fcyor. Kullan\u0131c\u0131lar payla\u015f\u0131lan videonun alt\u0131nda bulunan makas imgesiyle kanala daha \u00f6nce y\u00fcklenmi\u015f canl\u0131 yay\u0131n veya videolara da bu \u00f6zelli\u011fi uygulanabilecek. \u015eu an <strong>test a\u015famas\u0131nda<\/strong> olan \u00f6zellik yak\u0131n zamanda t\u00fcm kullan\u0131c\u0131lara a\u00e7\u0131larak hem <strong>masa\u00fcst\u00fc<\/strong> hem de <strong>mobil <\/strong>cihazlara uyumlu olacak. <strong>5 ila 60 saniye aras\u0131nda klipler<\/strong> olu\u015fturulabilecek <strong>140 karakterlik<\/strong> bir a\u00e7\u0131klama eklenebilecek. B\u00f6ylece olu\u015fturulan k\u0131sa videolar <strong>sosyal medya<\/strong>da da payla\u015f\u0131labilecek.<\/p>\r\n\r\n\r\n<hr class=\"wp-block-separator is-style-wide is-cnvs-separator-id-1612360657878\" \/>\r\n\r\n\r\n<p><strong>SA\u011eLIK BAKANLI\u011eINDAN A\u015eILAMA S\u00dcREC\u0130NE Y\u00d6NEL\u0130K UYGULAMA<\/strong><\/p>\r\n\r\n\r\n\r\n<p><strong>Sa\u011fl\u0131k Bakanl\u0131\u011f\u0131<\/strong>, <strong>Covid-19<\/strong> a\u015f\u0131lama s\u00fcrecine y\u00f6nelik \u00f6zel bir uygulama haz\u0131rlad\u0131. <strong>\u201cA\u015f\u0131la\u201d<\/strong> ad\u0131ndaki uygulaman\u0131n \u00f6nemi olduk\u00e7a b\u00fcy\u00fck. <strong>A\u015f\u0131 takibi<\/strong> i\u00e7in indirme i\u015fleminin yap\u0131lmas\u0131 gereken uygulama, <strong>Sa\u011fl\u0131k Bakanl\u0131\u011f\u0131<\/strong>\u2019nca a\u015f\u0131 takibini kolayla\u015ft\u0131rmak i\u00e7in hizmete sunuldu. Uygulama ile ilk olarak <strong>Covid-19<\/strong> a\u015f\u0131 kay\u0131tlar\u0131 yap\u0131lacak, a\u015f\u0131 uygunlu\u011fu kontrol edilecek, kare kod okutularak kay\u0131t tamamland\u0131ktan sonra a\u015f\u0131 yap\u0131lacak.<\/p>\r\n\r\n\r\n\r\n<figure class=\"wp-block-image size-large\"><img width=\"1024\" height=\"576\" class=\"wp-image-7056\" src=\"https:\/\/egegen.com\/blog\/wp-content\/uploads\/2021\/02\/5-SAGLIK-BAKANLIGINDAN-ASILAMA-SURECINE-YONELIK-UYGULAMA-1024x576.jpg\" alt=\"\" \/><\/figure>\r\n\r\n\r\n\r\n<p>Geli\u015ftirilen uygulama ile <strong>hekimler<\/strong> ve <strong>sa\u011fl\u0131k personelleri<\/strong>, kolay ve h\u0131zl\u0131 bir \u015fekilde vatanda\u015flar\u0131n <strong>a\u015f\u0131lanma s\u00fcreci<\/strong>ni takip edebilecek.<\/p>\r\n\r\n\r\n<hr class=\"wp-block-separator is-style-wide is-cnvs-separator-id-1612360659893\" \/>\r\n\r\n\r\n<p><strong>AKILLI TELEFONUNUZ TELESKOPA D\u00d6N\u00dc\u015eS\u00dcN<\/strong><\/p>\r\n\r\n\r\n\r\n<p><strong>Vaonis<\/strong>&#8216;in geli\u015ftirdi\u011fi <strong>Stellina <\/strong>ve <strong>Vespera <\/strong>cihazlar\u0131, kullan\u0131c\u0131n\u0131n <strong>ak\u0131ll\u0131 telefonunu,<\/strong> cihazlar\u0131n \u00f6zel bir mobil uygulamas\u0131 arac\u0131l\u0131\u011f\u0131yla <strong>astronomik g\u00f6zlem<\/strong> yapabilece\u011fi bir <strong>teleskop<\/strong>a d\u00f6n\u00fc\u015ft\u00fcrecek.<\/p>\r\n\r\n\r\n\r\n<figure class=\"wp-block-image size-large\"><img width=\"1024\" height=\"536\" class=\"wp-image-7057\" src=\"https:\/\/egegen.com\/blog\/wp-content\/uploads\/2021\/02\/6-AKILLI-TELEFONUNUZ-TELESKOPA-DONUSSUN-1024x536.jpg\" alt=\"\" \/><\/figure>\r\n\r\n\r\n\r\n<p>Herkesin galaksiler ve bulutsular gibi derin g\u00f6ky\u00fcz\u00fc nesnelerini g\u00f6zlemlemesine imkan tan\u0131yan teknoloji harikalar\u0131 <strong>Vespera<\/strong> ve <strong>Stellina,<\/strong> g\u00f6ky\u00fcz\u00fcn\u00fc bir <strong>mobil cihazda<\/strong> g\u00f6r\u00fcnt\u00fcleyerek teleskop vazifesi g\u00f6r\u00fcyorlar. <strong>Mobil uygulama<\/strong> arac\u0131l\u0131\u011f\u0131yla kolayca kontrol edilebilen cihazlar, ak\u0131ll\u0131 telefonunuzun <strong>GPS<\/strong>&#8216;ini kullanarak ve neredeyse hi\u00e7 kurulum gerektirmeden <strong>bulutsu, galaksi ve y\u0131ld\u0131z k\u00fcmeleri<\/strong> gibi derin uzay nesnelerini sorunsuz bir \u015fekilde g\u00f6sterebiliyorlar.<\/p>\r\n\r\n\r\n\r\n<p>Hem <strong>Vespera <\/strong>hem de <strong>Stellina<\/strong>\u2018da <strong>efrakt\u00f6r lensler<\/strong> kullan\u0131lm\u0131\u015f ancak Vespera, Stellina&#8217;n\u0131n 3 in\u00e7 (80 mm) f \/ 5 diyafram a\u00e7\u0131kl\u0131\u011f\u0131na k\u0131yasla 2 in\u00e7 (50 mm) daha k\u00fc\u00e7\u00fck bir a\u00e7\u0131kl\u0131\u011fa ve f \/ 4 odak oran\u0131na sahip.<\/p>\r\n\r\n\r\n\r\n<p>\u00c7ok hafif ve k\u00fc\u00e7\u00fck olduklar\u0131ndan s\u0131rt \u00e7antas\u0131na at\u0131l\u0131p her yere g\u00f6t\u00fcr\u00fclebilen bu <strong>ak\u0131ll\u0131 cihazlar<\/strong> sayesinde <strong>ak\u0131ll\u0131 telefonunuz<\/strong> adeta bir ke\u015fif istasyonu olacak!<\/p>\r\n\r\n\r\n<hr class=\"wp-block-separator is-style-wide is-cnvs-separator-id-1612360665083\" \/>\r\n\r\n\r\n<p><strong>INSTAGRAM WEB S\u00dcR\u00dcM\u00dcNDE G\u00dcNCELLEME<\/strong><\/p>\r\n\r\n\r\n\r\n<p>D\u00fcnyan\u0131n en \u00e7ok indirilen payla\u015f\u0131m platformlar\u0131ndan olan <strong>Instagram<\/strong>&#8216;\u0131n masa\u00fcst\u00fc <strong>web s\u00fcr\u00fcm\u00fc<\/strong> g\u00fcncellendi ve yap\u0131lan g\u00fcncelleme ile birlikte kullan\u0131c\u0131lara yeni bir <strong>Hikaye Sayfas\u0131<\/strong> sunuldu.\u00a0 <strong>Instagram masa\u00fcst\u00fcnde<\/strong> a\u00e7\u0131lan Hikayeler bundan sonra, \u00f6nceki ve sonraki kullan\u0131c\u0131 hikayelerinin de bir <strong>\u00f6n izleme<\/strong>sini sunuyor.<\/p>\r\n\r\n\r\n\r\n<figure class=\"wp-block-image size-large\"><img width=\"1024\" height=\"576\" class=\"wp-image-7058\" src=\"https:\/\/egegen.com\/blog\/wp-content\/uploads\/2021\/02\/7-INSTAGRAM-WEB-SURUMUNDE-GUNCELLEME-1024x576.jpg\" alt=\"\" \/><\/figure>\r\n\r\n\r\n\r\n<p><strong>Kullan\u0131c\u0131 deneyimi<\/strong>ni s\u00fcrekli olarak iyile\u015ftirmek i\u00e7in yenilikler yapan uygulama, <strong>masa\u00fcst\u00fc web<\/strong> s\u00fcr\u00fcm\u00fcnde Hikayeleri izleyen kullan\u0131c\u0131lar i\u00e7in daha iyi bir g\u00f6rsellik sunuyor.<\/p>\r\n\r\n\r\n\r\n<p>G\u00fcncellemeden \u00f6nceki tasar\u0131m, sadece a\u00e7\u0131lan <strong>Hikaye <\/strong>ile ilgili bilgi veriyor, di\u011fer Hikayelerle ilgili herhangi bir bilgi bile sunmuyordu. <strong>Yeni tasar\u0131m<\/strong>la birlikte eskiden ekran\u0131 kaplayan tek bir Hikaye g\u00f6z\u00fckmeyecek. Ki\u015filer art\u0131k bunun yerine bir Hikayenin \u00f6ncesindekileri ve sonras\u0131ndakileri de <strong>\u00f6n izleme<\/strong> \u015feklinde g\u00f6rebilecek.<\/p>\r\n\r\n\r\n<hr class=\"wp-block-separator is-style-wide is-cnvs-separator-id-1612360667610\" \/>\r\n\r\n\r\n<p><strong>TEKNOLOJ\u0130K N95 MASKE: PROJECT HAZEL<\/strong><\/p>\r\n\r\n\r\n\r\n<p><strong>Yeni normal<\/strong> i\u00e7in tasarlanan ve <strong>\u201cen ak\u0131ll\u0131 maske\u201d<\/strong> olarak ifade edilen maskenin prototipi piyasaya s\u00fcr\u00fcld\u00fc.<\/p>\r\n\r\n\r\n\r\n<figure class=\"wp-block-image size-large\"><img width=\"1024\" height=\"536\" class=\"wp-image-7059\" src=\"https:\/\/egegen.com\/blog\/wp-content\/uploads\/2021\/02\/8-TEKNOLOJIK-N95-MASKEPROJECT-HAZEL-1024x536.jpg\" alt=\"\" \/><\/figure>\r\n\r\n\r\n\r\n<p><strong>Razer<\/strong>, bu y\u0131l ilk kez dijital ortamda ger\u00e7ekle\u015ftirilen <strong>CES 2021<\/strong> i\u00e7in yeni konsept \u00fcr\u00fcnlerini sundu. Bu \u00fcr\u00fcnlerden biri de ak\u0131ll\u0131 y\u00fcz maskesi <strong>Project Hazel<\/strong>. Adeta bilim kurgu filmlerinden \u00e7\u0131km\u0131\u015f gibi duran <strong>maske<\/strong> asl\u0131nda <strong>ergonomik<\/strong> bir dizayna sahip. Hava giri\u015f \u00e7\u0131k\u0131\u015f\u0131n\u0131 tam anlam\u0131yla \u00f6nlemek i\u00e7in silikon kenarl\u0131klar \u00e7evrili olan <strong>maske <\/strong>bu \u00f6zellikle birlikte y\u00fcze tak\u0131ld\u0131\u011f\u0131 anda konfor sa\u011fl\u0131yor. Kulak halkalar\u0131 da farkl\u0131 boyutlarda ayarlanabilir \u015fekilde tasarlanan <strong>maske<\/strong>nin, ileti\u015fim s\u00fcre\u00e7lerini kolayla\u015ft\u0131rmak i\u00e7in a\u011f\u0131z b\u00f6lgesindeki alan \u015feffaf olarak tasarlanm\u0131\u015f.<\/p>\r\n\r\n\r\n<hr class=\"wp-block-separator is-style-wide is-cnvs-separator-id-1612360669623\" \/>\r\n\r\n\r\n<p><strong>GOOGLE EKRAN PAYLA\u015eIMINDA B\u0130LD\u0130R\u0130MLER\u0130 G\u0130ZLEYECEK<\/strong><\/p>\r\n\r\n\r\n\r\n<p><strong>Pandemiden<\/strong> dolay\u0131 <strong>evden \u00e7al\u0131\u015fma<\/strong> ve <strong>uzaktan e\u011fitim<\/strong>in pek \u00e7ok yerde zorunlu hale gelmesiyle birlikte <strong>ekran payla\u015f\u0131m\u0131<\/strong> \u00f6zelli\u011fi de pop\u00fcler hale geldi. \u00c7al\u0131\u015fanlar ya da \u00f6\u011fretmenler, gerek toplant\u0131lara girmek gerek e\u011fitimi s\u00fcrd\u00fcrmek i\u00e7in <strong>bilgisayar ekranlar\u0131n\u0131<\/strong> payla\u015fmak durumundalar.<\/p>\r\n\r\n\r\n\r\n<figure class=\"wp-block-image size-large\"><img width=\"788\" height=\"443\" class=\"wp-image-7060\" src=\"https:\/\/egegen.com\/blog\/wp-content\/uploads\/2021\/02\/9-GOOGLE-EKRAN-PAYLASIMINDA-BILDIRIMLERI-GIZLEYECEK.jpg\" alt=\"\" \/><\/figure>\r\n\r\n\r\n\r\n<p>Ancak<strong> bilgisayarlar<\/strong> yaln\u0131zca e\u011fitim ya da i\u015f i\u00e7in kullan\u0131lan cihazlar olmad\u0131\u011f\u0131ndan <strong>ekran payla\u015f\u0131mlar\u0131<\/strong> s\u0131ras\u0131nda baz\u0131 kazalar ya da dikkat da\u011f\u0131tan unsurlar da ortaya \u00e7\u0131kabiliyor. \u00d6zellikle bu unsurlar\u0131n ba\u015f\u0131nda ans\u0131z\u0131n ortaya \u00e7\u0131kan bildirimler geliyor.<\/p>\r\n\r\n\r\n\r\n<p>Resmi blogunda yeni bir yaz\u0131 payla\u015fan <strong>Google<\/strong>, <strong>g\u00f6r\u00fcnt\u00fcl\u00fc konu\u015fma<\/strong> esnas\u0131nda <strong>ekran payla\u015f\u0131m\u0131<\/strong> a\u00e7\u0131k oldu\u011funda <strong>Chrome<\/strong>\u2019un web bildirimlerini otomatik olarak gizleyece\u011fini a\u00e7\u0131klad\u0131. <strong>Google Chat<\/strong>, <strong>e-posta<\/strong> ve <strong>\u00fc\u00e7\u00fcnc\u00fc taraf web siteleri<\/strong>nden gelen bildirimlerinin bu g\u00fcncellemeye dahil oldu\u011funu da ifade etti. Yeni g\u00fcncellemeler ile art\u0131k y\u00f6neticilerin dahi <strong>bildirimlerin <\/strong>i\u00e7eri\u011fini g\u00f6rmesine izin verilmeyecek.<\/p>\r\n\r\n\r\n<hr class=\"wp-block-separator is-style-wide is-cnvs-separator-id-1612360671777\" \/>\r\n\r\n\r\n<p><strong>YOUTUBE\u2019DA ALI\u015eVER\u0130\u015e D\u00d6NEM\u0130 BA\u015eLIYOR<\/strong><\/p>\r\n\r\n\r\n\r\n<p><strong>Google<\/strong>, do\u011frudan <strong>YouTube<\/strong> videolar\u0131 \u00fczerinden al\u0131\u015fveri\u015f yapmay\u0131 sa\u011flayan yeni bir \u00f6zelli\u011fi test ediyor!<\/p>\r\n\r\n\r\n\r\n<figure class=\"wp-block-image size-large\"><img width=\"740\" height=\"418\" class=\"wp-image-7061\" src=\"https:\/\/egegen.com\/blog\/wp-content\/uploads\/2021\/02\/10-YOUTUBEDA-ALISVERIS-DONEMI-BASLIYOR.jpg\" alt=\"\" \/><\/figure>\r\n\r\n\r\n\r\n<p><strong>YouTube<\/strong>, kullan\u0131c\u0131lar\u0131n\u0131n izledikleri kanallarda kullan\u0131lan veya bahsedilen \u00fcr\u00fcnleri <strong>sat\u0131n alma<\/strong>s\u0131n\u0131 sa\u011flamak i\u00e7in <strong>yeni bir g\u00fcncelleme<\/strong> sunacak. Test a\u015famas\u0131nda olan hizmet, i\u00e7erik olu\u015fturucular\u0131n belirli \u00fcr\u00fcnleri sisteme eklemesini sa\u011flayarak ekran\u0131n sol alt k\u00f6\u015fesindeki <strong>al\u0131\u015fveri\u015f \u00e7antas\u0131 simgesi<\/strong> sayesinde videoda <strong>\u00f6ne \u00e7\u0131kan<\/strong> \u00f6\u011felerin bir <strong>liste<\/strong>sini kullan\u0131c\u0131lar\u0131n kar\u015f\u0131s\u0131na getirecek. Bu sayede kullan\u0131c\u0131lar \u00fcr\u00fcnler hakk\u0131nda daha fazla <strong>bilgiye g\u00f6z atabilecek<\/strong>, ilgili videolar\u0131 izleyebilecek ya da <strong>sepeti onaylayarak<\/strong> <strong>al\u0131\u015fveri\u015f<\/strong>i tamamlayabilecekler.\u00a0 \u0130lk etapta <strong>Android<\/strong>, <strong>iOS <\/strong>ve uygulaman\u0131n <strong>web sitesi<\/strong> \u00fczerinden bu \u00f6zelliklerin sunulmas\u0131 planlan\u0131yor daha sonra ise <strong>ak\u0131ll\u0131 televizyonlara<\/strong> da entegre edilebilece\u011fi konu\u015fuluyor.<\/p>\r\n\r\n\r\n<hr class=\"wp-block-separator is-style-wide is-cnvs-separator-id-1612360674097\" \/>\r\n\r\n\r\n<p><strong>B\u0130ZDEN HABERLER<\/strong><\/p>\r\n\r\n\r\n\r\n<p><strong>Ho\u015f geldin Tuna Ofis!<\/strong><\/p>\r\n\r\n\r\n\r\n<p>Yakla\u015f\u0131k 50 y\u0131l \u00f6nce \u00fcr\u00fcn ve hizmet kalitesini en \u00fcst seviyeye ta\u015f\u0131mak, \u00f6nc\u00fc ve yenilik\u00e7i yakla\u015f\u0131m\u0131yla sekt\u00f6r\u00fcn standartlar\u0131n\u0131 yeniden belirleyen marka olmak vizyonuyla yola \u00e7\u0131kan Tuna Ofis&#8217;in dijital ajans\u0131 olduk!<\/p>\r\n\r\n\r\n\r\n<p>Bu s\u00fcre\u00e7 i\u00e7erisinde egegen olarak; Tuna Ofis&#8217;e dijital strateji, sosyal medya y\u00f6netimi, dijital pazarlama faaliyetlerine kadar 360 derece hizmet verece\u011fiz&#8230;<\/p>\r\n\r\n\r\n\r\n<p>Tuna Ofis\u2019in hesaplar\u0131n\u0131 takip etmeyi unutmay\u0131n.<\/p>\r\n\r\n\r\n\r\n<blockquote class=\"instagram-media\" style=\"background: #FFF; border: 0; border-radius: 3px; box-shadow: 0 0 1px 0 rgba(0,0,0,0.5),0 1px 10px 0 rgba(0,0,0,0.15); margin: 1px; max-width: 540px; min-width: 326px; padding: 0; width: calc(100% - 2px);\" data-instgrm-captioned=\"\" data-instgrm-permalink=\"https:\/\/www.instagram.com\/p\/CKx-x69HRu5\/?utm_source=ig_embed&amp;utm_campaign=loading\" data-instgrm-version=\"13\">\r\n<div style=\"padding: 16px;\">\r\n<div style=\"display: flex; flex-direction: row; align-items: center;\">\r\n<div style=\"background-color: #f4f4f4; border-radius: 50%; flex-grow: 0; height: 40px; margin-right: 14px; width: 40px;\">\u00a0<\/div>\r\n<div style=\"display: flex; flex-direction: column; flex-grow: 1; justify-content: center;\">\r\n<div style=\"background-color: #f4f4f4; border-radius: 4px; flex-grow: 0; height: 14px; margin-bottom: 6px; width: 100px;\">\u00a0<\/div>\r\n<div style=\"background-color: #f4f4f4; border-radius: 4px; flex-grow: 0; height: 14px; width: 60px;\">\u00a0<\/div>\r\n<\/div>\r\n<\/div>\r\n<div style=\"padding: 19% 0;\">\u00a0<\/div>\r\n<div style=\"display: block; height: 50px; margin: 0 auto 12px; width: 50px;\">\u00a0<\/div>\r\n<div style=\"padding-top: 8px;\">\r\n<div style=\"color: #3897f0; font-family: Arial,sans-serif; font-size: 14px; font-style: normal; font-weight: 550; line-height: 18px;\">Bu g\u00f6nderiyi Instagram&#8217;da g\u00f6r<\/div>\r\n<\/div>\r\n<div style=\"padding: 12.5% 0;\">\u00a0<\/div>\r\n<div style=\"display: flex; flex-direction: row; margin-bottom: 14px; align-items: center;\">\r\n<div>\r\n<div style=\"background-color: #f4f4f4; border-radius: 50%; height: 12.5px; width: 12.5px; transform: translateX(0px) translateY(7px);\">\u00a0<\/div>\r\n<div style=\"background-color: #f4f4f4; height: 12.5px; transform: rotate(-45deg) translateX(3px) translateY(1px); width: 12.5px; flex-grow: 0; margin-right: 14px; margin-left: 2px;\">\u00a0<\/div>\r\n<div style=\"background-color: #f4f4f4; border-radius: 50%; height: 12.5px; width: 12.5px; transform: translateX(9px) translateY(-18px);\">\u00a0<\/div>\r\n<\/div>\r\n<div style=\"margin-left: 8px;\">\r\n<div style=\"background-color: #f4f4f4; border-radius: 50%; flex-grow: 0; height: 20px; width: 20px;\">\u00a0<\/div>\r\n<div style=\"width: 0; height: 0; border-top: 2px solid transparent; border-left: 6px solid #f4f4f4; border-bottom: 2px solid transparent; transform: translateX(16px) translateY(-4px) rotate(30deg);\">\u00a0<\/div>\r\n<\/div>\r\n<div style=\"margin-left: auto;\">\r\n<div style=\"width: 0px; border-top: 8px solid #F4F4F4; border-right: 8px solid transparent; transform: translateY(16px);\">\u00a0<\/div>\r\n<div style=\"background-color: #f4f4f4; flex-grow: 0; height: 12px; width: 16px; transform: translateY(-4px);\">\u00a0<\/div>\r\n<div style=\"width: 0; height: 0; border-top: 8px solid #F4F4F4; border-left: 8px solid transparent; transform: translateY(-4px) translateX(8px);\">\u00a0<\/div>\r\n<\/div>\r\n<\/div>\r\n<div style=\"display: flex; flex-direction: column; flex-grow: 1; justify-content: center; margin-bottom: 24px;\">\r\n<div style=\"background-color: #f4f4f4; border-radius: 4px; flex-grow: 0; height: 14px; margin-bottom: 6px; width: 224px;\">\u00a0<\/div>\r\n<div style=\"background-color: #f4f4f4; border-radius: 4px; flex-grow: 0; height: 14px; width: 144px;\">\u00a0<\/div>\r\n<\/div>\r\n<p style=\"color: #c9c8cd; font-family: Arial,sans-serif; font-size: 14px; line-height: 17px; margin-bottom: 0; margin-top: 8px; overflow: hidden; padding: 8px 0 7px; text-align: center; text-overflow: ellipsis; white-space: nowrap;\"><a style=\"color: #c9c8cd; font-family: Arial,sans-serif; font-size: 14px; font-style: normal; font-weight: normal; line-height: 17px; text-decoration: none;\" href=\"https:\/\/www.instagram.com\/p\/CKx-x69HRu5\/?utm_source=ig_embed&amp;utm_campaign=loading\" target=\"_blank\" rel=\"noopener noreferrer\">Tuna Ofis (@tunaofismobilyalari)&#8217;in payla\u015ft\u0131\u011f\u0131 bir g\u00f6nderi<\/a><\/p>\r\n<\/div>\r\n<\/blockquote>\r\n<p><script async src=\"\/\/www.instagram.com\/embed.js\"><\/script><\/p>\r\n\r\n\r\n\r\n<p><a href=\"https:\/\/www.facebook.com\/TunaOfisMobilyalari\" target=\"_blank\" rel=\"noreferrer noopener\">Fa<\/a><a href=\"https:\/\/www.facebook.com\/TunaOfisMobilyalari\" target=\"_blank\" rel=\"noreferrer noopener nofollow\">c<\/a><a href=\"https:\/\/www.facebook.com\/TunaOfisMobilyalari\" target=\"_blank\" rel=\"noreferrer noopener\">ebook<\/a><\/p>\r\n\r\n\r\n\r\n<p><a href=\"https:\/\/www.linkedin.com\/company\/tuna-furniture\/?trk=ppro_cprof&amp;originalSubdomain=it\" target=\"_blank\" rel=\"noreferrer noopener nofollow\">Linkedin<\/a><\/p>\r\n\r\n\r\n\r\n<p><a href=\"https:\/\/www.youtube.com\/channel\/UCcEcIip8MJLcy0LDQ-sS8PA\" target=\"_blank\" rel=\"noreferrer noopener nofollow\">Youtube<\/a><\/p>\r\n\r\n\r\n\r\n<p><a href=\"https:\/\/twitter.com\/tunaofisev_\" target=\"_blank\" rel=\"noreferrer noopener nofollow\">Twitter<\/a><\/p>\r\n","protected":false},"excerpt":{"rendered":"<p>39. egegen Trend Raporumuzun keyifli ve dopdolu i\u00e7eri\u011fi ile yeniden sizlerleyiz. Yeni y\u0131l\u0131n ilk ay\u0131nda ya\u015fanan dijital geli\u015fmeleri, \u00f6nemli g\u00fcncellemeleri ve ilginizi \u00e7ekebilecek teknolojik \u00fcr\u00fcnleri sizler i\u00e7in derledik\u2026 WHATSAPP\u2019TAN BEKLENEN \u00d6ZELL\u0130K D\u00fcnyam\u0131z\u0131 saran salg\u0131n sebebiyle insanlar\u0131n birbirleriyle y\u00fcz y\u00fcze ileti\u015fime ge\u00e7emeyi\u015fi, 2020 y\u0131l\u0131nda video g\u00f6r\u00fc\u015fmelerinde b\u00fcy\u00fck bir art\u0131\u015f ya\u015fatt\u0131. Bu durumdan iyi fayda sa\u011flayan WhatsApp, &hellip;<\/p>\n","protected":false},"author":20,"featured_media":7064,"comment_status":"open","ping_status":"open","sticky":false,"template":"","format":"standard","meta":[],"categories":[188],"tags":[],"_links":{"self":[{"href":"https:\/\/egegen.com\/blog\/wp-json\/wp\/v2\/posts\/7062"}],"collection":[{"href":"https:\/\/egegen.com\/blog\/wp-json\/wp\/v2\/posts"}],"about":[{"href":"https:\/\/egegen.com\/blog\/wp-json\/wp\/v2\/types\/post"}],"author":[{"embeddable":true,"href":"https:\/\/egegen.com\/blog\/wp-json\/wp\/v2\/users\/20"}],"replies":[{"embeddable":true,"href":"https:\/\/egegen.com\/blog\/wp-json\/wp\/v2\/comments?post=7062"}],"version-history":[{"count":2,"href":"https:\/\/egegen.com\/blog\/wp-json\/wp\/v2\/posts\/7062\/revisions"}],"predecessor-version":[{"id":8933,"href":"https:\/\/egegen.com\/blog\/wp-json\/wp\/v2\/posts\/7062\/revisions\/8933"}],"wp:featuredmedia":[{"embeddable":true,"href":"https:\/\/egegen.com\/blog\/wp-json\/wp\/v2\/media\/7064"}],"wp:attachment":[{"href":"https:\/\/egegen.com\/blog\/wp-json\/wp\/v2\/media?parent=7062"}],"wp:term":[{"taxonomy":"category","embeddable":true,"href":"https:\/\/egegen.com\/blog\/wp-json\/wp\/v2\/categories?post=7062"},{"taxonomy":"post_tag","embeddable":true,"href":"https:\/\/egegen.com\/blog\/wp-json\/wp\/v2\/tags?post=7062"}],"curies":[{"name":"wp","href":"https:\/\/api.w.org\/{rel}","templated":true}]}}