{"id":7047,"date":"2021-01-26T15:43:25","date_gmt":"2021-01-26T12:43:25","guid":{"rendered":"https:\/\/egegen.com\/blog\/?p=7047"},"modified":"2022-08-24T18:17:42","modified_gmt":"2022-08-24T15:17:42","slug":"turkiyenin-asi-haritasi-erisime-acildi","status":"publish","type":"post","link":"https:\/\/egegen.com\/blog\/turkiyenin-asi-haritasi-erisime-acildi\/","title":{"rendered":"T\u00fcrkiye\u2019nin A\u015f\u0131 Haritas\u0131 Eri\u015fime A\u00e7\u0131ld\u0131"},"content":{"rendered":"\n<p><strong>Sa\u011fl\u0131k Bakanl\u0131\u011f\u0131<\/strong> taraf\u0131ndan <strong>covid19asi.saglik.gov.tr<\/strong> adresi \u00fczerinden eri\u015fime a\u00e7\u0131lan T\u00fcrkiye&#8217;nin a\u015f\u0131 haritas\u0131 ile t\u00fcm kullan\u0131c\u0131lar\u0131n a\u015f\u0131 say\u0131s\u0131n\u0131 rahat\u00e7a takip edebilecek.<\/p>\n\n\n\n<p>Yak\u0131n zamanda \u00fclkemizde <strong>a\u015f\u0131lama<\/strong> s\u00fcreci ba\u015flam\u0131\u015ft\u0131. Ge\u00e7en cumartesi Sa\u011fl\u0131k Bakan\u0131 <strong>Fahrettin Koca<\/strong>&#8216;n\u0131n &#8220;T\u00fcrkiye&#8217;de iller baz\u0131nda a\u015f\u0131 da\u011f\u0131l\u0131m\u0131n\u0131 g\u00f6rebilirsiniz&#8221; diyerek s\u00f6z etti\u011fi <strong>a\u015f\u0131 haritas\u0131<\/strong> ile devam etmekte olan a\u015f\u0131lama s\u00fcreci herkes taraf\u0131ndan takip edilebilecek. <strong>covid19asi.saglik.gov.tr<\/strong> sitesi \u00fczerinden <strong>T\u00fcrkiye<\/strong>\u2019nin 81 ilindeki a\u015f\u0131 da\u011f\u0131l\u0131m\u0131 izlenebiliyor ve illere g\u00f6re a\u015f\u0131 da\u011f\u0131l\u0131m\u0131 10 dakikada bir g\u00fcncelleniyor.<\/p>\n\n\n\n<figure class=\"wp-block-image size-large\"><img width=\"800\" height=\"450\" src=\"https:\/\/egegen.com\/blog\/wp-content\/uploads\/2021\/01\/600e70070f25442a747c0c25.jpg\" alt=\"T\u00fcrkiye\u2019nin A\u015f\u0131 Haritas\u0131 Eri\u015fime A\u00e7\u0131ld\u0131\" class=\"wp-image-7049\"\/><\/figure>\n\n\n\n<p>Haritada en fazla a\u015f\u0131n\u0131n <strong>\u0130stanbul<\/strong>\u2019da yap\u0131ld\u0131\u011f\u0131 ve platformda yer alan bilgilere g\u00f6re \u00fclkemizde toplamda <strong>1 milyon 265 bin 149 <\/strong>ki\u015fiye a\u015f\u0131 yap\u0131ld\u0131\u011f\u0131 g\u00f6r\u00fcl\u00fcyor.<\/p>\n","protected":false},"excerpt":{"rendered":"<p>Sa\u011fl\u0131k Bakanl\u0131\u011f\u0131 taraf\u0131ndan covid19asi.saglik.gov.tr adresi \u00fczerinden eri\u015fime a\u00e7\u0131lan T\u00fcrkiye&#8217;nin a\u015f\u0131 haritas\u0131 ile t\u00fcm kullan\u0131c\u0131lar\u0131n a\u015f\u0131 say\u0131s\u0131n\u0131 rahat\u00e7a takip edebilecek. Yak\u0131n zamanda \u00fclkemizde a\u015f\u0131lama s\u00fcreci ba\u015flam\u0131\u015ft\u0131. Ge\u00e7en cumartesi Sa\u011fl\u0131k Bakan\u0131 Fahrettin Koca&#8216;n\u0131n &#8220;T\u00fcrkiye&#8217;de iller baz\u0131nda a\u015f\u0131 da\u011f\u0131l\u0131m\u0131n\u0131 g\u00f6rebilirsiniz&#8221; diyerek s\u00f6z etti\u011fi a\u015f\u0131 haritas\u0131 ile devam etmekte olan a\u015f\u0131lama s\u00fcreci herkes taraf\u0131ndan takip edilebilecek. covid19asi.saglik.gov.tr sitesi \u00fczerinden &hellip;<\/p>\n","protected":false},"author":1,"featured_media":7048,"comment_status":"open","ping_status":"open","sticky":false,"template":"","format":"standard","meta":[],"categories":[1],"tags":[],"_links":{"self":[{"href":"https:\/\/egegen.com\/blog\/wp-json\/wp\/v2\/posts\/7047"}],"collection":[{"href":"https:\/\/egegen.com\/blog\/wp-json\/wp\/v2\/posts"}],"about":[{"href":"https:\/\/egegen.com\/blog\/wp-json\/wp\/v2\/types\/post"}],"author":[{"embeddable":true,"href":"https:\/\/egegen.com\/blog\/wp-json\/wp\/v2\/users\/1"}],"replies":[{"embeddable":true,"href":"https:\/\/egegen.com\/blog\/wp-json\/wp\/v2\/comments?post=7047"}],"version-history":[{"count":0,"href":"https:\/\/egegen.com\/blog\/wp-json\/wp\/v2\/posts\/7047\/revisions"}],"wp:featuredmedia":[{"embeddable":true,"href":"https:\/\/egegen.com\/blog\/wp-json\/wp\/v2\/media\/7048"}],"wp:attachment":[{"href":"https:\/\/egegen.com\/blog\/wp-json\/wp\/v2\/media?parent=7047"}],"wp:term":[{"taxonomy":"category","embeddable":true,"href":"https:\/\/egegen.com\/blog\/wp-json\/wp\/v2\/categories?post=7047"},{"taxonomy":"post_tag","embeddable":true,"href":"https:\/\/egegen.com\/blog\/wp-json\/wp\/v2\/tags?post=7047"}],"curies":[{"name":"wp","href":"https:\/\/api.w.org\/{rel}","templated":true}]}}