{"id":7011,"date":"2021-01-19T17:56:19","date_gmt":"2021-01-19T14:56:19","guid":{"rendered":"https:\/\/egegen.com\/blog\/?p=7011"},"modified":"2022-08-24T18:17:43","modified_gmt":"2022-08-24T15:17:43","slug":"facebook-ve-instagram-turkiyeye-temsilci-atayacak","status":"publish","type":"post","link":"https:\/\/egegen.com\/blog\/facebook-ve-instagram-turkiyeye-temsilci-atayacak\/","title":{"rendered":"Facebook ve Instagram T\u00fcrkiye\u2019ye Temsilci Atayacak"},"content":{"rendered":"\n<p>2020 y\u0131l\u0131nda y\u00fcr\u00fcrl\u00fc\u011fe giren 5 a\u015famal\u0131 <strong>Sosyal Medya Yasas\u0131<\/strong>\u2019nda 3. a\u015famaya gelindi. <strong>Facebook, Twitter, TikTok, Instagram, YouTube<\/strong> gibi \u015firketlere bu yasaya uyulmad\u0131\u011f\u0131 takdirde <strong>3 ay reklam durduma<\/strong> cezas\u0131 verilecek.<\/p>\n\n\n\n<p>Sosyal medya devi <strong>Facebook<\/strong> ise reklam yasa\u011f\u0131 uygulamas\u0131na bir g\u00fcn kala <strong>T\u00fcrkiye<\/strong>\u2019ye temsilci atayaca\u011f\u0131n\u0131 a\u00e7\u0131klad\u0131. Yap\u0131lan a\u00e7\u0131klamada &#8220;\u0130lkelerimize ters hareket etmemiz i\u00e7in \u0131srar edilirse temsilcimizi geri \u00e7ekeriz.&#8221; de denildi. Facebook, T\u00fcrkiye&#8217;de ifade \u00f6zg\u00fcrl\u00fc\u011f\u00fcn\u00fc ve di\u011fer insan haklar\u0131n\u0131 korumaya kararl\u0131 oldu\u011funu da a\u00e7\u0131klamas\u0131na ekledi. Ayn\u0131 zamanda <strong>Instagram <\/strong>i\u00e7in de T\u00fcrkiye&#8217;ye <strong>yasal temsilci<\/strong> atama karar\u0131 alan <strong>Facebook<\/strong> bug\u00fcne kadar, temsilci atamad\u0131\u011f\u0131 i\u00e7in ilk \u00f6nce 10 ve daha sonra 30 milyon TL olmak \u00fczere toplamda <strong>40 milyon TL<\/strong> ceza alm\u0131\u015ft\u0131.<\/p>\n\n\n\n<figure class=\"wp-block-image size-large\"><img width=\"639\" height=\"350\" src=\"https:\/\/egegen.com\/blog\/wp-content\/uploads\/2021\/01\/facebook-instagram.png\" alt=\"\" class=\"wp-image-7012\"\/><\/figure>\n\n\n\n<p>Sosyal Medya Yasas\u0131\u2019n\u0131n y\u00fcr\u00fcrl\u00fc\u011fe girmesiyle uygulanan yapt\u0131r\u0131mlar\u0131n ard\u0131ndan <strong>VKontakte, YouTube, TikTok, Linkedin<\/strong> ve <strong>Dailymotion <\/strong>T\u00fcrkiye\u2019de temsilcilik a\u00e7may\u0131 kabul eden sosyal medya \u015firketleri olmu\u015ftu.<\/p>\n","protected":false},"excerpt":{"rendered":"<p>2020 y\u0131l\u0131nda y\u00fcr\u00fcrl\u00fc\u011fe giren 5 a\u015famal\u0131 Sosyal Medya Yasas\u0131\u2019nda 3. a\u015famaya gelindi. Facebook, Twitter, TikTok, Instagram, YouTube gibi \u015firketlere bu yasaya uyulmad\u0131\u011f\u0131 takdirde 3 ay reklam durduma cezas\u0131 verilecek. Sosyal medya devi Facebook ise reklam yasa\u011f\u0131 uygulamas\u0131na bir g\u00fcn kala T\u00fcrkiye\u2019ye temsilci atayaca\u011f\u0131n\u0131 a\u00e7\u0131klad\u0131. Yap\u0131lan a\u00e7\u0131klamada &#8220;\u0130lkelerimize ters hareket etmemiz i\u00e7in \u0131srar edilirse temsilcimizi geri &hellip;<\/p>\n","protected":false},"author":1,"featured_media":7013,"comment_status":"open","ping_status":"open","sticky":false,"template":"","format":"standard","meta":[],"categories":[184],"tags":[],"_links":{"self":[{"href":"https:\/\/egegen.com\/blog\/wp-json\/wp\/v2\/posts\/7011"}],"collection":[{"href":"https:\/\/egegen.com\/blog\/wp-json\/wp\/v2\/posts"}],"about":[{"href":"https:\/\/egegen.com\/blog\/wp-json\/wp\/v2\/types\/post"}],"author":[{"embeddable":true,"href":"https:\/\/egegen.com\/blog\/wp-json\/wp\/v2\/users\/1"}],"replies":[{"embeddable":true,"href":"https:\/\/egegen.com\/blog\/wp-json\/wp\/v2\/comments?post=7011"}],"version-history":[{"count":0,"href":"https:\/\/egegen.com\/blog\/wp-json\/wp\/v2\/posts\/7011\/revisions"}],"wp:featuredmedia":[{"embeddable":true,"href":"https:\/\/egegen.com\/blog\/wp-json\/wp\/v2\/media\/7013"}],"wp:attachment":[{"href":"https:\/\/egegen.com\/blog\/wp-json\/wp\/v2\/media?parent=7011"}],"wp:term":[{"taxonomy":"category","embeddable":true,"href":"https:\/\/egegen.com\/blog\/wp-json\/wp\/v2\/categories?post=7011"},{"taxonomy":"post_tag","embeddable":true,"href":"https:\/\/egegen.com\/blog\/wp-json\/wp\/v2\/tags?post=7011"}],"curies":[{"name":"wp","href":"https:\/\/api.w.org\/{rel}","templated":true}]}}