{"id":6968,"date":"2021-01-06T18:04:12","date_gmt":"2021-01-06T15:04:12","guid":{"rendered":"https:\/\/egegen.com\/blog\/?p=6968"},"modified":"2022-10-10T17:11:51","modified_gmt":"2022-10-10T14:11:51","slug":"egegen-trend-raporu-38-aralik-2020","status":"publish","type":"post","link":"https:\/\/egegen.com\/blog\/egegen-trend-raporu-38-aralik-2020\/","title":{"rendered":"egegen Trend Raporu &#8211; 38 \/ Aral\u0131k 2020"},"content":{"rendered":"\r\n<p><em>2021 y\u0131l\u0131n\u0131n t\u00fcm mutluluklar\u0131 beraberinde getirmesini dilerken, geride b\u0131rakt\u0131\u011f\u0131m\u0131z zorlu 2020 y\u0131l\u0131n\u0131n son ay\u0131nda ya\u015fanan \u00f6nemli geli\u015fmeler ile sizlerleyiz, keyifli okumalar\u2026<\/em><\/p>\r\n\r\n\r\n\r\n<p><strong>FACEBOOK\u2019TAN TIKTOK\u2019A RAK\u0130P UYGULAMA<\/strong><\/p>\r\n\r\n\r\n\r\n<p><strong>Facebook<\/strong>\u2019ta ge\u00e7ti\u011fimiz may\u0131s ay\u0131nda beta s\u00fcr\u00fcm\u00fc yay\u0131nlanan <strong>Collab <\/strong>uygulamas\u0131, ABD&#8217;deki <strong>iOS<\/strong> kullan\u0131c\u0131lar\u0131na a\u00e7\u0131ld\u0131. <strong>TikTok d\u00fcetlerine<\/strong> olan benzerli\u011fiyle dikkat \u00e7eken \u00f6zellikle Facebook TikTok\u2019a rakip olacak gibi g\u00f6z\u00fck\u00fcyor.<\/p>\r\n\r\n\r\n\r\n<figure class=\"wp-block-image size-large\"><img width=\"1024\" height=\"576\" class=\"wp-image-6970\" src=\"https:\/\/egegen.com\/blog\/wp-content\/uploads\/2021\/01\/1-FACEBOOKTAN-TIKTOKA-RAKIP-UYGULAMA-1024x576.png\" alt=\"\" \/><\/figure>\r\n\r\n\r\n\r\n<p><strong>Collab<\/strong> uygulamas\u0131yla birlikte sosyal medya devi <strong>Facebook<\/strong> video i\u00e7eriklere odaklan\u0131yor. <strong>Collab<\/strong> ile kullan\u0131c\u0131lar ba\u015fkalar\u0131n\u0131n yapt\u0131\u011f\u0131 m\u00fczikleri dinleyebiliyor, ba\u015fkalar\u0131yla birlikte videolar olu\u015fturabiliyor ya da videolar\u0131 birbirlerine ekleyebiliyor. Uygulamadaki baz\u0131 \u00f6zellikleri TikTok&#8217;un d\u00fcet \u00f6zelli\u011fine \u00e7ok benziyor.<\/p>\r\n\r\n\r\n<hr class=\"wp-block-separator is-style-wide is-cnvs-separator-id-1609935133981\" \/>\r\n\r\n\r\n<p><strong>INSTAGRAM, COVID-19 SALGINIYLA \u0130LG\u0130L\u0130 YANLI\u015e B\u0130LG\u0130LERLE M\u00dcCADELE ED\u0130YOR<\/strong><\/p>\r\n\r\n\r\n\r\n<p><strong>Instagram<\/strong>, <strong>COVID-19<\/strong> salg\u0131n\u0131yla daha iyi ve do\u011fru bir \u015fekilde m\u00fccadele edebilmek i\u00e7in <strong>yeni \u00f6zellikler<\/strong> getirdi\u011fini duyurdu. Art\u0131k <strong>vaka say\u0131lar\u0131<\/strong>n\u0131n artt\u0131\u011f\u0131 yerlerde ya\u015fayan kullan\u0131c\u0131lar, ana sayfalar\u0131nda kendilerini <strong>b\u00f6lgesel sa\u011fl\u0131k otoritesi<\/strong>nin sayfas\u0131na y\u00f6nlendirecek sekme g\u00f6recekler. Bunun yan\u0131nda a\u015f\u0131 ile ilgili bilgi edinmek isteyen kullan\u0131c\u0131lar <strong>g\u00fcvenilir sa\u011fl\u0131k kaynaklar\u0131<\/strong>na ula\u015fabilecek. Platform yanl\u0131\u015f bilgi i\u00e7eren etiketleri an\u0131nda <strong>engelleyerek<\/strong> asparagas haberlerin yay\u0131lmas\u0131n\u0131n \u00f6n\u00fcne ge\u00e7ecek.<\/p>\r\n\r\n\r\n\r\n<figure class=\"wp-block-image size-large\"><img width=\"745\" height=\"419\" class=\"wp-image-6971\" src=\"https:\/\/egegen.com\/blog\/wp-content\/uploads\/2021\/01\/2-INSTAGRAM-COVID-19-SALGINIYLA-ILGILI-YANLIS-BILGILERLE-MUCADELE-EDIYOR.jpg\" alt=\"\" \/><\/figure>\r\n\r\n\r\n<hr class=\"wp-block-separator is-style-wide is-cnvs-separator-id-1609935134002\" \/>\r\n\r\n\r\n<p><strong>GOOGLE FOTO\u011eRAFLAR\u2019DAN YILLIK \u00d6ZET<\/strong><\/p>\r\n\r\n\r\n\r\n<p><strong>Google Foto\u011fraflar<\/strong>&#8216;\u0131n Hikayeler benzeri <strong>&#8220;An\u0131lar&#8221;<\/strong> \u00f6zelli\u011fine <strong>&#8220;Y\u0131ll\u0131k \u00d6zet&#8221;<\/strong> geldi. T\u00fcm kullan\u0131c\u0131lar i\u00e7in yay\u0131nlanan \u00f6zellik, kullan\u0131c\u0131lara <strong>2020 <\/strong>y\u0131l\u0131n\u0131n bir \u00f6zetini sunuyor.<\/p>\r\n\r\n\r\n\r\n<figure class=\"wp-block-image size-large\"><img width=\"1024\" height=\"576\" class=\"wp-image-6972\" src=\"https:\/\/egegen.com\/blog\/wp-content\/uploads\/2021\/01\/3-GOOGLE-FOTOGRAFLARDAN-YILLIK-OZET-1024x576.jpeg\" alt=\"\" \/><\/figure>\r\n\r\n\r\n\r\n<p>Google, An\u0131lar b\u00f6l\u00fcm\u00fcnde otomatik derlemeleri kullan\u0131c\u0131lar\u0131na halihaz\u0131rda sunuyor. <strong>Y\u0131ll\u0131k \u00d6zet<\/strong> ile ise Google Foto\u011fraflar\u0131n hem Android hem de iOS s\u00fcr\u00fcm\u00fcnde yay\u0131nlanan son <strong>12 ayda \u00f6nce \u00e7\u0131kan<\/strong> foto\u011fraf ve videolar\u0131n bir \u00f6zetini olu\u015fturuyor.<\/p>\r\n\r\n\r\n<hr class=\"wp-block-separator is-style-wide is-cnvs-separator-id-1609935134018\" \/>\r\n\r\n\r\n<p><strong>INSTAGRAM H\u0130KAYELER\u0130NDE TWEET PAYLA\u015eMA<\/strong><\/p>\r\n\r\n\r\n\r\n<p>Son zamanlarda kendini s\u00fcrekli yenileyen <strong>Twitter<\/strong> yeni bir \u00f6zelli\u011fi <strong>test<\/strong> <strong>ediyor<\/strong>. Twitter\u2019da g\u00f6rd\u00fc\u011f\u00fc bir i\u00e7eri\u011fi <strong>ba\u015fka<\/strong> <strong>bir<\/strong> <strong>uygulamada<\/strong> payla\u015fmak isteyen kullan\u0131c\u0131lar <strong>Tweeti<\/strong> ekran g\u00f6r\u00fcnt\u00fcs\u00fc al\u0131p payla\u015f\u0131yordu. Test edilen bu yeni \u00f6zellikle sayesinde <strong>Instagram<\/strong> <strong>hikayelerinde<\/strong> Tweet payla\u015f\u0131labilecek.<\/p>\r\n\r\n\r\n\r\n<figure class=\"wp-block-image size-large\"><img width=\"850\" height=\"486\" class=\"wp-image-6973\" src=\"https:\/\/egegen.com\/blog\/wp-content\/uploads\/2021\/01\/4-INSTAGRAM-HIKAYELERINDE-TWEET-PAYLASMA.jpg\" alt=\"\" \/><\/figure>\r\n\r\n\r\n\r\n<p>Test edilen bu \u00f6zellikle ilgili <strong>Twitter\u2019\u0131n resmi a\u00e7\u0131klamas\u0131<\/strong> ise \u015fu \u015fekilde:<\/p>\r\n\r\n\r\n\r\n<p>\u201c\u015eu anda <strong>Instagram Hikayelerinde Tweet payla\u015fmay\u0131 test ediyoruz<\/strong>. Kullan\u0131c\u0131lar\u0131n di\u011fer sosyal medya uygulamalar\u0131nda Tweet payla\u015ft\u0131klar\u0131n\u0131 iyi bilmekle birlikte onlar\u0131n Instagram Hikayelerinde Tweet payla\u015fmas\u0131n\u0131 daha da kolayla\u015ft\u0131rmak i\u00e7in yeni yollar ar\u0131yoruz. Instagram\u2019da payla\u015f\u0131lan ve yay\u0131nlanan Twitter i\u00e7eri\u011finin, Twitter\u2019daki i\u00e7eri\u011fin mevcut durumunu yans\u0131tmayabilece\u011fini ve Instagram\u2019\u0131n politikalar\u0131 ile kurallar\u0131na tabi olaca\u011f\u0131n\u0131 l\u00fctfen unutmay\u0131n.\u201d<\/p>\r\n\r\n\r\n<hr class=\"wp-block-separator is-style-wide is-cnvs-separator-id-1609935134049\" \/>\r\n\r\n\r\n<p><strong>TIKTOK\u2019UN WEB VERS\u0130YONUNA YEN\u0130 \u00d6ZELL\u0130KLER GELD\u0130<\/strong><\/p>\r\n\r\n\r\n\r\n<p><strong>2020<\/strong>\u2019nin <strong>en pop\u00fcler<\/strong> uygulamalar\u0131ndan olan <strong>TikTok<\/strong>, web versiyonu i\u00e7in yeni iki yeni \u00f6zellik sunuyor. <strong>TikTok\u2019un web versiyonu <\/strong>art\u0131k kullan\u0131c\u0131lar\u0131n hem <strong>bildirimlerini kontrol etme<\/strong>lerine hem de <strong>g\u00f6nderilere yorum yapma<\/strong>lar\u0131na izin verecek. Kullan\u0131c\u0131 say\u0131s\u0131n\u0131n artmas\u0131yla web taraf\u0131na da y\u00f6nelmeye \u00f6zen g\u00f6steren TikTok <strong>yeni g\u00fcncellemeler<\/strong> ile kullan\u0131c\u0131lar\u0131na daha eri\u015filebilir se\u00e7enekler sunmaya \u00e7al\u0131\u015f\u0131yor.<\/p>\r\n\r\n\r\n\r\n<figure class=\"wp-block-image size-large\"><img width=\"767\" height=\"542\" class=\"wp-image-6974\" src=\"https:\/\/egegen.com\/blog\/wp-content\/uploads\/2021\/01\/5-TIKTOKUN-WEB-VERSIYONUNA-YENI-OZELLIKLER-GELDI.jpeg\" alt=\"\" \/><\/figure>\r\n\r\n\r\n<hr class=\"wp-block-separator is-style-wide is-cnvs-separator-id-1609935134063\" \/>\r\n\r\n\r\n<p><strong>SPOTIFY\u2019DAN YEN\u0130 ABONEL\u0130K PAKETLER\u0130<\/strong><\/p>\r\n\r\n\r\n\r\n<p><strong>Spotify<\/strong>\u2019dan her kullan\u0131c\u0131ya uygun paketler tan\u0131t\u0131ld\u0131. Kullan\u0131c\u0131lar\u0131n <strong>g\u00fcnl\u00fck<\/strong> ya da <strong>haftal\u0131k <\/strong>abonelik alabilecekleri <strong>\u201cPremium Mini\u201d<\/strong> adl\u0131 paketleri duyurdu. Spotify&#8217;\u0131n Premium Mini abonelik plan\u0131, kullan\u0131c\u0131lar\u0131na <strong>30 m\u00fczik<\/strong> indirme imkan\u0131 sunuyor. Bu plandan faydalanan bir kullan\u0131c\u0131, Spotify&#8217;\u0131n <strong>Premium<\/strong> \u00f6zelliklerini yaln\u0131zca <strong>mobil uygulama<\/strong> \u00fczerinden deneyimleyebiliyor. \u015eu an i\u00e7in \u00fclkemize hen\u00fcz gelmemi\u015f olan \u00f6zellik hen\u00fcz test a\u015famas\u0131nda.<\/p>\r\n\r\n\r\n\r\n<figure class=\"wp-block-image size-large\"><img width=\"760\" height=\"450\" class=\"wp-image-6975\" src=\"https:\/\/egegen.com\/blog\/wp-content\/uploads\/2021\/01\/6-SPOTIFYDAN-YENI-ABONELIK-PAKETLERI.jpg\" alt=\"\" \/><\/figure>\r\n\r\n\r\n<hr class=\"wp-block-separator is-style-wide is-cnvs-separator-id-1609935134073\" \/>\r\n\r\n\r\n<p><strong>NETFL\u0130X, \u00c7OCUK AKT\u0130V\u0130TE RAPORU VE A\u0130LE PROF\u0130L\u0130 \u00d6ZELL\u0130KLER\u0130N\u0130 TEST ED\u0130YOR<\/strong><\/p>\r\n\r\n\r\n\r\n<p><strong>Dijital yay\u0131nc\u0131l\u0131k<\/strong> platformu<strong> Netflix,<\/strong> ebeveynlerin \u00e7ocuklar\u0131n\u0131n ne izledi\u011fini kolayca g\u00f6rebilmesi ve \u00e7ocuklar\u0131n kendilerine uygun <strong>ya\u015f grubu<\/strong>na ait i\u00e7eriklerle kar\u015f\u0131la\u015fmas\u0131 i\u00e7in yeni <strong>\u00c7ocuk Aktivite Raporu<\/strong> \u00f6zelli\u011fini hizmete sunmay\u0131 planl\u0131yor. Bununla birlikte <strong>Aile Profili<\/strong> \u00f6zelli\u011finin de platforma eklenmesi planlan\u0131yor. \u00c7ocuk Aktivite Raporu ile <strong>ebeveynler<\/strong>, \u00e7ocuklar\u0131n en \u00e7ok ne t\u00fcr programlar\u0131 izlediklerini, en sevdikleri karakterin kim oldu\u011funu ve ilgi alanlar\u0131na g\u00f6re yeni \u00f6nerileri g\u00f6rebilecekler. Aile Profili \u00f6zelli\u011fiyle kullan\u0131c\u0131lar, aile dostu olarak se\u00e7ebilece\u011fi ki\u015filerle, <strong>TV<\/strong> <strong>\u015fovlar\u0131<\/strong> ve <strong>filmleri <\/strong>tek bir profilde g\u00f6rebilecek.<\/p>\r\n\r\n\r\n\r\n<figure class=\"wp-block-image size-large\"><img width=\"1024\" height=\"576\" class=\"wp-image-6976\" src=\"https:\/\/egegen.com\/blog\/wp-content\/uploads\/2021\/01\/7-NETFLIX-COCUK-AKTIVITE-RAPORU-VE-AILE-PROFILI-OZELLIKLERINI-TEST-EDIYOR-1024x576.jpg\" alt=\"\" \/><\/figure>\r\n\r\n\r\n<hr class=\"wp-block-separator is-style-wide is-cnvs-separator-id-1609935134080\" \/>\r\n\r\n\r\n<p><strong>AMAZON SPOTIFY\u2019A RAK\u0130P OLUYOR<\/strong><\/p>\r\n\r\n\r\n\r\n<p>Bir\u00e7ok \u015firketin radar\u0131nda olan <strong>m\u00fczik<\/strong> hizmetinin, en bilinenleri aras\u0131na <strong>Amazon<\/strong> da giriyor!<\/p>\r\n\r\n\r\n\r\n<p>K\u0131sa bir s\u00fcre \u00f6nce yay\u0131nlanan <strong>Amazon<\/strong> <strong>Music<\/strong> uygulamas\u0131 kullan\u0131c\u0131lar taraf\u0131ndan son derece be\u011fenildi. \u00a0Uygulaman\u0131n m\u00fczik k\u00fct\u00fcphanesinin <strong>Spotify<\/strong>\u2019dan bile daha geni\u015f oldu\u011fu s\u00f6yleniyor.<\/p>\r\n\r\n\r\n\r\n<figure class=\"wp-block-image size-large\"><img width=\"720\" height=\"405\" class=\"wp-image-6981\" src=\"https:\/\/egegen.com\/blog\/wp-content\/uploads\/2021\/01\/8-AMAZON-SPOTIFYA-RAKIP-OLUYOR.jpg\" alt=\"\" \/><\/figure>\r\n\r\n\r\n\r\n<p>Yeni bir uygulama olmayan ve daha \u00f6nce \u015firketin sesli asistan\u0131 <strong>Alexa<\/strong> ve <strong>Amazon<\/strong> \u00fcr\u00fcnleriyle birlikte kullan\u0131labilen <strong>Amazon Music<\/strong> art\u0131k ba\u011f\u0131ms\u0131z bir uygulama olarak kar\u015f\u0131m\u0131za \u00e7\u0131kacak. <strong>Android <\/strong>ve <strong>iOS <\/strong>sistemlerinde kullan\u0131ma sunulan Amazon Music uygulamas\u0131, Amazon Prime ve Amazon Music Unlimited \u00fcyeli\u011fi olanlar taraf\u0131ndan <strong>\u00fccretsiz<\/strong> olarak kullan\u0131labilecek.<\/p>\r\n\r\n\r\n<hr class=\"wp-block-separator is-style-wide is-cnvs-separator-id-1609935134088\" \/>\r\n\r\n\r\n<p><strong>WHATSAPP YEN\u0130 YILDA BAZI TELEFONLARA ELVEDA D\u0130YECEK<\/strong><\/p>\r\n\r\n\r\n\r\n<p><strong>WhatsApp<\/strong>, <strong>2021<\/strong> y\u0131ldan itibaren eski cihazlarda \u00e7al\u0131\u015fmay\u0131 b\u0131rakarak baz\u0131 cihazlar\u0131n tamamen <strong>deste\u011fini kaybetmesine <\/strong>neden olacak. Bunun yan\u0131nda baz\u0131 cihazlar ise uygulamaya eri\u015febilecek ancak <strong>WhatsAppa<\/strong>\u2019a dair t\u00fcm \u00f6zellikleri kullanamayacak.<\/p>\r\n\r\n\r\n\r\n<figure class=\"wp-block-image size-large\"><img width=\"637\" height=\"332\" class=\"wp-image-6982\" src=\"https:\/\/egegen.com\/blog\/wp-content\/uploads\/2021\/01\/9-WHATSAPP-YENI-YILDA-BAZI-TELEFONLARA-ELVEDA-DIYECEK-1.jpg\" alt=\"\" \/><\/figure>\r\n\r\n\r\n\r\n<p><strong>1 Ocak 2021<\/strong> tarihinden sonra uygulamaya eri\u015fimde sorun ya\u015fayacak olan cihazlar ise; iOS 9 veya alt\u0131 i\u015fletim sistemine sahip olan iPhone modelleri ve Android 4.0.3 ve alt\u0131nda kalan di\u011fer Android modeller olacak.<\/p>\r\n\r\n\r\n<hr class=\"wp-block-separator is-style-wide is-cnvs-separator-id-1609935134096\" \/>\r\n\r\n\r\n<p><strong>PANTONE\u2019DAN 2021 RENKLER\u0130<\/strong><\/p>\r\n\r\n\r\n\r\n<p>Her sene Aral\u0131k ay\u0131nda gelecek <strong>y\u0131l\u0131n trend rengi<\/strong>ni a\u00e7\u0131klayan <strong>Pantone Color Institute<\/strong>, 2021\u2019in rengi olarak 2 renk birden se\u00e7ti.<\/p>\r\n\r\n\r\n\r\n<p>17-5104 kodlu <strong>Ultimate Gray<\/strong> ve 13-0647 renk kodlu <strong>Illuminating<\/strong>\u2019i <strong>2021<\/strong> y\u0131l\u0131n\u0131n renkleri olarak se\u00e7en <strong>Pantone<\/strong> yapt\u0131\u011f\u0131 a\u00e7\u0131klamada bu renklerin d\u00fcnyam\u0131z\u0131n son aylarda tan\u0131k oldu\u011fu iki ucu simgeledi\u011fini s\u00f6yledi. <strong>Ultimate Gray<\/strong> dayan\u0131kl\u0131l\u0131\u011f\u0131, sertli\u011fi ve kararl\u0131\u011f\u0131 temsil ederken <strong>Illuminating<\/strong> ise \u00f6b\u00fcr g\u00fcne\u015fin ayd\u0131nl\u0131\u011f\u0131n\u0131, iyimserli\u011fi ve yumu\u015fakl\u0131\u011f\u0131 temsil ediyor.<\/p>\r\n\r\n\r\n\r\n<figure class=\"wp-block-image size-large\"><img width=\"1024\" height=\"536\" class=\"wp-image-6983\" src=\"https:\/\/egegen.com\/blog\/wp-content\/uploads\/2021\/01\/10-PANTONEDAN-2021-RENKLERI-1-1024x536.jpeg\" alt=\"\" \/><\/figure>\r\n\r\n\r\n<hr class=\"wp-block-separator is-style-wide is-cnvs-separator-id-1609935134105\" \/>\r\n\r\n\r\n<p><strong>BURGER KING\u2019IN INSTAGRAM HESABINDAN K\u00dc\u00c7\u00dcK \u0130\u015eLETMELERE DESTEK!,<\/strong><\/p>\r\n\r\n\r\n\r\n<p><strong>Burger King<\/strong> Fransa, <strong>#Whopperandfriends<\/strong> hashtagi ile k\u00fc\u00e7\u00fck i\u015fletmeleri destekleyerek onlar\u0131n \u00fcr\u00fcnlerini kendi <strong>Instagram<\/strong> sayfas\u0131nda payla\u015f\u0131yor.<\/p>\r\n\r\n\r\n\r\n<figure class=\"wp-block-image size-large\"><img width=\"1024\" height=\"536\" class=\"wp-image-6984\" src=\"https:\/\/egegen.com\/blog\/wp-content\/uploads\/2021\/01\/11-BURGER-KINGIN-INSTAGRAM-HESABINDAN-KUCUK-ISLETMELERE-DESTEK-1-1024x536.jpg\" alt=\"\" \/><\/figure>\r\n\r\n\r\n\r\n<p>K\u00fc\u00e7\u00fck i\u015fletmelerin farkl\u0131 yemek \u00e7e\u015fitlerini <strong>Instagram<\/strong> hesab\u0131nda payla\u015fan <strong>Burger King Fransa<\/strong> payla\u015f\u0131mlar\u0131nda, \u201cWhopper kadar \u00fcnl\u00fc olmay\u0131 hak eden binlerce restoran ve spesiyaller var.\u201d diyerek lokal restoranlara destek \u00e7\u0131k\u0131yor. Bu deste\u011fin <strong>k\u0131s\u0131tlamalar<\/strong> bitene ve i\u015fletmeler tekrar a\u00e7\u0131l\u0131na kadar \u00fccretsiz bir \u015fekilde devam edece\u011fini s\u00f6yleyen Burger King Fransa\u2019ya <strong>Birle\u015fik Krall\u0131k<\/strong> da destek verece\u011fini duyurdu.<\/p>\r\n","protected":false},"excerpt":{"rendered":"<p>2021 y\u0131l\u0131n\u0131n t\u00fcm mutluluklar\u0131 beraberinde getirmesini dilerken, geride b\u0131rakt\u0131\u011f\u0131m\u0131z zorlu 2020 y\u0131l\u0131n\u0131n son ay\u0131nda ya\u015fanan \u00f6nemli geli\u015fmeler ile sizlerleyiz, keyifli okumalar\u2026 FACEBOOK\u2019TAN TIKTOK\u2019A RAK\u0130P UYGULAMA Facebook\u2019ta ge\u00e7ti\u011fimiz may\u0131s ay\u0131nda beta s\u00fcr\u00fcm\u00fc yay\u0131nlanan Collab uygulamas\u0131, ABD&#8217;deki iOS kullan\u0131c\u0131lar\u0131na a\u00e7\u0131ld\u0131. TikTok d\u00fcetlerine olan benzerli\u011fiyle dikkat \u00e7eken \u00f6zellikle Facebook TikTok\u2019a rakip olacak gibi g\u00f6z\u00fck\u00fcyor. Collab uygulamas\u0131yla birlikte sosyal &hellip;<\/p>\n","protected":false},"author":20,"featured_media":6980,"comment_status":"open","ping_status":"open","sticky":false,"template":"","format":"standard","meta":[],"categories":[188],"tags":[],"_links":{"self":[{"href":"https:\/\/egegen.com\/blog\/wp-json\/wp\/v2\/posts\/6968"}],"collection":[{"href":"https:\/\/egegen.com\/blog\/wp-json\/wp\/v2\/posts"}],"about":[{"href":"https:\/\/egegen.com\/blog\/wp-json\/wp\/v2\/types\/post"}],"author":[{"embeddable":true,"href":"https:\/\/egegen.com\/blog\/wp-json\/wp\/v2\/users\/20"}],"replies":[{"embeddable":true,"href":"https:\/\/egegen.com\/blog\/wp-json\/wp\/v2\/comments?post=6968"}],"version-history":[{"count":2,"href":"https:\/\/egegen.com\/blog\/wp-json\/wp\/v2\/posts\/6968\/revisions"}],"predecessor-version":[{"id":8932,"href":"https:\/\/egegen.com\/blog\/wp-json\/wp\/v2\/posts\/6968\/revisions\/8932"}],"wp:featuredmedia":[{"embeddable":true,"href":"https:\/\/egegen.com\/blog\/wp-json\/wp\/v2\/media\/6980"}],"wp:attachment":[{"href":"https:\/\/egegen.com\/blog\/wp-json\/wp\/v2\/media?parent=6968"}],"wp:term":[{"taxonomy":"category","embeddable":true,"href":"https:\/\/egegen.com\/blog\/wp-json\/wp\/v2\/categories?post=6968"},{"taxonomy":"post_tag","embeddable":true,"href":"https:\/\/egegen.com\/blog\/wp-json\/wp\/v2\/tags?post=6968"}],"curies":[{"name":"wp","href":"https:\/\/api.w.org\/{rel}","templated":true}]}}