{"id":6751,"date":"2020-12-04T15:07:44","date_gmt":"2020-12-04T12:07:44","guid":{"rendered":"https:\/\/egegen.com\/blog\/?p=6751"},"modified":"2022-10-10T17:11:26","modified_gmt":"2022-10-10T14:11:26","slug":"egegen-trend-raporu-37-kasim-2020","status":"publish","type":"post","link":"https:\/\/egegen.com\/blog\/egegen-trend-raporu-37-kasim-2020\/","title":{"rendered":"egegen Trend Raporu &#8211; 37 \/ Kas\u0131m 2020"},"content":{"rendered":"\r\n<p><em>Uzun s\u00fcren 2020 y\u0131l\u0131na veda etmeye haz\u0131rlan\u0131yoruz. Bu zorlu y\u0131l\u0131n Kas\u0131m ay\u0131nda sosyal medya platformlar\u0131nda, uygulamalarda, dijital d\u00fcnyada bir\u00e7ok geli\u015fme ve yenilik ya\u015fand\u0131. Keyifle okuyaca\u011f\u0131n\u0131z egegen Trend Raporu\u2019nun 37. say\u0131s\u0131 ile sizleri ba\u015f ba\u015fa b\u0131rak\u0131yoruz&#8230;<\/em><\/p>\r\n\r\n\r\n\r\n<p><strong>WHATSAPP\u2019TAN YEN\u0130 \u00d6ZELL\u0130K: K\u0130\u015e\u0130LERE \u00d6ZEL DUVAR KA\u011eIDI<\/strong><\/p>\r\n\r\n\r\n\r\n<p><strong>WhatsApp<\/strong>\u2019tan kullan\u0131c\u0131lar\u0131 sevindirecek yeni \u00f6zellik! Anl\u0131k mesajla\u015fma uygulamas\u0131 olan <strong>WhatsApp<\/strong>, daha iyi bir kullan\u0131c\u0131 deneyimi i\u00e7in <strong>ki\u015fiye \u00f6zel duvar ka\u011f\u0131d\u0131<\/strong> \u00f6zelli\u011fini kullan\u0131ma sunacak. Bununla birlikte kullan\u0131c\u0131lar, her sohbet i\u00e7in <strong>farkl\u0131 <\/strong>bir duvar ka\u011f\u0131d\u0131 belirleyerek <strong>mesajlar\u0131 yanl\u0131\u015f sohbete g\u00f6nderme<\/strong> durumdan kurtulabilecekler.<\/p>\r\n\r\n\r\n\r\n<figure class=\"wp-block-image size-large\"><img width=\"700\" height=\"420\" class=\"wp-image-6753\" src=\"https:\/\/egegen.com\/blog\/wp-content\/uploads\/2020\/12\/1-WHATSAPPTAN-YENI-OZELLIK-KISILERE-OZEL-DUVAR-KAGIDI.jpg\" alt=\"\" \/><\/figure>\r\n\r\n\r\n\r\n<p><strong>WhatsApp<\/strong> \u00fczerinden normalde konu\u015fmalar\u0131n duvar ka\u011f\u0131d\u0131n\u0131 de\u011fi\u015ftirdi\u011finizde b\u00fct\u00fcn konu\u015fmalar\u0131nki de\u011fi\u015firken yeni \u00f6zellikle kullan\u0131c\u0131lar se\u00e7tikleri ki\u015filerle konu\u015fmalar\u0131ndaki duvar ka\u011f\u0131d\u0131n\u0131 istedikleri gibi de\u011fi\u015ftirebilecek b\u00f6ylece daha <strong>ki\u015fiye \u00f6zel<\/strong> ve<strong> i\u015flevsel<\/strong> bir konu\u015fma ortam\u0131 olu\u015fturacak.<\/p>\r\n\r\n\r\n<hr class=\"wp-block-separator is-style-wide is-cnvs-separator-id-1607089172335\" \/>\r\n\r\n\r\n<p><strong>SPOTIFY H\u0130KAYE \u00d6ZELL\u0130\u011e\u0130 TEST A\u015eAMASINDA<\/strong><\/p>\r\n\r\n\r\n\r\n<p>En son Twitter\u2019da <strong>Fleets<\/strong> ad\u0131yla kullan\u0131ma sunulan <strong>hikaye \u00f6zelli\u011fi<\/strong> art\u0131k nerdeyse her sosyal medya platformunda kullan\u0131lmaya ba\u015fland\u0131. Payla\u015f\u0131ld\u0131ktan 24 saat sonra yok olan hikaye \u00f6zelli\u011fi \u015fimdi de <strong>Spotify<\/strong>\u2019a gelecek gibi g\u00f6z\u00fck\u00fcyor. Test a\u015famas\u0131nda olan bu \u00f6zellik ile birlikte haz\u0131rlanan \u00e7alma listesi i\u00e7in <strong>hikaye olu\u015fturulabilecek<\/strong>. Hikayelere, oynatma listesinin <strong>sol \u00fcst k\u0131sm\u0131ndaki<\/strong> bir sekme arac\u0131l\u0131\u011f\u0131yla ula\u015f\u0131labilecek. Bu sekmeye t\u0131klad\u0131\u011f\u0131n\u0131zda, <strong>Instagram<\/strong>\u2019daki Hikayelere benzer bir ara y\u00fcz a\u00e7\u0131lacak. \u015eu an i\u00e7in sadece <strong>\u00e7alma listesinde<\/strong> g\u00f6r\u00fcnm\u00fc\u015f olsa da yak\u0131n bir zamanda <strong>sanat\u00e7\u0131lar taraf\u0131ndan<\/strong> da kullan\u0131labilir hale getirilece\u011fi d\u00fc\u015f\u00fcn\u00fcl\u00fcyor. K\u00fc\u00e7\u00fck bir kullan\u0131c\u0131 kesimi i\u00e7in yay\u0131nlanm\u0131\u015f olan bu <strong>\u00f6zelli\u011fin herkes taraf\u0131ndan kullan\u0131labilir<\/strong> bir \u00f6zellik haline getirilmesi hakk\u0131nda bir a\u00e7\u0131klama hen\u00fcz yap\u0131lmad\u0131.<\/p>\r\n\r\n\r\n\r\n<figure class=\"wp-block-image size-large\"><img width=\"1024\" height=\"683\" class=\"wp-image-6754\" src=\"https:\/\/egegen.com\/blog\/wp-content\/uploads\/2020\/12\/2-SPOTIFY-HIKAYE-OZELLIGI-TEST-ASAMASINDA-1024x683.jpg\" alt=\"\" \/><\/figure>\r\n\r\n\r\n<hr class=\"wp-block-separator is-style-wide is-cnvs-separator-id-1607089172350\" \/>\r\n\r\n\r\n<p><strong>ORTAMDAK\u0130 BAKTER\u0130 VE V\u0130R\u00dcSLER\u0130 ALGILAYAB\u0130LEN MASKE<\/strong><\/p>\r\n\r\n\r\n\r\n<p>D\u00fcnyada ya\u015fanan <strong>pandemi<\/strong> nedeniyle h\u0131zla artan maske kullan\u0131m\u0131 pek \u00e7ok <strong>teknolojik maske tasar\u0131m\u0131n\u0131 <\/strong>da beraberinde getiriyor. Bir\u00e7ok firma taraf\u0131ndan <strong>yapay zeka<\/strong> teknolojisi ile \u00f6zel olarak geli\u015ftirilen ak\u0131ll\u0131 maskeler \u00fczerindeki \u00e7al\u0131\u015fmalar s\u00fcr\u00fcyor.<\/p>\r\n\r\n\r\n\r\n<figure class=\"wp-block-image size-large\"><img width=\"1024\" height=\"536\" class=\"wp-image-6755\" src=\"https:\/\/egegen.com\/blog\/wp-content\/uploads\/2020\/12\/3-ORTAMDAKI-BAKTERI-VE-VIRUSLERI-ALGILAYABILEN-MASKE-1024x536.jpg\" alt=\"\" \/><\/figure>\r\n\r\n\r\n\r\n<p>Romanyal\u0131 \u00fcr\u00fcn tasar\u0131mc\u0131s\u0131 <strong>Burzo Ciprian<\/strong>\u2019\u0131n tasarlad\u0131\u011f\u0131 \u00f6d\u00fcll\u00fc maske <strong>Social Mask<\/strong> ile havadaki tehlikeli vir\u00fcs ve bakteri varl\u0131\u011f\u0131n\u0131 anlaman\u0131n yan\u0131 s\u0131ra hava kirlili\u011fi oranlar\u0131n\u0131 da kullan\u0131c\u0131ya <strong>anl\u0131k olarak bildiriyor<\/strong>. <strong>Social Mask<\/strong>\u2019\u0131n di\u011fer maskelerden fark\u0131 <strong>mikro partik\u00fcllerin<\/strong> ve <strong>mikroorganizmalar\u0131n<\/strong> kullan\u0131c\u0131n\u0131n solunum sistemine girmesini engellemesi ve ayn\u0131 zamanda bunlar\u0131n varl\u0131\u011f\u0131n\u0131 da kullan\u0131c\u0131ya bildirmesi. B\u00f6ylece Social Mask, \u00f6zellikle <strong>pandemi<\/strong> d\u00f6neminde daha korunakl\u0131 bir \u015fekilde sosyalle\u015fmeye imkan sa\u011fl\u0131yor.<\/p>\r\n\r\n\r\n<hr class=\"wp-block-separator is-style-wide is-cnvs-separator-id-1607089172359\" \/>\r\n\r\n\r\n<p><strong>GOOGLE FOTO\u011eRAFLAR YAPAY ZEKA \u0130LE G\u00dc\u00c7LEND\u0130R\u0130L\u0130YOR<\/strong><\/p>\r\n\r\n\r\n\r\n<p><strong>Google<\/strong>\u2019\u0131n depolama alan\u0131 olan <strong>Foto\u011fraflar<\/strong> uygulamas\u0131, yeni bir <strong>yapay zeka teknolojisi<\/strong> geli\u015ftirdi. Yeni sistem sayesinde Foto\u011fraflar uygulamas\u0131, kullan\u0131c\u0131lar\u0131n daha \u00e7ok neleri \u00f6nemsedi\u011fine ve nas\u0131l foto\u011fraflar\u0131 be\u011fendi\u011fine g\u00f6re <strong>tavsiyelerde bulunabilecek<\/strong>. Geli\u015ftirilen <strong>yapay zeka<\/strong> sayesinde mevcut foto\u011fraflar ile en iyi kolajlar da olu\u015fturulabiliyor. Yapay zekan\u0131n algoritmas\u0131 sayesinde <strong>sizin i\u00e7in \u00f6nemli olan foto\u011fraflar\u0131<\/strong> \u00f6n plana \u00e7\u0131karmay\u0131 hedefleyen <strong>Google<\/strong>, bu \u00f6zelli\u011fi kullan\u0131c\u0131lar \u00fczerinde test edecek ve her kullan\u0131c\u0131ya g\u00f6re <strong>ki\u015fiselle\u015ftirecek<\/strong>. Kullan\u0131c\u0131lar, ara sekmesinin alt\u0131nda bulunan butona t\u0131klayarak uygulamay\u0131 daha profesyonel ve ki\u015fisel hale getirebilecek.<\/p>\r\n\r\n\r\n\r\n<figure class=\"wp-block-image size-large\"><img width=\"640\" height=\"359\" class=\"wp-image-6756\" src=\"https:\/\/egegen.com\/blog\/wp-content\/uploads\/2020\/12\/4-GOOGLE-FOTOGRAFLAR-YAPAY-ZEKA-ILE-GUCLENDIRILIYOR.jpg\" alt=\"\" \/><\/figure>\r\n\r\n\r\n<hr class=\"wp-block-separator is-style-wide is-cnvs-separator-id-1607089172365\" \/>\r\n\r\n\r\n<p><strong>TIKTOK V\u0130DEO S\u00dcRES\u0130N\u0130 UZATACAK<\/strong><\/p>\r\n\r\n\r\n\r\n<p><strong>TikTok<\/strong>\u2019ta i\u00e7erik olu\u015fturan kullan\u0131c\u0131lar\u0131n mevcut <strong>60 saniyelik<\/strong> video s\u0131n\u0131r\u0131n\u0131n <strong>3 dakika<\/strong>ya kadar \u00e7\u0131kar\u0131lmas\u0131 planlan\u0131yor. \u00d6zellikle <strong>pandemi<\/strong> s\u00fcrecinde b\u00fcy\u00fck bir art\u0131\u015f ya\u015fayan video payla\u015f\u0131m platformu <strong>Tiktok<\/strong>, 3 dakika kadar uzun s\u00fcrebilen videolarla deneyler yap\u0131yor. Bu daha <strong>uzun videolar<\/strong> ile birlikte Tiktok klipleri daha fazla <strong>bilgi i\u00e7erebilecek<\/strong>, geni\u015fletilmi\u015f tan\u0131t\u0131mlar, \u00f6\u011freticiler ve k\u0131lavuzlar i\u00e7in <strong>daha kullan\u0131\u015fl\u0131 bir platform<\/strong> haline gelecek. K\u0131sa videolar\u0131n <strong>yarat\u0131c\u0131l\u0131\u011f\u0131<\/strong> ile b\u00fcy\u00fck art\u0131\u015f yakalayan uygulama, uzun videolar\u0131n olu\u015fturulmas\u0131 ve payla\u015f\u0131lmas\u0131 i\u00e7in kullan\u0131c\u0131lar\u0131n geri d\u00f6n\u00fc\u015flerini test etme a\u015famas\u0131nda.\u00a0<\/p>\r\n\r\n\r\n\r\n<figure class=\"wp-block-image size-large\"><img width=\"1000\" height=\"600\" class=\"wp-image-6757\" src=\"https:\/\/egegen.com\/blog\/wp-content\/uploads\/2020\/12\/5-TIKTOK-VIDEO-SURESINI-UZATACAK.jpg\" alt=\"\" \/><\/figure>\r\n\r\n\r\n<hr class=\"wp-block-separator is-style-wide is-cnvs-separator-id-1607089172372\" \/>\r\n\r\n\r\n<p><strong>INSTAGRAM CANLI YAYINLARINA YEN\u0130 B\u0130R G\u00dcNCELLEME GEL\u0130YOR<\/strong><\/p>\r\n\r\n\r\n\r\n<p>G\u00fcn\u00fcm\u00fczdeki <strong>en pop\u00fcler<\/strong> sosyal medya platformlar\u0131ndan olan <strong>Instagram <\/strong>milyonlarca ki\u015fi taraf\u0131ndan kullan\u0131l\u0131yor. Son d\u00f6nemde artan sosyal medya kullan\u0131m\u0131 ile <strong>canl\u0131 yay\u0131nlar<\/strong> daha fazla kullan\u0131l\u0131r hale geldi. <strong>Instagram<\/strong>\u2019da da pek \u00e7ok kullan\u0131c\u0131 canl\u0131 yay\u0131nlar yaparak takip\u00e7ileri ile devaml\u0131 olarak <strong>etkile\u015fime <\/strong>ge\u00e7ebiliyor. Ge\u00e7ti\u011fimiz aylarda kullan\u0131c\u0131lar\u0131n <strong>canl\u0131 yay\u0131n s\u00fcresinin uzat\u0131ld\u0131\u011f\u0131<\/strong> a\u00e7\u0131klanm\u0131\u015ft\u0131. 60 dakika olan canl\u0131 yay\u0131n limiti <strong>4 saate \u00e7\u0131kar\u0131lm\u0131\u015ft\u0131<\/strong>. Instagram, \u015fimdi de baz\u0131 b\u00f6lgelerde yeni bir canl\u0131 yay\u0131n \u00f6zelli\u011fini test etmeye ba\u015flad\u0131. <strong>\u201cLive Rooms\u201d<\/strong> b\u00f6l\u00fcm\u00fc ile daha fazla ki\u015fi bir arada canl\u0131 yay\u0131n yapabilecek. Canl\u0131 yay\u0131na birlikte kat\u0131l\u0131ma s\u0131n\u0131r\u0131 <strong>2 iken<\/strong> Live Rooms ile <strong>4 ki\u015fi<\/strong> olabilecek. Hindistan ve Endonezya\u2019da kullan\u0131ma sunulan \u00f6zelli\u011fin \u00fclkemize ne zaman gelece\u011fi bilinmiyor.<\/p>\r\n\r\n\r\n\r\n<figure class=\"wp-block-image size-large\"><img width=\"1000\" height=\"600\" class=\"wp-image-6758\" src=\"https:\/\/egegen.com\/blog\/wp-content\/uploads\/2020\/12\/6-INSTAGRAM-CANLI-YAYINLARINA-YENI-BIR-GUNCELLEME-GELIYOR.jpg\" alt=\"\" \/><\/figure>\r\n\r\n\r\n<hr class=\"wp-block-separator is-style-wide is-cnvs-separator-id-1607089172379\" \/>\r\n\r\n\r\n<p><strong>FACEBOOK, KORONAV\u0130R\u00dcS A\u015eISI HAKKINDAK\u0130 YANLI\u015e B\u0130LG\u0130LER\u0130 S\u0130LECEK<\/strong><\/p>\r\n\r\n\r\n\r\n<p><strong>Facebook<\/strong> ve <strong>Instagram<\/strong> uygulamalar\u0131, <strong>Koronavir\u00fcs<\/strong> a\u015f\u0131s\u0131 ile ilgili yanl\u0131\u015f bilgiler i\u00e7ererek insanlar\u0131 provoke eden payla\u015f\u0131mlar\u0131 silece\u011fini duyurdu. Kendi web sitesi \u00fczerinden resmi a\u00e7\u0131klama yapan <strong>Facebook<\/strong>, s\u00f6z konusu payla\u015f\u0131mlar\u0131 an\u0131nda <strong>platformdan kald\u0131raca\u011f\u0131n\u0131<\/strong> a\u00e7\u0131klad\u0131. Yanl\u0131\u015f olmas\u0131na ra\u011fmen insanlar bu tarz platformlarda payla\u015f\u0131lan bir\u00e7ok bilgiye inanabiliyor. <strong>Facebook<\/strong> da bu tarz durumlar\u0131 \u00f6nlemek i\u00e7in <strong>politikalar\u0131n\u0131<\/strong> yeniden d\u00fczenledi. \u00d6n\u00fcm\u00fczdeki haftadan itibaren ba\u015flayacak olan bu d\u00fczenleme ile <strong>Koronavir\u00fcs <\/strong>hakk\u0131ndaki <strong>yanl\u0131\u015f bilgiler<\/strong> hem Facebook\u2019dan hem de Instagram\u2019dan <strong>kald\u0131r\u0131lacak<\/strong>.<\/p>\r\n\r\n\r\n\r\n<figure class=\"wp-block-image size-large\"><img width=\"800\" height=\"450\" class=\"wp-image-6759\" src=\"https:\/\/egegen.com\/blog\/wp-content\/uploads\/2020\/12\/7-FACEBOOK-KORONAVIRUS-ASISI-HAKKINDAKI-YANLIS-BILGILERI-SILECEK.jpg\" alt=\"\" \/><\/figure>\r\n\r\n\r\n<hr class=\"wp-block-separator is-style-wide is-cnvs-separator-id-1607089172385\" \/>\r\n\r\n\r\n<p><strong>TWITTER\u2019DAN \u201cBE\u011eENMED\u0130M\u201d BUTONU<\/strong><\/p>\r\n\r\n\r\n\r\n<p>Yak\u0131n zamanda <strong>Instagram<\/strong>&#8216;daki hikayeler \u00f6zelli\u011fini <strong>Fleets <\/strong>ad\u0131yla kullan\u0131ma sunan pop\u00fcler sosyal medya uygulamas\u0131 <strong>Twitter<\/strong>\u2019\u0131n \u00fcr\u00fcn lideri <strong>Kayvon Beykpour<\/strong> taraf\u0131ndan yap\u0131lan bir payla\u015f\u0131ma g\u00f6re platforma <strong>\u201cBe\u011fenmedim\u201d<\/strong> d\u00fc\u011fmesi eklenebilir. Kullan\u0131c\u0131lar\u0131n <strong>Tweet<\/strong>leri sadece be\u011fenmeleri de\u011fil, be\u011fenmemeleri ile ilgili de geri d\u00f6n\u00fc\u015f almay\u0131 hedefleyen <strong>Twitter<\/strong> bu \u00f6zellikle kullan\u0131c\u0131lar\u0131n be\u011fenmedikleri Tweetleri i\u015faretlemesine imkan sunacak. Kullan\u0131c\u0131lar d\u00fc\u015f\u00fcn\u00fclen g\u00fcncellemeyle birlikte be\u011fenmedikleri Tweetin sa\u011f \u00fcst k\u00f6\u015fesine dokundu\u011funda \u00e7\u0131kan se\u00e7enekler aras\u0131ndan <strong>\u201cI don\u2019t like this tweet\u201d<\/strong> se\u00e7ene\u011fi ile geri bildirimde bulunabilecek.<\/p>\r\n\r\n\r\n\r\n<figure class=\"wp-block-image size-large\"><img width=\"696\" height=\"401\" class=\"wp-image-6760\" src=\"https:\/\/egegen.com\/blog\/wp-content\/uploads\/2020\/12\/8-TWITTERDAN-BEGENMEDIM-BUTONU.jpg\" alt=\"\" \/><\/figure>\r\n\r\n\r\n<hr class=\"wp-block-separator is-style-wide is-cnvs-separator-id-1607089172392\" \/>\r\n\r\n\r\n<p><strong>FOTO\u011eRAF \u00c7\u00d6Z\u00dcN\u00dcRL\u00dc\u011e\u00dcN\u00dc Y\u00dcKSELTEN UYGULAMA: LET\u2019S ENHANCE<\/strong><\/p>\r\n\r\n\r\n\r\n<p>Foto\u011fraflarla an\u0131lar\u0131n\u0131 kaydetmeyi sevenlere m\u00fcjde! Piksel piksel g\u00f6z\u00fcken foto\u011fraflar\u0131n \u00e7\u00f6z\u00fcn\u00fcrl\u00fc\u011f\u00fcn\u00fc y\u00fckselten <strong>Let\u2019s Enhance<\/strong> ile an\u0131lar\u0131n\u0131z hep sizinle kalacak. <strong>\u00dccretsiz bir web sitesi<\/strong> olan <strong>Let\u2019s Enhance<\/strong> foto\u011fraf\u0131n \u00e7\u00f6z\u00fcn\u00fcrl\u00fc\u011f\u00fcn\u00fc artt\u0131r\u0131rken s\u0131radan bilgisayar programlar\u0131 gibi g\u00f6rseli sadece kenarlar\u0131ndan \u00e7ekmiyor, \u00f6nce <strong>yapay zeka<\/strong> sayesinde resmi <strong>analiz<\/strong> ediyor ve pikselleri \u00f6nceden inceledi\u011fi milyonlarca g\u00f6r\u00fcnt\u00fc ile k\u0131yaslayarak resmin neye benzedi\u011fini anl\u0131yor. G\u00f6rseli alg\u0131lad\u0131ktan sonra ise resmin <strong>\u00e7\u00f6z\u00fcn\u00fcrl\u00fc\u011f\u00fcn\u00fc artt\u0131r\u0131rken<\/strong> bu bilgileri kullanarak yoktan <strong>pikseller<\/strong> yarat\u0131yor. Bu sayede foto\u011fraflar\u0131 <strong>\u00e7\u00f6z\u00fcn\u00fcrl\u00fck<\/strong> bak\u0131m\u0131ndan \u00e7ok daha iyi bir seviyeye ta\u015f\u0131yor.<\/p>\r\n\r\n\r\n\r\n<figure class=\"wp-block-image size-large\"><img width=\"796\" height=\"398\" class=\"wp-image-6761\" src=\"https:\/\/egegen.com\/blog\/wp-content\/uploads\/2020\/12\/9-FOTOGRAF-COZUNURLUGUNU-YUKSELTEN-UYGULAMA-LETS-ENHANCE.jpg\" alt=\"\" \/><\/figure>\r\n\r\n\r\n<hr class=\"wp-block-separator is-style-wide is-cnvs-separator-id-1607089172398\" \/>\r\n\r\n\r\n<p><strong>T\u00dcM B\u0130S\u0130KLETLER\u0130 KAR B\u0130S\u0130KLET\u0130 HAL\u0130NE GET\u0130RECEK \u00d6ZEL K\u0130T<\/strong><\/p>\r\n\r\n\r\n\r\n<figure class=\"wp-block-image size-large\"><img width=\"660\" height=\"371\" class=\"wp-image-6762\" src=\"https:\/\/egegen.com\/blog\/wp-content\/uploads\/2020\/12\/10-TUM-BISIKLETLERI-KAR-BISIKLETI-HALINE-GETIRECEK-OZEL-KIT.jpg\" alt=\"\" \/><\/figure>\r\n\r\n\r\n\r\n<p><strong>Envo<\/strong>, tasarlad\u0131\u011f\u0131 kit ile <strong>elektrikli olmas\u0131na gerek kalmadan<\/strong> kolayl\u0131kla her bisikleti elektrikli kar bisikleti haline getirebiliyor. Bunun i\u00e7in temel olarak <strong>\u00fc\u00e7 par\u00e7adan bu olu\u015fan kit<\/strong>, arkadaki k\u0131sm\u0131nda elektrik motorunu bar\u0131nd\u0131ran bir <strong>palet sistemi<\/strong> ta\u015f\u0131yor. \u00d6n k\u0131s\u0131mda ise y\u00f6nlendirmeyi sa\u011flamas\u0131 i\u00e7in bir <strong>kayak par\u00e7as\u0131<\/strong> kullan\u0131l\u0131yor. Bu \u00fcr\u00fcne g\u00fcc\u00fcn\u00fc veren <strong>48 V \/ 17.5 Ah pil<\/strong> ise bisikletin merkezine yerle\u015ftiriliyor. Bu kiti montajlamak i\u00e7inse kullan\u0131lan bisikletin lastiklerini s\u00f6kmek yeterli. Olduk\u00e7a kullan\u0131\u015fl\u0131 olan <strong>Envo d\u00f6n\u00fc\u015f\u00fcm kiti<\/strong>, \u00fcreticilerin a\u00e7\u0131klamas\u0131na g\u00f6re <strong>1.2 kW g\u00fcc\u00fcnde<\/strong> ve kar \u00fcst\u00fcnde rahat yol al\u0131nabilmesi i\u00e7in ciddi \u015fekilde pedal deste\u011fi sa\u011flayabiliyor.<\/p>\r\n\r\n\r\n\r\n<p>Envo kitin yurt d\u0131\u015f\u0131 sat\u0131\u015f fiyat\u0131 <strong>2.800 Dolar<\/strong> seviyesinde.<\/p>\r\n\r\n\r\n<hr class=\"wp-block-separator is-style-wide is-cnvs-separator-id-1607089251824\" \/>\r\n\r\n\r\n<p><strong>B\u0130ZDEN HABERLER<\/strong><\/p>\r\n\r\n\r\n\r\n<figure class=\"wp-block-image size-large\"><img width=\"720\" height=\"300\" class=\"wp-image-6765\" src=\"https:\/\/egegen.com\/blog\/wp-content\/uploads\/2020\/12\/timthumb.png\" alt=\"\" \/><\/figure>\r\n\r\n\r\n\r\n<p><strong>Ho\u015f Geldin Malatya Pazar\u0131!\u00a0<\/strong><br \/>Payla\u015f\u0131m\u0131 yaparken \u00e7i\u011fdeme ay \u00e7ekirde\u011fi diyece\u011fiz mecbur. Malatya Pazar\u0131 ile \u00e7\u0131t\u0131r \u00e7erez bir yolculu\u011fa \u00e7\u0131k\u0131yoruz, pandemiden sonra Alsancak \u00e7imlere ekip olarak tuzlu f\u0131st\u0131klarla iniyoruz.\u00a0<br \/>1870\u2019li y\u0131llarda Malatya\u2019da ba\u015flayarak sonraki as\u0131rda \u0130stanbul\u2019da M\u0131s\u0131r \u00c7ar\u015f\u0131s\u0131\u2019na, oradan da ihracata uzanan \u201c\u00d6nce Kalite\u201d odakl\u0131 Malatya Pazar\u0131 gelene\u011fi, g\u00fcn\u00fcm\u00fcze de modern tesislerinde \u00fcretilen kuruyemi\u015f, sa\u011fl\u0131kl\u0131 at\u0131\u015ft\u0131rmal\u0131klar, lokumlar, baharatlar \u00fcreten Malatya Pazar\u0131 dijital ajans\u0131 olduk.<\/p>\r\n\r\n\r\n\r\n<p>Bu s\u00fcre\u00e7 i\u00e7erisinde; Malatya Pazar\u0131\u2019na dijital strateji, sosyal medya y\u00f6netimi, dijital pazarlama faaliyetlerine kadar 360 derece hizmet verece\u011fiz&#8230;<\/p>\r\n\r\n\r\n\r\n<blockquote class=\"instagram-media\" style=\"background: #FFF; border: 0; border-radius: 3px; box-shadow: 0 0 1px 0 rgba(0,0,0,0.5),0 1px 10px 0 rgba(0,0,0,0.15); margin: 1px; max-width: 540px; min-width: 326px; padding: 0; width: calc(100% - 2px);\" data-instgrm-captioned=\"\" data-instgrm-permalink=\"https:\/\/www.instagram.com\/p\/CIFz9YQAlGG\/?utm_source=ig_embed&amp;utm_campaign=loading\" data-instgrm-version=\"13\">\r\n<div style=\"padding: 16px;\">\r\n<div style=\"display: flex; flex-direction: row; align-items: center;\">\r\n<div style=\"background-color: #f4f4f4; border-radius: 50%; flex-grow: 0; height: 40px; margin-right: 14px; width: 40px;\">\u00a0<\/div>\r\n<div style=\"display: flex; flex-direction: column; flex-grow: 1; justify-content: center;\">\r\n<div style=\"background-color: #f4f4f4; border-radius: 4px; flex-grow: 0; height: 14px; margin-bottom: 6px; width: 100px;\">\u00a0<\/div>\r\n<div style=\"background-color: #f4f4f4; border-radius: 4px; flex-grow: 0; height: 14px; width: 60px;\">\u00a0<\/div>\r\n<\/div>\r\n<\/div>\r\n<div style=\"padding: 19% 0;\">\u00a0<\/div>\r\n<div style=\"display: block; height: 50px; margin: 0 auto 12px; width: 50px;\">\u00a0<\/div>\r\n<div style=\"padding-top: 8px;\">\r\n<div style=\"color: #3897f0; font-family: Arial,sans-serif; font-size: 14px; font-style: normal; font-weight: 550; line-height: 18px;\">Bu g\u00f6nderiyi Instagram&#8217;da g\u00f6r<\/div>\r\n<\/div>\r\n<div style=\"padding: 12.5% 0;\">\u00a0<\/div>\r\n<div style=\"display: flex; flex-direction: row; margin-bottom: 14px; align-items: center;\">\r\n<div>\r\n<div style=\"background-color: #f4f4f4; border-radius: 50%; height: 12.5px; width: 12.5px; transform: translateX(0px) translateY(7px);\">\u00a0<\/div>\r\n<div style=\"background-color: #f4f4f4; height: 12.5px; transform: rotate(-45deg) translateX(3px) translateY(1px); width: 12.5px; flex-grow: 0; margin-right: 14px; margin-left: 2px;\">\u00a0<\/div>\r\n<div style=\"background-color: #f4f4f4; border-radius: 50%; height: 12.5px; width: 12.5px; transform: translateX(9px) translateY(-18px);\">\u00a0<\/div>\r\n<\/div>\r\n<div style=\"margin-left: 8px;\">\r\n<div style=\"background-color: #f4f4f4; border-radius: 50%; flex-grow: 0; height: 20px; width: 20px;\">\u00a0<\/div>\r\n<div style=\"width: 0; height: 0; border-top: 2px solid transparent; border-left: 6px solid #f4f4f4; border-bottom: 2px solid transparent; transform: translateX(16px) translateY(-4px) rotate(30deg);\">\u00a0<\/div>\r\n<\/div>\r\n<div style=\"margin-left: auto;\">\r\n<div style=\"width: 0px; border-top: 8px solid #F4F4F4; border-right: 8px solid transparent; transform: translateY(16px);\">\u00a0<\/div>\r\n<div style=\"background-color: #f4f4f4; flex-grow: 0; height: 12px; width: 16px; transform: translateY(-4px);\">\u00a0<\/div>\r\n<div style=\"width: 0; height: 0; border-top: 8px solid #F4F4F4; border-left: 8px solid transparent; transform: translateY(-4px) translateX(8px);\">\u00a0<\/div>\r\n<\/div>\r\n<\/div>\r\n<div style=\"display: flex; flex-direction: column; flex-grow: 1; justify-content: center; margin-bottom: 24px;\">\r\n<div style=\"background-color: #f4f4f4; border-radius: 4px; flex-grow: 0; height: 14px; margin-bottom: 6px; width: 224px;\">\u00a0<\/div>\r\n<div style=\"background-color: #f4f4f4; border-radius: 4px; flex-grow: 0; height: 14px; width: 144px;\">\u00a0<\/div>\r\n<\/div>\r\n<p style=\"color: #c9c8cd; font-family: Arial,sans-serif; font-size: 14px; line-height: 17px; margin-bottom: 0; margin-top: 8px; overflow: hidden; padding: 8px 0 7px; text-align: center; text-overflow: ellipsis; white-space: nowrap;\"><a style=\"color: #c9c8cd; font-family: Arial,sans-serif; font-size: 14px; font-style: normal; font-weight: normal; line-height: 17px; text-decoration: none;\" href=\"https:\/\/www.instagram.com\/p\/CIFz9YQAlGG\/?utm_source=ig_embed&amp;utm_campaign=loading\" target=\"_blank\" rel=\"noopener noreferrer\">egegen (@egegen)&#8217;in payla\u015ft\u0131\u011f\u0131 bir g\u00f6nderi<\/a><\/p>\r\n<\/div>\r\n<\/blockquote>\r\n<p><script async src=\"\/\/www.instagram.com\/embed.js\"><\/script><\/p>\r\n","protected":false},"excerpt":{"rendered":"<p>Uzun s\u00fcren 2020 y\u0131l\u0131na veda etmeye haz\u0131rlan\u0131yoruz. Bu zorlu y\u0131l\u0131n Kas\u0131m ay\u0131nda sosyal medya platformlar\u0131nda, uygulamalarda, dijital d\u00fcnyada bir\u00e7ok geli\u015fme ve yenilik ya\u015fand\u0131. Keyifle okuyaca\u011f\u0131n\u0131z egegen Trend Raporu\u2019nun 37. say\u0131s\u0131 ile sizleri ba\u015f ba\u015fa b\u0131rak\u0131yoruz&#8230; WHATSAPP\u2019TAN YEN\u0130 \u00d6ZELL\u0130K: K\u0130\u015e\u0130LERE \u00d6ZEL DUVAR KA\u011eIDI WhatsApp\u2019tan kullan\u0131c\u0131lar\u0131 sevindirecek yeni \u00f6zellik! Anl\u0131k mesajla\u015fma uygulamas\u0131 olan WhatsApp, daha iyi bir &hellip;<\/p>\n","protected":false},"author":20,"featured_media":6763,"comment_status":"open","ping_status":"open","sticky":false,"template":"","format":"standard","meta":[],"categories":[188],"tags":[],"_links":{"self":[{"href":"https:\/\/egegen.com\/blog\/wp-json\/wp\/v2\/posts\/6751"}],"collection":[{"href":"https:\/\/egegen.com\/blog\/wp-json\/wp\/v2\/posts"}],"about":[{"href":"https:\/\/egegen.com\/blog\/wp-json\/wp\/v2\/types\/post"}],"author":[{"embeddable":true,"href":"https:\/\/egegen.com\/blog\/wp-json\/wp\/v2\/users\/20"}],"replies":[{"embeddable":true,"href":"https:\/\/egegen.com\/blog\/wp-json\/wp\/v2\/comments?post=6751"}],"version-history":[{"count":2,"href":"https:\/\/egegen.com\/blog\/wp-json\/wp\/v2\/posts\/6751\/revisions"}],"predecessor-version":[{"id":8931,"href":"https:\/\/egegen.com\/blog\/wp-json\/wp\/v2\/posts\/6751\/revisions\/8931"}],"wp:featuredmedia":[{"embeddable":true,"href":"https:\/\/egegen.com\/blog\/wp-json\/wp\/v2\/media\/6763"}],"wp:attachment":[{"href":"https:\/\/egegen.com\/blog\/wp-json\/wp\/v2\/media?parent=6751"}],"wp:term":[{"taxonomy":"category","embeddable":true,"href":"https:\/\/egegen.com\/blog\/wp-json\/wp\/v2\/categories?post=6751"},{"taxonomy":"post_tag","embeddable":true,"href":"https:\/\/egegen.com\/blog\/wp-json\/wp\/v2\/tags?post=6751"}],"curies":[{"name":"wp","href":"https:\/\/api.w.org\/{rel}","templated":true}]}}