{"id":6501,"date":"2020-11-13T15:20:35","date_gmt":"2020-11-13T12:20:35","guid":{"rendered":"https:\/\/egegen.com\/blog\/?p=6501"},"modified":"2022-10-10T17:10:56","modified_gmt":"2022-10-10T14:10:56","slug":"egegen-trend-raporu-36-ekim-2020","status":"publish","type":"post","link":"https:\/\/egegen.com\/blog\/egegen-trend-raporu-36-ekim-2020\/","title":{"rendered":"egegen Trend Raporu &#8211; 36 \/ Ekim 2020"},"content":{"rendered":"\r\n<p><strong>Geride b\u0131rakt\u0131\u011f\u0131m\u0131z Ekim ay\u0131nda ya\u015fanan \u00f6nemli geli\u015fmeleri, dijital d\u00fcnyan\u0131n yeniliklerini ve \u00f6nde gelen uygulamalar\u0131n yeni g\u00fcncellemelerini derledi\u011fimiz egegen Trend Raporu\u2019nun 36. say\u0131s\u0131 ile yeniden sizlerle birlikteyiz\u2026<\/strong><\/p>\r\n\r\n\r\n\r\n<p><strong>INSTAGRAM\u2019DA \u0130\u00c7ER\u0130K \u00dcRET\u0130C\u0130LER\u0130 CANLI YAYINLARDAN GEL\u0130R ELDE EDEB\u0130LECEK<\/strong><\/p>\r\n\r\n\r\n\r\n<p><strong>Instagram, \u201cRozetler Butonu\u201d<\/strong> \u00f6zelli\u011fini, aralar\u0131nda \u00fclkemizin de bulundu\u011fu bir\u00e7ok \u00fclkede binlerce i\u00e7erik \u00fcreticisinin kullan\u0131m\u0131na sundu\u011funu a\u00e7\u0131klad\u0131.<\/p>\r\n\r\n\r\n\r\n<figure class=\"wp-block-image size-large td-caption-align-https:\/\/egegen.com\/blog\/wp-content\/uploads\/2020\/11\/1-INSTAGRAMDA-ICERIK-URETICILERI-CANLI-YAYINLARDAN-GELIR-ELDE-EDEBILECEK.jpg\"><img width=\"1024\" height=\"576\" class=\"wp-image-6504\" src=\"https:\/\/egegen.com\/blog\/wp-content\/uploads\/2020\/11\/1-INSTAGRAMDA-ICERIK-URETICILERI-CANLI-YAYINLARDAN-GELIR-ELDE-EDEBILECEK-1024x576.jpg\" alt=\"\" \/><\/figure>\r\n\r\n\r\n\r\n<p>&nbsp;<\/p>\r\n\r\n\r\n\r\n<p><strong>Rozetler<\/strong>\u2019i kullan\u0131ma a\u00e7an sosyal medya devi <strong>Instagram, <\/strong>i\u00e7erik \u00fcreticilerinin canl\u0131 yay\u0131n\u0131nda, yorumlar\u0131n\u0131n alt\u0131nda bir <strong>Rozet Sat\u0131n Alma Butonu<\/strong>\u2019nun yer alaca\u011f\u0131n\u0131 a\u00e7\u0131klad\u0131. Kullan\u0131c\u0131lar bu <strong>Rozet Butonu<\/strong>\u2019na t\u0131klad\u0131\u011f\u0131nda <strong>Google Play<\/strong> veya <strong>Apple Store<\/strong>\u2019a y\u00f6nlendirilecek ve i\u00e7erik \u00fcreticilerine <strong>ba\u011f\u0131\u015f<\/strong>ta bulunabilecekler. Rozet Butonu sayesinde i\u00e7erik \u00fcreticileri ba\u011f\u0131\u015f yapan takip\u00e7ilerini yorumlarda isimlerinin yan\u0131nda \u00e7\u0131kan <strong>Rozet<\/strong> ile rahat\u00e7a g\u00f6rebilecek ve Rozet Butonu \u00f6zelli\u011fi ile kullan\u0131c\u0131lar \u00f6zel bir kalp ikonu eri\u015fimine sahip olacak.<\/p>\r\n\r\n\r\n<hr class=\"wp-block-separator\" \/>\r\n\r\n\r\n<p><strong>YOUTUBE \u00dcZER\u0130NDEN ONL\u0130NE ALI\u015eVER\u0130\u015e<\/strong><\/p>\r\n\r\n\r\n\r\n<p><strong>Google<\/strong>, YouTube&#8217;daki video i\u00e7eriklerine, \u00fcr\u00fcnlere y\u00f6nelik kendi al\u0131\u015fveri\u015f ba\u011flant\u0131lar\u0131n\u0131 eklemeyi planl\u0131yor. Bloomberg&#8217;e konu\u015fan bir yetkili Google\u2019\u0131n <strong>Youtube <\/strong>i\u00e7in yeni elektronik ticaret \u00f6zelliklerini test etti\u011fini do\u011frulad\u0131.<\/p>\r\n\r\n\r\n\r\n<figure class=\"wp-block-image size-large td-caption-align-https:\/\/egegen.com\/blog\/wp-content\/uploads\/2020\/11\/2-YOUTUBE-UZERINDEN-ONLINE-ALISVERIS.jpg\"><img width=\"1024\" height=\"568\" class=\"wp-image-6505\" src=\"https:\/\/egegen.com\/blog\/wp-content\/uploads\/2020\/11\/2-YOUTUBE-UZERINDEN-ONLINE-ALISVERIS-1024x568.jpg\" alt=\"\" \/><\/figure>\r\n\r\n\r\n\r\n<p>YouTube, <strong>i\u00e7erik \u00fcreticilerinden<\/strong>, \u00fcr\u00fcnleri video i\u00e7erisine <strong>etiketlemelerini<\/strong> istemeye ba\u015flad\u0131. Ayr\u0131ca <strong>YouTube<\/strong>, platform \u00fczerinden toplanan verileri sonras\u0131nda <strong>Google Analytics<\/strong> ve pazar ara\u00e7lar\u0131na aktaracak. YouTube\u2019un as\u0131l amac\u0131, b\u00fcnyesindeki milyarlarca videoyu kullan\u0131c\u0131lar\u0131n \u00fcr\u00fcnlere <strong>t\u0131klayabildikleri<\/strong> ve \u00fcr\u00fcnleri an\u0131nda <strong>sat\u0131n alabildikleri<\/strong> b\u00fcy\u00fck bir <strong>katalo\u011fa<\/strong> d\u00f6n\u00fc\u015ft\u00fcrmek. B\u00f6ylece <strong>Amazon <\/strong>ve<strong> Alibaba<\/strong> gibi e-ticaret siteleri ile rekabet edebilecek ve pazarda b\u00fcy\u00fck bir yer edinecek. Hen\u00fcz geli\u015ftirilme a\u015famas\u0131nda olan bu \u00f6zellikle ilgili detaylar yak\u0131nda a\u00e7\u0131klanacak.<\/p>\r\n\r\n\r\n<hr class=\"wp-block-separator\" \/>\r\n\r\n\r\n<p><strong>GOOGLE HAR\u0130TALAR\u2019DAN B\u0130S\u0130KLET KULLANICILARI \u0130\u00c7\u0130N YEN\u0130 \u00d6ZELL\u0130KLER<\/strong><\/p>\r\n\r\n\r\n\r\n<p><strong>Google Haritalar<\/strong> uygulamas\u0131na her ge\u00e7en g\u00fcn yeni \u00f6zellikler ekleniyor. Gelecek olan yeni \u00f6zellikle birlikte Google Haritalar, <strong>bisiklet istasyonlar\u0131<\/strong>n\u0131 ve bu istasyonlarda ka\u00e7 bisiklet kald\u0131\u011f\u0131n\u0131 kullan\u0131c\u0131lar\u0131na g\u00f6sterebilecek.<\/p>\r\n\r\n\r\n\r\n<p><strong>Google Haritalar<\/strong>, son d\u00f6nemlerde \u00f6zellikle <strong>pandeminin<\/strong> de etkisiyle insanlar\u0131n \u00f6zel ara\u00e7 veya toplu ta\u015f\u0131ma kullanmak yerine bisiklet kullan\u0131m\u0131n\u0131 tercih etti\u011fi y\u00f6n\u00fcndeki verilerini payla\u015ft\u0131. Google Haritalar \u00fczerinden bisiklet kullan\u0131m\u0131 ile y\u00f6n tarifi talep edenlerin kullan\u0131m\u0131 yakla\u015f\u0131k olarak <strong>%69 artm\u0131\u015f<\/strong> oldu\u011fu belirlendi. Elde edilen bu veriler do\u011frultusunda uygulama, <strong>g\u00fcncel<\/strong> ve <strong>en h\u0131zl\u0131 rotalar\u0131<\/strong> bisiklet kullan\u0131c\u0131lar\u0131na sunabilecek.<\/p>\r\n\r\n\r\n\r\n<figure class=\"wp-block-image size-large td-caption-align-https:\/\/egegen.com\/blog\/wp-content\/uploads\/2020\/11\/3-GOOGLE-HARITALARDAN-BISIKLET-KULLANICILARI-ICIN-YENI-OZELLIKLER.jpg\"><img width=\"1024\" height=\"480\" class=\"wp-image-6506\" src=\"https:\/\/egegen.com\/blog\/wp-content\/uploads\/2020\/11\/3-GOOGLE-HARITALARDAN-BISIKLET-KULLANICILARI-ICIN-YENI-OZELLIKLER-1024x480.jpg\" alt=\"\" \/><\/figure>\r\n\r\n\r\n\r\n<p>D\u00fcnyan\u0131n b\u00fcy\u00fck \u015fehirlerinde kullan\u0131ma yeni sunulan \u00f6zelliklerin yak\u0131n zamanda \u00fclkemize gelece\u011fi s\u00f6yleniyor.<\/p>\r\n\r\n\r\n<hr class=\"wp-block-separator\" \/>\r\n\r\n\r\n<p><strong>SEN MIRILDAN GOOGLE BULSUN!<\/strong><\/p>\r\n\r\n\r\n\r\n<figure class=\"wp-block-image size-large td-caption-align-https:\/\/egegen.com\/blog\/wp-content\/uploads\/2020\/11\/4-SEN-MIRILDAN-GOOGLE-BULSUN.jpg\"><img width=\"1024\" height=\"576\" class=\"wp-image-6507\" src=\"https:\/\/egegen.com\/blog\/wp-content\/uploads\/2020\/11\/4-SEN-MIRILDAN-GOOGLE-BULSUN-1024x576.jpg\" alt=\"\" \/><\/figure>\r\n\r\n\r\n\r\n<p>Google&#8217;\u0131n yeni \u00f6zelli\u011fi <strong>Hum to Search<\/strong> ile kullan\u0131c\u0131lar, art\u0131k ak\u0131llar\u0131na tak\u0131lan \u015fark\u0131y\u0131 <strong>m\u0131r\u0131ldanarak <\/strong>bulabilecek! \u015eimdilik <strong>iOS<\/strong>&#8216;ta sadece \u0130ngilizce olarak kullan\u0131labilen yeni \u00f6zellik, <strong>Android<\/strong> \u00fczerinde ise 20&#8217;den fazla dili destekleyebiliyor. <strong>Google Asistan<\/strong> \u00fczerinden kullan\u0131labilen \u00f6zellik sayesinde kullan\u0131c\u0131lar \u015fark\u0131y\u0131 <strong>m\u0131r\u0131ldanarak veya \u0131sl\u0131k \u00e7alarak<\/strong> aratabiliyor. Kullan\u0131c\u0131lar, Google&#8217;a <strong>\u201cWhat\u2019s the song\u201d<\/strong> (Bu \u015fark\u0131 ne?) diye sorduktan ve arama butonuna bast\u0131ktan sonra \u015fark\u0131y\u0131 10-15 saniye m\u0131r\u0131ldan\u0131yor ve m\u0131r\u0131lt\u0131yla e\u015fle\u015fen \u015fark\u0131lar\u0131n sonu\u00e7lar\u0131na ula\u015f\u0131l\u0131yor. Bu \u00f6zellikle kullan\u0131c\u0131lar ak\u0131llar\u0131na tak\u0131lan, bir t\u00fcrl\u00fc hat\u0131rlayamad\u0131klar\u0131 \u015fark\u0131y\u0131 t\u00fcm g\u00fcn d\u00fc\u015f\u00fcnmek yerine <strong>kolayca bulabilecekler<\/strong>.<\/p>\r\n\r\n\r\n<hr class=\"wp-block-separator\" \/>\r\n\r\n\r\n<p><strong>KORONAV\u0130R\u00dcS\u00dc ETK\u0130S\u0130Z HALE GET\u0130REN MASKE<\/strong><\/p>\r\n\r\n\r\n\r\n<figure class=\"wp-block-image size-large td-caption-align-https:\/\/egegen.com\/blog\/wp-content\/uploads\/2020\/11\/5-KORONAVIRUSU-ETKISIZ-HALE-GETIREN-MASKE.jpg\"><img width=\"1024\" height=\"536\" class=\"wp-image-6508\" src=\"https:\/\/egegen.com\/blog\/wp-content\/uploads\/2020\/11\/5-KORONAVIRUSU-ETKISIZ-HALE-GETIREN-MASKE-1024x536.jpg\" alt=\"\" \/><\/figure>\r\n\r\n\r\n\r\n<p>Hava yoluyla ve temasla bula\u015fan <strong>Koronavir\u00fcs<\/strong>ten korunmak i\u00e7in t\u00fcm d\u00fcnya <strong>maske <\/strong>takmaya ba\u015flad\u0131 ve maske takmak art\u0131k zorunlu hale getirildi<strong>. MIT ara\u015ft\u0131rmac\u0131lar\u0131<\/strong>, elektrikle \u00e7al\u0131\u015fan ve vir\u00fcs\u00fc <strong>\u0131s\u0131 yolu ile \u00f6ld\u00fcrd\u00fc\u011f\u00fc<\/strong> iddia edilen bir maske geli\u015ftirdi\u011fini a\u00e7\u0131klad\u0131. M\u00fchendisler, <strong>Koronavir\u00fcs\u00fc<\/strong> etkisiz hale getirmek i\u00e7in \u0131s\u0131t\u0131lm\u0131\u015f ve yeniden kullan\u0131labilir \u015fekilde bir y\u00fcz maskesi tasarlad\u0131lar. Bu maske, pil ile \u00e7al\u0131\u015fabiliyor ve <strong>yal\u0131tkan neopren<\/strong> ile \u00e7evrelenen \u0131s\u0131t\u0131lm\u0131\u015f bir bak\u0131r a\u011fa sahip. Maskeyi takan ki\u015fi solunum yaparken, havan\u0131n i\u00e7inde yer alan vir\u00fcsler y\u00fcksek s\u0131cakl\u0131k ile yava\u015flat\u0131larak <strong>etkisiz hale getiriliyor<\/strong>. MIT Kimya M\u00fchendisli\u011fi Profes\u00f6r\u00fc <strong>Michael Strano<\/strong> maske i\u00e7in: \u201cBu tamamen yeni bir <strong>maske<\/strong> konsepti, \u00e7\u00fcnk\u00fc \u00f6ncelikle vir\u00fcs\u00fc engellemiyor. Asl\u0131nda vir\u00fcs\u00fcn maskeden ge\u00e7mesine izin veriyor, ancak <strong>yava\u015flat\u0131yor<\/strong> ve <strong>etkisiz <\/strong>hale getiriyor\u201d a\u00e7\u0131klamas\u0131nda bulundu.<\/p>\r\n\r\n\r\n<hr class=\"wp-block-separator\" \/>\r\n\r\n\r\n<p><strong>GOOGLE CHAT 2021\u2019DEN \u0130T\u0130BAREN KULLANICILARIYLA BULU\u015eACAK<\/strong><\/p>\r\n\r\n\r\n\r\n<p>Google yetkilileri, <strong>Hangouts<\/strong> uygulamas\u0131n\u0131n yak\u0131n zamanda kullan\u0131mdan kald\u0131r\u0131laca\u011f\u0131n\u0131 ve onun yerine <strong>Google Chat<\/strong>\u2019in gelece\u011fini a\u00e7\u0131klad\u0131. Ayr\u0131ca Google, Hangouts\u2019tan Chat\u2019e ge\u00e7i\u015f hakk\u0131nda da baz\u0131 detaylar\u0131 payla\u015ft\u0131. Grup \u00dcr\u00fcn <strong>M\u00fcd\u00fcr\u00fc Matthew Leske<\/strong> konuya ili\u015fkin \u015fu a\u00e7\u0131klamay\u0131 yapt\u0131:<\/p>\r\n\r\n\r\n\r\n<p>\u201c2021\u2019in ilk yar\u0131s\u0131ndan itibaren, herkes Hangouts\u2019tan <strong>Google Chat<\/strong> uygulamas\u0131na ge\u00e7i\u015f yapmaya ba\u015flayabilir. Sorunsuz bir ge\u00e7i\u015f sa\u011flamak i\u00e7in, <strong>Hangouts<\/strong> g\u00f6r\u00fc\u015fmelerinizin yan\u0131 s\u0131ra ki\u015filer ve kay\u0131tl\u0131 ge\u00e7mi\u015finizin de otomatik olarak ta\u015f\u0131nmas\u0131na yard\u0131mc\u0131 olaca\u011f\u0131z. Ge\u00e7i\u015f s\u00fcrecine ba\u015flad\u0131\u011f\u0131m\u0131zda hangi ad\u0131mlar\u0131 atabilece\u011finize dair daha spesifik rehberleri payla\u015faca\u011f\u0131z.\u201d<\/p>\r\n\r\n\r\n\r\n<figure class=\"wp-block-image size-large\"><img width=\"830\" height=\"452\" class=\"wp-image-6509\" src=\"https:\/\/egegen.com\/blog\/wp-content\/uploads\/2020\/11\/6-GOOGLE-CHAT-2021DEN-ITIBAREN-KULLANICILARIYLA-BULUSACAK.jpg\" alt=\"\" \/><\/figure>\r\n\r\n\r\n\r\n<p>\u015eu an yaln\u0131zca <strong>Google Workspace<\/strong> m\u00fc\u015fterilerine y\u00f6nelik olan <strong>Google Chat<\/strong>, 2021 y\u0131l\u0131n\u0131n ba\u015f\u0131nda hem <strong>Gmail<\/strong>\u2019e entegre olacak hem de ba\u011f\u0131ms\u0131z olarak b\u00fct\u00fcn kullan\u0131c\u0131lar\u0131n hizmetine \u00fccretsiz bir \u015fekilde sunulacak. <strong>Google Chat<\/strong>\u2019te <strong>emoji ile tepki verme<\/strong>, <strong>\u00f6nerilen yan\u0131tlar<\/strong> ve <strong>ger\u00e7ek zamanl\u0131 kimlik av\u0131 korumas\u0131 <\/strong>gibi gelecek olan yeni \u00f6zelliklerin yan\u0131nda, bilinen ve hali haz\u0131rda kullan\u0131lan Hangouts\u2019un eski \u00f6zelliklerinin de yer alaca\u011f\u0131n\u0131 s\u00f6yleniyor.<\/p>\r\n\r\n\r\n<hr class=\"wp-block-separator\" \/>\r\n\r\n\r\n<p><strong>ZOOM U\u00c7TAN UCA \u015e\u0130FRELEME \u00d6ZELL\u0130\u011e\u0130 GET\u0130R\u0130YOR<\/strong><\/p>\r\n\r\n\r\n\r\n<p>Son d\u00f6nemlerde b\u00fcy\u00fck bir kullan\u0131c\u0131 art\u0131\u015f\u0131 yakalayan <strong>Zoom<\/strong>, <strong>u\u00e7tan uca \u015fifreleme \u00f6zelli\u011f<\/strong>ini hem \u00fccretli hem de \u00fccretsiz kullan\u0131c\u0131lar\u0131n\u0131n kullan\u0131m\u0131na sundu. Bu \u00f6zellik ile birlikte video sohbetler ve toplant\u0131lar \u00e7ok daha <strong>g\u00fcvenli<\/strong> h\u00e2le geliyor. Bu \u00f6zellik, <strong>Zoom<\/strong>\u2019un masa\u00fcst\u00fc ve <strong>Android<\/strong> uygulamalar\u0131 ile Rooms \u00fczerinden aktif duruma getirilebilecek. Apple yeni g\u00fcncellemeyi onaylad\u0131ktan sonra <strong>iOS <\/strong>ile de bu imkan kullan\u0131c\u0131lara sunulabilecek.<\/p>\r\n\r\n\r\n\r\n<figure class=\"wp-block-image size-large\"><img width=\"788\" height=\"443\" class=\"wp-image-6510\" src=\"https:\/\/egegen.com\/blog\/wp-content\/uploads\/2020\/11\/7-ZOOM-UCTAN-UCA-SIFRELEME-OZELLIGI-GETIRIYOR.jpg\" alt=\"\" \/><\/figure>\r\n\r\n\r\n\r\n<p>Kullan\u0131c\u0131lar\u0131n <strong>u\u00e7tan uca \u015fifrelemeyi<\/strong> aktif hale getirebilmesi i\u00e7in ayarlar men\u00fcs\u00fc \u00fczerinden manuel olarak \u00f6zelli\u011fi a\u00e7\u0131k h\u00e2le getirmesi gerekiyor. G\u00f6r\u00fc\u015fmelerde u\u00e7tan uca \u015fifrelemenin \u00e7al\u0131\u015fmas\u0131 i\u00e7in de t\u00fcm kat\u0131l\u0131mc\u0131lar\u0131n yeni \u00f6zelli\u011fi <strong>aktive etmesi <\/strong>gerekiyor. U\u00e7tan uca \u015fifreleme \u00e7al\u0131\u015ft\u0131r\u0131ld\u0131\u011f\u0131nda ekran\u0131n sol \u00fcst k\u00f6\u015fesinde <strong>ye\u015fil bir kalkan<\/strong> beliriyor.<\/p>\r\n\r\n\r\n<hr class=\"wp-block-separator\" \/>\r\n\r\n\r\n<p><strong>YOUTUBE\u2019DAN KULLANICILARINA KOLAYLIK SA\u011eLAYAN YEN\u0130 \u00d6ZELL\u0130KLER<\/strong><\/p>\r\n\r\n\r\n\r\n<p>Pop\u00fcler video platformu <strong>YouTube<\/strong> <strong>mobil uygulamas\u0131<\/strong>, kullan\u0131c\u0131lar\u0131na kolayl\u0131k sa\u011flayacak baz\u0131 yeni \u00f6zelliklerini tan\u0131tt\u0131. Bunlar:<\/p>\r\n\r\n\r\n\r\n<p><strong>Videolarda geli\u015fmi\u015f oynatma sayfas\u0131:<\/strong> Videolarda bulunan, altyaz\u0131n\u0131n a\u00e7\u0131lmas\u0131n\u0131 sa\u011flayan sekme, daha kolay eri\u015filebilecek bir noktaya ta\u015f\u0131nd\u0131. Bunun yan\u0131nda otomatik oynatma sekmesinde de yer de\u011fi\u015fikli\u011fe gidildi.<\/p>\r\n\r\n\r\n\r\n<figure class=\"wp-block-image size-large td-caption-align-https:\/\/egegen.com\/blog\/wp-content\/uploads\/2020\/11\/8-YOUTUBEDAN-KULLANICILARINA-KOLAYLIK-SAGLAYAN-YENI-OZELLIKLER.jpg\"><img width=\"1024\" height=\"576\" class=\"wp-image-6511\" src=\"https:\/\/egegen.com\/blog\/wp-content\/uploads\/2020\/11\/8-YOUTUBEDAN-KULLANICILARINA-KOLAYLIK-SAGLAYAN-YENI-OZELLIKLER-1024x576.jpg\" alt=\"\" \/><\/figure>\r\n\r\n\r\n\r\n<p><strong>Kolayca tam ekrana ge\u00e7i\u015f:<\/strong> Bu \u00f6zellikle kullan\u0131c\u0131lar\u0131n videolar\u0131 tam ekran yapmak i\u00e7in yukar\u0131 do\u011fru kayd\u0131rmas\u0131, tam ekrandan \u00e7\u0131kmak i\u00e7in ise a\u015fa\u011f\u0131 do\u011fru kayd\u0131rmas\u0131 yeterli olacak.<\/p>\r\n\r\n\r\n\r\n<p><strong>Uyku hat\u0131rlat\u0131c\u0131s\u0131:<\/strong> YouTube&#8217;un yak\u0131n zamanda tan\u0131tt\u0131\u011f\u0131 \u201cUyku Hat\u0131rlat\u0131c\u0131s\u0131\u201d (Bedtime Reminder) ile birlikte sizin \u00f6nceden belirledi\u011finiz zamanda video izlemeyi b\u0131rak\u0131p uyuman\u0131z gerekti\u011fine dair bir hat\u0131rlat\u0131c\u0131 kurulabilecek.<\/p>\r\n\r\n\r\n<hr class=\"wp-block-separator\" \/>\r\n\r\n\r\n<p><strong>ATAR\u0130 M\u0130N\u0130 PONG JR. OYUN SEVERLERLE BULU\u015eUYOR<\/strong><\/p>\r\n\r\n\r\n\r\n<figure class=\"wp-block-image size-large td-caption-align-https:\/\/egegen.com\/blog\/wp-content\/uploads\/2020\/11\/9-ATARI-MINI-PONG-JR.-OYUN-SEVERLERLE-BULUSUYOR.jpg\"><img width=\"1024\" height=\"576\" class=\"wp-image-6512\" src=\"https:\/\/egegen.com\/blog\/wp-content\/uploads\/2020\/11\/9-ATARI-MINI-PONG-JR.-OYUN-SEVERLERLE-BULUSUYOR-1024x576.jpg\" alt=\"\" \/><\/figure>\r\n\r\n\r\n\r\n<p><strong>Atari<\/strong>\u2019nin en sevilen oyunlar\u0131 aras\u0131nda olan <strong>Pong<\/strong> oyunu <strong>Atari Mini Pong Jr.<\/strong> oyunseverlerle bulu\u015fuyor. Ta\u015f\u0131nabilir Atari Mini PONG Jr. bir \u00e7ift retro tarz\u0131 PONG k\u00fcrekle birlikte <strong>11,81 in\u00e7lik \u00e7er\u00e7evesi<\/strong> i\u00e7inde <strong>7,9 in\u00e7 LCD<\/strong> ekrana sahip. Cihaz bir adapt\u00f6rle USB \u00fczerinden \u00e7al\u0131\u015fabiliyor ancak kullan\u0131c\u0131lar iste\u011fe ba\u011fl\u0131 olarak \u00fc\u00e7 lityum \u015farj edilebilir pil takarak hareket halindeyken de kullanabiliyorlar. Kullan\u0131c\u0131lar oyunu <strong>iki ki\u015fi<\/strong> oynayabilece\u011fi gibi isterse yapay zekan\u0131n y\u00f6netti\u011fi <strong>sanal bir oyuncu ile de oynayabiliyor<\/strong>. Oyunseverler yapay zeka ile oynarken Atari Mini PONG Jr.\u2019\u0131n <strong>10 farkl\u0131 oyun seviyesi<\/strong> ile zorluk derecesini de kendilerine g\u00f6re ayarlayabiliyorlar.<\/p>\r\n\r\n\r\n\r\n<p><strong>Atari Mini Pong Jr. oyununun tan\u0131t\u0131m videosu i\u00e7in t\u0131klay\u0131n\u0131z.<\/strong><\/p>\r\n\r\n\r\n\r\n<figure class=\"wp-block-embed is-type-video is-provider-youtube wp-block-embed-youtube wp-embed-aspect-16-9 wp-has-aspect-ratio\">\r\n<div class=\"wp-block-embed__wrapper\">https:\/\/www.youtube.com\/watch?reload=9&amp;v=E_wzDZ91Eqg<\/div>\r\n<\/figure>\r\n\r\n\r\n<hr class=\"wp-block-separator\" \/>\r\n\r\n\r\n<p><strong>APPLE\u2019IN YEN\u0130 H\u0130ZMET\u0130: APPLE ONE<\/strong><\/p>\r\n\r\n\r\n\r\n<p>Apple\u2019\u0131n, <strong>t\u00fcm abonelik hizmetleri<\/strong>ni bir araya getirdi\u011fi <strong>Apple One<\/strong>, bir\u00e7ok \u00fclkede kullan\u0131ma a\u00e7\u0131ld\u0131. \u00dc\u00e7 farkl\u0131 paketten olu\u015fan bu hizmet, kullan\u0131lacak servislere <strong>daha avantajl\u0131 bir fiyat<\/strong>tan ula\u015f\u0131lmas\u0131n\u0131 sa\u011fl\u0131yor. <strong>Apple<\/strong>\u2019\u0131n a\u00e7\u0131klamas\u0131na g\u00f6re bu \u00fcyelik paketi \u00fc\u00e7 farkl\u0131 se\u00e7enek ile kullan\u0131c\u0131lara sunulacak. Bu paketler ise <strong>Bireysel<\/strong>, <strong>Aile<\/strong> ve <strong>Premier <\/strong>\u015feklinde.<\/p>\r\n\r\n\r\n\r\n<figure class=\"wp-block-image size-large\"><img width=\"977\" height=\"640\" class=\"wp-image-6513\" src=\"https:\/\/egegen.com\/blog\/wp-content\/uploads\/2020\/11\/10-APPLEIN-YENI-HIZMETI-APPLE-ONE.png\" alt=\"\" \/><\/figure>\r\n\r\n\r\n\r\n<p>Apple One <strong>abonelik fiyatlar\u0131<\/strong>ndan bahsedecek olursak:<\/p>\r\n\r\n\r\n\r\n<p><strong>Bireysel Abonelik:<\/strong> Ayl\u0131k 14.95 ABD dolar\u0131 kar\u015f\u0131l\u0131\u011f\u0131nda Apple Music, Apple TV+, Apple Arcade ve 50 GB iCloud depolama alan\u0131 sunuyor.<\/p>\r\n\r\n\r\n\r\n<p><strong>Aile Aboneli\u011fi:<\/strong> 19.95 ABD dolar\u0131 kar\u015f\u0131l\u0131\u011f\u0131nda, alt\u0131 aile \u00fcyesi aras\u0131nda payla\u015fabildi\u011fi, Apple Music, Apple TV+, Apple Arcade ve 200 GB iCloud depolama alan\u0131 sunuyor.<\/p>\r\n\r\n\r\n\r\n<p><strong>Premier Aboneli\u011fi:<\/strong> 29.95 ABD dolar\u0131 kar\u015f\u0131l\u0131\u011f\u0131nda, alt\u0131 aile \u00fcyesinin payla\u015fabildi\u011fi, Apple Music, Apple TV+, Apple Arcade, Apple News+, Apple Fitness+ ve 2TB iCloud depolama alan\u0131 sunuyor.<\/p>\r\n\r\n\r\n<hr class=\"wp-block-separator\" \/>\r\n\r\n\r\n<p><strong>G\u0130Y\u0130LEB\u0130L\u0130R FARE SNOWL \u0130LE T\u00dcM C\u0130HAZLARINIZI KONTROL ED\u0130N!<\/strong><\/p>\r\n\r\n\r\n\r\n<p>Yapay zeka deste\u011fi olan <strong>Snowl<\/strong>, dokunmatik y\u00fczeyi ve el hareketlerini alg\u0131layan teknolojisi sayesinde cihazlar\u0131n\u0131z\u0131 <strong>uzaktan kontrol<\/strong> etmenize imkan sa\u011fl\u0131yor.<\/p>\r\n\r\n\r\n\r\n<figure class=\"wp-block-image size-large\"><img width=\"720\" height=\"458\" class=\"wp-image-6514\" src=\"https:\/\/egegen.com\/blog\/wp-content\/uploads\/2020\/11\/11-GIYILEBILIR-FARE-SNOWL-ILE-TUM-CIHAZLARINIZI-KONTROL-EDIN.jpg\" alt=\"\" \/><\/figure>\r\n\r\n\r\n\r\n<p><strong>Snowl<\/strong>, bir parmak faresi olarak parmaklar\u0131n\u0131z\u0131n \u00fczerine oturuyor ve elinizi bir <strong>kontrol cihaz\u0131 gibi<\/strong> kullanman\u0131z\u0131 sa\u011fl\u0131yor. Fare, belirli <strong>el hareketlerinizi alg\u0131layarak<\/strong> adeta mini bir <strong>touchpad<\/strong> oluyor. \u0130\u00e7inde t\u00fcm hareketleri izlemeye yard\u0131mc\u0131 olan bir dizi sens\u00f6r olan <strong>Snowl,<\/strong> cihaz\u0131n\u0131za <strong>Bluetooth<\/strong> arac\u0131l\u0131\u011f\u0131yla ba\u011flan\u0131yor. <strong>Windows, Mac, Android, iOS ve Smart TV, Ak\u0131ll\u0131 Projekt\u00f6r, VR<\/strong> gibi bir\u00e7ok i\u015fletim sistemine uyumlu olan Snowl birden fazla cihaz\u0131 destekliyor.<\/p>\r\n\r\n\r\n<hr class=\"wp-block-separator\" \/>\r\n\r\n\r\n<p><strong>B\u0130ZDEN HABERLER!<\/strong><\/p>\r\n\r\n\r\n\r\n<p><strong>Betonstar markas\u0131 egegen\u2019e emanet!<\/strong><\/p>\r\n\r\n\r\n\r\n<p>T\u00fcrkiye ve d\u00fcnya pazar\u0131na kamyon \u00fcst\u00fc beton pompas\u0131, mikserli pompa, sabit pompa ve kule da\u011f\u0131t\u0131c\u0131 sistemleri \u00fcretimi yapan, %100 T\u00fcrk sermayesine sahip Betonstar t\u00fcm \u00e7al\u0131\u015fmalar\u0131n\u0131 bize emanet etti.<\/p>\r\n\r\n\r\n\r\n<figure class=\"wp-block-image size-large td-caption-align-https:\/\/egegen.com\/blog\/wp-content\/uploads\/2020\/11\/12-BIZDEN-HABERLER.jpg\"><img width=\"1024\" height=\"1024\" class=\"wp-image-6519\" src=\"https:\/\/egegen.com\/blog\/wp-content\/uploads\/2020\/11\/12-BIZDEN-HABERLER-1024x1024.jpg\" alt=\"\" \/><\/figure>\r\n\r\n\r\n\r\n<p>Marka konumland\u0131rma &amp; stratejisi, kurumsal kimlik, web sitesi tasar\u0131m &amp; programlama, sosyal y\u00f6netimi, dijital pazarlama stratejisi \u00e7al\u0131\u015fmalar\u0131 ile h\u0131zl\u0131 bir ba\u015flang\u0131\u00e7 yapt\u0131\u011f\u0131m\u0131z yeni markam\u0131z Betonstar ile ba\u015far\u0131l\u0131 i\u015flere imza ataca\u011f\u0131z\u2026<\/p>\r\n\r\n\r\n\r\n<p>Takip etmek i\u00e7in;<\/p>\r\n\r\n\r\n\r\n<p><a href=\"https:\/\/www.facebook.com\/betonstar\" target=\"_blank\" rel=\"noreferrer noopener nofollow\">Facebook<\/a><\/p>\r\n\r\n\r\n\r\n<p><a href=\"https:\/\/www.instagram.com\/betonstar.official\/\" target=\"_blank\" rel=\"noreferrer noopener nofollow\">Instagram<\/a><\/p>\r\n\r\n\r\n\r\n<p><a href=\"https:\/\/www.linkedin.com\/company\/betonstar-concrete-pumps\/\" rel=\"nofollow\">Linkedin<\/a><\/p>\r\n","protected":false},"excerpt":{"rendered":"<p>Geride b\u0131rakt\u0131\u011f\u0131m\u0131z Ekim ay\u0131nda ya\u015fanan \u00f6nemli geli\u015fmeleri, dijital d\u00fcnyan\u0131n yeniliklerini ve \u00f6nde gelen uygulamalar\u0131n yeni g\u00fcncellemelerini derledi\u011fimiz egegen Trend Raporu\u2019nun 36. say\u0131s\u0131 ile yeniden sizlerle birlikteyiz\u2026 INSTAGRAM\u2019DA \u0130\u00c7ER\u0130K \u00dcRET\u0130C\u0130LER\u0130 CANLI YAYINLARDAN GEL\u0130R ELDE EDEB\u0130LECEK Instagram, \u201cRozetler Butonu\u201d \u00f6zelli\u011fini, aralar\u0131nda \u00fclkemizin de bulundu\u011fu bir\u00e7ok \u00fclkede binlerce i\u00e7erik \u00fcreticisinin kullan\u0131m\u0131na sundu\u011funu a\u00e7\u0131klad\u0131. &nbsp; Rozetler\u2019i kullan\u0131ma a\u00e7an sosyal &hellip;<\/p>\n","protected":false},"author":20,"featured_media":6516,"comment_status":"open","ping_status":"open","sticky":false,"template":"","format":"standard","meta":[],"categories":[188],"tags":[],"_links":{"self":[{"href":"https:\/\/egegen.com\/blog\/wp-json\/wp\/v2\/posts\/6501"}],"collection":[{"href":"https:\/\/egegen.com\/blog\/wp-json\/wp\/v2\/posts"}],"about":[{"href":"https:\/\/egegen.com\/blog\/wp-json\/wp\/v2\/types\/post"}],"author":[{"embeddable":true,"href":"https:\/\/egegen.com\/blog\/wp-json\/wp\/v2\/users\/20"}],"replies":[{"embeddable":true,"href":"https:\/\/egegen.com\/blog\/wp-json\/wp\/v2\/comments?post=6501"}],"version-history":[{"count":2,"href":"https:\/\/egegen.com\/blog\/wp-json\/wp\/v2\/posts\/6501\/revisions"}],"predecessor-version":[{"id":8930,"href":"https:\/\/egegen.com\/blog\/wp-json\/wp\/v2\/posts\/6501\/revisions\/8930"}],"wp:featuredmedia":[{"embeddable":true,"href":"https:\/\/egegen.com\/blog\/wp-json\/wp\/v2\/media\/6516"}],"wp:attachment":[{"href":"https:\/\/egegen.com\/blog\/wp-json\/wp\/v2\/media?parent=6501"}],"wp:term":[{"taxonomy":"category","embeddable":true,"href":"https:\/\/egegen.com\/blog\/wp-json\/wp\/v2\/categories?post=6501"},{"taxonomy":"post_tag","embeddable":true,"href":"https:\/\/egegen.com\/blog\/wp-json\/wp\/v2\/tags?post=6501"}],"curies":[{"name":"wp","href":"https:\/\/api.w.org\/{rel}","templated":true}]}}