{"id":6478,"date":"2020-10-30T13:37:52","date_gmt":"2020-10-30T10:37:52","guid":{"rendered":"https:\/\/egegen.com\/blog\/?p=6478"},"modified":"2022-08-24T18:17:52","modified_gmt":"2022-08-24T15:17:52","slug":"tiktok-shopify-ile-yeni-ortakligini-duyurdu","status":"publish","type":"post","link":"https:\/\/egegen.com\/blog\/tiktok-shopify-ile-yeni-ortakligini-duyurdu\/","title":{"rendered":"TikTok Shopify ile Yeni Ortakl\u0131\u011f\u0131n\u0131 Duyurdu!"},"content":{"rendered":"\n<p><strong>TikTok<\/strong> ve <strong>Shopify<\/strong>, bir i\u015f birli\u011fi i\u00e7erisine girdiklerini duyurdu. Yapt\u0131klar\u0131 yeni ortakl\u0131k ile Shopify\u2019\u0131n 1 milyondan fazla sat\u0131c\u0131s\u0131n\u0131n TikTok\u2019un kitlesine ula\u015fmas\u0131n\u0131 hedefliyor. Bu ortakl\u0131k ile di\u011fer <strong>uygulama i\u00e7i al\u0131\u015fveri\u015f<\/strong> \u00f6zelliklerini de i\u00e7erecek \u015fekilde geni\u015fleyece\u011fini a\u00e7\u0131klad\u0131lar.<\/p>\n\n\n\n<p>Bu yeni ortakl\u0131k ile Shopify sat\u0131c\u0131lar\u0131 TikTok\u2019taki pazarlama kampanyalar\u0131n\u0131 do\u011frudan <strong>Shopify kontrol paneli<\/strong>nden olu\u015fturabilecek ve y\u00fcr\u00fctebilecek. B\u00f6ylece sat\u0131c\u0131lar, <strong>TikTok for Business<\/strong> hesaplar\u0131 olu\u015fturarak Shopify\u2019dan <strong>ak\u0131\u015f i\u00e7i al\u0131\u015fveri\u015f<\/strong> yap\u0131labilecek ve ak\u0131\u015fa <strong>video reklamlar\u0131<\/strong> yerle\u015ftirebilecek. Sat\u0131c\u0131lar, kitlelerini <strong>cinsiyet, ya\u015f, kullan\u0131c\u0131 davran\u0131\u015f\u0131 ve video kategorisine<\/strong> g\u00f6re hedefleyebilecek ve kampanyan\u0131n zaman i\u00e7indeki performans\u0131n\u0131 izleyebilecek. Ayr\u0131ca ilk TikTok kampanyas\u0131na ba\u015flamalar\u0131 i\u00e7in sat\u0131c\u0131lara <strong>300 Dolar<\/strong>\u2019l\u0131k bir reklam kredisi sunulacak.<\/p>\n\n\n\n<figure class=\"wp-block-image size-large\"><img width=\"743\" height=\"496\" src=\"https:\/\/egegen.com\/blog\/wp-content\/uploads\/2020\/10\/tt_2.jpg\" alt=\"\" class=\"wp-image-6479\"\/><\/figure>\n\n\n\n<p><strong>TikTok<\/strong> bu ortakl\u0131\u011f\u0131 \u015fu \u015fekilde duyurdu:<\/p>\n\n\n\n<p>\u201cBug\u00fcn, <strong>Shopify<\/strong> ile milyondan fazla t\u00fcccar\u0131n do\u011frudan TikTok\u2019un son derece ba\u011fl\u0131 toplulu\u011funa y\u00f6nelik kampanyalar olu\u015fturmas\u0131na ve y\u00fcr\u00fctmesine yard\u0131mc\u0131 olarak k\u00fcresel bir ortakl\u0131\u011f\u0131 duyuruyoruz.\u201d<\/p>\n","protected":false},"excerpt":{"rendered":"<p>TikTok ve Shopify, bir i\u015f birli\u011fi i\u00e7erisine girdiklerini duyurdu. Yapt\u0131klar\u0131 yeni ortakl\u0131k ile Shopify\u2019\u0131n 1 milyondan fazla sat\u0131c\u0131s\u0131n\u0131n TikTok\u2019un kitlesine ula\u015fmas\u0131n\u0131 hedefliyor. Bu ortakl\u0131k ile di\u011fer uygulama i\u00e7i al\u0131\u015fveri\u015f \u00f6zelliklerini de i\u00e7erecek \u015fekilde geni\u015fleyece\u011fini a\u00e7\u0131klad\u0131lar. Bu yeni ortakl\u0131k ile Shopify sat\u0131c\u0131lar\u0131 TikTok\u2019taki pazarlama kampanyalar\u0131n\u0131 do\u011frudan Shopify kontrol panelinden olu\u015fturabilecek ve y\u00fcr\u00fctebilecek. B\u00f6ylece sat\u0131c\u0131lar, TikTok for &hellip;<\/p>\n","protected":false},"author":1,"featured_media":6480,"comment_status":"open","ping_status":"open","sticky":false,"template":"","format":"standard","meta":[],"categories":[184],"tags":[],"_links":{"self":[{"href":"https:\/\/egegen.com\/blog\/wp-json\/wp\/v2\/posts\/6478"}],"collection":[{"href":"https:\/\/egegen.com\/blog\/wp-json\/wp\/v2\/posts"}],"about":[{"href":"https:\/\/egegen.com\/blog\/wp-json\/wp\/v2\/types\/post"}],"author":[{"embeddable":true,"href":"https:\/\/egegen.com\/blog\/wp-json\/wp\/v2\/users\/1"}],"replies":[{"embeddable":true,"href":"https:\/\/egegen.com\/blog\/wp-json\/wp\/v2\/comments?post=6478"}],"version-history":[{"count":0,"href":"https:\/\/egegen.com\/blog\/wp-json\/wp\/v2\/posts\/6478\/revisions"}],"wp:featuredmedia":[{"embeddable":true,"href":"https:\/\/egegen.com\/blog\/wp-json\/wp\/v2\/media\/6480"}],"wp:attachment":[{"href":"https:\/\/egegen.com\/blog\/wp-json\/wp\/v2\/media?parent=6478"}],"wp:term":[{"taxonomy":"category","embeddable":true,"href":"https:\/\/egegen.com\/blog\/wp-json\/wp\/v2\/categories?post=6478"},{"taxonomy":"post_tag","embeddable":true,"href":"https:\/\/egegen.com\/blog\/wp-json\/wp\/v2\/tags?post=6478"}],"curies":[{"name":"wp","href":"https:\/\/api.w.org\/{rel}","templated":true}]}}