{"id":6440,"date":"2020-10-21T12:42:03","date_gmt":"2020-10-21T09:42:03","guid":{"rendered":"https:\/\/egegen.com\/blog\/?p=6440"},"modified":"2022-08-24T18:17:53","modified_gmt":"2022-08-24T15:17:53","slug":"whatsapp-webe-sesli-ve-goruntulu-arama-geliyor","status":"publish","type":"post","link":"https:\/\/egegen.com\/blog\/whatsapp-webe-sesli-ve-goruntulu-arama-geliyor\/","title":{"rendered":"Whatsapp Web&#8217;e Sesli ve G\u00f6r\u00fcnt\u00fcl\u00fc Arama Geliyor!"},"content":{"rendered":"\n<p><strong>Pop\u00fcler mesajla\u015fma<\/strong> <strong>uygulamas\u0131 <\/strong>WhatsApp, web s\u00fcr\u00fcm\u00fcn\u00fc geli\u015ftirmeye devam ediyor. <strong>WhatsApp Web<\/strong>\u2019in en b\u00fcy\u00fck eksikliklerinden biri olan <strong>g\u00f6r\u00fcnt\u00fcl\u00fc g\u00f6r\u00fc\u015fme<\/strong> \u00f6zelli\u011fi, \u00e7ok k\u0131sa bir s\u00fcre i\u00e7erisinde uygulaman\u0131n web s\u00fcr\u00fcm\u00fcne eklenecek.<\/p>\n\n\n\n<p><strong>WhatsApp geli\u015ftiricileri<\/strong> kullan\u0131c\u0131 deneyimini iyile\u015ftirmek ve daha fazla ki\u015fiye ula\u015fmak i\u00e7in yenilikler yapmaya devam ediyor. \u00d6zellikle <strong>koronovir\u00fcs<\/strong> salg\u0131n\u0131ndan sonra yeniliklerin yay\u0131nlanmas\u0131 daha h\u0131zl\u0131 hale geldi. Daha \u00f6nce <strong>g\u00fcncellemeler<\/strong> konusunda yava\u015f kald\u0131\u011f\u0131 i\u00e7in \u00e7ok\u00e7a ele\u015ftirilen WhatsApp, pandemiden sonra stratejilerini geli\u015ftirdi. Hem bu ele\u015ftiriler hem de koronavir\u00fcs pandemisi, WhatsApp&#8217;\u0131n stratejisinde b\u00fcy\u00fck de\u011fi\u015fikliklere neden oldu.<\/p>\n\n\n\n<figure class=\"wp-block-image size-large\"><img width=\"1024\" height=\"683\" src=\"https:\/\/egegen.com\/blog\/wp-content\/uploads\/2020\/10\/whatsapp_11-1024x683.jpg\" alt=\"\" class=\"wp-image-6441\"\/><\/figure>\n\n\n\n<p><strong>WhatsApp Web<\/strong> yak\u0131n zamanda kimseye fark ettirilmeden <strong>2.2043.7<\/strong> s\u00fcr\u00fcm\u00fcne y\u00fckseltildi. Ancak bu g\u00fcncelleme WhatsApp&#8217;la ilgili yenilikleri payla\u015fan <strong>WA Beta Info<\/strong> sitesi taraf\u0131ndan fark edildi. Yeni s\u00fcr\u00fcm\u00fcn kaynak kodlar\u0131nda sesli ve g\u00f6r\u00fcnt\u00fcl\u00fc arama \u00f6zelli\u011fine ait kan\u0131tlar oldu\u011funu bildirdi. \u015eu an i\u00e7in aktif olmayan \u00f6zelli\u011fin \u00f6n\u00fcm\u00fczdeki haftalar i\u00e7inde kullan\u0131c\u0131larla bulu\u015fmas\u0131 bekleniyor.<\/p>\n","protected":false},"excerpt":{"rendered":"<p>Pop\u00fcler mesajla\u015fma uygulamas\u0131 WhatsApp, web s\u00fcr\u00fcm\u00fcn\u00fc geli\u015ftirmeye devam ediyor. WhatsApp Web\u2019in en b\u00fcy\u00fck eksikliklerinden biri olan g\u00f6r\u00fcnt\u00fcl\u00fc g\u00f6r\u00fc\u015fme \u00f6zelli\u011fi, \u00e7ok k\u0131sa bir s\u00fcre i\u00e7erisinde uygulaman\u0131n web s\u00fcr\u00fcm\u00fcne eklenecek. WhatsApp geli\u015ftiricileri kullan\u0131c\u0131 deneyimini iyile\u015ftirmek ve daha fazla ki\u015fiye ula\u015fmak i\u00e7in yenilikler yapmaya devam ediyor. \u00d6zellikle koronovir\u00fcs salg\u0131n\u0131ndan sonra yeniliklerin yay\u0131nlanmas\u0131 daha h\u0131zl\u0131 hale geldi. Daha \u00f6nce &hellip;<\/p>\n","protected":false},"author":1,"featured_media":6442,"comment_status":"open","ping_status":"open","sticky":false,"template":"","format":"standard","meta":[],"categories":[184],"tags":[],"_links":{"self":[{"href":"https:\/\/egegen.com\/blog\/wp-json\/wp\/v2\/posts\/6440"}],"collection":[{"href":"https:\/\/egegen.com\/blog\/wp-json\/wp\/v2\/posts"}],"about":[{"href":"https:\/\/egegen.com\/blog\/wp-json\/wp\/v2\/types\/post"}],"author":[{"embeddable":true,"href":"https:\/\/egegen.com\/blog\/wp-json\/wp\/v2\/users\/1"}],"replies":[{"embeddable":true,"href":"https:\/\/egegen.com\/blog\/wp-json\/wp\/v2\/comments?post=6440"}],"version-history":[{"count":0,"href":"https:\/\/egegen.com\/blog\/wp-json\/wp\/v2\/posts\/6440\/revisions"}],"wp:featuredmedia":[{"embeddable":true,"href":"https:\/\/egegen.com\/blog\/wp-json\/wp\/v2\/media\/6442"}],"wp:attachment":[{"href":"https:\/\/egegen.com\/blog\/wp-json\/wp\/v2\/media?parent=6440"}],"wp:term":[{"taxonomy":"category","embeddable":true,"href":"https:\/\/egegen.com\/blog\/wp-json\/wp\/v2\/categories?post=6440"},{"taxonomy":"post_tag","embeddable":true,"href":"https:\/\/egegen.com\/blog\/wp-json\/wp\/v2\/tags?post=6440"}],"curies":[{"name":"wp","href":"https:\/\/api.w.org\/{rel}","templated":true}]}}