{"id":6407,"date":"2020-10-06T15:31:17","date_gmt":"2020-10-06T12:31:17","guid":{"rendered":"https:\/\/egegen.com\/blog\/?p=6407"},"modified":"2022-10-10T17:10:30","modified_gmt":"2022-10-10T14:10:30","slug":"egegen-trend-raporu-35-eylul-2020","status":"publish","type":"post","link":"https:\/\/egegen.com\/blog\/egegen-trend-raporu-35-eylul-2020\/","title":{"rendered":"egegen Trend Raporu &#8211; 35 \/ Eyl\u00fcl 2020"},"content":{"rendered":"\r\n<p>Eyl\u00fcl ay\u0131nda ya\u015fanan dijital geli\u015fmeleri, g\u00fcncellemeleri, de\u011fi\u015fimleri ve yenilikleri i\u00e7eren 35. egegen Trend Raporumuz ile sonbahar\u0131 selaml\u0131yoruz\u2026<\/p>\r\n\r\n\r\n\r\n<p><strong>TWITTER\u2019DA SESL\u0130 MESAJ D\u00d6NEM\u0130 BA\u015eLIYOR<\/strong><\/p>\r\n\r\n\r\n\r\n<p><strong>egegen<\/strong> Haziran Raporu\u2019muzda Twitter\u2019\u0131n <strong>sesli tweet<\/strong> \u00f6zelli\u011fini kullan\u0131ma sundu\u011funu s\u00f6ylemi\u015ftik. Bu \u00f6zellik sayesinde ki\u015filer yazd\u0131klar\u0131 i\u00e7eriklere ses kayd\u0131 ekleyerek payla\u015f\u0131m yapabiliyordu. Uygulama \u015fimdi de bu \u00f6zelli\u011fin bir benzeri olan <strong>sesli mesaj<\/strong> kaydetme ve g\u00f6nderme y\u00f6ntemini test ediyor. <strong>Twitter<\/strong>\u2019da mesajlardan sorumlu \u00fcr\u00fcn m\u00fcd\u00fcr\u00fc <strong>Alex Ackerman Greenberg<\/strong> \u201c\u0130nsanlar\u0131n kendilerini <strong>Twitter\u2019daki sohbetlerinde<\/strong> hem halka a\u00e7\u0131k hem de \u00f6zel olarak nas\u0131l ifade edecekleri konusunda daha fazla se\u00e7enek istedi\u011fini biliyoruz.\u201d a\u00e7\u0131klamas\u0131nda bulundu. Sesli mesaj \u00f6zelli\u011finin yak\u0131nda iOS ve Android i\u00e7in aktif edilmesi bekleniyor.<\/p>\r\n\r\n\r\n\r\n<figure class=\"wp-block-image size-large td-caption-align-https:\/\/egegen.com\/blog\/wp-content\/uploads\/2020\/10\/1-TWITTERDA-SESLI-MESAJ-DONEMI-BASLIYOR.jpg\"><img width=\"1024\" height=\"515\" class=\"wp-image-6409\" src=\"https:\/\/egegen.com\/blog\/wp-content\/uploads\/2020\/10\/1-TWITTERDA-SESLI-MESAJ-DONEMI-BASLIYOR-1024x515.jpg\" alt=\"\" \/><\/figure>\r\n\r\n\r\n<hr class=\"wp-block-separator\" \/>\r\n\r\n\r\n<p><strong>K\u0130\u015e\u0130SELLE\u015eT\u0130R\u0130LM\u0130\u015e M\u00dcZ\u0130K L\u0130STES\u0130: SPOTIFY ZAMAN KAPS\u00dcL\u00dc<\/strong><\/p>\r\n\r\n\r\n\r\n<p>Kullan\u0131c\u0131lar\u0131n\u0131n eski m\u00fcziklere olan ilgisini fark eden <strong>Spotify<\/strong>, daha \u00f6nce sundu\u011fu <strong>Zaman Kaps\u00fcl\u00fc<\/strong> isimli \u00e7alma listesini yeniledi. Her <strong>kullan\u0131c\u0131ya \u00f6zel<\/strong> olarak haz\u0131rlanan bu listede, birbirinden farkl\u0131 kategorilerde <strong>ge\u00e7mi\u015ften g\u00fcn\u00fcm\u00fcze<\/strong> kadar uzanan \u015fark\u0131lar yer al\u0131yor. \u00a0Spotify bu listeyi abonelerinin kendi m\u00fczikal ge\u00e7mi\u015fine g\u00f6re \u015fekillendirdi\u011finden kullan\u0131c\u0131lara adeta bir <strong>zaman t\u00fcneli<\/strong> hat\u0131rlatmas\u0131 ya\u015fat\u0131yor. Uygulaman\u0131n giri\u015f ekran\u0131ndaki \u201cSenin \u0130\u00e7in Derlendi\u201d b\u00f6l\u00fcm\u00fcnde veya mobilde \u201cD\u00f6nem M\u00fczikleri\u201d k\u0131sm\u0131nda yer alan <strong>Zaman Kaps\u00fcl\u00fc,<\/strong> abonelerini <strong>eski m\u00fczik hat\u0131ralar\u0131na<\/strong> geri g\u00f6t\u00fcrecek.<\/p>\r\n\r\n\r\n\r\n<p>Bu yeni \u00f6zelli\u011fin, <strong>Spotify Free<\/strong> ve <strong>Premium <\/strong>kullan\u0131c\u0131lar\u0131 i\u00e7in ge\u00e7erli oldu\u011funu belirtelim.<\/p>\r\n\r\n\r\n\r\n<figure class=\"wp-block-image size-large\"><img width=\"907\" height=\"505\" class=\"wp-image-6410\" src=\"https:\/\/egegen.com\/blog\/wp-content\/uploads\/2020\/10\/2-KISISELLESTIRILMIS-MUZIK-LISTESI-ZAMAN-KAPSULU.png\" alt=\"\" \/><\/figure>\r\n\r\n\r\n<hr class=\"wp-block-separator\" \/>\r\n\r\n\r\n<p><strong>FACEBOOK VE INSTAGRAM\u2019DAN MASKE TAKMA UYARISI!<\/strong><\/p>\r\n\r\n\r\n\r\n<p>Kullan\u0131c\u0131lara, <strong>maske takma kurallar\u0131n\u0131<\/strong> hat\u0131rlatmak i\u00e7in <strong>Facebook<\/strong> ve <strong>Instagram<\/strong>&#8216;a maske takma uyar\u0131s\u0131 ekleniyor. Yeni gelecek \u00f6zellik ile birlikte Facebook ve Instagram ana sayfalar\u0131n\u0131n en \u00fcst\u00fcnde <strong>maske tak\u0131lmas\u0131 gerekti\u011fini hat\u0131rlatan bir uyar\u0131<\/strong> olacak.<\/p>\r\n\r\n\r\n\r\n<p>Yeni sosyal hayata ge\u00e7i\u015fle birlikte normalle\u015fme ad\u0131mlar\u0131 at\u0131lmaya ba\u015flanm\u0131\u015ft\u0131. Ancak yeni normalin \u201ceskisi gibi olma\u201d olarak alg\u0131lanmas\u0131, vaka say\u0131lar\u0131n\u0131n t\u00fcm d\u00fcnyada <strong>yeniden art\u0131\u015f<\/strong> g\u00f6stermesine neden oldu.<\/p>\r\n\r\n\r\n\r\n<figure class=\"wp-block-image size-large\"><img width=\"835\" height=\"508\" class=\"wp-image-6411\" src=\"https:\/\/egegen.com\/blog\/wp-content\/uploads\/2020\/10\/3-FACEBOOK-VE-INSTAGRAMDAN-MASKE-TAKMA-UYARISI.jpg\" alt=\"\" \/><\/figure>\r\n\r\n\r\n\r\n<p>Facebook, <strong>pandemi<\/strong> s\u00fcresince yay\u0131lan yanl\u0131\u015f bilgilerin platformda \u00f6n\u00fcne ge\u00e7mek ve kullan\u0131c\u0131lar\u0131n ger\u00e7ek bilgiye ula\u015fmas\u0131n\u0131 sa\u011flamak amac\u0131yla uygulamas\u0131na <strong>yeni \u00f6zellikler<\/strong> ekleyerek kullan\u0131c\u0131lar taraf\u0131ndan iyi bir imajla an\u0131lmay\u0131 hedefliyor.<\/p>\r\n\r\n\r\n<hr class=\"wp-block-separator\" \/>\r\n\r\n\r\n<p><strong>INSTAGRAM REELS V\u0130DEO S\u00dcRES\u0130N\u0130 ARTTIRDI<\/strong><\/p>\r\n\r\n\r\n\r\n<p>Ge\u00e7ti\u011fimiz g\u00fcnlerde ke\u015ffet butonunun <strong>Reels<\/strong> \u00f6zelli\u011fi ile de\u011fi\u015ftirilecek olmas\u0131 bir\u00e7ok kullan\u0131c\u0131 taraf\u0131ndan tepki \u00e7ekmi\u015fti. Reels \u00f6zelli\u011fini \u00f6n plana \u00e7\u0131karmak isteyen <strong>Instagram<\/strong>, video s\u00fcresini artt\u0131rd\u0131.<\/p>\r\n\r\n\r\n\r\n<p>Kullan\u0131c\u0131lar art\u0131k <strong>30 saniye<\/strong> uzunlu\u011funda Reels videolar\u0131 \u00e7ekebilecek<strong>. TikTok<\/strong> uygulamas\u0131na rakip olmay\u0131 hedefleyen Instagram\u2019\u0131n, TikTok\u2019ta bulunan bir\u00e7ok kullan\u0131\u015fl\u0131 \u00f6zelli\u011fin Reels sekmesinde yer almamas\u0131ndan dolay\u0131 <strong>istenilen seviyeye ula\u015famad\u0131\u011f\u0131<\/strong> s\u00f6yleniyor. Bundan dolay\u0131 da Instagram, Reels sekmesine her ge\u00e7en g\u00fcn yeni \u00f6zellikler eklemeye \u00e7al\u0131\u015f\u0131yor. \u00a0Video uzunlu\u011funun ileride daha da artaca\u011f\u0131n\u0131 belirten Instagram, <strong>yeni \u00f6zellikler<\/strong> eklemek i\u00e7in \u00e7e\u015fitli \u00e7al\u0131\u015fmalar y\u00fcr\u00fctt\u00fcklerini de a\u00e7\u0131klad\u0131. Uygulaman\u0131n<strong> Reels<\/strong> \u00f6zelli\u011finden istedi\u011fi sonucu elde edememesi nedeniyle yeni hamleler yapmaya devam edece\u011fi d\u00fc\u015f\u00fcn\u00fcl\u00fcyor.<\/p>\r\n\r\n\r\n\r\n<figure class=\"wp-block-image size-large\"><img width=\"970\" height=\"500\" class=\"wp-image-6412\" src=\"https:\/\/egegen.com\/blog\/wp-content\/uploads\/2020\/10\/4-INSTAGRAM-REELS-VIDEO-SURESINI-ARTTIRDI.jpg\" alt=\"\" \/><\/figure>\r\n\r\n\r\n<hr class=\"wp-block-separator\" \/>\r\n\r\n\r\n<p><strong>WHATSAPP GEL\u0130\u015eT\u0130R\u0130C\u0130LER\u0130 SUNULMASI PLANLANAN \u00d6ZELL\u0130KLER\u0130 DUYURDU<\/strong><\/p>\r\n\r\n\r\n\r\n<p><strong>WhatsApp<\/strong> geli\u015ftiricileri, pop\u00fcler mesajla\u015fma uygulamas\u0131na yeni \u00f6zellikler eklemek ve var olan problemleri ortadan kald\u0131rmak i\u00e7in \u00e7al\u0131\u015fmalar\u0131na devam ediyor. Yak\u0131n zamanda eklenecek yeni \u00f6zellikler ise \u015fu \u015fekilde:<\/p>\r\n\r\n\r\n\r\n<p><strong>Daha Kolay Depolama Y\u00f6netimi<\/strong><\/p>\r\n\r\n\r\n\r\n<p>Kullan\u0131c\u0131lar\u0131n \u00e7o\u011funun sahip oldu\u011fu \u00e7ok say\u0131da <strong>aktif g\u00f6r\u00fc\u015fme<\/strong> ile beraber indirilen dosyalar, tekil olarak az yer kaplasada, h\u0131zl\u0131 bir \u015fekilde birikiyor. WhatsApp&#8217;\u0131n ve dosyalar\u0131n\u0131n cihaz\u0131n\u0131zda ne kadar <strong>yer kaplayaca\u011f\u0131n\u0131 y\u00f6netmek<\/strong> i\u00e7in yeni ve <strong>\u00f6zel bir kontrol paneli<\/strong> ile bu durum daha kolay hale gelecek. Bu yeni panel, tek bak\u0131\u015fta ne kadar depolama alan\u0131n\u0131n kullan\u0131ld\u0131\u011f\u0131n\u0131 ve ne kadar\u0131n\u0131n bo\u015fta oldu\u011funu g\u00f6rmeye imkan tan\u0131yacak, <strong>b\u00fcy\u00fck olan dosyalar\u0131 da \u00f6ne \u00e7\u0131kartarak<\/strong> kullan\u0131c\u0131n\u0131n bunlar\u0131 silmeye veya saklamaya karar vermesine yard\u0131mc\u0131 olacak.<\/p>\r\n\r\n\r\n\r\n<p><strong>Sticker Aramas\u0131<\/strong><\/p>\r\n\r\n\r\n\r\n<p>Kullan\u0131c\u0131lar\u0131n <strong>h\u0131zl\u0131ca ve kolayl\u0131kla<\/strong> kendini anlatmak i\u00e7in kulland\u0131\u011f\u0131 <strong>stickerlar<\/strong> olduk\u00e7a ho\u015f g\u00f6z\u00fck\u00fcyor. Ancak her ne kadar bunlar\u0131 temaya g\u00f6re filtreleme se\u00e7ene\u011fi olsa da tam olarak aranan sticker\u0131 bulmak bazen <strong>zaman al\u0131c\u0131 olabiliyor<\/strong>. Yeni \u00f6zellikle stickerlara <strong>\u00f6zel bir arama arac\u0131<\/strong> gelerek bu durum de\u011fi\u015fecek.<\/p>\r\n\r\n\r\n\r\n<figure class=\"wp-block-image size-large\"><img width=\"970\" height=\"545\" class=\"wp-image-6413\" src=\"https:\/\/egegen.com\/blog\/wp-content\/uploads\/2020\/10\/5-WHATSAPP-GELISTIRICILERI-SUNULMASI-PLANLANAN-OZELLIKLERI-DUYURDU.jpg\" alt=\"\" \/><\/figure>\r\n\r\n\r\n\r\n<p><strong>Daha Kolay Kamera Eri\u015fimi<\/strong><\/p>\r\n\r\n\r\n\r\n<p>Sohbette yaz\u0131 giri\u015fi \u00e7ubu\u011funun yan\u0131nda <strong>telefon kameras\u0131na ula\u015fmak i\u00e7in<\/strong> bir tu\u015f olsada, telefondan bir dosya ekleme tu\u015funa yanl\u0131\u015fl\u0131kla bas\u0131l\u0131rsa art\u0131k kameraya h\u0131zl\u0131 bir \u015fekilde eri\u015fme se\u00e7ene\u011fi bulunmuyor. <strong>WhatsApp <\/strong>bu durumu d\u00fczeltmek i\u00e7in ikinci kamera <strong>k\u0131sa yolunu<\/strong> tekrar ekleyecek ve payla\u015f\u0131m ekran\u0131 daha b\u00fcy\u00fck olarak biraz daha az toplu g\u00f6z\u00fckecek.<\/p>\r\n\r\n\r\n<hr class=\"wp-block-separator\" \/>\r\n\r\n\r\n<p><strong>FACEBOOK\u2019TAN B\u0130RL\u0130KTE V\u0130DEO \u0130ZLEME \u00d6ZELL\u0130\u011e\u0130<\/strong><\/p>\r\n\r\n\r\n\r\n<p><strong>Facebook Messenger<\/strong> i\u00e7in \u00e7\u0131kan <strong>Watch Together<\/strong> video izlerken ayn\u0131 zamanda arkada\u015flar\u0131n\u0131zla <strong>g\u00f6r\u00fcnt\u00fcl\u00fc olarak<\/strong> konu\u015fman\u0131za imkan tan\u0131yor. G\u00f6r\u00fcnt\u00fcl\u00fc konu\u015fmalara y\u00f6nelik olan bu \u00f6zellik ile sohbetteki \u00fcyeler bir videoyu <strong>ayn\u0131 anda izleyebilecek<\/strong> ve ger\u00e7ek zamanl\u0131 olarak yorumlayarak etkile\u015fime girebilecek.<strong> iOS<\/strong> ve <strong>Android<\/strong> i\u00e7in k\u00fcresel olarak kullan\u0131ma sunulan <strong>Watch Together<\/strong> bir bak\u0131ma Facebook\u2019un ge\u00e7ti\u011fimiz y\u0131llardaki Watch Party \u00f6zelli\u011fine de benziyor. \u00d6zelli\u011fi kullanmak isteyen kullan\u0131c\u0131lar bir Messenger g\u00f6r\u00fcnt\u00fcl\u00fc g\u00f6r\u00fc\u015fmesi ba\u015flatarak veya <strong>Messenger Room<\/strong> olu\u015fturarak Watch Together\u2019\u0131 diledikleri gibi kullanabiliyorlar. Birlikte izleme deneyimi mobil Messenger cihazlar\u0131nda <strong>sekiz ki\u015fiye<\/strong> kadar Messenger Rooms \u00fczerinden ise <strong>50 ki\u015fiye<\/strong> kadar destekleniyor.<\/p>\r\n\r\n\r\n\r\n<figure class=\"wp-block-image size-large\"><img width=\"1024\" height=\"576\" class=\"wp-image-6414\" src=\"https:\/\/egegen.com\/blog\/wp-content\/uploads\/2020\/10\/6-FACEBOOKTAN-BIRLIKTE-VIDEO-IZLEME-OZELLIGI.jpg\" alt=\"\" \/><\/figure>\r\n\r\n\r\n<hr class=\"wp-block-separator\" \/>\r\n\r\n\r\n<p><strong>KORONAV\u0130R\u00dcS\u00dcN GEN ANAL\u0130Z\u0130N\u0130 YAPAN MOB\u0130L UYGULAMA<\/strong><\/p>\r\n\r\n\r\n\r\n<p>Bilim insanlar\u0131, <strong>MinION <\/strong>s\u0131ralay\u0131c\u0131 gibi cihazlar\u0131 ak\u0131ll\u0131 telefonlara ba\u011flayarak <strong>Koronavir\u00fcs\u00fcn gen analizini<\/strong> yapabilen bir mobil uygulama geli\u015ftirdiklerini a\u00e7\u0131klad\u0131lar.<\/p>\r\n\r\n\r\n\r\n<p><strong>Bilim insanlar\u0131<\/strong>, bir genetik materyalin analizini yapmak i\u00e7in ultra g\u00fc\u00e7l\u00fc sunucu bilgisayarlar\u0131na ya da s\u00fcper bilgisayarlara ba\u011flanan bulut servislere ihtiya\u00e7 duyuyorlard\u0131. Ancak <strong>Oxford Nanopore Technologies<\/strong>\u2019in MinION s\u0131ralay\u0131c\u0131 gibi <strong>USB bellek gibi ta\u015f\u0131nabilir<\/strong> cihazlar\u0131 ve <strong>Genopo<\/strong> adl\u0131 mobil uygulama ile bu analiz i\u015flemini ak\u0131ll\u0131 telefonlara ula\u015ft\u0131r\u0131yor. S\u00f6z konusu teknoloji zaten Kuzey Kutbu&#8217;ndaki mikrobiyal ya\u015fam\u0131 genetik olarak analiz etmek, Bat\u0131 Afrika&#8217;da Ebola salg\u0131n\u0131n\u0131 izlemek i\u00e7in ya da mevcut <strong>koronavir\u00fcs pandemisinde<\/strong> zaten kullan\u0131l\u0131yordu. Fakat <strong>Genopo <\/strong>uygulamas\u0131, bu teknolojiye eri\u015fimi <strong>\u00e7ok daha kolay<\/strong> hale getiriyor.<\/p>\r\n\r\n\r\n\r\n<figure class=\"wp-block-image size-large\"><img width=\"800\" height=\"480\" class=\"wp-image-6415\" src=\"https:\/\/egegen.com\/blog\/wp-content\/uploads\/2020\/10\/7-KORONAVIRUSUN-GEN-ANALIZINI-YAPAN-BIR-MOBIL-UYGULAMA.jpg\" alt=\"\" \/><\/figure>\r\n\r\n\r\n<hr class=\"wp-block-separator\" \/>\r\n\r\n\r\n<p><strong>TIKTOK&#8217;UN ABD&#8217;DE YASAKLANMASI ASKIYA ALINDI<\/strong><\/p>\r\n\r\n\r\n\r\n<p><strong>ABD<\/strong>&#8216;de bir yarg\u0131\u00e7, <strong>TikTok<\/strong> uygulamas\u0131n\u0131n indirilmesine y\u00f6nelik yasa\u011f\u0131, ge\u00e7ici bir y\u00fcr\u00fctmeyi durdurma emriyle <strong>ask\u0131ya ald\u0131<\/strong>.<\/p>\r\n\r\n\r\n\r\n<p>ABD Ba\u015fkan\u0131 <strong>Donald Trump<\/strong>, imzalad\u0131\u011f\u0131 kararname ile TikTok&#8217;un ABD&#8217;de kullan\u0131m\u0131n\u0131 yasaklad\u0131\u011f\u0131n\u0131 duyurmu\u015ftu. Bu duyurunun \u00fczerine ABD&#8217;li bir \u015firkete sat\u0131\u015f\u0131 i\u00e7in g\u00f6r\u00fc\u015fmeler ba\u015flam\u0131\u015f ve TikTok&#8217;un ABD&#8217;deki partneri <strong>Oracle<\/strong> ve <strong>Walmart<\/strong> olmu\u015ftu.<\/p>\r\n\r\n\r\n\r\n<figure class=\"wp-block-image size-large\"><img width=\"728\" height=\"410\" class=\"wp-image-6416\" src=\"https:\/\/egegen.com\/blog\/wp-content\/uploads\/2020\/10\/8-TIKTOKUN-ABDDE-YASAKLANMASI-ASKIYA-ALINDI.jpg\" alt=\"\" \/><\/figure>\r\n\r\n\r\n\r\n<p>T\u00fcm bunlar\u0131n ard\u0131ndan bir <strong>federal yarg\u0131\u00e7<\/strong>, <strong>Trump y\u00f6netimininin<\/strong> koydu\u011fu TikTok&#8217;a uygulanacak olan indirme yasa\u011f\u0131na kar\u015f\u0131 <strong>ihtiyati tedbir karar\u0131<\/strong> verdi. Karar\u0131n detaylar\u0131 hen\u00fcz a\u00e7\u0131klanmam\u0131\u015f durumda fakat TikTok&#8217;un davas\u0131 sonu\u00e7lanmadan, yasak da kesinle\u015fmeyecek.<\/p>\r\n\r\n\r\n<hr class=\"wp-block-separator\" \/>\r\n\r\n\r\n<p><strong>YOUTUBE MUSIC&#8217;TEN YEN\u0130 \u00d6ZELL\u0130KLER<\/strong><\/p>\r\n\r\n\r\n\r\n<p><strong>YouTube Music<\/strong> geli\u015ftiricileri, yeni gelen \u00f6zellikleri anlatt\u0131. Haz\u0131rlanan blog yaz\u0131s\u0131nda anlat\u0131lan \u00f6zellikler, YouTube Music&#8217;in <strong>Spotify<\/strong>&#8216;la aras\u0131ndaki rekabette \u00f6ne ge\u00e7mek i\u00e7in yenilikler arad\u0131\u011f\u0131n\u0131 g\u00f6steriyor.<\/p>\r\n\r\n\r\n\r\n<p><strong>ABD merkezli Google<\/strong>&#8216;\u0131n sahip oldu\u011fu d\u00fcnyan\u0131n en pop\u00fcler \u00e7evrimi\u00e7i video platformu <strong>YouTube<\/strong>, &#8220;YouTube Music&#8221; olarak isimlendirilen m\u00fczik dinleme hizmet ile Spotify ve benzeri uygulamalar\u0131n alternatifi olarak kendini geli\u015ftirmeye \u00e7al\u0131\u015f\u0131yor.<\/p>\r\n\r\n\r\n\r\n<figure class=\"wp-block-image size-large\"><img width=\"660\" height=\"310\" class=\"wp-image-6417\" src=\"https:\/\/egegen.com\/blog\/wp-content\/uploads\/2020\/10\/9-YOUTUBE-MUSICTEN-YENI-OZELLIKLER.jpg\" alt=\"\" \/><\/figure>\r\n\r\n\r\n\r\n<ul>\r\n<li>\u00c7alma listesi olu\u015ftururken <strong>YouTube Music&#8217;ten tavsiye alma<\/strong>,<\/li>\r\n<li><strong>Di\u011fer kullan\u0131c\u0131larla ortak \u00e7alma listesi<\/strong> olu\u015fturup bu listeyi payla\u015fma,<\/li>\r\n<li>Di\u011fer kullan\u0131c\u0131lar\u0131n <strong>profil sayfalar\u0131n\u0131 g\u00f6r\u00fcnt\u00fcleyebilme<\/strong>,<\/li>\r\n<li>Dinlemek istedi\u011finiz bir t\u00fcr ya da i\u00e7inde bulundu\u011funuz <strong>moda g\u00f6re olu\u015fturulmu\u015f<\/strong> \u00e7alma listeleri olu\u015fturma gibi yeni \u00f6zellikler yak\u0131n zamanda Youtube Music\u2019e eklendi.<\/li>\r\n<\/ul>\r\n\r\n\r\n<hr class=\"wp-block-separator\" \/>\r\n\r\n\r\n<p><strong>M\u0130N\u0130 TELESKOP: CANON POWERSHOT ZOOM<\/strong><\/p>\r\n\r\n\r\n\r\n<p>Canon, di\u011ferlerinden olduk\u00e7a farkl\u0131 yap\u0131da olan <strong>Canon Powershot Zoom<\/strong> ad\u0131n\u0131 verdi\u011fi yeni kamera modelini tan\u0131tt\u0131. <strong>Tek elde kullan\u0131lan<\/strong> bu kamera adeta bir <strong>dijital d\u00fcrb\u00fcn<\/strong> gibi! \u00dcr\u00fcn, 12,1 megapiksel 1\/3 in\u00e7 CMOS sens\u00f6r \u00fczerine kuruluyor ve g\u00fcc\u00fcn\u00fc DIGIC 8 i\u015flemciden al\u0131yor. <strong>1080P \u00e7\u00f6z\u00fcn\u00fcrl\u00fckte<\/strong> video \u00e7ekebilen kamera, sadece <strong>145 gram a\u011f\u0131rl\u0131\u011f\u0131nda<\/strong> ve 100-400mm seviyesinde bir lens ta\u015f\u0131yor. Modelin \u00e7ekim aral\u0131\u011f\u0131 dijital zoom ile <strong>800mm seviyesine<\/strong> kadar y\u00fckseltilebiliyor. Modelin g\u00f6vdesinde bir ekran olmad\u0131\u011f\u0131 i\u00e7in \u00e7ekilen g\u00f6rseller kablosuz olarak ba\u011fland\u0131\u011f\u0131 <strong>ak\u0131ll\u0131 telefon \u00fczerinden<\/strong> ger\u00e7ek zamanl\u0131 olarak g\u00f6steriliyor.<\/p>\r\n\r\n\r\n\r\n<figure class=\"wp-block-image size-large td-caption-align-https:\/\/egegen.com\/blog\/wp-content\/uploads\/2020\/10\/10-MINI-TELESKOP-CANON-POWERSHOT-ZOOM.jpg\"><img width=\"1024\" height=\"576\" class=\"wp-image-6418\" src=\"https:\/\/egegen.com\/blog\/wp-content\/uploads\/2020\/10\/10-MINI-TELESKOP-CANON-POWERSHOT-ZOOM-1024x576.jpg\" alt=\"\" \/><\/figure>\r\n\r\n\r\n<hr class=\"wp-block-separator\" \/>\r\n\r\n\r\n<p><strong>EVLER\u0130N YEN\u0130 G\u00dcVENL\u0130\u011e\u0130 OTONOM G\u00dcVENL\u0130K DRONU<\/strong><\/p>\r\n\r\n\r\n\r\n<p><strong>Amazon<\/strong>\u2019un alt markas\u0131 <strong>Ring<\/strong>, g\u00fcvenlik kameras\u0131 olarak geli\u015ftirdi\u011fi <strong>Ring Always Home Cam<\/strong> modelini tan\u0131tt\u0131.<\/p>\r\n\r\n\r\n\r\n<p>\u00dcst k\u0131sm\u0131nda otonom olarak \u00e7al\u0131\u015fabilen bir <strong>drone<\/strong> bulunduran <strong>Ring Always Home Cam<\/strong>, temelde evinizde kullanman\u0131z i\u00e7in geli\u015ftirilmi\u015f bir model. Ev i\u00e7erisinde <strong>g\u00fcvenlik kameras\u0131 ile gezebilen<\/strong> bu drone 249 Dolar gibi bir fiyat etiketine sahip olacak ve \u00f6n\u00fcm\u00fczdeki y\u0131l sat\u0131\u015fa sunulacak.<\/p>\r\n\r\n\r\n\r\n<figure class=\"wp-block-image size-large\"><img width=\"1024\" height=\"576\" class=\"wp-image-6419\" src=\"https:\/\/egegen.com\/blog\/wp-content\/uploads\/2020\/10\/11-EVLERIN-YENI-GUVENLIGI-OTONOM-GUVENLIK-DRONU-1024x576.png\" alt=\"\" \/><\/figure>\r\n\r\n\r\n\r\n<p><strong>Ring Always Home Cam<\/strong> evde \u015f\u00fcpheli bir hareket oldu\u011funda ev sahiplerinin <strong>telefonlar\u0131na uyar\u0131 g\u00f6ndererek<\/strong> canl\u0131 g\u00f6r\u00fcnt\u00fcleri g\u00f6rmesine imkan tan\u0131yor ve eve birden fazla kamera takmak yerine evin herhangi bir odas\u0131n\u0131 kolayca <strong>anl\u0131k olarak g\u00f6r\u00fcnt\u00fcleme <\/strong>imkan\u0131 sunuyor.<\/p>\r\n","protected":false},"excerpt":{"rendered":"<p>Eyl\u00fcl ay\u0131nda ya\u015fanan dijital geli\u015fmeleri, g\u00fcncellemeleri, de\u011fi\u015fimleri ve yenilikleri i\u00e7eren 35. egegen Trend Raporumuz ile sonbahar\u0131 selaml\u0131yoruz\u2026 TWITTER\u2019DA SESL\u0130 MESAJ D\u00d6NEM\u0130 BA\u015eLIYOR egegen Haziran Raporu\u2019muzda Twitter\u2019\u0131n sesli tweet \u00f6zelli\u011fini kullan\u0131ma sundu\u011funu s\u00f6ylemi\u015ftik. Bu \u00f6zellik sayesinde ki\u015filer yazd\u0131klar\u0131 i\u00e7eriklere ses kayd\u0131 ekleyerek payla\u015f\u0131m yapabiliyordu. Uygulama \u015fimdi de bu \u00f6zelli\u011fin bir benzeri olan sesli mesaj kaydetme ve &hellip;<\/p>\n","protected":false},"author":20,"featured_media":6421,"comment_status":"open","ping_status":"open","sticky":false,"template":"","format":"standard","meta":[],"categories":[188],"tags":[],"_links":{"self":[{"href":"https:\/\/egegen.com\/blog\/wp-json\/wp\/v2\/posts\/6407"}],"collection":[{"href":"https:\/\/egegen.com\/blog\/wp-json\/wp\/v2\/posts"}],"about":[{"href":"https:\/\/egegen.com\/blog\/wp-json\/wp\/v2\/types\/post"}],"author":[{"embeddable":true,"href":"https:\/\/egegen.com\/blog\/wp-json\/wp\/v2\/users\/20"}],"replies":[{"embeddable":true,"href":"https:\/\/egegen.com\/blog\/wp-json\/wp\/v2\/comments?post=6407"}],"version-history":[{"count":2,"href":"https:\/\/egegen.com\/blog\/wp-json\/wp\/v2\/posts\/6407\/revisions"}],"predecessor-version":[{"id":8929,"href":"https:\/\/egegen.com\/blog\/wp-json\/wp\/v2\/posts\/6407\/revisions\/8929"}],"wp:featuredmedia":[{"embeddable":true,"href":"https:\/\/egegen.com\/blog\/wp-json\/wp\/v2\/media\/6421"}],"wp:attachment":[{"href":"https:\/\/egegen.com\/blog\/wp-json\/wp\/v2\/media?parent=6407"}],"wp:term":[{"taxonomy":"category","embeddable":true,"href":"https:\/\/egegen.com\/blog\/wp-json\/wp\/v2\/categories?post=6407"},{"taxonomy":"post_tag","embeddable":true,"href":"https:\/\/egegen.com\/blog\/wp-json\/wp\/v2\/tags?post=6407"}],"curies":[{"name":"wp","href":"https:\/\/api.w.org\/{rel}","templated":true}]}}