{"id":6399,"date":"2020-10-02T14:36:02","date_gmt":"2020-10-02T11:36:02","guid":{"rendered":"https:\/\/egegen.com\/blog\/?p=6399"},"modified":"2022-08-24T18:17:55","modified_gmt":"2022-08-24T15:17:55","slug":"sosyal-medya-yasasi-yururluge-girdi","status":"publish","type":"post","link":"https:\/\/egegen.com\/blog\/sosyal-medya-yasasi-yururluge-girdi\/","title":{"rendered":"Sosyal Medya Yasas\u0131 Y\u00fcr\u00fcrl\u00fc\u011fe Girdi!"},"content":{"rendered":"\n<p>Ge\u00e7ti\u011fimiz yaz <strong>TBMM<\/strong>\u2019de kabul edilen yeni <strong>sosyal medya yasas\u0131<\/strong> 1 Ekim\u2019de, yani d\u00fcn itibar\u0131yla uygulanmaya ba\u015flad\u0131. Y\u00fcr\u00fcrl\u00fc\u011fe giren yasaya g\u00f6re 1 milyondan fazla kullan\u0131c\u0131ya sahip <strong>Twitter<\/strong>, <strong>Facebook<\/strong> ve <strong>Instagram<\/strong> gibi sosyal medya a\u011flar\u0131 <strong>T\u00fcrkiye&#8217;de temsilci bulunduracak<\/strong>. Sosyal medya d\u00fczenlemesi ile temsilci bulundurmayan sosyal medya a\u011flar\u0131na ise kademeli bir yapt\u0131r\u0131m uygulanacak.<\/p>\n\n\n\n<p>Bu d\u00fczenleme ile yurtd\u0131\u015f\u0131 kaynakl\u0131 sosyal a\u011f sa\u011flay\u0131c\u0131lar\u0131 T\u00fcrkiye\u2019de <strong>temsilci<\/strong> bulundurmak zorunda olacak, ki\u015filik haklar\u0131na sald\u0131r\u0131da bulunan i\u00e7erik <strong>4 saatte<\/strong> kald\u0131r\u0131lacak. Ki\u015filik haklar\u0131 ihlal edilenler, haklar\u0131n\u0131 zedeleyen i\u00e7eri\u011fin <strong>kald\u0131r\u0131lmas\u0131<\/strong> ya da eri\u015fimin <strong>engellenmesi<\/strong> i\u00e7in <strong>sosyal medya temsilcisine<\/strong> ba\u015fvuracak.<\/p>\n\n\n\n<figure class=\"wp-block-image size-large\"><img width=\"750\" height=\"422\" src=\"https:\/\/egegen.com\/blog\/wp-content\/uploads\/2020\/10\/5f16861818c7731854f802a8.jpg\" alt=\"\" class=\"wp-image-6400\"\/><\/figure>\n\n\n\n<p><strong>Eri\u015fim Sa\u011flay\u0131c\u0131lar\u0131 Birli\u011fi<\/strong> taraf\u0131ndan ilgili i\u00e7erik ve yer sa\u011flay\u0131c\u0131lar ile eri\u015fim sa\u011flay\u0131c\u0131ya g\u00f6nderilen i\u00e7eri\u011fin \u00e7\u0131kar\u0131lmas\u0131 veya eri\u015fimin engellenmesi karar\u0131n\u0131n gere\u011fi en ge\u00e7 4 saat i\u00e7inde ilgili i\u00e7erik ve yer sa\u011flay\u0131c\u0131lar ile eri\u015fim sa\u011flay\u0131c\u0131 taraf\u0131ndan yerine getirilecek. B\u00f6ylece yeni d\u00fczenleme ile <strong>ki\u015filik haklar\u0131n\u0131n korunmas\u0131<\/strong> daha etkin bir hale gelecek.<\/p>\n","protected":false},"excerpt":{"rendered":"<p>Ge\u00e7ti\u011fimiz yaz TBMM\u2019de kabul edilen yeni sosyal medya yasas\u0131 1 Ekim\u2019de, yani d\u00fcn itibar\u0131yla uygulanmaya ba\u015flad\u0131. Y\u00fcr\u00fcrl\u00fc\u011fe giren yasaya g\u00f6re 1 milyondan fazla kullan\u0131c\u0131ya sahip Twitter, Facebook ve Instagram gibi sosyal medya a\u011flar\u0131 T\u00fcrkiye&#8217;de temsilci bulunduracak. Sosyal medya d\u00fczenlemesi ile temsilci bulundurmayan sosyal medya a\u011flar\u0131na ise kademeli bir yapt\u0131r\u0131m uygulanacak. Bu d\u00fczenleme ile yurtd\u0131\u015f\u0131 kaynakl\u0131 &hellip;<\/p>\n","protected":false},"author":1,"featured_media":6401,"comment_status":"open","ping_status":"open","sticky":false,"template":"","format":"standard","meta":[],"categories":[184],"tags":[],"_links":{"self":[{"href":"https:\/\/egegen.com\/blog\/wp-json\/wp\/v2\/posts\/6399"}],"collection":[{"href":"https:\/\/egegen.com\/blog\/wp-json\/wp\/v2\/posts"}],"about":[{"href":"https:\/\/egegen.com\/blog\/wp-json\/wp\/v2\/types\/post"}],"author":[{"embeddable":true,"href":"https:\/\/egegen.com\/blog\/wp-json\/wp\/v2\/users\/1"}],"replies":[{"embeddable":true,"href":"https:\/\/egegen.com\/blog\/wp-json\/wp\/v2\/comments?post=6399"}],"version-history":[{"count":0,"href":"https:\/\/egegen.com\/blog\/wp-json\/wp\/v2\/posts\/6399\/revisions"}],"wp:featuredmedia":[{"embeddable":true,"href":"https:\/\/egegen.com\/blog\/wp-json\/wp\/v2\/media\/6401"}],"wp:attachment":[{"href":"https:\/\/egegen.com\/blog\/wp-json\/wp\/v2\/media?parent=6399"}],"wp:term":[{"taxonomy":"category","embeddable":true,"href":"https:\/\/egegen.com\/blog\/wp-json\/wp\/v2\/categories?post=6399"},{"taxonomy":"post_tag","embeddable":true,"href":"https:\/\/egegen.com\/blog\/wp-json\/wp\/v2\/tags?post=6399"}],"curies":[{"name":"wp","href":"https:\/\/api.w.org\/{rel}","templated":true}]}}