{"id":6345,"date":"2020-09-03T17:53:44","date_gmt":"2020-09-03T14:53:44","guid":{"rendered":"https:\/\/egegen.com\/blog\/?p=6345"},"modified":"2022-10-10T17:09:52","modified_gmt":"2022-10-10T14:09:52","slug":"egegen-trend-raporu-34-agustos-2020","status":"publish","type":"post","link":"https:\/\/egegen.com\/blog\/egegen-trend-raporu-34-agustos-2020\/","title":{"rendered":"egegen Trend Raporu &#8211; 34 \/ A\u011fustos 2020"},"content":{"rendered":"\r\n<p>egegen Trend Raporu\u2019nun 34. say\u0131s\u0131yla, sosyal medya platformlar\u0131ndaki yeniliklerden, geli\u015ftirilen yeni uygulamalara, sanattan teknolojiye, d\u00fcnyadan ve \u00fclkemizden \u00f6nemli haberlerle a\u011fustos ay\u0131n\u0131 geride b\u0131rakt\u0131k.<\/p>\r\n\r\n\r\n\r\n<p><strong>INSTAGRAMIN YEN\u0130 \u00d6ZELL\u0130\u011e\u0130: GUIDES<\/strong><\/p>\r\n\r\n\r\n\r\n<p>Ge\u00e7ti\u011fimiz aylarda test edilmeye ba\u015flanan <strong>Guides <\/strong>sekmesi, a\u011fustos ay\u0131n\u0131n sonunda kullan\u0131ma sunuldu. Bu sekme ile kullan\u0131c\u0131lar, mekan, i\u00e7erik ve \u00fcr\u00fcn \u00f6nerilerinde bulunabilecek. \u00d6zelliklerine her ay yenilerini ekleyen <strong>Instagram<\/strong>, Guides sekmesi ile <strong>Influencerlar\u0131n<\/strong> i\u00e7erik \u00fcretimini \u00e7e\u015fitlendirmeyi ama\u00e7l\u0131yor.<\/p>\r\n\r\n\r\n\r\n<figure class=\"wp-block-image size-large td-caption-align-https:\/\/egegen.com\/blog\/wp-content\/uploads\/2020\/09\/1-INSTAGRAMIN-YEN\u0130-\u00d6ZELL\u0130\u011e\u0130-GUIDES.jpg\"><img width=\"1024\" height=\"768\" class=\"wp-image-6348\" src=\"https:\/\/egegen.com\/blog\/wp-content\/uploads\/2020\/09\/1-INSTAGRAMIN-YEN\u0130-\u00d6ZELL\u0130\u011e\u0130-GUIDES-1024x768.jpg\" alt=\"\" \/><\/figure>\r\n\r\n\r\n\r\n<p>Guides sekmesi ilk etapta s\u0131n\u0131rl\u0131 say\u0131da i\u00e7erik \u00fcreticisine a\u00e7\u0131lacak. \u0130\u00e7erik \u00fcreticilerinin profillerine eklenen <strong>Guides <\/strong>adl\u0131 sekme sayesinde \u00fcreticiler takip\u00e7ilerine <strong>\u201cYukar\u0131 kayd\u0131r\u201d format\u0131nda<\/strong> \u00e7e\u015fitli i\u00e7erikler ekleyebilecek. B\u00f6ylelikle dijital bir rehber haline gelen bu sekme ile kullan\u0131c\u0131lar, kendi platformlar\u0131n\u0131 <strong>blog<\/strong> gibi kullanabilecek. Bunun yan\u0131nda ba\u015fka Influencerlar\u0131n i\u00e7eriklerini de Guides sekmesine ekleyebilecek.<\/p>\r\n\r\n\r\n<hr class=\"wp-block-separator\" \/>\r\n\r\n\r\n<p><strong>K\u00dc\u00c7\u00dcK \u0130\u015eLETMELER ONLINE ETK\u0130NL\u0130KLERDEN PARA KAZANAB\u0130LECEK<\/strong><\/p>\r\n\r\n\r\n\r\n<p><strong>Facebook<\/strong>, k\u00fc\u00e7\u00fck i\u015fletmelerin online etkinliklerden para kazanabilece\u011fine dair yeni bir \u00f6zelli\u011fi yay\u0131na ald\u0131\u011f\u0131n\u0131 a\u00e7\u0131klad\u0131. Bu \u00f6zellik sayesinde <strong>sayfa sahipleri online bir etkinlik olu\u015fturabilecek<\/strong>, fiyat belirleyip etkinli\u011fi tan\u0131tabilecek ve \u00f6deme alabilecek. \u0130\u015fletmelerin yan\u0131 s\u0131ra, e\u011fitimciler ve medya yay\u0131nc\u0131lar\u0131 da bu yeni \u00f6zellikten faydalanabilecek.<\/p>\r\n\r\n\r\n\r\n<p>Pandemi nedeniyle bir\u00e7ok i\u015fletmenin ve i\u00e7erik olu\u015fturucusunun etkinlikleri ertelendi. \u0130nsanlar fiziksel olarak bir araya gelemedikleri i\u00e7in <strong>canl\u0131 yay\u0131nlar<\/strong> ile ba\u011flant\u0131ya ge\u00e7meyi tercih eder hale geldiler.<\/p>\r\n\r\n\r\n\r\n<figure class=\"wp-block-image size-large\"><img width=\"770\" height=\"434\" class=\"wp-image-6349\" src=\"https:\/\/egegen.com\/blog\/wp-content\/uploads\/2020\/09\/2-K\u00dc\u00c7\u00dcK-\u0130\u015eLETMELER-ONLINE-ETK\u0130NL\u0130KLERDEN-PARA-KAZANAB\u0130LECEK.jpg\" alt=\"\" \/><\/figure>\r\n\r\n\r\n\r\n<p>\u0130\u015fletmeler, soru-cevap sohbetleri, podcast kay\u0131tlar\u0131, yemek kurslar\u0131, fitness ve yoga dersleri gibi online etkinliklerle <strong>kullan\u0131c\u0131larla bir araya gelecek.<\/strong><\/p>\r\n\r\n\r\n\r\n<p>Facebook uygulamas\u0131n\u0131n \u00f6nemli isimi Fidji Simo, payla\u015ft\u0131\u011f\u0131 blog yaz\u0131s\u0131nda, haziran ay\u0131nda yap\u0131lan canl\u0131 yay\u0131nlar\u0131n say\u0131s\u0131n\u0131n ge\u00e7en y\u0131la g\u00f6re iki kat\u0131na \u00e7\u0131kt\u0131\u011f\u0131ndan bahsetti. Fidji Simo, Facebook\u2019un yeni \u00f6zelli\u011fiyle yap\u0131lacak olan online etkinliklerin i\u015fletmeler a\u00e7\u0131s\u0131ndan olduk\u00e7a faydal\u0131 oldu\u011funu ekledi.<\/p>\r\n\r\n\r\n\r\n<p>Hem <strong>Facebook Live<\/strong> hem de <strong>Messenger Rooms<\/strong> \u00fczerinden online etkinlikler d\u00fczenlenebilecek.<\/p>\r\n\r\n\r\n<hr class=\"wp-block-separator\" \/>\r\n\r\n\r\n<p><strong>FACEBOOK, INSTAGRAM VE MESSENGER SOHBETLER\u0130N\u0130 B\u0130RLE\u015e\u0130YOR<\/strong><\/p>\r\n\r\n\r\n\r\n<p>Facebook, Messenger sohbetlerini <strong>Instagram Direct&#8217;e ta\u015f\u0131yaca\u011f\u0131n\u0131<\/strong> a\u00e7\u0131klad\u0131. <strong>Facebook<\/strong>\u2019un, \u00f6deme alt yap\u0131s\u0131n\u0131 t\u00fcm uygulamalarda uygun bir \u015fekilde konumland\u0131rmak i\u00e7in b\u00f6yle bir ad\u0131m att\u0131\u011f\u0131 s\u00f6yleniyor. Ge\u00e7en haftalarda Instagram&#8217;da sohbet renklerinin test edilme sebebinin de planlanan <strong>Messenger entegrasyonu<\/strong> oldu\u011fu d\u00fc\u015f\u00fcn\u00fcl\u00fcyor.<\/p>\r\n\r\n\r\n\r\n<figure class=\"wp-block-image size-large td-caption-align-https:\/\/egegen.com\/blog\/wp-content\/uploads\/2020\/09\/3-FACEBOOK-INSTAGRAM-VE-MESSENGER.jpg\"><img width=\"1024\" height=\"576\" class=\"wp-image-6350\" src=\"https:\/\/egegen.com\/blog\/wp-content\/uploads\/2020\/09\/3-FACEBOOK-INSTAGRAM-VE-MESSENGER-1024x576.jpg\" alt=\"\" \/><\/figure>\r\n\r\n\r\n\r\n<p>\u015eu anl\u0131k sadece ABD\u2019deki kullan\u0131c\u0131lar\u0131n <strong>test etti\u011fi \u00f6zellik<\/strong> ile Messenger sohbetleri, Instagram Direct\u2019e ta\u015f\u0131nd\u0131. Bununla birlikte sohbetler i\u00e7in yeni renkli g\u00f6r\u00fcn\u00fcm ve <strong>emoji ile tepki verme<\/strong> \u00f6zelli\u011fi de kullan\u0131c\u0131lara sunuldu. Yeni \u00f6zellikle kullan\u0131c\u0131lar, Facebook&#8217;taki arkada\u015flar\u0131yla sohbet edebiliyor ve mesajlar\u0131 yan\u0131tlamak i\u00e7in<strong> kayd\u0131rma \u00f6zelli\u011finden<\/strong> faydalan\u0131yor.<\/p>\r\n\r\n\r\n<hr class=\"wp-block-separator\" \/>\r\n\r\n\r\n<p><strong>LG\u2019DEN HAVAYI TEM\u0130ZLEYEN F\u0130LTRE<\/strong><\/p>\r\n\r\n\r\n\r\n<p>D\u00fcnyam\u0131z\u0131 etkisi alt\u0131na alan <strong>Covid-19<\/strong>, al\u0131\u015fkanl\u0131klar\u0131m\u0131z\u0131 ve ya\u015fam tarz\u0131m\u0131z\u0131 de\u011fi\u015ftirdi. G\u00fcnl\u00fck hayatta s\u00fcrekli kulland\u0131\u011f\u0131m\u0131z ve art\u0131k onsuz d\u0131\u015far\u0131 \u00e7\u0131kamad\u0131\u011f\u0131m\u0131z maskeler \u00fczerine \u00e7al\u0131\u015fmalar yapan <strong>LG<\/strong>, yeni bir maske tan\u0131tt\u0131. <strong>PuriCare Wearable Air Purifier<\/strong> isimli maske, hava temizleme \u00f6zelli\u011fine sahip.<\/p>\r\n\r\n\r\n\r\n<p>Havay\u0131 temizlemek i\u00e7in de\u011fi\u015ftirilebilir filtrelere sahip olan <strong>maske<\/strong> LG&#8217;nin ev kullan\u0131m\u0131 i\u00e7in geli\u015ftirildi\u011fi hava temizleme \u00fcr\u00fcnlerinde kulland\u0131\u011f\u0131 teknolojiye olduk\u00e7a benzer.<\/p>\r\n\r\n\r\n\r\n<figure class=\"wp-block-image size-large\"><img width=\"957\" height=\"540\" class=\"wp-image-6351\" src=\"https:\/\/egegen.com\/blog\/wp-content\/uploads\/2020\/09\/4-LGDEN-HAVAYI-TEM\u0130ZLEYEN-FILTRE.jpg\" alt=\"\" \/><\/figure>\r\n\r\n\r\n\r\n<p>Havay\u0131 temizleyebilen PuriCare Wearable Air Purifie ayn\u0131 zamanda kullan\u0131c\u0131s\u0131n\u0131n <strong>nefes al\u0131\u015f h\u0131z\u0131n\u0131z\u0131 \u00f6l\u00e7ebiliyor<\/strong>, nefes al\u0131\u015f\u0131na g\u00f6re i\u00e7indeki fanlar\u0131n h\u0131z\u0131n\u0131 da ayarlayabiliyor. LG&#8217;nin yay\u0131nlad\u0131\u011f\u0131 tan\u0131t\u0131mda maskenin Koronavir\u00fcs\u00fc yay\u0131l\u0131m\u0131na kar\u015f\u0131 korudu\u011fu ile ilgili herhangi bir ibare bulunmad\u0131\u011f\u0131n\u0131 da s\u00f6yleyelim.<\/p>\r\n\r\n\r\n<hr class=\"wp-block-separator\" \/>\r\n\r\n\r\n<p><strong>RES\u0130M \u0130\u00c7\u0130NDE RES\u0130M \u00d6ZELL\u0130\u011e\u0130<\/strong><\/p>\r\n\r\n\r\n\r\n<p>Pop\u00fcler video payla\u015f\u0131m platformu olan <strong>YouTube<\/strong>, iOS kullan\u0131c\u0131lar\u0131 i\u00e7in <strong>\u201cResim \u0130\u00e7inde Resim\u201d<\/strong> \u00f6zelli\u011fini test etmeye ba\u015flad\u0131.<\/p>\r\n\r\n\r\n\r\n<p><strong>Google<\/strong>, Apple ak\u0131ll\u0131 telefonlar\u0131nda YouTube&#8217;u kullananlar\u0131n uzun zamand\u0131r istedi\u011fi <strong>Picture in Picture<\/strong> (Resim \u0130\u00e7inde Resim) \u00f6zelli\u011fini <strong>test etmeye<\/strong> ba\u015flad\u0131. Uzun s\u00fcredir Android i\u015fletim sisteminde desteklenebilen bu \u00f6zellik, testlerin tamamlanmas\u0131yla birlikte <strong>iOS<\/strong> i\u015fletim sistemine sahip YouTube kullan\u0131c\u0131lar\u0131na da sunulacak.<\/p>\r\n\r\n\r\n\r\n<figure class=\"wp-block-image size-large\"><img width=\"740\" height=\"440\" class=\"wp-image-6352\" src=\"https:\/\/egegen.com\/blog\/wp-content\/uploads\/2020\/09\/5-RES\u0130M-\u0130\u00c7\u0130NDE-RES\u0130M-\u00d6ZELL\u0130\u011e\u0130.jpg\" alt=\"\" \/><\/figure>\r\n\r\n\r\n\r\n<p>iPad cihazlar\u0131na eklenen \u00f6zelli\u011fin, bu y\u0131l i\u00e7inde <strong>iPhone<\/strong> kullan\u0131c\u0131lar\u0131na da sunulmas\u0131 hedefleniyor. \u00a0Bu \u00f6zelli\u011fin iOS i\u015fletim sistemine gelmesiyle birlikte <strong>iOS kullan\u0131c\u0131lar\u0131<\/strong> YouTube&#8217;u k\u00fc\u00e7\u00fck bir pencerede kullanabilecekler. Bu sayede kullan\u0131c\u0131lar, videoyu izlerken ayn\u0131 zamanda farkl\u0131 uygulamalarla da ilgilenebilecekler. Resim \u0130\u00e7inde Resim \u00f6zelli\u011fini <strong>Youtube Premium<\/strong> \u00fcyeleri kullanabilecek.<\/p>\r\n\r\n\r\n<hr class=\"wp-block-separator\" \/>\r\n\r\n\r\n<p><strong>TAR\u0130H \u00d6NCES\u0130 CANLILARI G\u00d6RMEK \u0130STER M\u0130S\u0130N\u0130Z?<\/strong><\/p>\r\n\r\n\r\n\r\n<p>Bildi\u011finiz gibi d\u00fcnyam\u0131z\u0131 saran salg\u0131ndan dolay\u0131 aralar\u0131nda m\u00fczelerin de bulundu\u011fu bir\u00e7ok i\u015fletme, galeri ve kurum zorunlu olarak kapand\u0131. Bu zorlu s\u00fcre\u00e7te <strong>sanat merakl\u0131lar\u0131n\u0131n<\/strong> sevece\u011fi bir uygulamaya imza at\u0131ld\u0131. <strong>Google Arts &amp; Culture<\/strong>, tarih \u00f6ncesi d\u00f6neme yolculu\u011fun kap\u0131lar\u0131n\u0131 a\u00e7t\u0131.<\/p>\r\n\r\n\r\n\r\n<figure class=\"wp-block-image size-large\"><img width=\"800\" height=\"503\" class=\"wp-image-6353\" src=\"https:\/\/egegen.com\/blog\/wp-content\/uploads\/2020\/09\/6-TAR\u0130H-\u00d6NCES\u0130-CANLILARI.jpg\" alt=\"\" \/><\/figure>\r\n\r\n\r\n\r\n<p>Yakla\u015f\u0131k 500 milyon y\u0131l \u00f6nce <strong>nesli t\u00fckenen hayvanlar\u0131n \u00fc\u00e7 boyutlu modelleri<\/strong> Google Arts &amp; Culture mobil uygulamas\u0131yla evlerinize geliyor. B\u00f6ylece bulundu\u011funuz konumdan milyonlarca y\u0131l \u00f6ncesine giderek bir\u00e7ok tarih \u00f6ncesi canl\u0131y\u0131 g\u00f6rme f\u0131rsat\u0131 yakal\u0131yorsunuz. Ayr\u0131ca proje kapsam\u0131nda <strong>Moskova\u2019daki Darwin M\u00fczesi<\/strong>\u2019nde ve <strong>Londra\u2019daki Ulusal Tarih M\u00fczesi<\/strong>\u2019nde sergilenen tarihi eserleri, e\u015fyalar\u0131 ve <strong>Ulusal Tarih M\u00fczesi<\/strong> gibi kat\u0131l\u0131mc\u0131 m\u00fczelerde sergilenen tarihi eserleri, e\u015fyalar\u0131 ve kal\u0131nt\u0131lar\u0131 da <strong>art\u0131r\u0131lm\u0131\u015f ger\u00e7eklik<\/strong> sayesinde inceleyebilirsiniz.<\/p>\r\n\r\n\r\n<hr class=\"wp-block-separator\" \/>\r\n\r\n\r\n<p><strong>TWITTER\u2019DAN \u201cK\u0130MLER YANITLAYAB\u0130L\u0130R?\u201d \u00d6ZELL\u0130\u011e\u0130<\/strong><\/p>\r\n\r\n\r\n\r\n<p>D\u00fcnyan\u0131n en pop\u00fcler sosyal medya platformlar\u0131ndan biri olan <strong>Twitter<\/strong>, kullan\u0131c\u0131lar\u0131na daha iyi bir hizmet vermek i\u00e7in b\u00fcnyesine yeni \u00f6zellikler eklemeye devam ediyor.<\/p>\r\n\r\n\r\n\r\n<p>Twitter, aylard\u0131r test etti\u011fi, kullan\u0131c\u0131lar\u0131n <strong>Tweet<\/strong>\u2019lerine kimlerin yan\u0131t verebilece\u011fini se\u00e7me \u00f6zelli\u011finin herkes taraf\u0131ndan kullan\u0131ma sunuldu\u011funu duyurdu. Twitter <strong>\u201ckimler yan\u0131tlayabilir\u201d<\/strong> \u00f6zelli\u011fini <strong>hem web sitesi hem de mobil uygulama<\/strong> i\u00e7in kullan\u0131labilir oldu\u011funu da a\u00e7\u0131klad\u0131.<\/p>\r\n\r\n\r\n\r\n<figure class=\"wp-block-image size-large\"><img width=\"583\" height=\"328\" class=\"wp-image-6354\" src=\"https:\/\/egegen.com\/blog\/wp-content\/uploads\/2020\/09\/7-TWITTERDAN-K\u0130MLER-YANITLAYAB\u0130L\u0130R-\u00d6ZELL\u0130G\u0130.jpg\" alt=\"\" \/><\/figure>\r\n\r\n\r\n\r\n<p>May\u0131s ay\u0131ndan bu yana test edildi\u011fi bilinen \u00f6zellik ile kullan\u0131c\u0131lar; <strong>herkes, takip etti\u011fin ki\u015filer ve yaln\u0131zca bahsetti\u011fin ki\u015filer<\/strong> \u015feklinde Tweet\u2019lerine kimlerin yan\u0131t verebilece\u011fini se\u00e7ebilecek.<\/p>\r\n\r\n\r\n\r\n<p>Fakat kullan\u0131c\u0131lar, Tweet\u2019inde \u201cyaln\u0131zca bahsetti\u011fin ki\u015filer\u201d \u00f6zelli\u011fini se\u00e7erse ve Tweet\u2019te kimseden bahsedilmezse, yaz\u0131lan Tweet\u2019e kimse cevap veremeyecek.<\/p>\r\n\r\n\r\n\r\n<p>Platformun y\u00f6neticisi <strong>Suzanne Xie<\/strong>\u2019nin yay\u0131nlad\u0131\u011f\u0131 blog yaz\u0131s\u0131nda, Tweet\u2019lere kimlerin yan\u0131t verebilece\u011fini belirleyebilme \u00f6zelli\u011fi sayesinde istenmeyen olaylar\u0131n \u00f6n\u00fcne ge\u00e7ilebilece\u011finden bahsetti.<\/p>\r\n\r\n\r\n<hr class=\"wp-block-separator\" \/>\r\n\r\n\r\n<p><strong>ANDROID TELEFONLAR DEPREM TAK\u0130B\u0130 YAPAB\u0130LECEK<\/strong><\/p>\r\n\r\n\r\n\r\n<p><strong>Google<\/strong>, \u201c5.0\u201d \u00fczerindeki <strong>Android<\/strong> s\u00fcr\u00fcme sahip olan telefonlar\u0131n <strong>deprem takibi<\/strong> yapabilece\u011fini a\u00e7\u0131klad\u0131. Google, bu \u00f6zelli\u011fini kullan\u0131labilmesi i\u00e7in d\u00fcnyadaki t\u00fcm Android telefonlardan veri toplayacak. \u015eimdilik, yaln\u0131zca ABD\u2019nin <strong>Kaliforniya<\/strong> eyaletindeki kullan\u0131c\u0131lar bu \u00f6zelli\u011fi kullanabilecekler.\u00a0<\/p>\r\n\r\n\r\n\r\n<figure class=\"wp-block-image size-large\"><img width=\"800\" height=\"451\" class=\"wp-image-6355\" src=\"https:\/\/egegen.com\/blog\/wp-content\/uploads\/2020\/09\/8-ANDROID-TELEFONLAR-DEPREM-TAKIBI.jpg\" alt=\"\" \/><\/figure>\r\n\r\n\r\n\r\n<p>Telefonlar deprem takibinin yan\u0131nda, mini bir <strong>deprem \u00f6l\u00e7er (sismograf)<\/strong> i\u015flevi de g\u00f6recekler. Google, ula\u015f\u0131lan sismik dalga verilerini arama sonu\u00e7lar\u0131nda kullanacak. Kullan\u0131c\u0131lar, <strong>\u201cdeprem\u201d<\/strong> veya <strong>\u201cyak\u0131n\u0131mdaki deprem\u201d<\/strong> gibi anahtar kelimeleri aratt\u0131\u011f\u0131nda telefonlardan gelen <strong>sismik veriler<\/strong> bir araya toplanacak ve Google sunucusuna g\u00f6nderilecek. B\u00f6ylelikle herhangi bir telefon, bir veriyi yanl\u0131\u015f alg\u0131larsa Google onun deprem olup olmad\u0131\u011f\u0131n\u0131 ay\u0131rt edebilecek. \u00c7o\u011fu ak\u0131ll\u0131 telefon, merkez \u00fcss\u00fcn\u00fcn yakla\u015f\u0131k 1 kilometre i\u00e7indeki ve 3.1 \u015fiddeti \u00fczerindeki depremleri alg\u0131layabilecek. Google depremi alg\u0131lad\u0131\u011f\u0131nda, ana ekranda <strong>k\u0131rm\u0131z\u0131 bir deprem uyar\u0131s\u0131 <\/strong>g\u00f6r\u00fcnecek.<\/p>\r\n\r\n\r\n<hr class=\"wp-block-separator\" \/>\r\n\r\n\r\n<p><strong>\u0130ZM\u0130R\u2019\u0130N ARTIK KEND\u0130 FONTU VAR!<\/strong><\/p>\r\n\r\n\r\n\r\n<p>\u015eehrin, yurti\u00e7i ve yurtd\u0131\u015f\u0131 tan\u0131t\u0131mlar\u0131nda kullan\u0131lmas\u0131 i\u00e7in tasarlanan ve ayn\u0131 zamanda farkl\u0131 mecralarda da kullan\u0131labilecek 44 yaz\u0131 tipinden olu\u015fan <strong>\u0130zmir Fontu<\/strong>, \u0130zmir B\u00fcy\u00fck\u015fehir Belediye Ba\u015fkan\u0131 Tun\u00e7 Soyer\u2019in a\u00e7\u0131klamas\u0131yla <strong>kullan\u0131ma sunuldu<\/strong>.<\/p>\r\n\r\n\r\n\r\n<figure class=\"wp-block-image size-large\"><img width=\"830\" height=\"620\" class=\"wp-image-6356\" src=\"https:\/\/egegen.com\/blog\/wp-content\/uploads\/2020\/09\/9-BELED\u0130YELERDEN-PLAST\u0130K-ATIK-K\u0130RL\u0130L\u0130\u011e\u0130NE-KAR\u015eI-DESTEK.jpg\" alt=\"\" \/><\/figure>\r\n\r\n\r\n\r\n<p><strong>\u0130zmir Vakf\u0131 <\/strong>taraf\u0131ndan y\u00fcr\u00fct\u00fclen s\u00fcre\u00e7te, \u015fehrin g\u00f6rsel tasar\u0131mlar\u0131na uygun, kendine \u00f6zg\u00fcn, \u0130zmir\u2019in markala\u015fmas\u0131 amac\u0131yla tasarlanan fontun tasar\u0131m\u0131 <strong>Ahmet Altun<\/strong> taraf\u0131ndan ger\u00e7ekle\u015ftirildi.<\/p>\r\n\r\n\r\n\r\n<p>Normal, italik stillerinin yan\u0131nda farkl\u0131 geni\u015flik se\u00e7enekleriyle birlikte <strong>toplam 44 yaz\u0131 tipinden<\/strong> olu\u015fan bu font \u0130zmir\u2019in k\u00fclt\u00fcr\u00fcn\u00fc yans\u0131tacak ve bir\u00e7ok mecrada kullan\u0131labilecek.<\/p>\r\n\r\n\r\n\r\n<p>Belediye Ba\u015fkan\u0131 <strong>Tun\u00e7 Soyer<\/strong>\u2019in Twitter\u2019dan #\u0130zmirZaman\u0131 hashtagi ile payla\u015ft\u0131\u011f\u0131 tan\u0131t\u0131m videosunu a\u015fa\u011f\u0131dan <strong>izleyebilirsiniz.<\/strong><\/p>\r\n\r\n\r\n\r\n<figure class=\"wp-block-embed-twitter wp-block-embed is-type-rich is-provider-twitter\">\r\n<div class=\"wp-block-embed__wrapper\">https:\/\/twitter.com\/tuncsoyer\/status\/1300818323681300481?ref_src=twsrc%5Etfw%7Ctwcamp%5Etweetembed%7Ctwterm%5E1300818323681300481%7Ctwgr%5Eshare_3&amp;ref_url=https%3A%2F%2Fmediacat.com%2Fizmir-vakfi-izmir-fontu-tanitimi%2F<\/div>\r\n<\/figure>\r\n\r\n\r\n<hr class=\"wp-block-separator\" \/>\r\n\r\n\r\n<p><strong>BELED\u0130YELERDEN PLAST\u0130K ATIK K\u0130RL\u0130L\u0130\u011e\u0130NE KAR\u015eI DESTEK<\/strong><\/p>\r\n\r\n\r\n\r\n<p>D\u00fcnyada ve \u00fclkemizde giderek artan, en b\u00fcy\u00fck \u00e7evre sorunlar\u0131ndan biri <strong>olan plastik at\u0131k kirlili\u011fine<\/strong> kar\u015f\u0131 Greenpeace T\u00fcrkiye taraf\u0131ndan ba\u015flat\u0131lan <strong>#PlastiktenKurtul<\/strong> kampanyas\u0131na belediyeler logolar\u0131n\u0131 de\u011fi\u015ftirerek destek verdi.<\/p>\r\n\r\n\r\n\r\n<p>Akdeniz\u2019den al\u0131nan derin deniz \u00f6rneklerinin <strong>y\u00fczde 92,8\u2019inde<\/strong> plastik saptand\u0131 ve sorunun en b\u00fcy\u00fck k\u0131sm\u0131n\u0131 da tek kullan\u0131ml\u0131k plastik at\u0131klar\u0131n olu\u015fturdu\u011fu a\u00e7\u0131kland\u0131. Bu duruma dikkat \u00e7ekmek isteyen <strong>Greenpeace T\u00fcrkiye<\/strong>, #PlastiktenKurtul etiketiyle tek kullan\u0131ml\u0131k plastiklerin yasaklanmas\u0131 i\u00e7in bir kampanya ba\u015flatt\u0131.<\/p>\r\n\r\n\r\n\r\n<figure class=\"wp-block-image size-large td-caption-align-https:\/\/egegen.com\/blog\/wp-content\/uploads\/2020\/09\/10-\u0130ZM\u0130R\u0130N-ARTIK-KEND\u0130-FONTU-VAR.jpg\"><img width=\"1024\" height=\"536\" class=\"wp-image-6357\" src=\"https:\/\/egegen.com\/blog\/wp-content\/uploads\/2020\/09\/10-\u0130ZM\u0130R\u0130N-ARTIK-KEND\u0130-FONTU-VAR-1024x536.jpg\" alt=\"\" \/><\/figure>\r\n\r\n\r\n\r\n<p><strong>Belediyeler de logolar\u0131n\u0131 de\u011fi\u015ftirerek<\/strong> sosyal medya \u00fczerinde bu kampanyaya destek verdi.<\/p>\r\n\r\n\r\n\r\n<p>\u201cGelecekte logomuz b\u00f6yle olmas\u0131n!&#8221; diyen belediyeler logolar\u0131na plastik \u00e7atal, pipet, plastik bardak ekleyerek tek kullan\u0131ml\u0131k plastiklerin \u00e7evreye verdi\u011fi zarara dikkat \u00e7ektiler.<\/p>\r\n\r\n\r\n<hr class=\"wp-block-separator\" \/>\r\n\r\n\r\n<p><strong>NETFLIX \u0130\u00c7\u0130N YEN\u0130 G\u0130R\u0130\u015e M\u00dcZ\u0130\u011e\u0130 HAZIRLANDI<\/strong><\/p>\r\n\r\n\r\n\r\n<p>\u00dcnl\u00fc besteci <strong>Hans Zimmer<\/strong>, Netflix\u2019in g\u00f6sterime girecek olan sinema filmleri i\u00e7in <strong>yeni bir giri\u015f m\u00fczi\u011fi<\/strong> haz\u0131rlad\u0131. Art\u0131k sinemada g\u00f6rebilece\u011fimiz <strong>Netflix<\/strong> orijinal filmleri, Netflix kullan\u0131c\u0131s\u0131 olan olmayan herkesin bildi\u011fi 3 saniyelik introdan daha uzun bir m\u00fczikle birlikte izleyici kar\u015f\u0131s\u0131na \u00e7\u0131kacak.<\/p>\r\n\r\n\r\n\r\n<figure class=\"wp-block-image size-large\"><img width=\"788\" height=\"443\" class=\"wp-image-6358\" src=\"https:\/\/egegen.com\/blog\/wp-content\/uploads\/2020\/09\/11-NETFLIX-\u0130\u00c7\u0130N-YEN\u0130-G\u0130R\u0130\u015e-M\u00dcZ\u0130\u011e\u0130-HAZIRLANDI.jpg\" alt=\"\" \/><\/figure>\r\n\r\n\r\n\r\n<p>Bir\u00e7ok film m\u00fczi\u011finin yarat\u0131c\u0131s\u0131 olan ve \u00e7ok say\u0131da \u00f6d\u00fcl\u00fc bulunan Hans Zimmer, Netflix\u2019in sinema filmi g\u00f6sterimleri i\u00e7in haz\u0131rlam\u0131\u015f oldu\u011fu <strong>16 saniyelik<\/strong> giri\u015f m\u00fczi\u011finin de imzas\u0131n\u0131 ta\u015f\u0131yacak. Haz\u0131rlanan yeni beste ayn\u0131 zamanda klasikle\u015fen Netflix introsu olan <strong>\u201cta-dum\u201d<\/strong> sesini de koruyor. Hans Zimmer\u2019in haz\u0131rlad\u0131\u011f\u0131, sinema salonlar\u0131nda duyaca\u011f\u0131m\u0131z yeni Netflix giri\u015f m\u00fczi\u011fini a\u015fa\u011f\u0131dan <strong>dinleyebilirsiniz.<\/strong><\/p>\r\n\r\n\r\n\r\n<figure class=\"wp-block-embed-twitter wp-block-embed is-type-rich is-provider-twitter\">\r\n<div class=\"wp-block-embed__wrapper\">https:\/\/twitter.com\/blader\/status\/1292592128086822912?ref_src=twsrc%5Etfw%7Ctwcamp%5Etweetembed%7Ctwterm%5E1292592128086822912%7Ctwgr%5Eshare_3&amp;ref_url=https%3A%2F%2Fwww.gazeteduvar.com.tr%2Fsinema%2F2020%2F08%2F13%2Fhans-zimmer-netflix-icin-intro-hazirladi%2F<\/div>\r\n<\/figure>\r\n\r\n\r\n\r\n<p>&nbsp;<\/p>\r\n","protected":false},"excerpt":{"rendered":"<p>egegen Trend Raporu\u2019nun 34. say\u0131s\u0131yla, sosyal medya platformlar\u0131ndaki yeniliklerden, geli\u015ftirilen yeni uygulamalara, sanattan teknolojiye, d\u00fcnyadan ve \u00fclkemizden \u00f6nemli haberlerle a\u011fustos ay\u0131n\u0131 geride b\u0131rakt\u0131k. INSTAGRAMIN YEN\u0130 \u00d6ZELL\u0130\u011e\u0130: GUIDES Ge\u00e7ti\u011fimiz aylarda test edilmeye ba\u015flanan Guides sekmesi, a\u011fustos ay\u0131n\u0131n sonunda kullan\u0131ma sunuldu. Bu sekme ile kullan\u0131c\u0131lar, mekan, i\u00e7erik ve \u00fcr\u00fcn \u00f6nerilerinde bulunabilecek. \u00d6zelliklerine her ay yenilerini ekleyen Instagram, &hellip;<\/p>\n","protected":false},"author":20,"featured_media":6359,"comment_status":"open","ping_status":"open","sticky":false,"template":"","format":"standard","meta":[],"categories":[188],"tags":[],"_links":{"self":[{"href":"https:\/\/egegen.com\/blog\/wp-json\/wp\/v2\/posts\/6345"}],"collection":[{"href":"https:\/\/egegen.com\/blog\/wp-json\/wp\/v2\/posts"}],"about":[{"href":"https:\/\/egegen.com\/blog\/wp-json\/wp\/v2\/types\/post"}],"author":[{"embeddable":true,"href":"https:\/\/egegen.com\/blog\/wp-json\/wp\/v2\/users\/20"}],"replies":[{"embeddable":true,"href":"https:\/\/egegen.com\/blog\/wp-json\/wp\/v2\/comments?post=6345"}],"version-history":[{"count":2,"href":"https:\/\/egegen.com\/blog\/wp-json\/wp\/v2\/posts\/6345\/revisions"}],"predecessor-version":[{"id":8928,"href":"https:\/\/egegen.com\/blog\/wp-json\/wp\/v2\/posts\/6345\/revisions\/8928"}],"wp:featuredmedia":[{"embeddable":true,"href":"https:\/\/egegen.com\/blog\/wp-json\/wp\/v2\/media\/6359"}],"wp:attachment":[{"href":"https:\/\/egegen.com\/blog\/wp-json\/wp\/v2\/media?parent=6345"}],"wp:term":[{"taxonomy":"category","embeddable":true,"href":"https:\/\/egegen.com\/blog\/wp-json\/wp\/v2\/categories?post=6345"},{"taxonomy":"post_tag","embeddable":true,"href":"https:\/\/egegen.com\/blog\/wp-json\/wp\/v2\/tags?post=6345"}],"curies":[{"name":"wp","href":"https:\/\/api.w.org\/{rel}","templated":true}]}}