{"id":6270,"date":"2020-08-05T11:22:08","date_gmt":"2020-08-05T08:22:08","guid":{"rendered":"https:\/\/egegen.com\/blog\/?p=6270"},"modified":"2022-10-10T17:09:25","modified_gmt":"2022-10-10T14:09:25","slug":"egegen-trend-raporu-33-temmuz-2020","status":"publish","type":"post","link":"https:\/\/egegen.com\/blog\/egegen-trend-raporu-33-temmuz-2020\/","title":{"rendered":"egegen Trend Raporu &#8211; 33 \/ Temmuz 2020"},"content":{"rendered":"\r\n<p>Dijital pazarlama, ileti\u015fim, sosyal medya ve teknoloji alanlar\u0131na her ge\u00e7en g\u00fcn yeni de\u011fi\u015fimler ve g\u00fcncellemeler geliyor. \u00d6ne \u00e7\u0131kan geli\u015fmeleri takip edebilece\u011finiz egegen Trend Raporunun 33. say\u0131s\u0131yla kar\u015f\u0131n\u0131zday\u0131z. Keyifli okumalar\u2026<\/p>\r\n\r\n\r\n\r\n<p><strong>SPOTIFY\u2019DAN VIDEOPODCAST \u00d6ZELL\u0130\u011e\u0130<\/strong><\/p>\r\n\r\n\r\n\r\n<p>Dijital m\u00fczik platformlar\u0131n\u0131n en \u00f6nemlileri aras\u0131nda yer alan <strong>Spotify<\/strong> yeni bir \u00f6zelli\u011fi yay\u0131na ald\u0131. Art\u0131k Spotify\u2019da videolu <strong>Podcast<\/strong> d\u00f6nemi ba\u015fl\u0131yor. Ge\u00e7ti\u011fimiz aylarda denemelerini ger\u00e7ekle\u015ftiren Spotify videolu podcast \u00f6zelli\u011fini t\u00fcm d\u00fcnyaya sundu. Hem Premium hem de \u00fccretsiz kullan\u0131c\u0131lar bu \u00f6zellikten faydalanabilecek. Podcastler videolu olarak izlendi\u011fi gibi sadece ses format\u0131nda da oynatabilecek. <strong>Youtube Premium<\/strong>\u2019da ge\u00e7erli olan arka planda video oynatma \u00f6zelli\u011fi Spotify\u2019da t\u00fcm kullan\u0131c\u0131larda ge\u00e7erli olacak. \u015eu an i\u00e7in T\u00fcrkiye\u2019de desteklenmeyen bu \u00f6zelli\u011fin yak\u0131n zamanda gelece\u011fi s\u00f6yleniyor.<\/p>\r\n\r\n\r\n\r\n<figure class=\"wp-block-image size-large is-resized\"><img class=\"wp-image-6273\" src=\"https:\/\/egegen.com\/blog\/wp-content\/uploads\/2020\/08\/1-SPOTIFY\u2019DAN-V\u0130DEOPODCAST-\u00d6ZELL\u0130\u011e\u0130-1-1024x683.jpg\" alt=\"\" width=\"726\" height=\"484\" \/><\/figure>\r\n\r\n\r\n<hr class=\"wp-block-separator\" \/>\r\n\r\n\r\n<p><strong>ZOOM UYGULAMASI \u0130ND\u0130RME REKORU KIRDI<\/strong><\/p>\r\n\r\n\r\n\r\n<p>COVID-19 salg\u0131n\u0131n\u0131n d\u00fcnyam\u0131z\u0131 sarmas\u0131yla evlere kapand\u0131k ve t\u00fcm g\u00f6r\u00fc\u015fmelerimizi telefon veya bilgisayar ile yapar olduk. Pandemi d\u00f6nemiyle h\u0131zl\u0131 art\u0131\u015fa ge\u00e7en g\u00f6r\u00fcnt\u00fcl\u00fc g\u00f6r\u00fc\u015fme uygulamalar\u0131nda a\u00e7\u0131k ara en fazla tercih edilen <strong>Zoom<\/strong>, 2020\u2019de indirilen uygulamalar aras\u0131nda \u00fc\u00e7\u00fcnc\u00fc oldu. S\u00fcrekli kendisini yenileyen ve kullan\u0131c\u0131lar\u0131na kolayl\u0131k sa\u011flayan Zoom, 300 milyon indirmeye ula\u015farak Facebook, Whatsapp, Instagram gibi pop\u00fcler uygulamalar\u0131 gerisinde b\u0131rakt\u0131.<\/p>\r\n\r\n\r\n\r\n<figure class=\"wp-block-image size-large\"><img width=\"1024\" height=\"576\" class=\"wp-image-6274\" src=\"https:\/\/egegen.com\/blog\/wp-content\/uploads\/2020\/08\/2-ZOOM-UYGULAMASI-\u0130ND\u0130RME-REKORU-KIRDI-1024x576.jpg\" alt=\"\" \/><\/figure>\r\n\r\n\r\n<hr class=\"wp-block-separator\" \/>\r\n\r\n\r\n<p><strong>TRENDLER\u0130 TAK\u0130P ETMEN\u0130ZE YARAYAN EKLENT\u0130: TRENDS EVERYWHERE<\/strong><\/p>\r\n\r\n\r\n\r\n<p>Hayat\u0131m\u0131za kolayl\u0131klar sa\u011flayan <strong>Chrome<\/strong> eklentilere bir yenisi eklendi. Google\u2019da ara\u015ft\u0131rma yapmay\u0131 sevenlerin, trendleri d\u00fczenli olarak takip edenlerin i\u015fine yarayan yeni bir eklenti; <strong>Trends Everywhere<\/strong>.<\/p>\r\n\r\n\r\n\r\n<figure class=\"wp-block-image size-large\"><img width=\"1024\" height=\"576\" class=\"wp-image-6275\" src=\"https:\/\/egegen.com\/blog\/wp-content\/uploads\/2020\/08\/3-TRENDLER\u0130-TAK\u0130P-ETMEN\u0130ZE-YARAYAN-EKLENT\u0130-1024x576.png\" alt=\"\" \/><\/figure>\r\n\r\n\r\n\r\n<p>Eklentiyi y\u00fckledikten sonra Google aramas\u0131n\u0131n trend raporlar\u0131n\u0131 ekran\u0131n en \u00fcst k\u0131s\u0131mda g\u00f6rebiliyor ve arad\u0131\u011f\u0131n\u0131z kelimenin son 12 ay i\u00e7indeki trendler grafi\u011fine kolayl\u0131kla eri\u015febiliyorsunuz. Bu sayede sayfalarca aramadan kurtulup istedi\u011finiz bilgiye rahat\u00e7a ula\u015fabiliyorsunuz!<\/p>\r\n\r\n\r\n<hr class=\"wp-block-separator\" \/>\r\n\r\n\r\n<p><strong>INSTAGRAM\u2019DAN T\u0130KTOK\u2019A RAK\u0130P YEN\u0130 UYGULAMA<\/strong><\/p>\r\n\r\n\r\n\r\n<p>Ge\u00e7ti\u011fimiz haftalarda <strong>Instagram<\/strong> Tiktok benzeri olan <strong>Reels uygulamas\u0131n<\/strong>\u0131 test etmeye ba\u015flad\u0131. Reels uygulamas\u0131 yak\u0131n zaman i\u00e7inde 50 \u00fclkede lansman\u0131n\u0131 ger\u00e7ekle\u015ftirerek Tiktok\u2019a rakip olmay\u0131 hedefliyor. Reels ilk olarak ge\u00e7ti\u011fimiz kas\u0131m ay\u0131nda Brezilya\u2019da yak\u0131n zamanda da Fransa ve Almanya\u2019da kullan\u0131lmaya ba\u015fland\u0131. \u0130\u00e7inde ABD\u2019ninde bulundu\u011fu 50 \u00fclke i\u00e7inde T\u00fcrkiye\u2019nin olup olmad\u0131\u011f\u0131 hala merak konusu. \u00d6zellikle ABD\u2019de ve Hindistan\u2019da Tiktok\u2019un yasaklanmas\u0131, Reels uygulamas\u0131n\u0131n \u00f6n\u00fcn\u00fc a\u00e7acak gibi duruyor.<\/p>\r\n\r\n\r\n\r\n<figure class=\"wp-block-image size-large\"><img width=\"800\" height=\"418\" class=\"wp-image-6276\" src=\"https:\/\/egegen.com\/blog\/wp-content\/uploads\/2020\/08\/4-INSTAGRAM\u2019IN-YEN\u0130-UYGULAMASI-REELS-TIKTOK\u2019A-RAK\u0130P.jpg\" alt=\"\" \/><\/figure>\r\n\r\n\r\n<hr class=\"wp-block-separator\" \/>\r\n\r\n\r\n<p><strong>TWITTER\u2019A \u00dcCRETL\u0130 ABONEL\u0130K S\u0130STEM\u0130 M\u0130 GEL\u0130YOR?<\/strong><\/p>\r\n\r\n\r\n\r\n<p>Sosyal medya uygulamalar\u0131n\u0131n \u00f6nde gelen isimlerinden olan <strong>Twitter<\/strong>, reklam gelirleri d\u00fc\u015ft\u00fc\u011f\u00fc i\u00e7in \u00fccretli abonelik sistemine ge\u00e7meyi tasarl\u0131yor. Twitter CEO\u2019su <strong>Jack Dorsey<\/strong> bu iddialar \u00fczerine bu projenin hen\u00fcz ba\u015flang\u0131\u00e7 a\u015famas\u0131nda oldu\u011funu s\u00f6yleyerek \u00fccretli abonelik sistemine dair detay payla\u015fmad\u0131.<\/p>\r\n\r\n\r\n\r\n<figure class=\"wp-block-image size-large\"><img width=\"800\" height=\"418\" class=\"wp-image-6278\" src=\"https:\/\/egegen.com\/blog\/wp-content\/uploads\/2020\/08\/Untitled-1-copy.jpg\" alt=\"5 TWITTER\u2019A \u00dcCRETL\u0130 ABONEL\u0130K S\u0130STEM\u0130 M\u0130 GEL\u0130YOR\" \/><\/figure>\r\n\r\n\r\n\r\n<p>Jack Dorsey ba\u015fka bir a\u00e7\u0131klamas\u0131nda 2020 y\u0131l\u0131n\u0131n sonunda Twitter kullan\u0131c\u0131lar\u0131n\u0131n farkl\u0131 yakla\u015f\u0131mlar\u0131 test edece\u011fini s\u00f6ylemi\u015fti. Yeni bir gelir modeli olu\u015fturarak, reklam platformu ile birlikte tamamlay\u0131c\u0131 bir \u015fekilde ilerlemek istediklerini de ifade etmi\u015fti. A\u00e7\u0131lan bu yeni i\u015f ilan\u0131 da \u201c<strong>\u00dccretli Twitter abonelik sistemi gelecek mi?\u201d <\/strong>sorusunu g\u00fcndeme getirmi\u015f oldu.<\/p>\r\n\r\n\r\n<hr class=\"wp-block-separator\" \/>\r\n\r\n\r\n<p><strong>K\u0130TAP OKUMA S\u00dcREC\u0130N\u0130Z\u0130 TAK\u0130P EDEB\u0130LECE\u011e\u0130N\u0130Z UYGULAMA: READMINDER<\/strong><\/p>\r\n\r\n\r\n\r\n<p>\u015eu an i\u00e7in sadece Android platformuna sunulan <strong>Readminder<\/strong> sayesinde okudu\u011funuz kitaplar\u0131 kategorilerine d\u00fczenleyebilecek, ilerlemelerinizi ayl\u0131k olarak analiz edebileceksiniz. Okudu\u011funuz kitaplarla ilgili notlar alman\u0131z\u0131 sa\u011flayarak kitap okumay\u0131 daha keyifli bir hale getirmeyi ama\u00e7layan <strong>Readminder<\/strong> okuma s\u00fcreci ilgili \u00e7e\u015fitli grafikler sunarak kullan\u0131c\u0131lara detayl\u0131 bilgi sa\u011fl\u0131yor.<\/p>\r\n\r\n\r\n\r\n<figure class=\"wp-block-image size-large\"><img width=\"1024\" height=\"576\" class=\"wp-image-6279\" src=\"https:\/\/egegen.com\/blog\/wp-content\/uploads\/2020\/08\/6-K\u0130TAP-OKUMA-S\u00dcREC\u0130N\u0130Z\u0130-TAK\u0130P-EDEB\u0130LECE\u011e\u0130N\u0130Z-UYGULAMA-READMINDER-1024x576.png\" alt=\"\" \/><\/figure>\r\n\r\n\r\n\r\n<p>Readminder uygulamas\u0131n\u0131n yak\u0131nda iOS platformu i\u00e7in de kullan\u0131ma sunulaca\u011f\u0131 s\u00f6yleniyor.<\/p>\r\n\r\n\r\n<hr class=\"wp-block-separator\" \/>\r\n\r\n\r\n<p><strong>SPOTIFY\u2019DAN YEN\u0130 G\u00dcNCELLEME <\/strong><\/p>\r\n\r\n\r\n\r\n<p><strong>Spotify<\/strong> yak\u0131n zamanda sundu\u011fu \u2018Grup Oturumu\u2019 \u00f6zelli\u011fine yeni bir g\u00fcncelleme getirdi. Kullanc\u0131lar art\u0131k istedikleri her yerden oturuma kat\u0131labilecekler.<\/p>\r\n\r\n\r\n\r\n<figure class=\"wp-block-image size-large\"><img width=\"1024\" height=\"576\" class=\"wp-image-6280\" src=\"https:\/\/egegen.com\/blog\/wp-content\/uploads\/2020\/08\/7-SPOTIFY\u2019DAN-YEN\u0130-G\u00dcNCELLEME-1024x576.png\" alt=\"\" \/><\/figure>\r\n\r\n\r\n\r\n<p>Ge\u00e7ti\u011fimiz aylarda <strong>&#8216;Grup Oturumu&#8217; \u00f6zelli\u011fini<\/strong> yay\u0131nlayan Spotify, yeni bir g\u00fcncellemeyle sadece fiziksel olarak ayn\u0131 ortamdayken de\u011fil ayn\u0131 zamanda dijital ortamda da kullan\u0131labilecek bir yenilik sa\u011flad\u0131. Beta s\u00fcr\u00fcm\u00fcnde olan &#8216;Grup Oturumu&#8217; \u00f6zelli\u011fi ile kullan\u0131c\u0131lar ayn\u0131 anda ayn\u0131 yerdeki di\u011fer grup arkada\u015flar\u0131 ile istedikleri m\u00fczik veya podcastleri dinleyebiliyorlard\u0131. Yeni g\u00fcncelleme ile kullan\u0131c\u0131lar\u0131n art\u0131k ayn\u0131 yerde olmas\u0131na gerek kalmad\u0131. Kullan\u0131c\u0131lar d\u00fcnyan\u0131n herhangi bir yerinde de olsa yeni g\u00fcncelleme sayesinde Grup Oturumu \u00f6zelli\u011fini kullanabilecekler.<\/p>\r\n\r\n\r\n<hr class=\"wp-block-separator\" \/>\r\n\r\n\r\n<p><strong>INSTAGRAM YEN\u0130 \u00d6ZELL\u0130KLER EKLEMEYE DEVAM ED\u0130YOR<\/strong><\/p>\r\n\r\n\r\n\r\n<p>Neredeyse her ay yeni g\u00fcncellemeleri ile g\u00fcndeme gelen <strong>Instagram<\/strong>, \u00f6zelliklerine bir yenisini daha ekliyor.<\/p>\r\n\r\n\r\n\r\n<figure class=\"wp-block-image size-large\"><img width=\"1024\" height=\"683\" class=\"wp-image-6281\" src=\"https:\/\/egegen.com\/blog\/wp-content\/uploads\/2020\/08\/8-INSTAGRAM-YEN\u0130-\u00d6ZELL\u0130KLER-EKLEMEYE-DEVAM-ED\u0130YOR-1024x683.jpg\" alt=\"\" \/><\/figure>\r\n\r\n\r\n\r\n<p>Yap\u0131lan a\u00e7\u0131klamalara g\u00f6re kullan\u0131c\u0131lar uygulama \u00fczerinden ba\u011f\u0131\u015f toplayabilecek. Test a\u015famas\u0131nda olan bu \u00f6zellikle herhangi bir ki\u015fisel hesap i\u015f fikirleri i\u00e7in takip\u00e7ilerinden para toplayabilecek. Pandemi zaman\u0131nda da uygulanan <strong>ba\u011f\u0131\u015f \u00f6zelli\u011fi<\/strong> \u015fimdi de kullan\u0131c\u0131lar\u0131n i\u015f fikirleri, e\u011fitimlerine yard\u0131m etmek gibi \u00e7e\u015fitli sebeplerle do\u011frudan ki\u015fiye yard\u0131m edebilmenin \u00f6n\u00fcn\u00fc a\u00e7\u0131yor. \u015eimdilik ABD, \u0130ngiltere ve \u0130rlanda\u2019da 30 g\u00fcnl\u00fck bir test s\u00fcrecinde olan bu \u00f6zellik yak\u0131n zamanda bir\u00e7ok \u00fclkede denemeye sunulabilir.<\/p>\r\n\r\n\r\n<hr class=\"wp-block-separator\" \/>\r\n\r\n\r\n<p><strong>iOS 14 \u0130LE GELECEK YEN\u0130 EMOJ\u0130LER YAYINLANDI!<\/strong><\/p>\r\n\r\n\r\n\r\n<p>Apple, <strong>D\u00fcnya Emoji G\u00fcn\u00fc<\/strong> i\u00e7in yeni emojilerini yay\u0131nlad\u0131.<\/p>\r\n\r\n\r\n\r\n<figure class=\"wp-block-image size-large\"><img width=\"1024\" height=\"576\" class=\"wp-image-6283\" src=\"https:\/\/egegen.com\/blog\/wp-content\/uploads\/2020\/08\/9-iOS-14-\u0130LE-GELECEK-YEN\u0130-EMOJ\u0130LER-YAYINLANDI-1-1024x576.jpg\" alt=\"ios14\" \/><\/figure>\r\n\r\n\r\n\r\n<p>iOS 14 ile kullan\u0131labilecek <strong>yeni emoji<\/strong> paketin i\u00e7inde toplam 117 emoji bulunuyor. Bu paket; yeni y\u00fczler, yeni sa\u00e7 \u015fekilleri, anatomik ifadeler, nesli t\u00fckenmekte olan hayvanlar, yeni normalle gelen maskeli y\u00fczler ve daha kapsay\u0131c\u0131 cinsiyet emojileri gibi geni\u015f bir yelpazeden olu\u015fuyor. Her k\u00fclt\u00fcrden insan\u0131n kendini ifade etmesini sa\u011flayacak emojiler, bu sonbahar aylar\u0131nda <strong>iOS 14<\/strong> ile telefon, tablet ve bilgisayarlara gelecekler.<\/p>\r\n\r\n\r\n<hr class=\"wp-block-separator\" \/>\r\n\r\n\r\n<p><strong>SANAL POKEMON GO FEST\u0130VAL\u0130 \u0130LE EVDE E\u011eLENCE<\/strong><\/p>\r\n\r\n\r\n\r\n<p>2016\u2019dan beri milyonlarca kullan\u0131c\u0131 taraf\u0131ndan sevilerek oynanan ve d\u00fcnyada b\u00fcy\u00fck yank\u0131 uyand\u0131ran artt\u0131r\u0131lm\u0131\u015f ger\u00e7eklik oyunu <strong>Pokemon Go,<\/strong> bu y\u0131lki festivalini sanal bir versiyon ile ger\u00e7ekle\u015ftirece\u011fini a\u00e7\u0131klad\u0131. Her y\u0131l binlerce oyuncunun kat\u0131ld\u0131\u011f\u0131 <strong>Pokemon Go Festivali<\/strong> bu y\u0131l salg\u0131n sebebiyle ev temas\u0131na uyarland\u0131. 25-26 Temmuz\u2019da ger\u00e7ekle\u015fen festivalin tan\u0131t\u0131m filmi <strong>Pokemon Go Look Closer<\/strong> ba\u015fl\u0131\u011f\u0131 ile yay\u0131nlad\u0131. <strong>Rian Johnson<\/strong>\u2019\u0131n y\u00f6netmenli\u011fini yapt\u0131\u011f\u0131 tan\u0131t\u0131m filmi, Pokemon Go severler taraf\u0131ndan b\u00fcy\u00fck ilgi g\u00f6rd\u00fc. Salg\u0131n sebebiyle filmin y\u00f6netmenli\u011fini uzaktan ger\u00e7ekle\u015ftiren Rian Johnson bu deneyimden b\u00fcy\u00fck bir keyif ald\u0131\u011f\u0131n\u0131 s\u00f6yledi.<\/p>\r\n\r\n\r\n\r\n<figure class=\"wp-block-image size-large\"><img width=\"900\" height=\"450\" class=\"wp-image-6284\" src=\"https:\/\/egegen.com\/blog\/wp-content\/uploads\/2020\/08\/10-SANAL-POKEMON-GO-FEST\u0130VAL\u0130-\u0130LE-EVDE-E\u011eLENCE.jpg\" alt=\"\" \/><\/figure>\r\n\r\n\r\n\r\n<p><strong>\u0130\u015fte Pokemon Go Look Closer tan\u0131t\u0131m filmi<\/strong><\/p>\r\n\r\n\r\n\r\n<figure class=\"wp-block-embed-youtube wp-block-embed\">\r\n<div class=\"wp-block-embed__wrapper\">https:\/\/www.youtube.com\/watch?v=zq4L_t2u5R4<\/div>\r\n<\/figure>\r\n\r\n\r\n<hr class=\"wp-block-separator\" \/>\r\n\r\n\r\n<p><strong>ESK\u0130 OYUN TUTKUNLARINI SEV\u0130ND\u0130REN SET: LEGO N\u0130NTENDO NES<\/strong><\/p>\r\n\r\n\r\n\r\n<p>Lego ve Nintendo\u2019nun i\u015f birli\u011fi ile haz\u0131rlanan oyun konsolu, eski oyun tutkunlar\u0131n\u0131 kendine hayran b\u0131rakacak.<\/p>\r\n\r\n\r\n\r\n<figure class=\"wp-block-image size-large\"><img width=\"1024\" height=\"640\" class=\"wp-image-6285\" src=\"https:\/\/egegen.com\/blog\/wp-content\/uploads\/2020\/08\/11-ESK\u0130-OYUN-TUTKUNLARINI-SEV\u0130ND\u0130REN-SET-LEGO-N\u0130NTENDO-NES-1024x640.jpg\" alt=\"\" \/><\/figure>\r\n\r\n\r\n\r\n<p>Her detay\u0131yla nostaljik bir g\u00f6r\u00fcnt\u00fcye sahip olan <strong>Lego Nintendo NES<\/strong> <strong>seti<\/strong>, 1985\u2019te piyasaya s\u00fcr\u00fclen <strong>Mario Bros<\/strong> ile oyunculara eski zamanlar\u0131n\u0131 hat\u0131rlat\u0131yor. Ekran\u0131n\u0131 kullan\u0131c\u0131n\u0131n kurmas\u0131 gereken Lego Nintendo NES toplamda 2646 par\u00e7adan olu\u015fuyor. Mekanik olarak \u00e7al\u0131\u015fan setteki Retro TV\u2019de\u00a0 8 bitlik Mario fig\u00fcr\u00fc ve oyun grafikleri yer al\u0131yor. Ekran\u0131n yan\u0131ndaki kolun \u00e7evrilmesi ile beraber oyun ba\u015fl\u0131yor ve sizi adeta eski zamanlara \u0131\u015f\u0131nl\u0131yor.<\/p>\r\n\r\n\r\n<hr class=\"wp-block-separator\" \/>\r\n\r\n\r\n<p><strong>DOKUZ D\u0130LDE \u00c7EV\u0130R\u0130 YAPAB\u0130LEN YEN\u0130 NES\u0130L MASKE <\/strong><\/p>\r\n\r\n\r\n\r\n<p>D\u00fcnyam\u0131z\u0131 saran salg\u0131n <strong>COVID-19<\/strong> sebebiyle hayatlar\u0131m\u0131za maskeyle devam eder olduk. Ne zamana kadar maske takaca\u011f\u0131m\u0131z belli olmayan bu vir\u00fcsten korunmak i\u00e7in elimizden geleni yapma gayreti i\u00e7indeyiz. Bir\u00e7ok maske \u00e7e\u015fidinin kullan\u0131ld\u0131\u011f\u0131 ve tasarland\u0131\u011f\u0131 bu zamanda maske \u00e7e\u015fitlerinin aras\u0131na bir yenisi eklendi: <strong>C-Mask.<\/strong> Yeni nesil maske olarak nitelendirilen maske, farkl\u0131 dillere anl\u0131k \u00e7eviriler yap\u0131yor! Japon merkezli bir teknoloji \u015firketi taraf\u0131ndan geli\u015ftirilen C-Mask, ayr\u0131ca konu\u015fmalar\u0131 kaydedebiliyor ve bunlar\u0131 k\u0131sa mesaja \u00e7evirebiliyor. Kulland\u0131\u011f\u0131n\u0131z maskenin \u00fczerine d\u0131\u015f katman olarak yerle\u015ftirmeniz gereken C-Mask internetle ba\u011fland\u0131\u011f\u0131 bir mobil uygulama ile aktif hale geliyor. C-Mask\u2019in \u015fimdilik \u00e7evirebildi\u011fi diller ise \u015fu \u015fekilde; <strong>Japonca, \u00c7ince, \u0130ngilizce, Frans\u0131zca, \u0130spanyolca, Vietnamca, Korece, Tayca, Endonezyaca.<\/strong><\/p>\r\n\r\n\r\n\r\n<figure class=\"wp-block-image size-large\"><img width=\"1024\" height=\"566\" class=\"wp-image-6286\" src=\"https:\/\/egegen.com\/blog\/wp-content\/uploads\/2020\/08\/12-DOKUZ-D\u0130LDE-\u00c7EV\u0130R\u0130-YAPAB\u0130LEN-YEN\u0130-NES\u0130L-MASKE-1024x566.jpg\" alt=\"\" \/><\/figure>\r\n\r\n\r\n<hr class=\"wp-block-separator\" \/>\r\n\r\n\r\n<p><strong>SONY\u2019DEN SICAKLARA KAR\u015eI ETKL\u0130L\u0130 \u00c7\u00d6Z\u00dcM: REON POCKET <\/strong><\/p>\r\n\r\n\r\n\r\n<p>S\u0131caklar\u0131n dayan\u0131lmaz hal ald\u0131\u011f\u0131 bir d\u00f6nemin i\u00e7erisindeyiz. Klima olmayan ortamlarda alternatif \u00e7\u00f6z\u00fcmler arayarak serinlemeye \u00e7al\u0131\u015f\u0131yoruz.<\/p>\r\n\r\n\r\n\r\n<figure class=\"wp-block-image size-large\"><img width=\"1024\" height=\"536\" class=\"wp-image-6287\" src=\"https:\/\/egegen.com\/blog\/wp-content\/uploads\/2020\/08\/13-SONYDEN-SICAKLARA-KAR\u015eI-ETK\u0130L\u0130-\u00c7\u00d6Z\u00dcM-G\u0130Y\u0130LEB\u0130L\u0130R-KL\u0130MA-1024x536.jpg\" alt=\"\" \/><\/figure>\r\n\r\n\r\n\r\n<p><strong>Sony<\/strong>, <strong>Reon Pocket<\/strong> ile bu soruna bir \u00e7\u00f6z\u00fcm buldu\u011funu a\u00e7\u0131klad\u0131. Giyilebilir klima fan\u0131 sayesinde her ortamda ferahlama hissi sa\u011flayan ve k\u0131yafete yerle\u015ftirilebilen Reon Pocket kullan\u0131c\u0131n\u0131n v\u00fccudunu <strong>13 dereceye kadar serinletebiliyor.<\/strong> Ayn\u0131 zamanda k\u0131\u015f\u0131n da kullan\u0131labilen bu klima, v\u00fccut s\u0131cakl\u0131\u011f\u0131na ek olarak 8 dereceye kadar ek s\u0131cakl\u0131k sa\u011flayabiliyor. iOS ve Android uygulamalar\u0131 ile \u00e7al\u0131\u015fabilen Reon Pocket 2-4 saat pil \u00f6mr\u00fcne sahip.<\/p>\r\n","protected":false},"excerpt":{"rendered":"<p>Dijital pazarlama, ileti\u015fim, sosyal medya ve teknoloji alanlar\u0131na her ge\u00e7en g\u00fcn yeni de\u011fi\u015fimler ve g\u00fcncellemeler geliyor. \u00d6ne \u00e7\u0131kan geli\u015fmeleri takip edebilece\u011finiz egegen Trend Raporunun 33. say\u0131s\u0131yla kar\u015f\u0131n\u0131zday\u0131z. Keyifli okumalar\u2026 SPOTIFY\u2019DAN VIDEOPODCAST \u00d6ZELL\u0130\u011e\u0130 Dijital m\u00fczik platformlar\u0131n\u0131n en \u00f6nemlileri aras\u0131nda yer alan Spotify yeni bir \u00f6zelli\u011fi yay\u0131na ald\u0131. Art\u0131k Spotify\u2019da videolu Podcast d\u00f6nemi ba\u015fl\u0131yor. Ge\u00e7ti\u011fimiz aylarda denemelerini &hellip;<\/p>\n","protected":false},"author":20,"featured_media":6289,"comment_status":"open","ping_status":"open","sticky":false,"template":"","format":"standard","meta":[],"categories":[188],"tags":[],"_links":{"self":[{"href":"https:\/\/egegen.com\/blog\/wp-json\/wp\/v2\/posts\/6270"}],"collection":[{"href":"https:\/\/egegen.com\/blog\/wp-json\/wp\/v2\/posts"}],"about":[{"href":"https:\/\/egegen.com\/blog\/wp-json\/wp\/v2\/types\/post"}],"author":[{"embeddable":true,"href":"https:\/\/egegen.com\/blog\/wp-json\/wp\/v2\/users\/20"}],"replies":[{"embeddable":true,"href":"https:\/\/egegen.com\/blog\/wp-json\/wp\/v2\/comments?post=6270"}],"version-history":[{"count":2,"href":"https:\/\/egegen.com\/blog\/wp-json\/wp\/v2\/posts\/6270\/revisions"}],"predecessor-version":[{"id":8927,"href":"https:\/\/egegen.com\/blog\/wp-json\/wp\/v2\/posts\/6270\/revisions\/8927"}],"wp:featuredmedia":[{"embeddable":true,"href":"https:\/\/egegen.com\/blog\/wp-json\/wp\/v2\/media\/6289"}],"wp:attachment":[{"href":"https:\/\/egegen.com\/blog\/wp-json\/wp\/v2\/media?parent=6270"}],"wp:term":[{"taxonomy":"category","embeddable":true,"href":"https:\/\/egegen.com\/blog\/wp-json\/wp\/v2\/categories?post=6270"},{"taxonomy":"post_tag","embeddable":true,"href":"https:\/\/egegen.com\/blog\/wp-json\/wp\/v2\/tags?post=6270"}],"curies":[{"name":"wp","href":"https:\/\/api.w.org\/{rel}","templated":true}]}}