{"id":6233,"date":"2020-05-07T17:29:06","date_gmt":"2020-05-07T14:29:06","guid":{"rendered":"https:\/\/egegen.com\/blog\/?p=6233"},"modified":"2022-10-10T17:08:30","modified_gmt":"2022-10-10T14:08:30","slug":"egegen-trend-raporu-31-nisan-2020","status":"publish","type":"post","link":"https:\/\/egegen.com\/blog\/egegen-trend-raporu-31-nisan-2020\/","title":{"rendered":"egegen Trend Raporu &#8211; 31 \/ Nisan 2020"},"content":{"rendered":"\r\n<p>Covid-19 salg\u0131n\u0131 ile t\u00fcm d\u00fcnyada ve \u00fclkemizde sosyal medya davran\u0131\u015flar\u0131, insan ili\u015fkileri, etkinlik d\u00fczenlemeleri yeniden \u015fekillenmeye ba\u015flad\u0131. Bir\u00e7ok insan evden \u00e7al\u0131\u015fmaya, gerekli olmad\u0131k\u00e7a d\u0131\u015far\u0131 \u00e7\u0131kmamaya gayret ediyor ve b\u00f6ylece yeni bir d\u00f6nem ba\u015fl\u0131yor. Dijitalle\u015fmeye evirildi\u011fimiz \u015fu g\u00fcnlerde d\u00fcnyada ve \u00fclkemizde neler oluyor?\u00a0Trend Raporu\u2019nun 31. Say\u0131s\u0131nda, Nisan ay\u0131n\u0131n \u00f6ne \u00e7\u0131kan haberleriyle kar\u015f\u0131n\u0131zday\u0131z.\u00a0<\/p>\r\n\r\n\r\n\r\n<h3><strong>Cannes Dahil 20 Film Festivali Bu Sene Sanalla\u015f\u0131yor!<\/strong><\/h3>\r\n\r\n\r\n\r\n<p>Covid-19 nedeniyle d\u00fcnyadaki bir\u00e7ok etkinlik s\u0131ras\u0131yla iptal\u00a0edildi. \u0130ptal edilen etkinliklerden baz\u0131lar\u0131 kendilerini sanal ortama ta\u015f\u0131yarak sevenleriyle bulu\u015fmaya devam etti. Sinemaseverlerin yak\u0131ndan takip edece\u011fi ve olduk\u00e7a etkilenece\u011fi b\u00fcy\u00fck bir sanal festival ger\u00e7ekle\u015ftirilecek:\u00a0<strong>We Are One: A Global Film Festival<\/strong><\/p>\r\n\r\n\r\n\r\n<figure class=\"wp-block-image size-large\"><img width=\"1000\" height=\"630\" class=\"wp-image-6234\" src=\"https:\/\/egegen.com\/blog\/wp-content\/uploads\/2020\/05\/cannes-online-festival.jpg\" alt=\"Cannes Online Festival\" \/><\/figure>\r\n\r\n\r\n\r\n<p><strong>We Are One: A Global Film Festival; Cannes, Sundance, Berlin, Venedik, Londra, New York<\/strong>\u00a0gibi d\u00fcnyaca \u00fcnl\u00fc film festivalleri YouTube \u00fczerinden\u00a0<a href=\"https:\/\/www.youtube.com\/channel\/UChMc3c7Xvv6ol1Zv47Ja39A\" target=\"_blank\" rel=\"noreferrer noopener\">youtube.com\/weareone<\/a>\u00a0ba\u011flant\u0131s\u0131 ile 29 May\u0131s-7 Haziran 2020\u00a0tarihleri aras\u0131nda film festivali ger\u00e7ekle\u015ftirecek.<\/p>\r\n\r\n\r\n\r\n<p>Sanal film festivali \u00fccretsiz olarak izlenebilecek ayn\u0131 zamanda herhangi bir reklam i\u00e7ermeyecek. \u0130steyen izleyiciler covid-19 ile m\u00fccadele i\u00e7in ba\u011f\u0131\u015f yapabilecekler.<\/p>\r\n\r\n\r\n\r\n<p>Bu sanal festivalde yer alacaklar\u0131n listesi ise:\u00a0<\/p>\r\n\r\n\r\n\r\n<p>Annecy Uluslararas\u0131 Animasyon Film Festivali, Berlin Uluslararas\u0131 Film Festivali, Londra Film Festivali, Cannes Film Festivali, Guadalajara Uluslararas\u0131 Film Festivali, Makao Uluslararas\u0131 Film Festivali (IFFAM), Kud\u00fcs Film Festivali, Mumbai Film Festivali (MAMI), Karlovy Vary Uluslararas\u0131 Film Festivali, Locarno Film Festivali, Marake\u015f Uluslararas\u0131 Film Festivali, New York Film Festivali, San Sebasti\u00e1n Uluslararas\u0131 Film Festivali, Saraybosna Film Festivali, Sundance Film Festivali, Sidney Film Festival, Tokyo Uluslararas\u0131 Film Festivali, Toronto Uluslararas\u0131 Film Festivali, Tribeca Film Festivali ve Venedik Film Festivali.<\/p>\r\n\r\n\r\n<hr class=\"wp-block-separator\" \/>\r\n\r\n\r\n<h3><strong>Facebook G\u00f6r\u00fcnt\u00fcl\u00fc Grup Konu\u015fma \u00d6zelli\u011fini Hayata Ge\u00e7irdi<\/strong><\/h3>\r\n\r\n\r\n\r\n<p>Pandemi dolay\u0131s\u0131yla sosyal mesafeli ve evde vakit ge\u00e7irmeli bir d\u00f6nemin ba\u015flamas\u0131yla birlikte g\u00f6r\u00fcnt\u00fcl\u00fc grup sohbetleri de beraberinde artmaya ba\u015flad\u0131. Facebook Messenger Rooms ile bu talebi kar\u015f\u0131layacak bir \u00f6zellik sundu\u011funu a\u00e7\u0131klad\u0131.\u00a0<\/p>\r\n\r\n\r\n\r\n<figure class=\"wp-block-image size-large\"><img width=\"880\" height=\"495\" class=\"wp-image-6235\" src=\"https:\/\/egegen.com\/blog\/wp-content\/uploads\/2020\/05\/facebook-massenger-rooms.jpg\" alt=\"Facebook Messenger Rooms\" \/><\/figure>\r\n\r\n\r\n\r\n<p>Messenger Rooms, payla\u015f\u0131labilir g\u00f6r\u00fcnt\u00fcl\u00fc sohbet ba\u011flant\u0131lar\u0131 ile insanlar\u0131 online olarak bir araya getiriyor, 50 ki\u015fiye kadar sohbete kat\u0131l\u0131m izni sunuyor ve herhangi bir zaman k\u0131s\u0131tlamas\u0131 da bulunmuyor. Bir di\u011fer \u00f6zelli\u011fi ise konu\u015fmalara davet edilen ki\u015filerin Facebook hesab\u0131 ya da Messenger uygulamas\u0131na sahip olmalar\u0131 gerekmiyor, telefon ya da bilgisayar \u00fczerinden sohbete kat\u0131l\u0131m kolayl\u0131kla sa\u011flanabiliyor.\u00a0<\/p>\r\n\r\n\r\n<hr class=\"wp-block-separator\" \/>\r\n\r\n\r\n<h3><strong>Instagram M\u00fczik \u00d6zelli\u011fini T\u00fcrkiye\u2019ye A\u00e7t\u0131<\/strong><\/h3>\r\n\r\n\r\n\r\n<p>\u00d6zellikle evde ge\u00e7irdi\u011fimiz \u015fu g\u00fcnlerde instagram kullan\u0131c\u0131lar\u0131n\u0131 sevindiren bir \u00f6zellik sonunda T\u00fcrkiye\u2019ye geldi.\u00a0\u201c<strong>Instagram m\u00fczik \u00f6zelli\u011fi bulundu\u011funuz b\u00f6lgede kullan\u0131lm\u0131yor<\/strong>.\u201d\u00a0yaz\u0131s\u0131yla kar\u015f\u0131la\u015ft\u0131\u011f\u0131m\u0131z g\u00fcnler son buldu. Bu\u00a0yeni \u00f6zellikle birlikte Facebook ve Instagram kullan\u0131c\u0131lar\u0131 hikayelerine \u015fark\u0131 s\u00f6zleri dahil olmak \u00fczere m\u00fczik ekleyebilecekler.\u00a0<\/p>\r\n\r\n\r\n\r\n<figure class=\"wp-block-image size-large\"><img width=\"1024\" height=\"576\" class=\"wp-image-6236\" src=\"https:\/\/egegen.com\/blog\/wp-content\/uploads\/2020\/05\/instagram-music-ozelligi-1024x576.jpg\" alt=\"\u0130nstagram Music \u00d6zelli\u011fi\" \/><\/figure>\r\n\r\n\r\n\r\n<p>Kullan\u0131c\u0131lar hikayelerinde payla\u015ft\u0131klar\u0131 foto\u011fraf ve videolara 39 milyon \u015fark\u0131 bulunan k\u00fct\u00fcphaneden istedikleri m\u00fczi\u011fi aratarak ekleyebilecekler, se\u00e7ilen \u015fark\u0131n\u0131n s\u00f6zleri mevcutsa istedikleri gibi \u015fark\u0131 s\u00f6zlerini payla\u015f\u0131p boyutlar\u0131n\u0131 ayarlayabilecekler.\u00a0<\/p>\r\n\r\n\r\n\r\n<p>\u00d6zelli\u011fin kullan\u0131ma a\u00e7\u0131lmas\u0131ndan itibaren pek \u00e7ok kullan\u0131c\u0131 bu Instagram ve Facebook hikayelerinde bu \u00f6zelli\u011fi kullanmaya ba\u015flad\u0131.<\/p>\r\n\r\n\r\n<hr class=\"wp-block-separator\" \/>\r\n\r\n\r\n<h3><strong>Evinizde Oturarak D\u00fcnyay\u0131 Gezebilirsiniz!<\/strong><\/h3>\r\n\r\n\r\n\r\n<figure class=\"wp-block-image size-large\"><img width=\"1024\" height=\"576\" class=\"wp-image-6237\" src=\"https:\/\/egegen.com\/blog\/wp-content\/uploads\/2020\/05\/thripy-1024x576.png\" alt=\"thripy\" \/><\/figure>\r\n\r\n\r\n\r\n<p>Evde kal\u0131p sosyal izolasyonunuzu sa\u011flayarak da d\u00fcnyay\u0131 gezebilece\u011finiz bir uygulama:<strong>\u00a0Thripy<\/strong><\/p>\r\n\r\n\r\n\r\n<p><strong>Thripy<\/strong>\u00a0sayesinde \u015fu an gidemeyece\u011finiz her yere sizi evinizden gidebilirsiniz. Thripy\u2019deki videolar \u201cm\u00fczeler\u201d, \u201c\u015fehirler\u201d gibi kategorilere ayr\u0131l\u0131yor. \u0130stedi\u011finiz kategoriyi se\u00e7erek diledi\u011finiz yere gidebiliyorsunuz. Thripy\u2019deki videolar\u0131 izlemek i\u00e7in herhangi bir \u00fcyelik de gerekmiyor. Doruk Ka\u015fo\u011flu, Berk \u00d6ztoprak ve Adem Ay taraf\u0131ndan yarat\u0131lan bu uygulamada 150\u2019den fazla destinasyon bulunuyor ve bunun ilerleyen zamanlarda artt\u0131r\u0131laca\u011f\u0131 belirtildi.\u00a0<\/p>\r\n\r\n\r\n<hr class=\"wp-block-separator\" \/>\r\n\r\n\r\n<h3><strong>WhatsApp\u2019tan Sevindiren \u00d6zellik<\/strong><\/h3>\r\n\r\n\r\n\r\n<p>Bildi\u011finiz gibi WhatsApp g\u00f6r\u00fcnt\u00fcl\u00fc grup sohbetinde 4 ki\u015fiye kadar kat\u0131l\u0131m sa\u011flanabiliyor ve bu bir\u00e7ok kullan\u0131c\u0131n\u0131n ba\u015fka platformlara y\u00f6nelmesine sebep oluyordu. Kullan\u0131c\u0131lar\u0131na kullan\u0131m kolayl\u0131\u011f\u0131 sa\u011flamak i\u00e7in s\u00fcrekli kendini g\u00fcncelleyen platform, bu soruna k\u0131sa s\u00fcrede \u00e7\u00f6z\u00fcm buldu.\u00a0<\/p>\r\n\r\n\r\n\r\n<figure class=\"wp-block-image size-large\"><img width=\"1000\" height=\"667\" class=\"wp-image-6238\" src=\"https:\/\/egegen.com\/blog\/wp-content\/uploads\/2020\/05\/whatsapp-ozellik.jpg\" alt=\"whatsapp \u00f6zellik\" \/><\/figure>\r\n\r\n\r\n\r\n<p>Salg\u0131n\u0131n d\u00fcnyaya yay\u0131lmas\u0131yla artan g\u00f6r\u00fcnt\u00fcl\u00fc sohbet istekleri WhatsApp\u2019\u0131 yeni bir \u00f6zelli\u011fe y\u00f6nlendirdi. Android ve iOS\u2019teki Beta s\u00fcr\u00fcmlerinde 4 ki\u015fi kat\u0131l\u0131m say\u0131s\u0131n\u0131n 8\u2019e \u00e7\u0131kar\u0131laca\u011f\u0131 bilgisi verildi. Yak\u0131n zamanda t\u00fcm kullan\u0131c\u0131lara sunulan bu \u00f6zellikle art\u0131k 8 ki\u015fi ayn\u0131 anda sesli veya g\u00f6r\u00fcnt\u00fcl\u00fc konu\u015fabilecek.<\/p>\r\n\r\n\r\n<hr class=\"wp-block-separator\" \/>\r\n\r\n\r\n<h3><strong>2020\u2019de Effie Yok!<\/strong><\/h3>\r\n\r\n\r\n\r\n<figure class=\"wp-block-image size-large\"><img width=\"800\" height=\"450\" class=\"wp-image-6239\" src=\"https:\/\/egegen.com\/blog\/wp-content\/uploads\/2020\/05\/effie-odulleri.jpg\" alt=\"\" \/><\/figure>\r\n\r\n\r\n\r\n<p><strong>Effie<\/strong>\u00a0yeni \u00f6d\u00fcl organizasyonu olan\u00a0<strong>Global Best of the Best Effie Awards 2020<\/strong>\u00a0erteledi. 2020\u2019de d\u00fcnyan\u0131n en etkili pazarlama faaliyetlerini \u00f6d\u00fcllendirmek ad\u0131na yap\u0131lmas\u0131 planlanan yeni organizasyon \u00f6d\u00fcl\u00fc\u00a0<strong>Global Best of the Best Effie Awards<\/strong>\u00a0ya\u015fanan salg\u0131n krizinden dolay\u0131 erteleme karar\u0131 ald\u0131. 20 kategoriyle d\u00fczenlenecek olan organizasyon 2021 y\u0131l\u0131na al\u0131nd\u0131. Organizasyona \u015fu ana kadar yap\u0131lan ba\u015fvurular ge\u00e7erli olacak ve seneye aktar\u0131lacak.<\/p>\r\n\r\n\r\n<hr class=\"wp-block-separator\" \/>\r\n\r\n\r\n<h3><strong>G\u00f6r\u00fcnt\u00fcl\u00fc Sohbete Nas\u0131l Kat\u0131lmak \u0130stersiniz Elma, Kalem?<\/strong><\/h3>\r\n\r\n\r\n\r\n<p>Evde kalmaya \u00f6zen g\u00f6sterdi\u011fimiz \u015fu g\u00fcnlerde g\u00f6r\u00fcnt\u00fcl\u00fc g\u00f6r\u00fc\u015fmeler vazge\u00e7ilmezimiz haline geldi. Y\u00fcz y\u00fcze yap\u0131lan t\u00fcm konu\u015fmalar art\u0131k ekranlara s\u0131\u011fd\u0131r\u0131lm\u0131\u015f durumda. Peki bu konu\u015fmalar\u0131 nas\u0131l daha keyifli bir hale getirebilirsiniz?<\/p>\r\n\r\n\r\n\r\n<p><strong>Snap Camera<\/strong>\u00a0ile\u00a0<strong>Snapchat<\/strong>\u2019in komik filtrelerini kullanarak e\u011flenceli g\u00f6r\u00fc\u015fmeler yapabilirsiniz.<\/p>\r\n\r\n\r\n\r\n<figure class=\"wp-block-image size-large\"><img width=\"1024\" height=\"576\" class=\"wp-image-6240\" src=\"https:\/\/egegen.com\/blog\/wp-content\/uploads\/2020\/05\/snap-camera-1024x576.jpeg\" alt=\"snap camera\" \/><\/figure>\r\n\r\n\r\n\r\n<p>G\u00f6r\u00fc\u015fmeye bazen bir kalem, bazen bir kedi, bazen bir elma olarak kat\u0131labilirsiniz!<\/p>\r\n\r\n\r\n\r\n<p>Snap Cameray\u0131 bilgisayar\u0131n\u0131za y\u00fckleyerek kulland\u0131\u011f\u0131n\u0131z g\u00f6r\u00fcnt\u00fcl\u00fc konu\u015fma uygulamas\u0131nda a\u00e7\u0131p sohbet etti\u011finiz insanlarla e\u011flenceli dakikalar ge\u00e7irebilirsiniz.<\/p>\r\n\r\n\r\n<hr class=\"wp-block-separator\" \/>\r\n\r\n\r\n<h3>BONUS:\u00a0Horizon Interactive Awards\u2019dan 9 \u00d6d\u00fclle D\u00f6nd\u00fck<\/h3>\r\n\r\n\r\n\r\n<p>D\u00fcnya\u2019n\u0131n en prestijli web \u00f6d\u00fcllerinden biri olan ve bu y\u0131l 18.si d\u00fczenlenen\u00a0<strong>Horizon Interactive Awards<\/strong>\u00a0yar\u0131\u015fmas\u0131 sonu\u00e7land\u0131. 2018 y\u0131l\u0131nda 4 alt\u0131n, 1 g\u00fcm\u00fc\u015f \u00f6d\u00fcl alm\u0131\u015f ve ajans\u0131m\u0131z DISTINGUINCED AGENCY alan\u0131nda \u00f6d\u00fcle lay\u0131k g\u00f6r\u00fclm\u00fc\u015ft\u00fc. Bu sene ise ba\u015far\u0131lar\u0131m\u0131z\u0131 art\u0131rarak 5 alt\u0131n, 2 g\u00fcm\u00fc\u015f ve 1 bronz \u00f6d\u00fcle lay\u0131k g\u00f6r\u00fcld\u00fck. Ge\u00e7en sene oldu\u011fu gibi bu sene de DISTINGUISHED AGENCY se\u00e7ildik.\u00a0<\/p>\r\n\r\n\r\n\r\n<p>Kazanm\u0131\u015f oldu\u011fumuz \u00f6d\u00fcller ve kategoriler:<\/p>\r\n\r\n\r\n\r\n<ul>\r\n<li>\u00d6ZS\u00dcT \u2013 SPOT: GOLD WINNER \u2013 RESTORAN\/YEMEK KATEGOR\u0130S\u0130<\/li>\r\n<li>LEZ\u0130TA \u2013 Acaba Ne Pi\u015firsek \u2013 GOLD WINNER \u2013 T\u00dcKET\u0130C\u0130 B\u0130LG\u0130LEND\u0130RME KATEGOR\u0130S\u0130<\/li>\r\n<li>ALFEMO \u2013 Alfemo Franchaise \u2013 GOLD W\u0130NNER \u2013 T\u00dcKET\u0130C\u0130 B\u0130LG\u0130LEND\u0130RME KATEGOR\u0130S\u0130<\/li>\r\n<li>VOLKAN \u0130TFA\u0130YE \u2013 GOLD WINNER \u2013 T\u00dcKET\u0130C\u0130 B\u0130LG\u0130LEND\u0130RME KATEGOR\u0130S\u0130<\/li>\r\n<li>EGEGEN \u2013 GOLD WINNER \u2013 AJANS KATEGOR\u0130S\u0130\u00a0<\/li>\r\n<li>F\u0130DE \u2013 SILVER RESTORAN \u2013 YEMEK KATEGOR\u0130S\u0130<\/li>\r\n<li>SAN\u0130TA SA\u011eLIK GRUBU \u2013 SILVER \u2013 SA\u011eLIK KATEGOR\u0130S\u0130<\/li>\r\n<li>UGM \u00dcNSPED \u2013 BRONZE \u2013 PROFESYONEL SERV\u0130S KATEGOR\u0130S\u0130<\/li>\r\n<li>EGEGEN \u2013 DISTINGUISHED AGENCY 2019\u00a0<\/li>\r\n<\/ul>\r\n\r\n\r\n\r\n<p>&nbsp;<\/p>\r\n","protected":false},"excerpt":{"rendered":"<p>Covid-19 salg\u0131n\u0131 ile t\u00fcm d\u00fcnyada ve \u00fclkemizde sosyal medya davran\u0131\u015flar\u0131, insan ili\u015fkileri, etkinlik d\u00fczenlemeleri yeniden \u015fekillenmeye ba\u015flad\u0131. Bir\u00e7ok insan evden \u00e7al\u0131\u015fmaya, gerekli olmad\u0131k\u00e7a d\u0131\u015far\u0131 \u00e7\u0131kmamaya gayret ediyor ve b\u00f6ylece yeni bir d\u00f6nem ba\u015fl\u0131yor. Dijitalle\u015fmeye evirildi\u011fimiz \u015fu g\u00fcnlerde d\u00fcnyada ve \u00fclkemizde neler oluyor?\u00a0Trend Raporu\u2019nun 31. Say\u0131s\u0131nda, Nisan ay\u0131n\u0131n \u00f6ne \u00e7\u0131kan haberleriyle kar\u015f\u0131n\u0131zday\u0131z.\u00a0 Cannes Dahil 20 Film &hellip;<\/p>\n","protected":false},"author":20,"featured_media":6241,"comment_status":"open","ping_status":"open","sticky":false,"template":"","format":"standard","meta":[],"categories":[188],"tags":[],"_links":{"self":[{"href":"https:\/\/egegen.com\/blog\/wp-json\/wp\/v2\/posts\/6233"}],"collection":[{"href":"https:\/\/egegen.com\/blog\/wp-json\/wp\/v2\/posts"}],"about":[{"href":"https:\/\/egegen.com\/blog\/wp-json\/wp\/v2\/types\/post"}],"author":[{"embeddable":true,"href":"https:\/\/egegen.com\/blog\/wp-json\/wp\/v2\/users\/20"}],"replies":[{"embeddable":true,"href":"https:\/\/egegen.com\/blog\/wp-json\/wp\/v2\/comments?post=6233"}],"version-history":[{"count":2,"href":"https:\/\/egegen.com\/blog\/wp-json\/wp\/v2\/posts\/6233\/revisions"}],"predecessor-version":[{"id":8925,"href":"https:\/\/egegen.com\/blog\/wp-json\/wp\/v2\/posts\/6233\/revisions\/8925"}],"wp:featuredmedia":[{"embeddable":true,"href":"https:\/\/egegen.com\/blog\/wp-json\/wp\/v2\/media\/6241"}],"wp:attachment":[{"href":"https:\/\/egegen.com\/blog\/wp-json\/wp\/v2\/media?parent=6233"}],"wp:term":[{"taxonomy":"category","embeddable":true,"href":"https:\/\/egegen.com\/blog\/wp-json\/wp\/v2\/categories?post=6233"},{"taxonomy":"post_tag","embeddable":true,"href":"https:\/\/egegen.com\/blog\/wp-json\/wp\/v2\/tags?post=6233"}],"curies":[{"name":"wp","href":"https:\/\/api.w.org\/{rel}","templated":true}]}}