{"id":6208,"date":"2020-04-15T10:01:13","date_gmt":"2020-04-15T07:01:13","guid":{"rendered":"https:\/\/egegen.com\/blog\/?p=6208"},"modified":"2022-10-10T17:07:52","modified_gmt":"2022-10-10T14:07:52","slug":"egegen-trend-raporu-30-mart-2020","status":"publish","type":"post","link":"https:\/\/egegen.com\/blog\/egegen-trend-raporu-30-mart-2020\/","title":{"rendered":"egegen Trend Raporu &#8211; 30 \/ Mart 2020"},"content":{"rendered":"\r\n<p>Global anlamda zor zamanlardan ge\u00e7ti\u011fimiz g\u00fcnler ya\u015f\u0131yoruz. Koronavir\u00fcs\u2019\u00fcn t\u00fcm d\u00fcnyay\u0131 etkisi alt\u0131na almas\u0131yla beraber hayatlar\u0131m\u0131zda de\u011fi\u015fti. \u00c7o\u011funlukla evden \u00e7al\u0131\u015f\u0131yoruz, t\u00fcketim al\u0131\u015fkanlar\u0131m\u0131z ba\u015fkala\u015ft\u0131, hatta art\u0131k interneti daha farkl\u0131 \u015fekilde kullan\u0131yoruz. #evdekal kural\u0131na uyulmas\u0131 ile beraber, i\u015fler neredeyse t\u00fcm\u00fcyle dijitalle\u015fti.<\/p>\r\n\r\n\r\n\r\n<p>Trend Raporu\u2019nun 30. Say\u0131s\u0131nda, Mart ay\u0131n\u0131n \u00f6ne \u00e7\u0131kan haberleriyle kar\u015f\u0131n\u0131zday\u0131z.\u00a0<\/p>\r\n\r\n\r\n\r\n<h2><strong>Y\u00fcz\u00fcn\u00fcze Dokunman\u0131z\u0131 \u00d6nleyen Uygulamalar<\/strong><\/h2>\r\n\r\n\r\n\r\n<p>Coronavir\u00fcs\u2019\u00fcn bula\u015fma h\u0131zn\u0131 artt\u0131ran \u015feylerden birisi de temas, \u00f6zellikle y\u00fcze yap\u0131lan temas. Son d\u00f6nemde yap\u0131lan ara\u015ft\u0131rmalar, 1 saat i\u00e7inde ortalama 23 kez y\u00fcz\u00fcm\u00fcze dokundu\u011fumuzu ortaya \u00e7\u0131kart\u0131yor. Hal b\u00f6yle olunca, y\u00fcz\u00fcn\u00fcze dokunman\u0131z\u0131 engellemenize yard\u0131mc\u0131 olacak uygulamalar ve internet siteleri olu\u015fturuluyor. Y\u00fcze dokunmak bir refleks oldu\u011fu i\u00e7in kontrol etmesi de olduk\u00e7a zor. Belli aral\u0131klarla y\u00fcz\u00fcn\u00fcze dokunmaman\u0131z\u0131 hat\u0131rlatacak bir uygulama indirebilir, bilgisayar\u0131n\u0131za ya da telefonunuza zamanlay\u0131c\u0131 koyabilirsiniz.\u00a0<\/p>\r\n\r\n\r\n\r\n<figure class=\"wp-block-image size-large\"><img width=\"1000\" height=\"667\" class=\"wp-image-6220\" src=\"https:\/\/egegen.com\/blog\/wp-content\/uploads\/2020\/04\/yuze-dokunmayi-engelleyen-uygulamalar.jpg\" alt=\"Y\u00fcze Dokunmay\u0131 Engelleyen Uygulamalar\" \/><\/figure>\r\n\r\n\r\n\r\n<p>Peki neden s\u00fcrekli y\u00fcz\u00fcm\u00fcze dokunma ihtiyac\u0131 duyuyoruz. De\u011ferli bir youtube fenomeni olan Bar\u0131\u015f \u00d6zcan, \u00e7ekti\u011fi videoda nedenini olas\u0131l\u0131klar ve deneyler e\u015fli\u011finde a\u00e7\u0131klam\u0131\u015f. E\u011fer bu sorunun cevab\u0131n\u0131 merak ediyorsan\u0131z<a href=\"https:\/\/www.youtube.com\/watch?v=7zqn_kYKc9E\" rel=\"nofollow\">\u00a0<strong>linke t\u0131klayabilirsiniz<\/strong><\/a>.\u00a0\u00a0\u00a0<\/p>\r\n\r\n\r\n\r\n<h3><strong>Evde Kalan\u0131n Kazand\u0131\u011f\u0131 Bir Uygulama : Zenly<\/strong><\/h3>\r\n\r\n\r\n\r\n<p>Dijitalle\u015fmenin hayat\u0131m\u0131za getirdi\u011fi faydalar\u0131 Koronavir\u00fcs sebebiyle daha iyi anl\u0131yor olduk. Snapchat&#8217;in konum payla\u015fma uygulamas\u0131 Zenly, sosyal mesafeyi bir liderlik tablosuyla oyunla\u015ft\u0131rd\u0131. Asl\u0131nda Zenly uygulamas\u0131n\u0131n amac\u0131 takip\u00e7ilerini daha sosyal olmaya y\u00f6nlendirmekti. Ancak Koronavir\u00fcs sebebiyle uygulaman\u0131n amac\u0131 tamamen de\u011fi\u015ferek tam tersine d\u00f6n\u00fc\u015ft\u00fc.<\/p>\r\n\r\n\r\n\r\n<figure class=\"wp-block-image size-large\"><img width=\"1024\" height=\"768\" class=\"wp-image-6209\" src=\"https:\/\/egegen.com\/blog\/wp-content\/uploads\/2020\/04\/zenly-evde-kal-uygulamas\u0131-1024x768.jpg\" alt=\"Zenly Evde Kal Uygulamas\u0131\" \/><\/figure>\r\n\r\n\r\n\r\n<p>Corona salg\u0131n\u0131 boyunca evde kalmay\u0131 \u201cevde kal\u201d adl\u0131 liderlik oyunuyla bir meydan okumaya d\u00f6n\u00fc\u015ft\u00fcrd\u00fc. Kullan\u0131c\u0131lar\u0131n evde kalma oranlar\u0131n\u0131 hesaplayarak en y\u00fcksek skora ula\u015fm\u0131\u015f be\u015f kullan\u0131c\u0131y\u0131 bir liderlik tablosuna yerle\u015ftiriyor, b\u00f6ylece kullan\u0131c\u0131lar\u0131n evde kalmas\u0131n\u0131 te\u015fvik ediyor. Ayn\u0131 zamanda \u00fclkelerdeki coronavirus vaka say\u0131lar\u0131n\u0131 takip edebilecekleri bir harita da sunuyor.\u00a0<\/p>\r\n\r\n\r\n<hr class=\"wp-block-separator\" \/>\r\n\r\n\r\n<h3><strong>Twitter\u2019a Hik\u00e2yeler \u00d6zelli\u011fi Geliyor<\/strong><\/h3>\r\n\r\n\r\n\r\n<p>Snapchat\u2019le birlikte hayat\u0131m\u0131za giren 24 saatte kaybolan hik\u00e2yeler \u0130nstagram Facebook gibi platformlar\u0131ndan ard\u0131ndan \u015fimdi de Twitter\u2019a geliyor. Twitter, t\u00fcm d\u00fcnyada kullan\u0131ma sunmay\u0131 planlad\u0131\u011f\u0131 Fleets adl\u0131 hik\u00e2yeler format\u0131n\u0131 Brezilya\u2019da test etmeye ba\u015flad\u0131. Twitter\u2019\u0131n yapt\u0131\u011f\u0131 a\u00e7\u0131klamaya g\u00f6re Fleets, ge\u00e7ici d\u00fc\u015f\u00fcncelerin payla\u015f\u0131lmas\u0131na y\u00f6nelik bir \u00f6zellik.<\/p>\r\n\r\n\r\n\r\n<figure class=\"wp-block-image size-large\"><img width=\"1024\" height=\"512\" class=\"wp-image-6210\" src=\"https:\/\/egegen.com\/blog\/wp-content\/uploads\/2020\/04\/Twitter-Fleets-hikaye-ozelligi-1024x512.jpg\" alt=\"Twitter Fleets hikaye \u00f6zelli\u011fi\" \/><\/figure>\r\n\r\n\r\n\r\n<p>Koronavir\u00fcs ile kullan\u0131m oran\u0131 artan twitter, kullan\u0131c\u0131lar\u0131n\u0131 vir\u00fcs sonras\u0131nda da aktif tutmak istiyor olacak ki, yeni geli\u015fmelerle kar\u015f\u0131m\u0131za \u00e7\u0131k\u0131yor. Fleets ile beraber 24 saat i\u00e7inde yok olmas\u0131nda bir zarar olmayan anl\u0131k d\u00fc\u015f\u00fcncelerini payla\u015fabileceksiniz. Peki sizce bu uygulama, Twitter\u2019\u0131n s\u0131kl\u0131kla ba\u015f\u0131n\u0131 derde sokan uygunsuz i\u00e7eriklerin daha kolay payla\u015f\u0131lmas\u0131n\u0131 sa\u011flamaz m\u0131?\u00a0<\/p>\r\n\r\n\r\n<hr class=\"wp-block-separator\" \/>\r\n\r\n\r\n<h3><strong>WhatsApp\u2019tan Karanl\u0131k Mod \u00d6zelli\u011fi<\/strong><\/h3>\r\n\r\n\r\n\r\n<figure class=\"wp-block-image size-large\"><img width=\"1000\" height=\"563\" class=\"wp-image-6211\" src=\"https:\/\/egegen.com\/blog\/wp-content\/uploads\/2020\/04\/whatsapp-dark-mode-ozelligi.jpg\" alt=\"Whatsapp Dark Mode \u00d6zelli\u011fi\" \/><\/figure>\r\n\r\n\r\n\r\n<p>G\u00f6z yorgunlu\u011funu azaltan ve \u015farj tasarrufu sa\u011flayan karanl\u0131k mod \u00f6zelli\u011fi Android ve iOS kullan\u0131c\u0131lar\u0131na geldi. Whatsapp karanl\u0131k mod \u00f6zelli\u011fini bir reklam filmiyle kamuoyuna sundu. Dilerseniz<a href=\"https:\/\/youtu.be\/DoPYlgsEKvk\" rel=\"nofollow\">\u00a0link<\/a>\u00a0\u00fczerinden tan\u0131t\u0131m\u0131n\u0131 inceleyebilirsiniz. Ancak bu \u00f6zellik yaln\u0131zca Android 10 ve iOS 13 ve \u00fczeri s\u00fcr\u00fcmlere sahip cihazlarda kullan\u0131labilecek. Sosyal mesafenin artmas\u0131, elektronik aletler olan mesafemizi azaltt\u0131. Yak\u0131n \u00e7evremizle ancak online yollardan ileti\u015fim kurabiliyoruz. Bu durum Whatsapp kullan\u0131m\u0131n\u0131n da artmas\u0131na neden oluyor. Karanl\u0131k mod ise g\u00f6zleri \u00e7ok daha az yordu\u011fu i\u00e7in, dark mode \u00f6zelli\u011finin faydal\u0131 oldu\u011fu d\u00fc\u015f\u00fcncesindeiyz.\u00a0\u00a0<\/p>\r\n\r\n\r\n<hr class=\"wp-block-separator\" \/>\r\n\r\n\r\n<h3><strong>Microsoft&#8217;tan Ak\u0131ll\u0131ca Bir Hamle: \u0130stenmeyen Sesleri Filtreleyen Yapay Zeka<\/strong><\/h3>\r\n\r\n\r\n\r\n<p>Evden \u00e7al\u0131\u015f\u0131yorsan\u0131z, toplant\u0131lar\u0131n\u0131z\u0131 dijital ortamlarda ger\u00e7ekle\u015ftirmeye al\u0131\u015fm\u0131\u015fs\u0131n\u0131z demektir. Bir \u00e7ok firma ise online ba\u011flant\u0131 kurmaya yarayan uygulamalar\u0131n\u0131 iyile\u015ftirme yolunda ad\u0131mlar at\u0131yor. Toplant\u0131 esnas\u0131nda internet ba\u011flant\u0131n\u0131z\u0131n g\u00fcc\u00fc d\u0131\u015f\u0131nda arka plan\u0131n\u0131z ve d\u0131\u015far\u0131dan sesler b\u00fcy\u00fck \u00f6nem ta\u015f\u0131yor. Bu konuda h\u0131zl\u0131ca aksiyon alarak iyile\u015ftirme \u00e7al\u0131\u015fmalar\u0131n\u0131 h\u0131zland\u0131ran bir ad\u0131m Microsoft\u2019un Team uygulamas\u0131ndan geliyor.\u00a0<\/p>\r\n\r\n\r\n\r\n<figure class=\"wp-block-image size-large\"><img width=\"810\" height=\"456\" class=\"wp-image-6218\" src=\"https:\/\/egegen.com\/blog\/wp-content\/uploads\/2020\/04\/team-microsoft.jpg\" alt=\"Microsoft Teams\" \/><\/figure>\r\n\r\n\r\n\r\n<p>Microsoft, Teams i\u00e7in sesiniz olmayan arka plan g\u00fcr\u00fclt\u00fcs\u00fcn\u00fc tan\u0131mlayabilen bir yapay zeka yaz\u0131l\u0131m\u0131 kullan\u0131yor.\u00a0\u00a0Koronavir\u00fcs salg\u0131n\u0131ndan dolay\u0131 evden \u00e7al\u0131\u015fmak, ders i\u015flemek zorunda olanlar\u0131n en b\u00fcy\u00fck sorunlar\u0131ndan biri toplu ileti\u015fim kurabilmek. Microsoft Teams\u00a0\u00a0ise sadece sizin sesinizi alg\u0131layarak arka plandaki g\u00fcr\u00fclt\u00fcleri engelleyerek daha g\u00fc\u00e7l\u00fc bir ileti\u015fim kurmaya yard\u0131mc\u0131 oluyor.<\/p>\r\n\r\n\r\n<hr class=\"wp-block-separator\" \/>\r\n\r\n\r\n<h3><strong>Instagram G\u00f6r\u00fcnt\u00fcl\u00fc Sohbete Yeni \u00d6zellik<\/strong><\/h3>\r\n\r\n\r\n\r\n<p>Koronavir\u00fcs ile beraber bir\u00e7ok mecra g\u00f6r\u00fcnt\u00fcl\u00fc konu\u015fma \u00f6zelliklerini geli\u015ftirmeye \u00e7al\u0131\u015f\u0131yor. Yenilenmeyi ve g\u00fcndeme ayak uydurmay\u0131 asla b\u0131rakmayan Instagram ise \u00e7oktan kollar\u0131 s\u0131vam\u0131\u015f olacak ki, g\u00f6r\u00fcnt\u00fcl\u00fc sohbet \u00f6zelli\u011fini h\u0131zl\u0131ca geli\u015ftirerek aktif hale getirdi.\u00a0<\/p>\r\n\r\n\r\n\r\n<figure class=\"wp-block-image size-large\"><img width=\"600\" height=\"400\" class=\"wp-image-6212\" src=\"https:\/\/egegen.com\/blog\/wp-content\/uploads\/2020\/04\/instagram-goruntulu-konusma.jpg\" alt=\"Instagram G\u00f6r\u00fcnt\u00fcl\u00fc Konu\u015fma\" \/><\/figure>\r\n\r\n\r\n\r\n<p>Instagram, Koronavir\u00fcs salg\u0131n\u0131yla birlikte insanlar\u0131n birbirleriyle ba\u011flant\u0131da kalmalar\u0131 i\u00e7in g\u00f6r\u00fcnt\u00fcl\u00fc sohbete yeni bir \u00f6zellik ekledi\u011fini belirtti. G\u00f6r\u00fcnt\u00fcl\u00fc sohbet \u00fczerinden Instagram g\u00f6nderilerini birlikte g\u00f6r\u00fcnt\u00fcleme \u00f6zelli\u011fini kullan\u0131ma sundu. Bu \u00f6zellikle insanlar g\u00f6r\u00fcnt\u00fcl\u00fc sohbetteyken sa\u011f alt k\u00f6\u015fedeki foto\u011fraf ikonuna t\u0131klayarak, kaydettikleri,be\u011fendikleri foto\u011fraf ve videolar\u0131 arkada\u015flar\u0131yla birlikte g\u00f6r\u00fcnt\u00fcleyebilecek. Instagram b\u00f6ylece hem takip\u00e7ilerin birbirleriyle olan etkile\u015fimini hem de kendi aralar\u0131ndaki ileti\u015fimi art\u0131rmay\u0131 planl\u0131yor.\u00a0<\/p>\r\n\r\n\r\n<hr class=\"wp-block-separator\" \/>\r\n\r\n\r\n<h3><strong>Corona Vir\u00fcs Konulu AR Oyunu<\/strong><\/h3>\r\n\r\n\r\n\r\n<p>Snapchat, kullan\u0131c\u0131lar\u0131na AR (Art\u0131r\u0131lm\u0131\u015f Ger\u00e7eklik) destekli yeni bir oyun sunuyor. Corona vir\u00fcs\u00fc hakk\u0131nda g\u00fcvenilir, teyit edilmi\u015f en do\u011fru bilgiler D\u00fcnya Sa\u011fl\u0131k \u00d6rg\u00fct\u00fc\u2019n\u00fcn (WHO) web sitesinden al\u0131n\u0131yor ve b\u00f6ylece Snapchat\u2019in yeni oyunu, kullan\u0131c\u0131lar\u0131 e\u011flendirirken di\u011fer yandan konuyla ilgili bilgi edinmesini sa\u011fl\u0131yor.<\/p>\r\n\r\n\r\n\r\n<figure class=\"wp-block-image size-large\"><img width=\"950\" height=\"667\" class=\"wp-image-6213\" src=\"https:\/\/egegen.com\/blog\/wp-content\/uploads\/2020\/04\/snapchat-korona-virus-ar.jpg\" alt=\"Snapchat Korona Vir\u00fcs AR\" \/><\/figure>\r\n\r\n\r\n\r\n<p>\u00a0Oyun \u015fu \u015fekilde; vir\u00fcs ve etkilerini \u00e7evreleyen bir\u00e7ok soru ile ekran\u0131n alt k\u0131sm\u0131nda bir s\u0131nav a\u00e7\u0131l\u0131yor. Oyunu oynamaya ba\u015flad\u0131\u011f\u0131n\u0131zda, do\u011fru veya yanl\u0131\u015f \u015f\u0131klar\u0131yla cevaplayabilece\u011finiz Corona vir\u00fcs\u00fc hakk\u0131nda sorular al\u0131yorsunuz. Sorulara vermi\u015f oldu\u011funuz cevaplar\u0131 da kontrol edebiliyorsunuz.<\/p>\r\n\r\n\r\n<hr class=\"wp-block-separator\" \/>\r\n\r\n\r\n<h3><strong>Evde Oturarak M\u00fcze Gezmeye Ne Dersiniz?\u00a0<\/strong><\/h3>\r\n\r\n\r\n\r\n<p>Teknolojinin geli\u015fmesi ile beraber k\u00fclt\u00fcrel bir \u00e7ok aktivitelerimiz de sanal alemdeki yerini alm\u0131\u015ft\u0131. Bunlardan bir tanesi, e-kitap. Kitap\u00e7\u0131ya gitmeye gerek kalmadan kitaplar\u0131n\u0131z\u0131 internet \u00fczerinden sat\u0131n alabilir ve okumalar\u0131n\u0131z\u0131 online olarak ger\u00e7ekle\u015ftirebilirsiniz. Bu fikre al\u0131\u015f\u0131\u011f\u0131z ancak Koronavir\u00fcs ile beraber hayat\u0131m\u0131za yeni fikirler de girdi. \u00d6rne\u011fin, internet \u00fczerinden online olarak izleyebildi\u011finiz tiyatro oyunlar\u0131. Ancak daha fazlas\u0131 var. Art\u0131k m\u00fczeler de online olarak gezilebiliyor. \u00dcstelik bunun i\u00e7in herhangi bir \u00fccret \u00f6demenize gerek yok.\u00a0\u00a0\u00a0\u00a0<\/p>\r\n\r\n\r\n\r\n<figure class=\"wp-block-image size-large\"><img width=\"1000\" height=\"554\" class=\"wp-image-6214\" src=\"https:\/\/egegen.com\/blog\/wp-content\/uploads\/2020\/04\/muzeler-ucretsiz.jpg\" alt=\"Evde Oturarak M\u00fcze Gezmeye Ne Dersiniz\" \/><\/figure>\r\n\r\n\r\n\r\n<p>Corona salg\u0131n\u0131ndan m\u00fczelerin de kapanmas\u0131na \u00fcz\u00fclen sanatseverler i\u00e7in evden \u00e7\u0131kmadan,\u00a0\u00a0d\u00fcnyan\u0131n pek \u00e7ok yerinden m\u00fczelere sanal turlar d\u00fczenleniyor. Evden \u00e7\u0131kmadan gezilebilecek baz\u0131 m\u00fczeler:<a href=\"https:\/\/artsandculture.google.com\/explore\" rel=\"nofollow\">\u00a0Metropolitan Museum<\/a>,\u00a0<a href=\"https:\/\/www.britishmuseum.org\/collection\" rel=\"nofollow\">British Museum<\/a>,\u00a0<a href=\"https:\/\/www.louvre.fr\/en\/visites-en-ligne\" rel=\"nofollow\">Louvre<\/a>,\u00a0<a href=\"https:\/\/www.uffizi.it\/mostre-virtuali\" rel=\"nofollow\">Galleria degli Uffizi<\/a>,\u00a0<a href=\"https:\/\/pinacotecabrera.org\/\" rel=\"nofollow\">Pinacoteca di Brera<\/a>,\u00a0<a href=\"http:\/\/www.museivaticani.va\/content\/museivaticani\/it\/collezioni\/catalogo-online.html\" rel=\"nofollow\">Musei Vaticani<\/a>,\u00a0<a href=\"https:\/\/www.namuseum.gr\/en\/collections\/\" rel=\"nofollow\">Museo Archeologico<\/a>,\u00a0<a href=\"https:\/\/www.museodelprado.es\/en\/the-collection\/art-works\" rel=\"nofollow\">Prado<\/a>,\u00a0<a href=\"https:\/\/www.hermitagemuseum.org\/wps\/portal\/hermitage\/explore\/artworks\/!ut\/p\/z1\/04_Sj9CPykssy0xPLMnMz0vMAfIjo8zi_R0dzQyNnQ28_N0DLA0cvQ0Nzfw93HzdQs31w8EKDHAARwP9KGL041EQhd_4cP0oVCvc3dxdDBzdLQOdLUz8jdwtDNEV-Ht6mxs4-oeYevj7hzkbOZtAFeCxpCA3NMIg01MRAPaBmLw!\/dz\/d5\/L2dBISEvZ0FBIS9nQSEh\/?lng=tr\" rel=\"nofollow\">Hermitage<\/a>,\u00a0<a href=\"https:\/\/www.nga.gov\/index.html\" rel=\"nofollow\">National Gallery of Art<\/a><\/p>\r\n\r\n\r\n<hr class=\"wp-block-separator\" \/>\r\n\r\n\r\n<h4>BONUS: \u00dccretsiz Olarak Eri\u015febilece\u011finiz E-dergi Listesi<\/h4>\r\n\r\n\r\n\r\n<p>Evde kal kural\u0131na uyarak sa\u011fl\u0131\u011f\u0131n\u0131z\u0131 koruman\u0131z i\u00e7in bir\u00e7ok kurulu\u015f g\u00fczel ad\u0131mlar atmakta. \u00dccretsiz e\u011fitimler, \u00fccret \u00f6demeden film izleyebilece\u011finiz platformlar, gazete abonelikler ve \u00e7ok daha fazlas\u0131 eri\u015fime a\u00e7\u0131lm\u0131\u015f durumda. Ayn\u0131 \u015fekilde bir\u00e7ok dergi de Nisan say\u0131lar\u0131n\u0131 online ortamlardan \u00fccret \u00f6demeden ula\u015fabilece\u011finiz \u015fekilde eri\u015fime a\u00e7t\u0131.\u00a0<\/p>\r\n\r\n\r\n\r\n<figure class=\"wp-block-image size-large\"><img width=\"1000\" height=\"667\" class=\"wp-image-6215\" src=\"https:\/\/egegen.com\/blog\/wp-content\/uploads\/2020\/04\/ucretsiz-dergiler.jpg\" alt=\"\u00dccretsiz Olarak Eri\u015febilece\u011finiz E-dergi Listesi\" \/><\/figure>\r\n\r\n\r\n\r\n<p>Herkesin ilgi oda\u011f\u0131na uyum sa\u011flayacak \u015fekilde, diledi\u011finiz ve ilginizi \u00e7eken konular hakk\u0131nda a\u015fa\u011f\u0131da listesini verdi\u011fimiz dergilere \u00fccretsiz olarak ula\u015fabilirsiniz.\u00a0<\/p>\r\n\r\n\r\n\r\n<ul>\r\n<li>Sokrates\u00a0\u00a0<\/li>\r\n<li>Toplumsal Tarih<\/li>\r\n<li>Yeni E<\/li>\r\n<li>Marketing T\u00fcrkiye<\/li>\r\n<li>Bant Mag<\/li>\r\n<\/ul>\r\n\r\n\r\n\r\n<p>Bir sonraki Trend Raporu\u2019muzda sa\u011fl\u0131k dolu g\u00fcnlere kavu\u015fmam\u0131z dile\u011fiyle, keyifli okumalar dileriz.\u00a0<\/p>\r\n","protected":false},"excerpt":{"rendered":"<p>Global anlamda zor zamanlardan ge\u00e7ti\u011fimiz g\u00fcnler ya\u015f\u0131yoruz. Koronavir\u00fcs\u2019\u00fcn t\u00fcm d\u00fcnyay\u0131 etkisi alt\u0131na almas\u0131yla beraber hayatlar\u0131m\u0131zda de\u011fi\u015fti. \u00c7o\u011funlukla evden \u00e7al\u0131\u015f\u0131yoruz, t\u00fcketim al\u0131\u015fkanlar\u0131m\u0131z ba\u015fkala\u015ft\u0131, hatta art\u0131k interneti daha farkl\u0131 \u015fekilde kullan\u0131yoruz. #evdekal kural\u0131na uyulmas\u0131 ile beraber, i\u015fler neredeyse t\u00fcm\u00fcyle dijitalle\u015fti. Trend Raporu\u2019nun 30. Say\u0131s\u0131nda, Mart ay\u0131n\u0131n \u00f6ne \u00e7\u0131kan haberleriyle kar\u015f\u0131n\u0131zday\u0131z.\u00a0 Y\u00fcz\u00fcn\u00fcze Dokunman\u0131z\u0131 \u00d6nleyen Uygulamalar Coronavir\u00fcs\u2019\u00fcn bula\u015fma h\u0131zn\u0131 &hellip;<\/p>\n","protected":false},"author":20,"featured_media":6217,"comment_status":"open","ping_status":"open","sticky":false,"template":"","format":"standard","meta":[],"categories":[188],"tags":[],"_links":{"self":[{"href":"https:\/\/egegen.com\/blog\/wp-json\/wp\/v2\/posts\/6208"}],"collection":[{"href":"https:\/\/egegen.com\/blog\/wp-json\/wp\/v2\/posts"}],"about":[{"href":"https:\/\/egegen.com\/blog\/wp-json\/wp\/v2\/types\/post"}],"author":[{"embeddable":true,"href":"https:\/\/egegen.com\/blog\/wp-json\/wp\/v2\/users\/20"}],"replies":[{"embeddable":true,"href":"https:\/\/egegen.com\/blog\/wp-json\/wp\/v2\/comments?post=6208"}],"version-history":[{"count":2,"href":"https:\/\/egegen.com\/blog\/wp-json\/wp\/v2\/posts\/6208\/revisions"}],"predecessor-version":[{"id":8924,"href":"https:\/\/egegen.com\/blog\/wp-json\/wp\/v2\/posts\/6208\/revisions\/8924"}],"wp:featuredmedia":[{"embeddable":true,"href":"https:\/\/egegen.com\/blog\/wp-json\/wp\/v2\/media\/6217"}],"wp:attachment":[{"href":"https:\/\/egegen.com\/blog\/wp-json\/wp\/v2\/media?parent=6208"}],"wp:term":[{"taxonomy":"category","embeddable":true,"href":"https:\/\/egegen.com\/blog\/wp-json\/wp\/v2\/categories?post=6208"},{"taxonomy":"post_tag","embeddable":true,"href":"https:\/\/egegen.com\/blog\/wp-json\/wp\/v2\/tags?post=6208"}],"curies":[{"name":"wp","href":"https:\/\/api.w.org\/{rel}","templated":true}]}}