{"id":6152,"date":"2020-03-05T11:17:59","date_gmt":"2020-03-05T08:17:59","guid":{"rendered":"https:\/\/egegen.com\/blog\/?p=6152"},"modified":"2022-10-10T17:07:11","modified_gmt":"2022-10-10T14:07:11","slug":"egegen-trend-raporu-29-subat-2020","status":"publish","type":"post","link":"https:\/\/egegen.com\/blog\/egegen-trend-raporu-29-subat-2020\/","title":{"rendered":"egegen Trend Raporu &#8211; 29 \/ \u015eubat 2020"},"content":{"rendered":"\r\n<p>egegen Trend Raporu\u2019nun 29. say\u0131s\u0131nda sosyal medya mecralar\u0131n\u0131n yeni g\u00fcncellemelerinden, yeni uygulamalara; hikaye \u00f6zelliklerinden, yarat\u0131c\u0131 tasar\u0131m \u00e7al\u0131\u015fmalara kadar \u015eubat ay\u0131na h\u0131zl\u0131ca g\u00f6z gezdiriyoruz.<\/p>\r\n\r\n\r\n\r\n<h4><strong>Instagram Hikayelere Video K\u0131rpma \u00d6zelli\u011fi Geldi<\/strong><\/h4>\r\n\r\n\r\n\r\n<figure class=\"wp-block-image size-large\"><img width=\"1000\" height=\"667\" class=\"wp-image-6154\" src=\"https:\/\/egegen.com\/blog\/wp-content\/uploads\/2020\/03\/1-video-k\u0131rpma.jpg\" alt=\"\" \/>\r\n<figcaption>instagram video k\u0131rpma<\/figcaption>\r\n<\/figure>\r\n\r\n\r\n\r\n<p>Instagram kullan\u0131c\u0131lar\u0131 taraf\u0131ndan uzun s\u00fcredir beklenen bir \u00f6zellik olan Video K\u0131rpma \u00f6zelli\u011fi uygulama a\u015famas\u0131nda! Ne zaman gelece\u011fine dair bir a\u00e7\u0131klama yap\u0131lmasa da, art\u0131k instagram hikaye \u00f6zelliklerine video eklerken, uygulama i\u00e7in k\u0131rpma \u00f6zelli\u011fini kullanabilece\u011fiz. Facebook taraf\u0131ndan sat\u0131n al\u0131nan Instagram, geli\u015ftirdi\u011fi \u00f6zellikler ile takip\u00e7ilerini hesaplar\u0131n\u0131 aktif bir \u015fekilde kullanmalar\u0131 i\u00e7in te\u015fvik edici yeniliklerle kar\u015f\u0131m\u0131za \u00e7\u0131k\u0131yor. Video k\u0131rpma \u00f6zelli\u011finin de bu etkile\u015fimi g\u00fc\u00e7lendirece\u011fine eminiz.\u00a0\u00a0\u00a0<\/p>\r\n\r\n\r\n<hr class=\"wp-block-separator\" \/>\r\n\r\n\r\n<h4><strong>Eski Foto\u011fraflara Nak\u0131\u015f ve Kanavi\u00e7e Dokunu\u015flar\u0131<\/strong><\/h4>\r\n\r\n\r\n\r\n<figure class=\"wp-block-image size-large\" style=\"max-width: 450px;\"><img width=\"820\" height=\"1024\" class=\"wp-image-6155\" src=\"https:\/\/egegen.com\/blog\/wp-content\/uploads\/2020\/03\/2-kanavice-gorseller-1.jpg\" alt=\"\" \/>\r\n<figcaption>Kanavice<\/figcaption>\r\n<\/figure>\r\n\r\n\r\n\r\n<p>Yarat\u0131c\u0131l\u0131k sen neredeysen orada! Yeter ki ruhunu \u00f6zg\u00fcr b\u0131rak, bak\u0131\u015f a\u00e7\u0131n\u0131 de\u011fi\u015ftir ve \u00e7evrendeki materyallere yeniden bak\u2026 Han Cao \u00f6yle yapm\u0131\u015f olacak ki, eski foto\u011fraflar\u0131 kanavi\u00e7e ve nak\u0131\u015flarla yeniden canland\u0131rm\u0131\u015f. Forgotton Photos ismini verdi\u011fi serisinde yer alan bu yeni tekni\u011fi olduk\u00e7a ilgi \u00e7ekmi\u015f.<\/p>\r\n\r\n\r\n\r\n<figure class=\"wp-block-image size-large\" style=\"max-width: 450px;\"><img width=\"770\" height=\"785\" class=\"wp-image-6156\" src=\"https:\/\/egegen.com\/blog\/wp-content\/uploads\/2020\/03\/3-kanavice-gorseller-2.jpg\" alt=\"\" \/>\r\n<figcaption>Kanavice<\/figcaption>\r\n<\/figure>\r\n\r\n\r\n\r\n<p>Han Cao, d\u00fcnyan\u0131n d\u00f6rt bir yan\u0131ndaki antikac\u0131lar\u0131 gezerek eski foto\u011fraflar\u0131 topluyor ve bu foto\u011fraflar\u0131n \u00fczerinde yarat\u0131c\u0131l\u0131\u011f\u0131n\u0131 tekni\u011fi ile birle\u015ftirerek yepyeni tasar\u0131mlar ile kar\u015f\u0131m\u0131za \u00e7\u0131k\u0131yor. Ger\u00e7ekle\u015ftirdi\u011fi \u00e7al\u0131\u015fmalar\u0131 incelemek isterseniz <a href=\"https:\/\/www.instagram.com\/hanwriting\/\" target=\"_blank\" rel=\"nofollow noopener noreferrer\">instagram<\/a> adresini ziyaret edebilirsiniz. E\u011fer bu tasar\u0131mlar\u0131 sat\u0131n almak isterseniz\u00a0<a href=\"https:\/\/shop.hanwriting.com\/collections\/prints\" target=\"_blank\" rel=\"nofollow noopener noreferrer\">link<\/a>\u00a0\u00fczerindeki sitesini ziyaret etmeniz yeterli.\u00a0<\/p>\r\n\r\n\r\n<hr class=\"wp-block-separator\" \/>\r\n\r\n\r\n<h4><strong>Instagram \u00dczerinden \u00c7evrimi\u00e7i Dersler Almaya Ne Dersiniz?<\/strong><\/h4>\r\n\r\n\r\n\r\n<figure class=\"wp-block-image size-large\" style=\"max-width: 450px;\"><img width=\"722\" height=\"667\" class=\"wp-image-6158\" src=\"https:\/\/egegen.com\/blog\/wp-content\/uploads\/2020\/03\/5-school-2.png\" alt=\"\" \/><\/figure>\r\n\r\n\r\n\r\n<p>Sosyal medya kullan\u0131m\u0131 g\u00fcn gittik\u00e7e geni\u015fliyor. Sadece foto\u011fraf ve i\u00e7erik payla\u015fman\u0131n \u00e7ok \u00e7ok \u00f6tesinde bir alana do\u011fru evriliyor. Sosyal medyan\u0131n g\u00fcn\u00fcm\u00fczde yaratt\u0131\u011f\u0131 tahribattan yak\u0131nanlar\u0131 bu \u00f6zel i\u00e7eri\u011fi incelemeye davet ediyoruz \u00e7\u00fcnk\u00fc olumsuz y\u00f6nleri kadar geli\u015ftirici, inovatif ve e\u011fitici y\u00f6nlerini de ke\u015ffetmek gerekti\u011fini d\u00fc\u015f\u00fcn\u00fcyoruz.\u00a0<\/p>\r\n\r\n\r\n\r\n<figure class=\"wp-block-image size-large\"><img width=\"721\" height=\"480\" class=\"wp-image-6157\" src=\"https:\/\/egegen.com\/blog\/wp-content\/uploads\/2020\/03\/4-school-1.png\" alt=\"\" \/><\/figure>\r\n\r\n\r\n\r\n<p>Bahsi ge\u00e7en projenin ad\u0131 School, amac\u0131 ise \u00f6\u011frenme ve deneyimleme s\u00fcre\u00e7lerini devam edilebilir bir noktaya getirmek. School University isimli ekip, i\u00e7erikleri m\u00fcfredata d\u00f6n\u00fc\u015ft\u00fcr\u00fcyor ve haftan\u0131n bir g\u00fcn\u00fc bir saat s\u00fcrecek olan e\u011fitimler veriyor. Kat\u0131l\u0131mc\u0131lar\u0131nda yorumlar\u0131 ile beraber ger\u00e7ekle\u015fen bu etkinlikte al\u0131nan cevaplar ekip taraf\u0131ndan de\u011ferlendiriliyor ve her g\u00fcn en iyi \u00f6\u011frenci se\u00e7ilerek \u00f6d\u00fcllendiriliyor.<\/p>\r\n\r\n\r\n\r\n<p>Bu tarz projelerin \u00e7o\u011falmas\u0131 ve kat\u0131l\u0131m\u0131n artmas\u0131 \u00fcmidiyle instagram hesaplar\u0131n\u0131n\u00a0<a href=\"https:\/\/www.instagram.com\/schoooooooooooool\/?utm_source=ig_embed\" target=\"_blank\" rel=\"nofollow noopener noreferrer\">link<\/a>ini buraya b\u0131rak\u0131yoruz. Kat\u0131l\u0131m g\u00f6stermek isteyenler i\u00e7in ise web sitesi linki\u00a0<a href=\"https:\/\/schoooool.com\/\" target=\"_blank\" rel=\"nofollow noopener noreferrer\">burada<\/a><\/p>\r\n\r\n\r\n<hr class=\"wp-block-separator\" \/>\r\n\r\n\r\n<h4><strong>Linkedin\u2019e Hikayeler \u00d6zelli\u011fi Geliyor<\/strong><\/h4>\r\n\r\n\r\n\r\n<figure class=\"wp-block-image size-large\"><img width=\"1000\" height=\"667\" class=\"wp-image-6159\" src=\"https:\/\/egegen.com\/blog\/wp-content\/uploads\/2020\/03\/6-linkedin-ozellikler.jpg\" alt=\"\" \/><\/figure>\r\n\r\n\r\n\r\n<p>Instagram ve Facebook arac\u0131l\u0131\u011f\u0131 ile kulland\u0131\u011f\u0131m\u0131z hikaye \u00f6zelli\u011fi Linkedin\u2019e de geliyor. \u0130\u015f hayat\u0131na dair geli\u015fmeleri takip etmek, \u015firketler hakk\u0131nda haber alabilmek, i\u015f ba\u015fvurular\u0131 yapabilmek vb. ama\u00e7larla kulland\u0131\u011f\u0131m\u0131z bir sosyal medya platformu olan Linkedin \u00fczerinde de hikaye \u00f6zelli\u011finin kullan\u0131labilecek olmas\u0131 zaten platformun kullan\u0131m amac\u0131n\u0131n giderek bozuldu\u011funu d\u00fc\u015f\u00fcnen bir kitleyi pek mutlu etmedi. Ancak hikayeler \u00f6zelli\u011finin \u015firket i\u00e7i etkinlikleri daha g\u00f6r\u00fcn\u00fcr k\u0131laca\u011f\u0131 ve yap\u0131lacak olan etkinliklerin hikayeler \u00f6zelli\u011fi ile \u00e7ok daha fazla insana duyurulabilece\u011fi d\u00fc\u015f\u00fcn\u00fcl\u00fcyor. Hikaye \u00f6zelli\u011fi yine Instagram ve Facebook\u2019ta oldu\u011fu gibi 24 saat boyunca izlenebilecek ve daha sonras\u0131nda silinecek.\u00a0<\/p>\r\n\r\n\r\n<hr class=\"wp-block-separator\" \/>\r\n\r\n\r\n<h4><strong>Facebook Ses Kayd\u0131n\u0131z \u0130\u00e7in Para \u00d6deyebilir<\/strong><\/h4>\r\n\r\n\r\n\r\n<figure class=\"wp-block-image size-large\"><img width=\"1024\" height=\"660\" class=\"wp-image-6160\" src=\"https:\/\/egegen.com\/blog\/wp-content\/uploads\/2020\/03\/7-facebook-ses-kayd\u0131.jpg\" alt=\"\" \/>\r\n<figcaption>facebook<\/figcaption>\r\n<\/figure>\r\n\r\n\r\n\r\n<p>Teknolojinin ne kadar h\u0131zl\u0131 ilerledi\u011fine ve bu ilerlemenin sosyal medya platformlar\u0131na ne kadar h\u0131zl\u0131 entegre edildi\u011fine hep birlikte \u015fahit oluyoruz. Ses tan\u0131ma teknolojisi ise bunlardan sadece biri. Facebook ses tan\u0131ma teknolojisini geli\u015ftirmek ve etkile\u015fimli bir hale getirmek istiyor. Deneme a\u015famas\u0131nda ise kullan\u0131c\u0131lar\u0131na sesleri kar\u015f\u0131l\u0131\u011f\u0131nda \u00fccret \u00f6demeye haz\u0131r. Ancak bu mebla\u011fn\u0131n kimseyi mutlu edebilece\u011fini d\u00fc\u015f\u00fcnm\u00fcyoruz. E\u011fer denemek isterseniz Facebook taraf\u0131ndan a\u00e7\u0131lan ViewPoint uygulamas\u0131na girebilir ve uygulama i\u00e7inde 1000 puan toplayarak 5 dolar\u0131n sahibi olabilirsiniz. Daha fazla bilgi i\u00e7in Facebook taraf\u0131ndan yap\u0131lm\u0131\u015f\u00a0<a href=\"https:\/\/www.youtube.com\/watch?time_continue=12&amp;v=w6hT7gs2uGE&amp;feature=emb_logo\" target=\"_blank\" rel=\"nofollow noopener noreferrer\">video<\/a>yu izleyebilirsiniz.\u00a0<\/p>\r\n\r\n\r\n<hr class=\"wp-block-separator\" \/>\r\n\r\n\r\n<h4><strong>Instagram\u2019a 3 Yeni \u00d6zellik Daha<\/strong><\/h4>\r\n\r\n\r\n\r\n<p>Kullan\u0131c\u0131y\u0131 deneyimini \u00f6n planda tutan ve en b\u00fcy\u00fck hedefi daha fazla insana ula\u015fmak olan Instagram \u00e7ok yak\u0131nda 3 yeni \u00f6zelli\u011fi ile kar\u015f\u0131n\u0131zda olmaya haz\u0131rlan\u0131yor. Bu \u00f6zelliklerden ilki ise, \u201cTakma Ad\u201d. Takma Ad ile, ki\u015filerin isimlerini de\u011fi\u015ftirebilecek ve \u00f6zel bir takma ad belirleyebileceksiniz.\u00a0<\/p>\r\n\r\n\r\n\r\n<figure class=\"wp-block-image size-large\"><img width=\"1000\" height=\"719\" class=\"wp-image-6161\" src=\"https:\/\/egegen.com\/blog\/wp-content\/uploads\/2020\/03\/8-instagram-ozellikler.jpg\" alt=\"\" \/>\r\n<figcaption>instagram<\/figcaption>\r\n<\/figure>\r\n\r\n\r\n\r\n<p>\u0130kinci \u00f6zellik, \u201cYak\u0131nda\u201d \u00f6zelli\u011fi. Bu \u00f6zellik size foto\u011fraflar\u0131n\u0131z\u0131 7 g\u00fcn boyunca kaydedebilece\u011finiz bir alan belirliyor. Son \u00e7ekti\u011finiz foto\u011fraflar 7 g\u00fcn boyunca Yak\u0131nda \u00f6zelli\u011finde bekleyecek ve 7 g\u00fcn sonra silinecek. Son \u00f6zellik ise, \u201cSevgi Animasyonu\u201d. Sevgi animasyonu g\u00f6nderilen ve al\u0131nan mesajlarda farkl\u0131 bir animasyon ile be\u011fen yapabilece\u011finiz bir \u00f6zellik. \u00d6zelliklere k\u0131saca bir g\u00f6z gezdirdi\u011fimize g\u00f6re \u015fimdi g\u00f6zler, instagram\u0131n yeni g\u00fcncellemelerinde\u2026\u00a0\u00a0\u00a0\u00a0\u00a0\u00a0<\/p>\r\n\r\n\r\n<hr class=\"wp-block-separator\" \/>\r\n\r\n\r\n<h4><strong>Twitter\u2019da Turuncu Yalan Haber Rozeti\u00a0<\/strong><\/h4>\r\n\r\n\r\n\r\n<p>Twitter pop\u00fclerle\u015fmeye ba\u015flad\u0131\u011f\u0131 andan bu yana yalan haberleri \u00f6nlemek ile u\u011fra\u015f\u0131yor. Herhangi bir sosyal olay, yalan haberlerle \u00e7ok h\u0131zl\u0131 bir \u015fekilde Twitter\u2019da yay\u0131labiliyor ve bunun \u00f6n\u00fcne ge\u00e7ebilecek bir \u00f6nlem hen\u00fcz tam anlam\u0131yla bulunamad\u0131. Twitter bu seferde yalan haber iddias\u0131 ta\u015f\u0131yan payla\u015f\u0131mlara turuncu yalan haber rozeti eklemeyi deneyecek.\u00a0<\/p>\r\n\r\n\r\n\r\n<figure class=\"wp-block-image size-large\"><img width=\"1024\" height=\"576\" class=\"wp-image-6167\" src=\"https:\/\/egegen.com\/blog\/wp-content\/uploads\/2020\/03\/twitter-turuncu-rozet-1024x576.jpg\" alt=\"\" \/><\/figure>\r\n\r\n\r\n\r\n<p>\u015eu an test a\u015famas\u0131nda olan turuncu rozet eklemesi ile do\u011fru bilgiye \u00e7ok daha uygun bir \u015fekilde ula\u015fabilmeyi ama\u00e7layan Twitter, bir tweet payla\u015f\u0131ld\u0131ktan sonra kullan\u0131c\u0131lara i\u00e7eri\u011fin zararl\u0131 olup olmad\u0131\u011f\u0131 sormay\u0131 planl\u0131yor. Kat\u0131l\u0131m g\u00f6steren takip\u00e7ileri i\u00e7in ise bir topluluk rozeti haz\u0131rlans\u0131.<\/p>\r\n\r\n\r\n<hr class=\"wp-block-separator\" \/>\r\n\r\n\r\n<h4><strong>Facebook\u2019tan Yeni Uygulama: Hobbi<\/strong><\/h4>\r\n\r\n\r\n\r\n<figure class=\"wp-block-image size-large\"><img width=\"1024\" height=\"575\" class=\"wp-image-6163\" src=\"https:\/\/egegen.com\/blog\/wp-content\/uploads\/2020\/03\/9-hobbi-1024x575.jpeg\" alt=\"\" \/>\r\n<figcaption>hobbi<\/figcaption>\r\n<\/figure>\r\n\r\n\r\n\r\n<p>Hobbi, Facebook\u2019un yeni bir uygulamas\u0131 ve muhtemelen bu uygulamadan haberiniz yok \u00e7\u00fcnk\u00fc Facebook taraf\u0131ndan sessiz sedas\u0131z yay\u0131na al\u0131nd\u0131. Ki\u015filerin kendi hobilerinden tasarlad\u0131klar\u0131 \u00fcr\u00fcnleri payla\u015fabildi\u011fi ve Facebook&#8217;un geli\u015ftirici toplulu\u011fu NPE TEam taraf\u0131ndan kullan\u0131c\u0131lara sunulan\u00a0\u00a0Hobbi, Pinterest\u2019e benzerli\u011fi ile dikkat \u00e7ekiyor. Be\u011feni \u00f6zelli\u011finin \u00f6n planda olmas\u0131na al\u0131\u015f\u0131k oldu\u011fumuz sosyal mecralarda farkl\u0131 olarak, be\u011feni \u00f6zelli\u011fi yok. \u00dcr\u00fcn ve kreatif \u00e7al\u0131\u015fmalar\u0131n sergilendi\u011fi Hobbi uygulamas\u0131n\u0131n ne zaman pop\u00fclerle\u015fece\u011fi ise merak konusu\u2026\u00a0<\/p>\r\n\r\n\r\n\r\n<figure class=\"wp-block-image size-large\"><img width=\"1024\" height=\"576\" class=\"wp-image-6164\" src=\"https:\/\/egegen.com\/blog\/wp-content\/uploads\/2020\/03\/10-hobbi.png\" alt=\"\" \/>\r\n<figcaption>hobbi<\/figcaption>\r\n<\/figure>\r\n","protected":false},"excerpt":{"rendered":"<p>egegen Trend Raporu\u2019nun 29. say\u0131s\u0131nda sosyal medya mecralar\u0131n\u0131n yeni g\u00fcncellemelerinden, yeni uygulamalara; hikaye \u00f6zelliklerinden, yarat\u0131c\u0131 tasar\u0131m \u00e7al\u0131\u015fmalara kadar \u015eubat ay\u0131na h\u0131zl\u0131ca g\u00f6z gezdiriyoruz. Instagram Hikayelere Video K\u0131rpma \u00d6zelli\u011fi Geldi instagram video k\u0131rpma Instagram kullan\u0131c\u0131lar\u0131 taraf\u0131ndan uzun s\u00fcredir beklenen bir \u00f6zellik olan Video K\u0131rpma \u00f6zelli\u011fi uygulama a\u015famas\u0131nda! Ne zaman gelece\u011fine dair bir a\u00e7\u0131klama yap\u0131lmasa da, art\u0131k &hellip;<\/p>\n","protected":false},"author":20,"featured_media":6153,"comment_status":"open","ping_status":"open","sticky":false,"template":"","format":"standard","meta":[],"categories":[188],"tags":[],"_links":{"self":[{"href":"https:\/\/egegen.com\/blog\/wp-json\/wp\/v2\/posts\/6152"}],"collection":[{"href":"https:\/\/egegen.com\/blog\/wp-json\/wp\/v2\/posts"}],"about":[{"href":"https:\/\/egegen.com\/blog\/wp-json\/wp\/v2\/types\/post"}],"author":[{"embeddable":true,"href":"https:\/\/egegen.com\/blog\/wp-json\/wp\/v2\/users\/20"}],"replies":[{"embeddable":true,"href":"https:\/\/egegen.com\/blog\/wp-json\/wp\/v2\/comments?post=6152"}],"version-history":[{"count":2,"href":"https:\/\/egegen.com\/blog\/wp-json\/wp\/v2\/posts\/6152\/revisions"}],"predecessor-version":[{"id":8923,"href":"https:\/\/egegen.com\/blog\/wp-json\/wp\/v2\/posts\/6152\/revisions\/8923"}],"wp:featuredmedia":[{"embeddable":true,"href":"https:\/\/egegen.com\/blog\/wp-json\/wp\/v2\/media\/6153"}],"wp:attachment":[{"href":"https:\/\/egegen.com\/blog\/wp-json\/wp\/v2\/media?parent=6152"}],"wp:term":[{"taxonomy":"category","embeddable":true,"href":"https:\/\/egegen.com\/blog\/wp-json\/wp\/v2\/categories?post=6152"},{"taxonomy":"post_tag","embeddable":true,"href":"https:\/\/egegen.com\/blog\/wp-json\/wp\/v2\/tags?post=6152"}],"curies":[{"name":"wp","href":"https:\/\/api.w.org\/{rel}","templated":true}]}}