{"id":6105,"date":"2020-02-03T15:39:15","date_gmt":"2020-02-03T12:39:15","guid":{"rendered":"https:\/\/egegen.com\/blog\/?p=6105"},"modified":"2022-10-10T17:06:37","modified_gmt":"2022-10-10T14:06:37","slug":"egegen-trend-raporu-28-ocak-2020","status":"publish","type":"post","link":"https:\/\/egegen.com\/blog\/egegen-trend-raporu-28-ocak-2020\/","title":{"rendered":"egegen Trend Raporu &#8211; 28 \/ Ocak 2020"},"content":{"rendered":"\r\n<p>Yeni y\u0131l\u0131n ilk ay\u0131 bizi g\u00fczel haberlerle kar\u015f\u0131lamad\u0131. \u00dc\u00e7\u00fcnc\u00fc D\u00fcnya Sava\u015f\u0131 riski ile ba\u015flad\u0131\u011f\u0131m\u0131z yeni y\u0131l\u0131, durdurulamayan Avustralya yang\u0131nlar\u0131, Kobe Bryant\u2019\u0131n ani \u00f6l\u00fcm\u00fc ve \u00fclke olarak kalbimizi tek bir noktada att\u0131ran Erzincan Depremi ile kar\u015f\u0131lad\u0131k\u2026 \u00d6n\u00fcm\u00fczdeki aylar\u0131n \u00e7ok daha g\u00fczel haberlerle ba\u015flamas\u0131 dile\u011fiyle sizleri dijital d\u00fcnyadan haberlerle ve egegen Trend Raporu\u2019nun 28. say\u0131s\u0131yla ba\u015f ba\u015fa b\u0131rak\u0131yoruz.\u00a0\u00a0\u00a0\u00a0\u00a0<\/p>\r\n\r\n\r\n\r\n<h3><strong>Marina Abramovi\u00e7 Ak\u0131\u015f\/Flux Sergisi ile \u0130stanbul\u2019da\u00a0<\/strong><\/h3>\r\n\r\n\r\n\r\n<p>Performans sanat\u00e7\u0131lar\u0131 i\u00e7erisinde d\u00fcnyaca \u00fcnl\u00fc olan ve performanslar\u0131 ile ad\u0131ndan s\u0131kl\u0131kla bahsettiren\u00a0<strong>Marina Abramovi\u00e7<\/strong>, \u0130stanbul\u2019da\u2026\u00a0<strong>Sabanc\u0131 \u00dcniversitesi Sak\u0131p Sabanc\u0131 M\u00fczesi<\/strong>\u2019nde ger\u00e7ekle\u015fecek olan sergi 26 Nisan 2020 tarihine kadar gezilebilecek. Sanat severleri olduk\u00e7a heyecanland\u0131ran ve merakla beklenen sergi \u00fc\u00e7 b\u00f6l\u00fcmden ula\u015f\u0131yor.\u00a0<\/p>\r\n\r\n\r\n\r\n<figure class=\"wp-block-image size-large\"><img width=\"1024\" height=\"360\" class=\"wp-image-6108\" src=\"https:\/\/egegen.com\/blog\/wp-content\/uploads\/2020\/02\/marina-abramovic-1024x360.jpg\" alt=\"\" \/><\/figure>\r\n\r\n\r\n\r\n<p>Serginin dikkat \u00e7eken di\u011fer bir yan\u0131 ise, Marina Abramovi\u00e7\u2019in yan\u0131 s\u0131ra, sergiye davet edilen sanat\u00e7\u0131lar\u0131nda performanslar\u0131n\u0131n sergilenecek olmas\u0131. \u00dc\u00e7 b\u00f6l\u00fcml\u00fck serginin ikinci b\u00f6l\u00fcm\u00fcnde yer alan sanat\u00e7\u0131 performanslar\u0131n\u0131 8 saat boyunca canl\u0131 olarak izleyebilece\u011fiz. B\u00f6yle bir sergiyi asla ka\u00e7\u0131rmaman\u0131z dile\u011fiyle\u2026\u00a0\u00a0\u00a0\u00a0<\/p>\r\n\r\n\r\n<hr class=\"wp-block-separator\" \/>\r\n\r\n\r\n<h3><strong>Unicode Konsorsisyumu\u2019ndan 117 Emoji Daha Geliyor<\/strong><\/h3>\r\n\r\n\r\n\r\n<p>Dilini hi\u00e7 bilmedi\u011fimiz bir insanla emojiler arac\u0131l\u0131\u011f\u0131yla anla\u015fabilecek durumday\u0131z. Olduk\u00e7a s\u0131k ve gen\u00e7 ya\u015fl\u0131 demeden\u00a0\u00a0kullan\u0131lan emojiler bu kadar pop\u00fcler olunca da say\u0131lar\u0131 gittik\u00e7e art\u0131yor. 2020 y\u0131l\u0131n\u0131n emojileri\u00a0<strong>Unicode Konsorsisyumu<\/strong>\u00a0taraf\u0131ndan olu\u015fturuldu ve bizlerle payla\u015f\u0131lmaya haz\u0131rland\u0131. Tam 117 adet yeni emoji daha whatsapp ekranlar\u0131m\u0131zda, instagram stpryilerimizde ve di\u011fer sosyal medya platformlar\u0131nda yerini alacak.\u00a0<\/p>\r\n\r\n\r\n\r\n<figure class=\"wp-block-image size-large\"><img width=\"842\" height=\"439\" class=\"wp-image-6109\" src=\"https:\/\/egegen.com\/blog\/wp-content\/uploads\/2020\/02\/2020-y\u0131l\u0131nda-hayat\u0131m\u0131za-girecek-117-yeni-emoji.jpg\" alt=\"\" \/><\/figure>\r\n\r\n\r\n\r\n<p>Yeni emojiler, d\u00fcnyan\u0131n ihtiya\u00e7lar\u0131na uygun bir \u015fekilde d\u00fczenleniyor. Bu y\u0131l i\u00e7erisinde g\u00f6rmekten mutlu olaca\u011f\u0131m\u0131z farkl\u0131 farkl\u0131 kimliklerde bulunan bizleri, bir potada bulu\u015fturabilecek emojiler var. \u00d6rne\u011fin, cinsiyetsiz emojiler, erkek gelin, smokin giyen kad\u0131n, bebe\u011fini emziren baba gibi emojilerle kendimizi \u00e7ok daha e\u015fitlik\u00e7i bir bak\u0131\u015f a\u00e7\u0131s\u0131yla ifade edebilece\u011fiz.\u00a0<\/p>\r\n\r\n\r\n<hr class=\"wp-block-separator\" \/>\r\n\r\n\r\n<h3><strong>IG TV Butonu Ana Sayfadan Kald\u0131r\u0131ld\u0131<\/strong><\/h3>\r\n\r\n\r\n\r\n<p>Video izliyoruz, izledik\u00e7e izliyoruz ve her g\u00fcn daha \u00e7ok izliyoruz. Hal b\u00f6yle olunca,\u00a0<strong>Youtube<\/strong>\u00a0en \u00e7ok kullan\u0131lan sosyal medya platformu olurken di\u011fer platformlar da pastadan ald\u0131klar\u0131 pay\u0131n k\u00fc\u00e7\u00fclmesi \u00f6nlemek i\u00e7in yeni hamlelerde bulunuyorlar. Bu hamlelerden birisi<strong>\u00a0Instagram<\/strong>\u00a0taraf\u0131ndan \u00f6ne \u00e7\u0131kar\u0131lan IGTV uygulamas\u0131.\u00a0<\/p>\r\n\r\n\r\n\r\n<figure class=\"wp-block-image size-large\"><img width=\"960\" height=\"640\" class=\"wp-image-6110\" src=\"https:\/\/egegen.com\/blog\/wp-content\/uploads\/2020\/02\/IGTV.jpg\" alt=\"\" \/><\/figure>\r\n\r\n\r\n\r\n<p><strong>IGTV<\/strong>, Instagram\u2019da video izlemeyi kolayla\u015ft\u0131ran bir \u00f6zellik. Hem Instagram \u00fczerinden kullan\u0131labiliyor hem de ayr\u0131 bir uygulamas\u0131 var ancak beklenen etkile\u015fimi sa\u011flayamam\u0131\u015f olacak ki,<strong>\u00a0IGTV<\/strong>\u00a0ge\u00e7ti\u011fimiz g\u00fcnlerde ana sayfas\u0131ndan kald\u0131r\u0131ld\u0131. Bunun tek sebebi uygulaman\u0131n tutmam\u0131\u015f olmas\u0131 olmayabilir ve\u00a0<strong>IGTV\u00a0<\/strong>uygulamas\u0131n\u0131n daha fazla indirilmesi tercih ediliyor olabilir.\u00a0<\/p>\r\n\r\n\r\n<hr class=\"wp-block-separator\" \/>\r\n\r\n\r\n<h3><strong>Paris M\u00fczelerindeki Y\u00fczlerce Eser \u0130nternete A\u00e7\u0131ld\u0131<\/strong><\/h3>\r\n\r\n\r\n\r\n<figure class=\"wp-block-image size-large\"><img width=\"1024\" height=\"682\" class=\"wp-image-6112\" src=\"https:\/\/egegen.com\/blog\/wp-content\/uploads\/2020\/02\/paris-museum-1024x682.jpg\" alt=\"\" \/><\/figure>\r\n\r\n\r\n\r\n<p>Bir\u00e7ok \u00fcnl\u00fc sanat\u00e7\u0131n\u0131n eserlerinin yer ald\u0131\u011f\u0131\u00a0<strong>Paris Musees<\/strong>, i\u00e7inde bulunan t\u00fcm eserlerini y\u00fcksek \u00e7\u00f6z\u00fcn\u00fcrl\u00fckl\u00fc olarak taratt\u0131 ve internete y\u00fckledi. Paris sanat a\u00e7\u0131s\u0131ndan olduk\u00e7a zengin bir \u015fehir. Paris Musees ise, Paris\u2019teki 14 \u00f6nemli m\u00fczenin bir \u00e7at\u0131da topland\u0131\u011f\u0131 bir kurum. Eserlerin y\u00fcksek \u00e7\u00f6z\u00fcn\u00fcrl\u00fc hallerinin internete y\u00fcklenmesi ile beraber 321.138 eser ula\u015f\u0131labilir hale geldi. \u0130\u00e7lerinden 150.000\u2019i ise telifsiz. Y\u00fcksek \u00e7\u00f6z\u00fcn\u00fcrl\u00fckl\u00fc hallerini herhangi bir neden belirtmeden kolayl\u0131kla indirebilirsiniz.\u00a0<\/p>\r\n\r\n\r\n<hr class=\"wp-block-separator\" \/>\r\n\r\n\r\n<h3><strong>Depremden Sonra Ya\u015fanan Kaosa Kar\u015f\u0131 \u201cG\u00fcvendeyim\u201d Uygulamas\u0131<\/strong><\/h3>\r\n\r\n\r\n\r\n<p>Son zamanlarda arka arkaya ya\u015fad\u0131\u011f\u0131m\u0131z depremler bizi al\u0131nabilecek \u00f6nlemleri ara\u015ft\u0131rmaya itti. Deprem an\u0131nda ne yap\u0131lmas\u0131 gerekti\u011fi kadar deprem alan\u0131nda olan yak\u0131nlar\u0131m\u0131za nas\u0131l ula\u015faca\u011f\u0131m\u0131zda olduk\u00e7a \u00f6nemli \u00e7\u00fcnk\u00fc herkesin sevdiklerini aramas\u0131 \u00fczerine hatlar kitleniyor ve birbirimize ula\u015famad\u0131k\u00e7a gerginli\u011fimiz art\u0131yor. Arama Kurtarma Derne\u011fi AKUT, bu sorunu ya\u015fayan bizlere G\u00dcVENDEY\u0130M isimli mobil uygulama ile g\u00fczel bir \u00e7\u00f6z\u00fcm \u00f6nerisinde bulunmu\u015f.\u00a0\u00a0<\/p>\r\n\r\n\r\n\r\n<figure class=\"wp-block-image size-large\"><img width=\"737\" height=\"416\" class=\"wp-image-6111\" src=\"https:\/\/egegen.com\/blog\/wp-content\/uploads\/2020\/02\/g\u00fcvendeyim-uygulamas\u0131.jpg\" alt=\"\" \/><\/figure>\r\n\r\n\r\n\r\n<p>Peki,\u00a0<strong>G\u00fcvendeyim<\/strong>\u00a0uygulamas\u0131 tam olarak nedir? \u00d6ncelikle \u00fccretsiz bir uygulama oldu\u011funun alt\u0131n\u0131 \u00e7izelim. Herhangi bir do\u011fal afet durumunda, telefon numaras\u0131n\u0131 belirtti\u011finiz ki\u015filere G\u00dcVENDEY\u0130M mesaj\u0131n\u0131 g\u00f6nderebilecek bir mobil uygulama. Olumsuz durumlarda sevdiklerimize ula\u015famama durumunda ya\u015fad\u0131\u011f\u0131m\u0131z endi\u015feyi ortadan kald\u0131ran g\u00fczel bir \u00e7\u00f6z\u00fcm olmu\u015f.\u00a0<\/p>\r\n\r\n\r\n<hr class=\"wp-block-separator\" \/>\r\n\r\n\r\n<h3><strong>Instagram\u2019\u0131n CEO\u2019su Instagram\u2019\u0131 Yorumlad\u0131\u00a0\u00a0<\/strong><\/h3>\r\n\r\n\r\n\r\n<p>Instagram 2019 y\u0131l\u0131nda pek \u00e7ok de\u011fi\u015fikli\u011fe gitti. Bu de\u011fi\u015fiklerin ba\u015f\u0131nda takip sekmesini kald\u0131r\u0131lmas\u0131 ve be\u011feni say\u0131lar\u0131n\u0131n gizlenmesi oldu. 2019 y\u0131l\u0131n\u0131 hareketli ge\u00e7irilmesinin \u00fczerine kullan\u0131c\u0131lar\u0131n akl\u0131na \u201c2020 y\u0131l\u0131nda ne gibi de\u011fi\u015fiklikler olacak\u201d sorusunu getirdi.\u00a0<\/p>\r\n\r\n\r\n\r\n<p>Instagram CEO\u2019su Adam Mosseri payla\u015ft\u0131\u011f\u0131 hikayelerde takip\u00e7ileriyle soru-cevap yapt\u0131. Kullan\u0131c\u0131lar\u0131n akl\u0131ndaki sorular\u0131 cevaplayan Mosseri, 2020 y\u0131l\u0131 yeniliklerine de de\u011findi. 2020 i\u00e7in yeni de\u011fi\u015fiklikler \u00fczerinde \u00e7al\u0131\u015ft\u0131klar\u0131n\u0131n, be\u011fenilerin gizlenmesi ile ilgili olarak yeni \u00e7al\u0131\u015fmalar\u0131n da yolda oldu\u011funu belirtti.<\/p>\r\n\r\n\r\n\r\n<figure class=\"wp-block-image size-large\"><img width=\"1024\" height=\"683\" class=\"wp-image-6113\" src=\"https:\/\/egegen.com\/blog\/wp-content\/uploads\/2020\/02\/instagram-ceo-1024x683.jpg\" alt=\"\" \/><\/figure>\r\n\r\n\r\n\r\n<p>Mosseri\u00a0<em>\u201c\u015eu anda \u015firketin kar\u015f\u0131la\u015ft\u0131\u011f\u0131 en b\u00fcy\u00fck problem nedir?\u201d\u00a0<\/em>sorusuna \u201cEn b\u00fcy\u00fck sorumlulu\u011fumuz, Instagram kullanan insanlar\u0131n refah\u0131d\u0131r. En b\u00fcy\u00fck zorlu\u011fumuzsa rekabet.\u201d \u015feklinde cevap verdi.\u00a0<em>\u201cInstagram\u2019\u0131n as\u0131l hedefi neydi?\u201d\u00a0<\/em>sorusuna ise, \u201cSizleri sevdi\u011finiz insanlarla ve \u015feylerle bulu\u015fturmak.\u201d cevab\u0131n\u0131 verdi.\u00a0<em>\u201cInstagram\u2019\u0131n 2020\u2019deki \u00f6ncelikleri\u201d<\/em>\u00a0sorusuna Mosseri, hen\u00fcz son \u015feklini vermediklerini fakat pek \u00e7o\u011funun iyi durumda oldu\u011funu belirtti. ABD\u2019deki se\u00e7imler, gizlilik, Hikayeler ve mesajla\u015fman\u0131n b\u00fcy\u00fcmeye devam etti\u011fini ve yeni de\u011fi\u015fiklikler \u00fczerinde \u00e7al\u0131\u015ft\u0131klar\u0131n\u0131 s\u00f6yledi.<\/p>\r\n\r\n\r\n<hr class=\"wp-block-separator\" \/>\r\n\r\n\r\n<h3><strong>Instagram Filtrelerinden Hangisi Daha Pop\u00fcler?<\/strong><\/h3>\r\n\r\n\r\n\r\n<p><strong>Instagram<\/strong>\u00a0sosyal medya platformlar\u0131 aras\u0131ndaki pop\u00fclerli\u011fini 2020 senesi i\u00e7inde de s\u00fcrd\u00fcrmeye kararl\u0131 gibi g\u00f6r\u00fcn\u00fcyor. Yeni y\u0131l ile beraber bir\u00e7ok instagram filtresi ile kar\u015f\u0131la\u015ft\u0131k. Yeni y\u0131l\u0131n senin i\u00e7in nas\u0131l ge\u00e7ece\u011fini s\u00f6yleyen, ka\u00e7 ya\u015f\u0131nda evlenece\u011fini tahmin eden vb. fltre uygulamalar\u0131 takip\u00e7iler taraf\u0131ndan olduk\u00e7a sevildi.<\/p>\r\n\r\n\r\n\r\n<figure class=\"wp-block-image size-large\"><img width=\"823\" height=\"465\" class=\"wp-image-6114\" src=\"https:\/\/egegen.com\/blog\/wp-content\/uploads\/2020\/02\/instagram-filtresi.jpg\" alt=\"\" \/><\/figure>\r\n\r\n\r\n\r\n<p>Sizinde bilginiz gibi, art\u0131k ki\u015filer de<strong>\u00a0instagram filtresi<\/strong>\u00a0yaratabiliyor. Di\u011fer ki\u015filerin de yarat\u0131c\u0131l\u0131\u011f\u0131 ile beraber ortaya olduk\u00e7a keyifli\u00a0<strong>instagram filtreleri\u00a0<\/strong>\u00e7\u0131k\u0131yor.<strong>\u00a0En pop\u00fcler instagram filtres<\/strong>i ise Endonezyal\u0131 bir yaz\u0131l\u0131mc\u0131 olan\u00a0\u00a0Perdy Ferdiansyah taraf\u0131ndan hayat\u0131m\u0131za girdi. Instagram filtesinin ad\u0131 ise \u201c<strong>Ka\u00e7 ya\u015f\u0131nda g\u00f6r\u00fcn\u00fcyorum<\/strong>\u201d oldu. Bu filtreyi hen\u00fcz denememi\u015f olanlar\u0131n\u0131z varsa, hemen \u015fimdi bu deneyime ortak olabilirler.\u00a0<\/p>\r\n\r\n\r\n<hr class=\"wp-block-separator\" \/>\r\n\r\n\r\n<h3><strong>Facebook\u2019tan DeepFake videolar\u0131na yasak geldi.<\/strong><\/h3>\r\n\r\n\r\n\r\n<p>Deepfake ile ki\u015finin y\u00fcz\u00fcn\u00fc ve sesini kullanarak s\u00f6ylemedi\u011fi s\u00f6zleri s\u00f6yler gibi videolar olu\u015fturulabiliyor. Facebook\u2019tan yap\u0131lan a\u00e7\u0131klamaya g\u00f6re yapay zeka ile olu\u015fturulan deepfake ve \u00fczerinde de\u011fi\u015fiklik yap\u0131lan videolar yasakland\u0131. \u015eu ana kadar y\u00fcklenen videolar ise Facebook taraf\u0131ndan silinecek. E\u011fer video silinmeden bir ba\u015fkas\u0131 taraf\u0131ndan payla\u015f\u0131lmak istenirse, Facebook videonun en k\u0131sa zamanda silinece\u011fi konusunda kullan\u0131c\u0131ya uyar\u0131 yapacak. Facebook taraf\u0131ndan yap\u0131lan a\u00e7\u0131klamada e\u011flence ama\u00e7l\u0131 olu\u015fturulan deepfake videolar\u0131n\u0131n kapsam d\u0131\u015f\u0131 oldu\u011fu belirtildi.\u00a0<\/p>\r\n\r\n\r\n\r\n<figure class=\"wp-block-image size-large\"><img width=\"678\" height=\"452\" class=\"wp-image-6115\" src=\"https:\/\/egegen.com\/blog\/wp-content\/uploads\/2020\/02\/facebook-deepflake.jpg\" alt=\"\" \/><\/figure>\r\n\r\n\r\n\r\n<p>Facebook\u2019un Global Politikalar y\u00f6neticisi Monika Bickert\u2019\u0131n yapt\u0131\u011f\u0131 a\u00e7\u0131klamada, \u201cBu videolara internette nadir olarak rastlansa da end\u00fcstrimiz i\u00e7in b\u00fcy\u00fck engel olu\u015fturuyor.\u201d ifadesini kulland\u0131. Makine \u00f6\u011frenme teknolojisi ve yapay zekadan faydalanarak haz\u0131rlanan videolar k\u00f6t\u00fc niyetli insanlar taraf\u0131ndan kullan\u0131ld\u0131\u011f\u0131nda toplum i\u00e7in tehdit olu\u015fturabilecek g\u00f6r\u00fcnt\u00fcler ortaya \u00e7\u0131kabiliyor. Facebook\u2019un yapt\u0131\u011f\u0131 hareket ise videolar\u0131n yay\u0131lmas\u0131n\u0131n bir par\u00e7a \u00f6n\u00fcne ge\u00e7ebilecek.<\/p>\r\n\r\n\r\n<hr class=\"wp-block-separator\" \/>\r\n\r\n\r\n<h3>Kendi Felaketimizi Like\u2019l\u0131yoruz!<\/h3>\r\n\r\n\r\n\r\n<p>Dijital d\u00fcnyadaki t\u00fcm geli\u015fmeleri, g\u00fcndemin hayat\u0131m\u0131za yans\u0131malar\u0131n\u0131 egegen olarak kaleme alaca\u011f\u0131m\u0131z yaz\u0131 serimize ba\u015flad\u0131k! Trend Raporu&#8217;nu sosyal medya ekimizinden U\u011fur Deral&#8217;\u0131n &#8221;Kendi Felaketimizi Like&#8217;l\u0131yoruz!&#8221; yaz\u0131s\u0131 ile bitiriyoruz. <a href=\"https:\/\/egegen.com\/blog\/kendi-felaketimizi-likeliyoruz\/\">Yaz\u0131n\u0131n b\u00fct\u00fcn\u00fcne buraya t\u0131klayarak ula\u015fabilirsiniz.<\/a><\/p>\r\n","protected":false},"excerpt":{"rendered":"<p>Yeni y\u0131l\u0131n ilk ay\u0131 bizi g\u00fczel haberlerle kar\u015f\u0131lamad\u0131. \u00dc\u00e7\u00fcnc\u00fc D\u00fcnya Sava\u015f\u0131 riski ile ba\u015flad\u0131\u011f\u0131m\u0131z yeni y\u0131l\u0131, durdurulamayan Avustralya yang\u0131nlar\u0131, Kobe Bryant\u2019\u0131n ani \u00f6l\u00fcm\u00fc ve \u00fclke olarak kalbimizi tek bir noktada att\u0131ran Erzincan Depremi ile kar\u015f\u0131lad\u0131k\u2026 \u00d6n\u00fcm\u00fczdeki aylar\u0131n \u00e7ok daha g\u00fczel haberlerle ba\u015flamas\u0131 dile\u011fiyle sizleri dijital d\u00fcnyadan haberlerle ve egegen Trend Raporu\u2019nun 28. say\u0131s\u0131yla ba\u015f ba\u015fa &hellip;<\/p>\n","protected":false},"author":20,"featured_media":6107,"comment_status":"open","ping_status":"open","sticky":false,"template":"","format":"standard","meta":[],"categories":[188],"tags":[],"_links":{"self":[{"href":"https:\/\/egegen.com\/blog\/wp-json\/wp\/v2\/posts\/6105"}],"collection":[{"href":"https:\/\/egegen.com\/blog\/wp-json\/wp\/v2\/posts"}],"about":[{"href":"https:\/\/egegen.com\/blog\/wp-json\/wp\/v2\/types\/post"}],"author":[{"embeddable":true,"href":"https:\/\/egegen.com\/blog\/wp-json\/wp\/v2\/users\/20"}],"replies":[{"embeddable":true,"href":"https:\/\/egegen.com\/blog\/wp-json\/wp\/v2\/comments?post=6105"}],"version-history":[{"count":2,"href":"https:\/\/egegen.com\/blog\/wp-json\/wp\/v2\/posts\/6105\/revisions"}],"predecessor-version":[{"id":8922,"href":"https:\/\/egegen.com\/blog\/wp-json\/wp\/v2\/posts\/6105\/revisions\/8922"}],"wp:featuredmedia":[{"embeddable":true,"href":"https:\/\/egegen.com\/blog\/wp-json\/wp\/v2\/media\/6107"}],"wp:attachment":[{"href":"https:\/\/egegen.com\/blog\/wp-json\/wp\/v2\/media?parent=6105"}],"wp:term":[{"taxonomy":"category","embeddable":true,"href":"https:\/\/egegen.com\/blog\/wp-json\/wp\/v2\/categories?post=6105"},{"taxonomy":"post_tag","embeddable":true,"href":"https:\/\/egegen.com\/blog\/wp-json\/wp\/v2\/tags?post=6105"}],"curies":[{"name":"wp","href":"https:\/\/api.w.org\/{rel}","templated":true}]}}