{"id":6087,"date":"2020-01-15T17:35:13","date_gmt":"2020-01-15T14:35:13","guid":{"rendered":"https:\/\/egegen.com\/blog\/?p=6087"},"modified":"2022-09-26T14:10:25","modified_gmt":"2022-09-26T11:10:25","slug":"vikipedi-icin-anayasa-mahkemesi-acilis-kararini-verdi","status":"publish","type":"post","link":"https:\/\/egegen.com\/blog\/vikipedi-icin-anayasa-mahkemesi-acilis-kararini-verdi\/","title":{"rendered":"Vikipedi i\u00e7in Anayasa Mahkemesi A\u00e7\u0131l\u0131\u015f Karar\u0131n\u0131 Verdi"},"content":{"rendered":"\n<p>Vikipedi 2017 y\u0131l\u0131ndan beri hayat\u0131m\u0131zda de\u011fildi. 2017\u2019de ter\u00f6r\u00fc destekleyen ifadelere yer verdi\u011fi iddias\u0131 ile BTK taraf\u0131ndan T\u00fcrkiye\u2019de kapat\u0131lm\u0131\u015ft\u0131.<\/p>\n\n\n\n<figure class=\"wp-block-image size-large\"><img width=\"1024\" height=\"682\" src=\"https:\/\/egegen.com\/blog\/wp-content\/uploads\/2020\/01\/shutterstock_746561179-1024x682.jpg\" alt=\"\" class=\"wp-image-6088\"\/><\/figure>\n\n\n\n<p>Demokratik toplum d\u00fczenine ayk\u0131r\u0131 oldu\u011fu i\u00e7in ise yeniden Vikipedi\u2019yi a\u00e7ma karar\u0131 verdi\u011fini a\u00e7\u0131klayarak Anayasa Mahkemesi karar\u0131n\u0131 resmi gazetede yay\u0131mlad\u0131. Al\u0131nan karar ceza mahkesine g\u00f6nderildi, s\u0131ra bu karar\u0131 uygulayacak olan Bilgi Teknolojileri ve \u0130leti\u015fim Kurumu\u2019nun&nbsp;&nbsp;Vikipedia\u2019y\u0131 \u00e7ok yak\u0131n zamanda a\u00e7mas\u0131nda. Yakla\u015f\u0131k \u00fc\u00e7 y\u0131ld\u0131r kapal\u0131 olan \u00d6zg\u00fcr Ansiklopedi k\u0131sa zaman sonra ula\u015f\u0131labilir olacak, dileriz bir daha kapanmamak \u00fczere varl\u0131\u011f\u0131na devam eder.<\/p>\n","protected":false},"excerpt":{"rendered":"<p>Vikipedi 2017 y\u0131l\u0131ndan beri hayat\u0131m\u0131zda de\u011fildi. 2017\u2019de ter\u00f6r\u00fc destekleyen ifadelere yer verdi\u011fi iddias\u0131 ile BTK taraf\u0131ndan T\u00fcrkiye\u2019de kapat\u0131lm\u0131\u015ft\u0131. Demokratik toplum d\u00fczenine ayk\u0131r\u0131 oldu\u011fu i\u00e7in ise yeniden Vikipedi\u2019yi a\u00e7ma karar\u0131 verdi\u011fini a\u00e7\u0131klayarak Anayasa Mahkemesi karar\u0131n\u0131 resmi gazetede yay\u0131mlad\u0131. Al\u0131nan karar ceza mahkesine g\u00f6nderildi, s\u0131ra bu karar\u0131 uygulayacak olan Bilgi Teknolojileri ve \u0130leti\u015fim Kurumu\u2019nun&nbsp;&nbsp;Vikipedia\u2019y\u0131 \u00e7ok yak\u0131n zamanda &hellip;<\/p>\n","protected":false},"author":1,"featured_media":6089,"comment_status":"open","ping_status":"open","sticky":false,"template":"","format":"standard","meta":[],"categories":[1],"tags":[],"_links":{"self":[{"href":"https:\/\/egegen.com\/blog\/wp-json\/wp\/v2\/posts\/6087"}],"collection":[{"href":"https:\/\/egegen.com\/blog\/wp-json\/wp\/v2\/posts"}],"about":[{"href":"https:\/\/egegen.com\/blog\/wp-json\/wp\/v2\/types\/post"}],"author":[{"embeddable":true,"href":"https:\/\/egegen.com\/blog\/wp-json\/wp\/v2\/users\/1"}],"replies":[{"embeddable":true,"href":"https:\/\/egegen.com\/blog\/wp-json\/wp\/v2\/comments?post=6087"}],"version-history":[{"count":0,"href":"https:\/\/egegen.com\/blog\/wp-json\/wp\/v2\/posts\/6087\/revisions"}],"wp:featuredmedia":[{"embeddable":true,"href":"https:\/\/egegen.com\/blog\/wp-json\/wp\/v2\/media\/6089"}],"wp:attachment":[{"href":"https:\/\/egegen.com\/blog\/wp-json\/wp\/v2\/media?parent=6087"}],"wp:term":[{"taxonomy":"category","embeddable":true,"href":"https:\/\/egegen.com\/blog\/wp-json\/wp\/v2\/categories?post=6087"},{"taxonomy":"post_tag","embeddable":true,"href":"https:\/\/egegen.com\/blog\/wp-json\/wp\/v2\/tags?post=6087"}],"curies":[{"name":"wp","href":"https:\/\/api.w.org\/{rel}","templated":true}]}}