{"id":6069,"date":"2020-01-06T15:24:02","date_gmt":"2020-01-06T12:24:02","guid":{"rendered":"https:\/\/egegen.com\/blog\/?p=6069"},"modified":"2022-10-10T17:06:01","modified_gmt":"2022-10-10T14:06:01","slug":"egegen-trend-raporu-27-aralik-2019","status":"publish","type":"post","link":"https:\/\/egegen.com\/blog\/egegen-trend-raporu-27-aralik-2019\/","title":{"rendered":"egegen Trend Raporu &#8211; 27 \/ Aral\u0131k 2019"},"content":{"rendered":"\r\n<p>Kah g\u00fclerek, kah \u00fcz\u00fclerek geride b\u0131rakt\u0131\u011f\u0131m\u0131z 2019 y\u0131l\u0131n\u0131n Aral\u0131k ay\u0131 Trend Raporu \u00e7\u0131kt\u0131. Y\u0131l\u0131n son ay\u0131 dijital d\u00fcnyada olduk\u00e7a h\u0131zl\u0131 ilerledi. Yerli otomobilimiz TOGG\u2019dan, sanat d\u00fcnyas\u0131n\u0131 sarsan ve 120 Bin Dolar\u2019a sat\u0131lan muza kadar t\u00fcm geli\u015fmeler 27. Say\u0131m\u0131zda! Keyifli okumalar dileriz\u2026\u00a0\u00a0<\/p>\r\n\r\n\r\n\r\n<h3><strong>T\u00fcrkiye\u2019nin Yerli otomobili Togg<\/strong><\/h3>\r\n\r\n\r\n\r\n<p>Markas\u0131 ve patentinin al\u0131nd\u0131\u011f\u0131 Devrim\u2019den sonra ilk yerli otomotiv giri\u015fimi \u00fcr\u00fcn\u00fc olan TOGG tan\u0131t\u0131ld\u0131. TOGG, y\u00fczde y\u00fcz elektrikli bir ara\u00e7. Tasar\u0131m\u0131 \u0130talya\u2019da yapt\u0131r\u0131ld\u0131 ancak onun d\u0131\u015f\u0131ndaki her \u015fey yerli \u00fcretim ve T\u00fcrkiye kaynakl\u0131.\u00a0\u00a02022\u2019de de sat\u0131\u015fa sunulmas\u0131 bekleniyor.\u00a0\u00a0Otomobilin elektrikli olmas\u0131 kafalarda soru i\u015farete yaratsa da tan\u0131t\u0131mda 2022 y\u0131l\u0131na kadar T\u00fcrkiye\u2019nin \u015farj alt yap\u0131s\u0131n\u0131n yeterli seviyeye ula\u015faca\u011f\u0131 belirtildi.\u00a0<\/p>\r\n\r\n\r\n\r\n<figure class=\"wp-block-image size-large\"><img width=\"768\" height=\"768\" class=\"wp-image-6070\" src=\"https:\/\/egegen.com\/blog\/wp-content\/uploads\/2020\/01\/yerli-otomobil-togg-blog.jpg\" alt=\"\" \/><\/figure>\r\n\r\n\r\n\r\n<p>Ayr\u0131ca \u00e7ok uzun s\u00fcre beklemeye de gerek kalm\u0131yor, bir saat dolmadan \u015farj y\u00fczde y\u00fcze geliyor. Yol \u00fczerindeki istasyonlardan da \u015farj etmek m\u00fcmk\u00fcn. egegen olarak bizi de olduk\u00e7a heyecanland\u0131ran yerli otomobilimizi 2020 y\u0131l\u0131 boyunca \u00e7\u0131kan yeni geli\u015fmelerle birlikte yak\u0131ndan takip ediyor olaca\u011f\u0131z.\u00a0<\/p>\r\n\r\n\r\n<hr class=\"wp-block-separator\" \/>\r\n\r\n\r\n<h3><strong>Anayasa Mahkemesinden Wikipedia\u2019ya Eri\u015fim \u0130ste\u011fi<\/strong><\/h3>\r\n\r\n\r\n\r\n<p>Wikipedia iki bu\u00e7uk y\u0131ld\u0131r kapal\u0131. Ter\u00f6r ile ilgili yanl\u0131\u015f bilgiler verdi\u011fi iddias\u0131 y\u00fcz\u00fcnden kapanm\u0131\u015ft\u0131 ve Wikipedia\u2019n\u0131n mahkemeye ba\u015fvurmas\u0131na ra\u011fmen a\u00e7\u0131lmam\u0131\u015ft\u0131. Anayasa Mahkemesi bu engelin hak ihlali oldu\u011funu belirterek Wikipedia\u2019nin a\u00e7\u0131lmas\u0131n\u0131 talep etti. Hen\u00fcz hangi g\u00fcn a\u00e7\u0131laca\u011f\u0131 belli de\u011fil mahkeme sonucundan sonra BTK\u2019n\u0131n a\u00e7mas\u0131 bekleniyor.\u00a0<\/p>\r\n\r\n\r\n\r\n<figure class=\"wp-block-image size-large\"><img width=\"710\" height=\"650\" class=\"wp-image-6071\" src=\"https:\/\/egegen.com\/blog\/wp-content\/uploads\/2020\/01\/wikipedia-turkiye-blog.png\" alt=\"\" \/>\r\n<figcaption>wikipedia<\/figcaption>\r\n<\/figure>\r\n\r\n\r\n\r\n<p>Normalde Anayasa Mahkemesi karar\u0131n\u0131 9 ile 12 ay i\u00e7erisinde bildirmesi gerekirken bu s\u00fcre \u00e7ok fazla a\u015f\u0131ld\u0131\u011f\u0131 i\u00e7in konunun Avrupa \u0130nsan Haklar\u0131 Mahkemesi\u2019nce de\u011ferlendirilmeye ba\u015flanmas\u0131 sonras\u0131,\u00a0\u00a0ifade \u00f6zg\u00fcrl\u00fc\u011f\u00fc konusunun A\u0130HM\u2019e yans\u0131mamas\u0131 i\u00e7in ad\u0131m at\u0131ld\u0131. Wikipedia\u2019n\u0131n kurucusu Jim Walles de bu haberin ard\u0131ndan kendi Twitter hesab\u0131ndan \u201cWelcome back, Turkey!\u201d mesaj\u0131n\u0131 T\u00fcrk Bayra\u011f\u0131 ile olan foto\u011fraf\u0131n\u0131 payla\u015farak yay\u0131nlad\u0131.\u00a0<\/p>\r\n\r\n\r\n<hr class=\"wp-block-separator\" \/>\r\n\r\n\r\n<h3><strong>WT Social Facebook\u2019a Rakip Olabilir Mi?<\/strong><\/h3>\r\n\r\n\r\n\r\n<p>Bu uygulaman\u0131n en \u00f6nemli \u00f6zelli\u011fi ki\u015fisel verilerin gizlili\u011fi ile ilgili vermek istedi\u011fi g\u00fcven ayr\u0131ca reklam gelirleri ile de\u011fil kat\u0131l\u0131mc\u0131lar\u0131n ba\u011f\u0131\u015flar\u0131 ile ayakta duracak olmas\u0131.\u00a0\u00a0Kat\u0131l\u0131mc\u0131 olmak i\u00e7in bekleme listesine girmeniz veya \u00fccretli \u00fcye olman\u0131z gerekiyor. \u00dcyeli\u011finizin olu\u015fmas\u0131 i\u00e7in de bir ba\u015fkas\u0131n\u0131 platforma davet etmeniz gerekli.<\/p>\r\n\r\n\r\n\r\n<figure class=\"wp-block-image size-large\"><img width=\"880\" height=\"440\" class=\"wp-image-6072\" src=\"https:\/\/egegen.com\/blog\/wp-content\/uploads\/2020\/01\/wt-social-blog.jpg\" alt=\"\" \/>\r\n<figcaption>wt social<\/figcaption>\r\n<\/figure>\r\n\r\n\r\n\r\n<p>Haber odakl\u0131 bir platform olan WT:Social, ki\u015fisel a\u011f\u0131n\u0131zdaki makalelere ula\u015farak, yan\u0131lt\u0131c\u0131 haber ba\u015fl\u0131klar\u0131n\u0131 de\u011fi\u015ftirebilme \u00f6zelli\u011fini de sunacak. B\u00f6ylece daha kaliteli ve g\u00fcvenli, yan\u0131lt\u0131c\u0131 olmayan i\u00e7eriklere ula\u015fmak i\u00e7in \u00f6nemli bir ad\u0131m at\u0131lm\u0131\u015f olacak.\u00a0<\/p>\r\n\r\n\r\n\r\n<p>Buradan kay\u0131t olabilirsiniz;\u00a0<a href=\"https:\/\/wt.social\/\" rel=\"nofollow\">https:\/\/wt.social\/<\/a><\/p>\r\n\r\n\r\n<hr class=\"wp-block-separator\" \/>\r\n\r\n\r\n<h3><strong>Yap\u0131 Kredi\u2019den Hi\u00e7 Yay\u0131nlanmam\u0131\u015f, Sabahattin Ali Foto\u011fraf ve Mektuplar\u00a0<\/strong><\/h3>\r\n\r\n\r\n\r\n<p>Yap\u0131 Kredi 75. Y\u0131l\u0131na \u00f6zel olarak bir sergi d\u00fczenledi. Sabahattin Ali\u2019nin d\u00fcnyas\u0131n\u0131 anlamak, onu daha yak\u0131ndan tan\u0131mak isteyenler i\u00e7in \u015fimdiye kadar hi\u00e7 g\u00fcn y\u00fcz\u00fcne \u00e7\u0131kmam\u0131\u015f foto\u011fraflar\u0131 ve mektuplar\u0131n\u0131 sergiliyor. Aile ya\u015fam\u0131, a\u015fklar\u0131, yazar\u0131n \u00e7ekti\u011fi 1930\u2019lar T\u00fcrkiye\u2019sine ait foto\u011fraflar\u0131n\u0131 sergide g\u00f6rmek m\u00fcmk\u00fcn.\u00a0\u00a0<\/p>\r\n\r\n\r\n\r\n<figure class=\"wp-block-image size-large\"><img width=\"660\" height=\"330\" class=\"wp-image-6073\" src=\"https:\/\/egegen.com\/blog\/wp-content\/uploads\/2020\/01\/sabahattain-ali-blog.jpg\" alt=\"\" \/>\r\n<figcaption>Sabahattin Ali<\/figcaption>\r\n<\/figure>\r\n\r\n\r\n\r\n<p>Serginin ad\u0131 ise olduk\u00e7a dikkat \u00e7ekici \u201cCan\u0131m Aliye Ruhum Filiz\u201d. \u0130smini yine Sabahattin Ali\u2019nin ayn\u0131 adl\u0131 kitab\u0131ndan al\u0131yor. Kitapta bir yazar\u0131n e\u015fine, ailesine kar\u015f\u0131 sorumluluklar\u0131n\u0131 anlatan yazar\u0131n hem bir e\u015f hem de baba olan y\u00f6nlerini mektuplar ile anlat\u0131yor. 29 \u015eubat 2020 tarihine kadar \u015ei\u015fli\u2019deki Yap\u0131 Kredi Bomontiada ALT\u2019ta ziyaret ederek bu deneyimi ya\u015fayabilirsiniz. Sabahattin Ali\u2019yi sadece kitaplar\u0131ndan de\u011fil, hayat\u0131na dokunarak tan\u0131maya \u00e7al\u0131\u015fanlara m\u00fcjdeyle duyurulur<\/p>\r\n\r\n\r\n<hr class=\"wp-block-separator\" \/>\r\n\r\n\r\n<h3><strong>Kariyer Geli\u015fiminiz \u0130\u00e7in Yard\u0131mc\u0131 \u0130ki Ara\u00e7; \u00d6zge\u00e7mi\u015f Tasar\u0131m\u0131 ve Ki\u015fisel Geli\u015fim<\/strong><\/h3>\r\n\r\n\r\n\r\n<p>\u00d6zge\u00e7mi\u015finizin ilk bak\u0131\u015fta nas\u0131l g\u00f6z\u00fckt\u00fc\u011f\u00fc, renkleri, tasar\u0131m\u0131, kar\u015f\u0131 tarafta yaratmak istedi\u011finiz izlenim a\u00e7\u0131s\u0131ndan olduk\u00e7a \u00f6nemli, ancak hepimiz birer tasar\u0131mc\u0131 de\u011filiz yine de ilk bak\u0131\u015fta dikkat \u00e7ekmek istiyoruz. D\u0131\u015f g\u00f6r\u00fcn\u00fc\u015fe verdi\u011fimiz \u00f6nem gibi her zaman bir ad\u0131m \u00f6nde olmam\u0131z\u0131 sa\u011fl\u0131yor. Bu konuda \u00e7evrenizde yard\u0131m alabilece\u011finiz birisi yoksa size \u00f6nerebilece\u011fimiz g\u00fczel ve \u00fccretsiz bir uygulama var.\u00a0<strong>Applyya<\/strong>\u00a0ad\u0131ndaki platform ile farkl\u0131 tasar\u0131mlarla \u00f6zge\u00e7mi\u015f olu\u015fturabilirsiniz.\u00a0\u00a0<\/p>\r\n\r\n\r\n\r\n<figure class=\"wp-block-image size-large\"><img width=\"364\" height=\"138\" class=\"wp-image-6075\" src=\"https:\/\/egegen.com\/blog\/wp-content\/uploads\/2020\/01\/applyya-blog.jpg\" alt=\"\" \/>\r\n<figcaption>Applyy<\/figcaption>\r\n<\/figure>\r\n\r\n\r\n\r\n<p>Hayalinizdeki i\u015f i\u00e7in h\u0131zl\u0131 ve kolayca g\u00f6ze ho\u015f g\u00f6z\u00fcken tasar\u0131mlar olu\u015fturup istedi\u011finiz yerlere g\u00f6ndermeye ba\u015flayabilirsiniz. Kariyer basamaklar\u0131n\u0131n ilk merdivenindeyseniz e\u011fer sizin i\u00e7in harika bir f\u0131rsat oldu\u011funa eminiz. \u015eimdiden bol \u015fanslar dileriz. Dilerseniz\u00a0<a href=\"https:\/\/applyya.com\/\" rel=\"nofollow\">buraya<\/a>\u00a0t\u0131klayarak direk ba\u011flant\u0131 sa\u011flayabilirsiniz.\u00a0<\/p>\r\n\r\n\r\n\r\n<figure class=\"wp-block-image size-large\"><img width=\"512\" height=\"250\" class=\"wp-image-6074\" src=\"https:\/\/egegen.com\/blog\/wp-content\/uploads\/2020\/01\/linkedin-learning-uygulamas\u0131-blog.png\" alt=\"\" \/>\r\n<figcaption>LinkedIn<\/figcaption>\r\n<\/figure>\r\n\r\n\r\n\r\n<p>Kendini Geli\u015ftirme konusunda yeni kanallar ke\u015ffetmeye \u00e7al\u0131\u015fanlar i\u00e7in ila\u00e7 gibi gelecek ve hayat\u0131n\u0131z\u0131 kolayla\u015ft\u0131raca\u011f\u0131n\u0131 d\u00fc\u015f\u00fcnd\u00fc\u011f\u00fcm\u00fcz ba\u015fka bir uygulama Linkedln taraf\u0131ndan hayata ge\u00e7irildi.\u00a0<strong>Linkedln Learning Uygulamas\u0131\u00a0<\/strong>ile ki\u015fisel geli\u015fiminizi destekleyecek \u00e7evrimi\u00e7i kurs ve videolarla dolu bir kaynak sunuyor. Belirli i\u00e7erik kategorileri var. Hen\u00fcz T\u00fcrk\u00e7e dil se\u00e7ene\u011fi mevcut de\u011fil, \u0130\u00e7eriklere ula\u015fmak \u00fccretli fakat bir ayl\u0131k \u00fccretsiz deneme s\u00fcresi mevcut.\u00a0\u00a0<\/p>\r\n\r\n\r\n<hr class=\"wp-block-separator\" \/>\r\n\r\n\r\n<h3><strong>120 Bin Dolara Sat\u0131lan Muz<\/strong><\/h3>\r\n\r\n\r\n\r\n<p>Ne var yani bunu ben de yapar\u0131m dedi\u011fimiz \u00e7al\u0131\u015fmalardan biri ile kar\u015f\u0131 kar\u015f\u0131yay\u0131z.<\/p>\r\n\r\n\r\n\r\n<p><strong>Maurizio Cattelan<\/strong>\u2019\u0131n duvara bantlay\u0131p\u00a0<strong>Art Basel<\/strong>\u2019deki galeride sergiledi\u011fi Komedyen ad\u0131ndaki eseri, \u00e7ok konu\u015fuldu. Markalar\u0131n da bundan nemaland\u0131\u011f\u0131n\u0131 g\u00f6rd\u00fck fazlas\u0131yla. Sanat\u0131n ne oldu\u011fu konusu defalarca soruldu ve d\u00fc\u015f\u00fcn\u00fcld\u00fc bu eserden sonra. Daha do\u011frusu \u00e7a\u011fda\u015f sanat\u0131n ne oldu\u011fu, \u00fcreticilerinin ve t\u00fcccarlar\u0131n\u0131n nas\u0131l ama\u00e7lar i\u00e7erisinde bu tarz eserleri yapt\u0131\u011f\u0131 gibi bir\u00e7ok soru olu\u015ftu zihinlerde Cattelan sayesinde.\u00a0<\/p>\r\n\r\n\r\n\r\n<figure class=\"wp-block-image size-large\"><img width=\"1024\" height=\"655\" class=\"wp-image-6076\" src=\"https:\/\/egegen.com\/blog\/wp-content\/uploads\/2020\/01\/komedyen-muz-blog.jpg\" alt=\"\" \/>\r\n<figcaption>120 bin dolarl\u0131k muz<\/figcaption>\r\n<\/figure>\r\n\r\n\r\n\r\n<p>Asl\u0131nda Cattelan\u2019n\u0131n bu eseri ile herkes sanat felsefesi yapmaya ba\u015flad\u0131 bir \u015fekilde. Sanat nedir ve bunun amac\u0131 ne? gibi sorularla zihnimizi kurcalamaya ba\u015flad\u0131 tekrar. \u00c7a\u011fda\u015f sanat\u0131n da esas gayelerinden biri de; bunu ben de yapar\u0131m diye d\u00fc\u015f\u00fcnd\u00fcrerek performansa, i\u00e7 g\u00f6r\u00fcye odaklanmay\u0131 sa\u011flamakt\u0131r. Maurizio Cattelan\u2019\u0131n bu performans\u0131 bizleri bunu nas\u0131l yapt\u0131\u011f\u0131n\u0131 de\u011fil de neden yapt\u0131\u011f\u0131n\u0131 sorgulamaya itiyor.<\/p>\r\n\r\n\r\n<hr class=\"wp-block-separator\" \/>\r\n\r\n\r\n<h3><strong>2020 Y\u0131l\u0131n\u0131n Sosyal Medya G\u00f6rsel K\u0131lavuzu Yay\u0131nland\u0131<\/strong><\/h3>\r\n\r\n\r\n\r\n<p>Bu yaz\u0131y\u0131 okuyanlar aras\u0131nda grafik tasar\u0131mc\u0131 arkada\u015flar\u0131m\u0131z var m\u0131? \u00d6zellikle sosyal medya alan\u0131nda \u00e7al\u0131\u015f\u0131yorsan\u0131z, g\u00f6rsel boyutlar\u0131yla ba\u015f\u0131n\u0131z belada demektir.\u00a0<strong>Sosyal medya platformlar\u0131na gelen g\u00fcncellemeler<\/strong>\u00a0ile g\u00f6rsel eklenecek boyutlar\u0131 da de\u011fi\u015fiyor. \u00d6zellikle kapak foto\u011fraf\u0131 i\u00e7in ayr\u0131ca dikkat etmek gerekiyor. Facebook, Twitter, Linkedin kapak g\u00f6rseli i\u00e7in yani bir \u00e7al\u0131\u015fman\u0131z varsa, \u00e7al\u0131\u015fman\u0131z\u0131 kaydetmeden \u00f6nce 2020 y\u0131l\u0131n\u0131n sosyal medya g\u00f6rsel boyutlar\u0131na bakman\u0131zda fayda var!<\/p>\r\n\r\n\r\n\r\n<figure class=\"wp-block-image size-large\"><img width=\"1024\" height=\"706\" class=\"wp-image-6078\" src=\"https:\/\/egegen.com\/blog\/wp-content\/uploads\/2020\/01\/sosyal-medya-boyutlar\u0131-blog-1-1024x706.jpg\" alt=\"\" \/>\r\n<figcaption>sosyal medya g\u00f6rsel k\u0131lavuzu<\/figcaption>\r\n<\/figure>\r\n\r\n\r\n\r\n<p><strong>Sosyal medyada kullanaca\u011f\u0131n\u0131z g\u00f6rsellerin boyutlar\u0131<\/strong>na ula\u015fmak istiyorsan\u0131z e\u011fer\u00a0<a href=\"https:\/\/makeawebsitehub.com\/social-media-image-sizes-cheat-sheet\/\" rel=\"nofollow\">buraya<\/a>\u00a0t\u0131klayabilirsiniz. 2020 y\u0131l\u0131 boyunca size rehberlik edecek boyutlarla hata yapmadan kapak g\u00f6rselleri olu\u015fturabilir, profil foto\u011fraf\u0131n\u0131 de\u011fi\u015ftirebilir ve g\u00f6rselleri g\u00f6nl\u00fcn\u00fczce y\u00fckleyebilirsiniz.\u00a0<\/p>\r\n\r\n\r\n<hr class=\"wp-block-separator\" \/>\r\n\r\n\r\n<h3><strong>Seramik Eserler \u00c7a\u011fda\u015f Sanatla Bulu\u015ftu<\/strong><\/h3>\r\n\r\n\r\n\r\n<figure class=\"wp-block-image size-large\"><img width=\"1024\" height=\"797\" class=\"wp-image-6080\" src=\"https:\/\/egegen.com\/blog\/wp-content\/uploads\/2020\/01\/cagdas-seramik-1-1024x797.jpg\" alt=\"\" \/><\/figure>\r\n\r\n\r\n\r\n<p>Resim ki\u015finin kendi benli\u011finin d\u0131\u015favurum hali. Resim derken dilerseniz sulu boya, dilerseniz karakalem, dilerseniz de ill\u00fcstrasyon olsun fark etmez. \u00d6nemli olan ki\u015finin kendi anlam d\u00fcnyas\u0131n\u0131 yans\u0131tmas\u0131. Bu isimlerden bir tanesi ise, Katy Stubbs. Kendisi bir ill\u00fcstrasyon sanat\u00e7\u0131s\u0131 ve belli ki geleneksel olana farkl\u0131 bir bak\u0131\u015f a\u00e7\u0131s\u0131 var. Bu bak\u0131\u015f a\u00e7\u0131s\u0131n\u0131 ise bizlere seramik eserler arac\u0131l\u0131\u011f\u0131yla yans\u0131t\u0131yor.\u00a0<\/p>\r\n\r\n\r\n\r\n<figure class=\"wp-block-image size-large\"><img width=\"1024\" height=\"535\" class=\"wp-image-6081\" src=\"https:\/\/egegen.com\/blog\/wp-content\/uploads\/2020\/01\/cagdas-seramik-2-1024x535.jpg\" alt=\"\" \/><\/figure>\r\n\r\n\r\n\r\n<p>Katy Stubbs ill\u00fcstratif tarz\u0131n\u0131 geleneksel \u00e7izgilerde g\u00f6rmeye al\u0131\u015ft\u0131\u011f\u0131m\u0131z seramiklere i\u015flemeye karar verdikten sonra olduk\u00e7a ba\u015far\u0131l\u0131 i\u015flere imza atm\u0131\u015f bir sanat\u00e7\u0131. Biz hesab\u0131n\u0131 inceledi\u011fimizde yarat\u0131mlar\u0131n\u0131 \u00e7ok sevdik. Siz de e\u011fer merak ettiyseniz instagram hesab\u0131ndan payla\u015ft\u0131\u011f\u0131 eserlerine g\u00f6z gezdirebilirsiniz. Bu aralar ilhama ihtiyac\u0131n\u0131z varsa instagram hesab\u0131n\u0131n linki\u00a0<a href=\"https:\/\/www.instagram.com\/katy.stubbs\/?utm_source=ig_embed\" rel=\"nofollow\">buraya<\/a>\u00a0b\u0131rak\u0131yoruz.\u00a0<\/p>\r\n","protected":false},"excerpt":{"rendered":"<p>Kah g\u00fclerek, kah \u00fcz\u00fclerek geride b\u0131rakt\u0131\u011f\u0131m\u0131z 2019 y\u0131l\u0131n\u0131n Aral\u0131k ay\u0131 Trend Raporu \u00e7\u0131kt\u0131. Y\u0131l\u0131n son ay\u0131 dijital d\u00fcnyada olduk\u00e7a h\u0131zl\u0131 ilerledi. Yerli otomobilimiz TOGG\u2019dan, sanat d\u00fcnyas\u0131n\u0131 sarsan ve 120 Bin Dolar\u2019a sat\u0131lan muza kadar t\u00fcm geli\u015fmeler 27. Say\u0131m\u0131zda! Keyifli okumalar dileriz\u2026\u00a0\u00a0 T\u00fcrkiye\u2019nin Yerli otomobili Togg Markas\u0131 ve patentinin al\u0131nd\u0131\u011f\u0131 Devrim\u2019den sonra ilk yerli otomotiv giri\u015fimi &hellip;<\/p>\n","protected":false},"author":20,"featured_media":6083,"comment_status":"open","ping_status":"open","sticky":false,"template":"","format":"standard","meta":[],"categories":[188],"tags":[],"_links":{"self":[{"href":"https:\/\/egegen.com\/blog\/wp-json\/wp\/v2\/posts\/6069"}],"collection":[{"href":"https:\/\/egegen.com\/blog\/wp-json\/wp\/v2\/posts"}],"about":[{"href":"https:\/\/egegen.com\/blog\/wp-json\/wp\/v2\/types\/post"}],"author":[{"embeddable":true,"href":"https:\/\/egegen.com\/blog\/wp-json\/wp\/v2\/users\/20"}],"replies":[{"embeddable":true,"href":"https:\/\/egegen.com\/blog\/wp-json\/wp\/v2\/comments?post=6069"}],"version-history":[{"count":2,"href":"https:\/\/egegen.com\/blog\/wp-json\/wp\/v2\/posts\/6069\/revisions"}],"predecessor-version":[{"id":8921,"href":"https:\/\/egegen.com\/blog\/wp-json\/wp\/v2\/posts\/6069\/revisions\/8921"}],"wp:featuredmedia":[{"embeddable":true,"href":"https:\/\/egegen.com\/blog\/wp-json\/wp\/v2\/media\/6083"}],"wp:attachment":[{"href":"https:\/\/egegen.com\/blog\/wp-json\/wp\/v2\/media?parent=6069"}],"wp:term":[{"taxonomy":"category","embeddable":true,"href":"https:\/\/egegen.com\/blog\/wp-json\/wp\/v2\/categories?post=6069"},{"taxonomy":"post_tag","embeddable":true,"href":"https:\/\/egegen.com\/blog\/wp-json\/wp\/v2\/tags?post=6069"}],"curies":[{"name":"wp","href":"https:\/\/api.w.org\/{rel}","templated":true}]}}