{"id":603,"date":"2016-06-20T09:57:15","date_gmt":"2016-06-20T06:57:15","guid":{"rendered":"https:\/\/egegen.com\/blog\/?p=603"},"modified":"2017-03-08T10:28:38","modified_gmt":"2017-03-08T07:28:38","slug":"steve-jobs-ve-larry-page-ile-calismanin-arasindaki-en-belirgin-fark-nedir","status":"publish","type":"post","link":"https:\/\/egegen.com\/blog\/steve-jobs-ve-larry-page-ile-calismanin-arasindaki-en-belirgin-fark-nedir\/","title":{"rendered":"Steve Jobs ve Larry Page ile \u00e7al\u0131\u015fman\u0131n aras\u0131ndaki en belirgin fark nedir?"},"content":{"rendered":"<p>Ge\u00e7ti\u011fimiz g\u00fcnlerde Nest\u2018in kurucu orta\u011f\u0131 ve \u015fu an ki CEO\u2019su Tony Fadell\u2018in g\u00f6revini k\u0131sa s\u00fcre i\u00e7erisinde b\u0131rakaca\u011f\u0131 a\u00e7\u0131klanm\u0131\u015ft\u0131. K\u0131sa s\u00fcre sonra Bloomberg\u2019e konu\u015fan Fadell, Steve Jobs ve Larry Page ile \u00e7al\u0131\u015fman\u0131n aras\u0131ndaki en belirgin fark\u0131 payla\u015ft\u0131.<\/p>\n<p>Yakla\u015f\u0131k 10 y\u0131l boyunca Apple\u2018da \u00e7al\u0131\u015fan ve bu s\u00fcre\u00e7te iPod\u2018un yarat\u0131c\u0131lar\u0131 aras\u0131nda bulunan Tony Fadell o d\u00f6nemde Steve Jobs ile uzun s\u00fcre birebir \u00e7al\u0131\u015fm\u0131\u015f birisi. Ard\u0131ndan kurdu\u011fu ak\u0131ll\u0131 ev \u00fcr\u00fcnleri \u015firketi Nest\u2019in de 2014 y\u0131l\u0131nda Google taraf\u0131ndan sat\u0131n al\u0131nmas\u0131yla Larry Page ile birebir \u00e7al\u0131\u015fma imkan\u0131 yakalam\u0131\u015f.<\/p>\n<p>Tony Fadell\u2019a g\u00f6re Steve Jobs ve Larry Page ile \u00e7al\u0131\u015fman\u0131n fark\u0131 \u015f\u00f6yle:<\/p>\n<p>&#8220;Steve Jobs ve Larry Page ile \u00e7al\u0131\u015fmaktan her zaman gurur duydum. Her ikisinde de \u00e7ok \u015fey \u00f6\u011frendim. Steve Jobs\u2019tan \u00f6zellikle kullan\u0131c\u0131 deneyimi, pazarlama ve \u00fcr\u00fcn tasarlama konusunda \u00e7ok \u015fey \u00f6\u011frendim, bu konularda \u00e7ok iyiydi. Larry Page ise hi\u00e7 d\u00fc\u015f\u00fcn\u00fclmemi\u015f olan\u0131 d\u00fc\u015f\u00fcnme, s\u0131n\u0131rlar\u0131n \u00f6tesindeki g\u00f6rme ve bunlar\u0131 hayata ge\u00e7irme konusunda bamba\u015fka bir noktada. Onun d\u00fc\u015f\u00fcnd\u00fc\u011f\u00fc \u015feyler Cupertino\u2019ta (Apple\u2019\u0131n genel merkezi) bile konu\u015fulmuyor. Google\u2019da \u00e7al\u0131\u015ft\u0131\u011f\u0131m d\u00f6nemde \u00f6zellikle laboratuvarda her g\u00fcn \u00e7ok de\u011fi\u015fik \u00fcr\u00fcnler geli\u015ftirildi\u011fini g\u00f6rd\u00fcm. Bunlar\u0131 her g\u00f6rd\u00fc\u011f\u00fcmde \u201dNas\u0131l? Ger\u00e7ekten bunun \u00fczerinde mi \u00e7al\u0131\u015f\u0131yorsunuz?\u201d sorular\u0131n\u0131 sordum.<\/p>\n<p>&nbsp;<\/p>\n<p>Tony Fadell internet ve teknoloji d\u00fcnyas\u0131n\u0131n iki efsanevi ismiyle \u00e7al\u0131\u015fmas\u0131n\u0131 kendi deneyimiyle b\u00f6yle yorumlam\u0131\u015f. Nest\u2019ten ayr\u0131ld\u0131ktan sonra Larry Page\u2019e ve Alphabet\u2018e dan\u0131\u015fmanl\u0131k yapmay\u0131 s\u00fcrd\u00fcrecek olan Fadell ayn\u0131 zamanda yeni giri\u015fimlerine odaklanacak.<\/p>\n<p><strong>Kaynak:<\/strong> Webrazzi<\/p>\n","protected":false},"excerpt":{"rendered":"<p>Ge\u00e7ti\u011fimiz g\u00fcnlerde Nest\u2018in kurucu orta\u011f\u0131 ve \u015fu an ki CEO\u2019su Tony Fadell\u2018in g\u00f6revini k\u0131sa s\u00fcre i\u00e7erisinde b\u0131rakaca\u011f\u0131 a\u00e7\u0131klanm\u0131\u015ft\u0131. K\u0131sa s\u00fcre sonra Bloomberg\u2019e konu\u015fan Fadell, Steve Jobs ve Larry Page ile \u00e7al\u0131\u015fman\u0131n aras\u0131ndaki en belirgin fark\u0131 payla\u015ft\u0131. Yakla\u015f\u0131k 10 y\u0131l boyunca Apple\u2018da \u00e7al\u0131\u015fan ve bu s\u00fcre\u00e7te iPod\u2018un yarat\u0131c\u0131lar\u0131 aras\u0131nda bulunan Tony Fadell o d\u00f6nemde Steve Jobs &hellip;<\/p>\n","protected":false},"author":1,"featured_media":605,"comment_status":"open","ping_status":"open","sticky":false,"template":"","format":"quote","meta":[],"categories":[178],"tags":[],"_links":{"self":[{"href":"https:\/\/egegen.com\/blog\/wp-json\/wp\/v2\/posts\/603"}],"collection":[{"href":"https:\/\/egegen.com\/blog\/wp-json\/wp\/v2\/posts"}],"about":[{"href":"https:\/\/egegen.com\/blog\/wp-json\/wp\/v2\/types\/post"}],"author":[{"embeddable":true,"href":"https:\/\/egegen.com\/blog\/wp-json\/wp\/v2\/users\/1"}],"replies":[{"embeddable":true,"href":"https:\/\/egegen.com\/blog\/wp-json\/wp\/v2\/comments?post=603"}],"version-history":[{"count":0,"href":"https:\/\/egegen.com\/blog\/wp-json\/wp\/v2\/posts\/603\/revisions"}],"wp:featuredmedia":[{"embeddable":true,"href":"https:\/\/egegen.com\/blog\/wp-json\/wp\/v2\/media\/605"}],"wp:attachment":[{"href":"https:\/\/egegen.com\/blog\/wp-json\/wp\/v2\/media?parent=603"}],"wp:term":[{"taxonomy":"category","embeddable":true,"href":"https:\/\/egegen.com\/blog\/wp-json\/wp\/v2\/categories?post=603"},{"taxonomy":"post_tag","embeddable":true,"href":"https:\/\/egegen.com\/blog\/wp-json\/wp\/v2\/tags?post=603"}],"curies":[{"name":"wp","href":"https:\/\/api.w.org\/{rel}","templated":true}]}}