{"id":6026,"date":"2019-12-09T17:40:27","date_gmt":"2019-12-09T14:40:27","guid":{"rendered":"https:\/\/egegen.com\/blog\/?p=6026"},"modified":"2022-08-23T17:51:58","modified_gmt":"2022-08-23T14:51:58","slug":"2020nin-rengi-klasik-mavi-secildi","status":"publish","type":"post","link":"https:\/\/egegen.com\/blog\/2020nin-rengi-klasik-mavi-secildi\/","title":{"rendered":"2020\u2019nin Rengi Klasik Mavi Se\u00e7ildi"},"content":{"rendered":"\n<p>D\u00fcnyada evrensel renk dilini kullanmam\u0131z\u0131 sa\u011flayan <strong>Pantone<\/strong> global renk trendlerini \u00f6n g\u00f6rerek, markalara tavsiyelerde bulunan, y\u0131l\u0131n rengini belirleyen bir i\u015fletme. Yakla\u015f\u0131k yirmi y\u0131ld\u0131r her y\u0131l\u0131n rengini belirliyor.&nbsp;&nbsp;<strong>2020\u2019nin rengi ise klasik mavi se\u00e7ildi<\/strong>. Klasik mavi se\u00e7ilmesinin baz\u0131 sebepleri var.<\/p>\n\n\n\n<p>Bu rengi se\u00e7erken i\u00e7inde bulundu\u011fumuz d\u00f6nemde tamamlanmas\u0131 gereken ve ihtiya\u00e7 hissetti\u011fimiz duygular\u0131 belirleyici olarak alm\u0131\u015flar. Ki\u015fisel olarak da hangi renge eliniz gidiyorsa onun eksikli\u011fini ya\u015f\u0131yorsunuzdur asl\u0131nda. <strong>Evrensel olarak Pantone\u2019nin tahmini bu y\u0131l i\u00e7in klasik mavi<\/strong>.<\/p>\n\n\n\n<figure class=\"wp-block-image size-large\"><img width=\"800\" height=\"533\" src=\"https:\/\/egegen.com\/blog\/wp-content\/uploads\/2019\/12\/pantone-rengi-1.jpg\" alt=\"\" class=\"wp-image-6028\"\/><figcaption>2020&#8217;nin rengi<\/figcaption><\/figure>\n\n\n\n<p><strong>Mavi ileti\u015fimin rengidir<\/strong><\/p>\n\n\n\n<p>Mavi rengi, d\u00fcnya genelinde g\u00fcvenli renktir. Hayat\u0131m\u0131zda ne fazla ise ya da ne eksikse bunu renklerle dengeleyebiliriz.&nbsp;&nbsp;B\u00fcy\u00fck, mavi bir gezegende ya\u015f\u0131yoruz ve son g\u00fcnlerde daha fazla maviye ihtiyac\u0131m\u0131z var gibi duruyor yani mavinin getirebilece\u011fi ileti\u015fime, g\u00fcvene, huzura ihtiyac\u0131m\u0131z var. Evrensel olarak bar\u0131\u015fa, anla\u015f\u0131lmaya ve temizli\u011fe ihtiyac\u0131m\u0131z var. Pantone\u2019nin y\u00f6netici direkt\u00f6r\u00fc de sadakate, g\u00fcvene ve zarafete olan arzumuza dikkat \u00e7ekerek klasik maviyi se\u00e7melerinin sebeplerini bu \u015fekilde a\u00e7\u0131klad\u0131.<\/p>\n","protected":false},"excerpt":{"rendered":"<p>D\u00fcnyada evrensel renk dilini kullanmam\u0131z\u0131 sa\u011flayan Pantone global renk trendlerini \u00f6n g\u00f6rerek, markalara tavsiyelerde bulunan, y\u0131l\u0131n rengini belirleyen bir i\u015fletme. Yakla\u015f\u0131k yirmi y\u0131ld\u0131r her y\u0131l\u0131n rengini belirliyor.&nbsp;&nbsp;2020\u2019nin rengi ise klasik mavi se\u00e7ildi. Klasik mavi se\u00e7ilmesinin baz\u0131 sebepleri var. Bu rengi se\u00e7erken i\u00e7inde bulundu\u011fumuz d\u00f6nemde tamamlanmas\u0131 gereken ve ihtiya\u00e7 hissetti\u011fimiz duygular\u0131 belirleyici olarak alm\u0131\u015flar. Ki\u015fisel olarak &hellip;<\/p>\n","protected":false},"author":20,"featured_media":6027,"comment_status":"open","ping_status":"open","sticky":false,"template":"","format":"standard","meta":[],"categories":[1],"tags":[],"_links":{"self":[{"href":"https:\/\/egegen.com\/blog\/wp-json\/wp\/v2\/posts\/6026"}],"collection":[{"href":"https:\/\/egegen.com\/blog\/wp-json\/wp\/v2\/posts"}],"about":[{"href":"https:\/\/egegen.com\/blog\/wp-json\/wp\/v2\/types\/post"}],"author":[{"embeddable":true,"href":"https:\/\/egegen.com\/blog\/wp-json\/wp\/v2\/users\/20"}],"replies":[{"embeddable":true,"href":"https:\/\/egegen.com\/blog\/wp-json\/wp\/v2\/comments?post=6026"}],"version-history":[{"count":0,"href":"https:\/\/egegen.com\/blog\/wp-json\/wp\/v2\/posts\/6026\/revisions"}],"wp:featuredmedia":[{"embeddable":true,"href":"https:\/\/egegen.com\/blog\/wp-json\/wp\/v2\/media\/6027"}],"wp:attachment":[{"href":"https:\/\/egegen.com\/blog\/wp-json\/wp\/v2\/media?parent=6026"}],"wp:term":[{"taxonomy":"category","embeddable":true,"href":"https:\/\/egegen.com\/blog\/wp-json\/wp\/v2\/categories?post=6026"},{"taxonomy":"post_tag","embeddable":true,"href":"https:\/\/egegen.com\/blog\/wp-json\/wp\/v2\/tags?post=6026"}],"curies":[{"name":"wp","href":"https:\/\/api.w.org\/{rel}","templated":true}]}}