{"id":5982,"date":"2019-11-29T14:49:27","date_gmt":"2019-11-29T11:49:27","guid":{"rendered":"https:\/\/egegen.com\/blog\/?p=5982"},"modified":"2022-10-10T17:05:25","modified_gmt":"2022-10-10T14:05:25","slug":"egegen-trend-raporu-26-kasim-2019","status":"publish","type":"post","link":"https:\/\/egegen.com\/blog\/egegen-trend-raporu-26-kasim-2019\/","title":{"rendered":"egegen Trend Raporu &#8211; 26 \/ Kas\u0131m 2019"},"content":{"rendered":"\r\n<p>Y\u0131l\u0131n son\u00a0<strong>Trend Raporu<\/strong>\u00a0ile kar\u015f\u0131n\u0131zday\u0131z! Dijital pazarlama d\u00fcnyas\u0131n\u0131n yenilikleri, sosyal medyaya damga vuran yeni haberleri, dijital reklamc\u0131l\u0131\u011f\u0131n etkileyici \u00f6rnekleri ve bizden haberler ile\u00a0<strong>egegen Trend Raporu<\/strong>\u2019nun yirmi alt\u0131nc\u0131 say\u0131s\u0131nda 2019 y\u0131l\u0131na veda etmeye haz\u0131rlan\u0131yoruz<strong>.<\/strong>\u00a0Keyifli okumalar dileriz!\u00a0\u00a0<\/p>\r\n\r\n\r\n\r\n<h3><strong>Sosyal Medyada\u00a0\u00a0#cringe Ak\u0131m\u0131<\/strong><\/h3>\r\n\r\n\r\n\r\n<p>Yine \u00e7o\u011fumuzun s\u0131k\u00e7a kar\u015f\u0131la\u015ft\u0131\u011f\u0131 ve ne oldu\u011funu bilmedi\u011fi yeni bir terim t\u00fcredi. Sosyal medyada s\u0131k\u00e7a g\u00f6rd\u00fc\u011f\u00fcn\u00fcz ama anlam\u0131n\u0131 bilmedi\u011finiz bu kelime &#8220;<strong>Cringe<\/strong>&#8221; T\u00fcrk\u00e7e kar\u015f\u0131l\u0131\u011f\u0131, birine yalakal\u0131k yapmak olarak \u00e7evriliyor ama sosyal medyada kullan\u0131m\u0131 daha farkl\u0131.<\/p>\r\n\r\n\r\n\r\n<figure class=\"wp-block-image\"><img width=\"1000\" height=\"710\" class=\"wp-image-5983\" src=\"https:\/\/egegen.com\/blog\/wp-content\/uploads\/2019\/11\/cringe.jpg\" alt=\"\" \/>\r\n<figcaption>#cringe<\/figcaption>\r\n<\/figure>\r\n\r\n\r\n\r\n<p>Bazen rahats\u0131z edici, ke\u015fke g\u00f6rmeseydim dedi\u011finiz ya da rezil olmu\u015f insanlar\u0131n payla\u015f\u0131mlar\u0131n\u0131 g\u00f6r\u00fcyoruz hatta bazen ki\u015fi bu biz oluyoruz.\u00a0\u00a0Ba\u015fkas\u0131n\u0131n ad\u0131na utand\u0131\u011f\u0131n\u0131z durumlarda, ke\u015fke b\u00f6yle bir \u015fey ya\u015fanmasayd\u0131 veya bunu neden g\u00f6r\u00fcyorum diye d\u00fc\u015f\u00fcnd\u00fc\u011f\u00fcn\u00fczde uzun uzun anlatmaktansa kelimenin ba\u015f\u0131na bir hashtag ekleyip\u00a0<strong>#cringe<\/strong>\u00a0olarak payla\u015f\u0131yorsunuz.\u00a0\u00a0Zincirleme bir reaksiyona yol a\u00e7abilirsiniz veya kendinizi bir anda tepkilerin oda\u011f\u0131nda bulabilir, \u00e7ok fazla ele\u015ftiriye maruz kalabilirsiniz. Payla\u015f\u0131m yaparken yeniden d\u00fc\u015f\u00fcnmek ve farkl\u0131 kesimleri g\u00f6rmezden gelmek yerine duyarl\u0131 olman\u0131z\u0131 tavsiye ederiz.\u00a0<\/p>\r\n\r\n\r\n<hr class=\"wp-block-separator\" \/>\r\n\r\n\r\n<h3><strong>WhatsApp, Mesajlar\u0131n\u0131z \u0130mha Edilecek<\/strong><\/h3>\r\n\r\n\r\n\r\n<p>G\u00fcncellenecek olan\u00a0<strong>WhatsApp<\/strong>\u00a0ile \u00f6nemli bir \u00f6zellik hayat\u0131m\u0131za giriyor. \u00d6zel hayat\u0131n gizlili\u011fi konusu son zamanlarda \u00e7ok fazla konu\u015fuluyor. Facebook\u2019un milyonlarca insan\u0131n ki\u015fisel verilerini <strong>Cambridge Analytica<\/strong> \u015firketine satt\u0131\u011f\u0131 ve verilerin se\u00e7im kampanyalar\u0131nda kullan\u0131ld\u0131\u011f\u0131 kan\u0131tlanm\u0131\u015ft\u0131.\u00a0Ya\u015fanan skandaldan dolay\u0131 Facebook\u2019un sahibi -ayn\u0131 zamanda WhatsApp\u2019\u0131n ve Instagram\u0131n da- yeni d\u00fczenlemelere giri\u015filece\u011fi y\u00f6n\u00fcnde a\u00e7\u0131klamalar yapm\u0131\u015ft\u0131.<\/p>\r\n\r\n\r\n\r\n<figure class=\"wp-block-image\"><img width=\"1000\" height=\"667\" class=\"wp-image-5985\" src=\"https:\/\/egegen.com\/blog\/wp-content\/uploads\/2019\/11\/ehatsapp-mesaj.jpg\" alt=\"\" \/>\r\n<figcaption>Whatsapp<\/figcaption>\r\n<\/figure>\r\n\r\n\r\n\r\n<p>WhatsApp, gelecek olan kaybolan mesajlar uygulamas\u0131 yoluyla san\u0131r\u0131z g\u00fcven tazelemeye \u00e7al\u0131\u015f\u0131yor. Mesajlar bu \u00f6zellikle beraber belirli bir s\u00fcre sonra kendili\u011finden silinecek ve yok olacak. Mesajlar\u0131n kaybolmas\u0131n\u0131n ise ne s\u0131kl\u0131kla olaca\u011f\u0131 hen\u00fcz belirsiz g\u00f6z\u00fck\u00fcyor. Umar\u0131z ki\u015fisel verilerin saklanmas\u0131 konusunda di\u011fer uygulamalardan da benzeri yakla\u015f\u0131mlar\u0131 yak\u0131n zamanda g\u00f6rece\u011fiz.<\/p>\r\n\r\n\r\n<hr class=\"wp-block-separator\" \/>\r\n\r\n\r\n<h3><strong>Twitter\u2019da Siyasi Reklam Yasakland\u0131<\/strong><\/h3>\r\n\r\n\r\n\r\n<p><strong>Twitter\u2019\u0131n CEO\u2019su Jack Dorsey<\/strong>\u2019den\u00a0\u00a0\u00f6nemli bir hamle geldi.\u00a0\u00a02016 Y\u0131l\u0131nda Amerika\u2019daki se\u00e7imlerde Facebook\u2019un yaratt\u0131\u011f\u0131 skandaldan haberi olmayan kalmad\u0131 san\u0131yoruz. Yakla\u015f\u0131k 50 milyon kullan\u0131c\u0131n\u0131n Facebook\u2019taki verilerinin \u00e7al\u0131narak sahte reklamlarla se\u00e7men kitlesi manip\u00fcle edilmi\u015fti.\u00a0<strong>Cambridge Analytica<\/strong>\u00a0ad\u0131ndaki veri analiz \u015firketine bu bilgilerin sat\u0131lmas\u0131n\u0131 Facebook neden olmu\u015ftu.\u00a0\u00a0<strong>Trump<\/strong>\u2019\u0131n se\u00e7ilmesinde Facebook\u2019un \u00f6nemli rol oynad\u0131\u011f\u0131n\u0131 Facebook\u2019un eski CEO\u2019su kabul etmi\u015fti.<\/p>\r\n\r\n\r\n\r\n<figure class=\"wp-block-image\"><img width=\"1000\" height=\"669\" class=\"wp-image-5986\" src=\"https:\/\/egegen.com\/blog\/wp-content\/uploads\/2019\/11\/twitter-siyasi-reklam.jpg\" alt=\"\" \/>\r\n<figcaption>Twitter<\/figcaption>\r\n<\/figure>\r\n\r\n\r\n\r\n<p>Se\u00e7imler \u00fczerinde sosyal medyan\u0131n b\u00fcy\u00fck bir etkisinin oldu\u011funu net bir bi\u00e7imde\u00a0anlam\u0131\u015f olduk. B\u00fcy\u00fck bir kesim bu skandaldan haberdar olsa bile se\u00e7im zaman\u0131nda manip\u00fcle olmayaca\u011f\u0131 anlam\u0131na gelmiyor ayr\u0131ca hedef al\u0131nan kitlelerinin hala bu konuyla ilgili yeterli bilgiye sahip olup olmad\u0131\u011f\u0131 da me\u00e7hul. 2020 Se\u00e7imleri Amerika\u2019da yakla\u015f\u0131rken baz\u0131 \u00f6nlemler al\u0131nmaya \u00e7al\u0131\u015f\u0131l\u0131yor. <strong>Twitter<\/strong>\u2019da \u00f6nc\u00fc rol\u00fc \u00fcstlendi ve ilk hamleyi yapt\u0131 \u015fimdi Facebook\u2019tan da bir ad\u0131m atmas\u0131 bekleniyor.\u00a0\u00a022 Kas\u0131m\u2019da uygulanmaya ba\u015flanan bu d\u00fczenlemeye g\u00f6re Twitter \u00fczerinden siyasi konularla alakal\u0131 hi\u00e7bir reklam yay\u0131nlanmayacak. <strong>Mark Zuckerberg <\/strong>ise en son ya\u015fanan skandallardan sonra \u00f6z\u00fcr dilemi\u015f ve gerekli \u015feyleri yapaca\u011f\u0131n\u0131 s\u00f6ylemi\u015fti. O zamandan beri g\u00fcven sa\u011flamak ad\u0131na bir\u00e7ok \u00e7al\u0131\u015fma yap\u0131yor ancak se\u00e7imler i\u00e7in bir d\u00fczenleme getirip getirmeyece\u011fini hen\u00fcz bilemiyoruz.<\/p>\r\n\r\n\r\n<hr class=\"wp-block-separator\" \/>\r\n\r\n\r\n<h3><strong>Emmy En \u0130yi Erkek Oyuncu \u00d6d\u00fcl\u00fc&#8217;n\u00fc Haluk Bilginer Kazand\u0131<\/strong><\/h3>\r\n\r\n\r\n\r\n<figure class=\"wp-block-image\"><img width=\"1024\" height=\"542\" class=\"wp-image-5987\" src=\"https:\/\/egegen.com\/blog\/wp-content\/uploads\/2019\/11\/haluk-bilginer-1024x542.jpg\" alt=\"\" \/>\r\n<figcaption>Haluk Bilginer<\/figcaption>\r\n<\/figure>\r\n\r\n\r\n\r\n<p><strong>Hakan G\u00fcnday<\/strong>\u00a0ve\u00a0<strong>Onur Saylak<\/strong>\u00a0birlikteli\u011fi ilk olarak Daha filmi ile ba\u015flam\u0131\u015f ve bir\u00e7ok \u00f6d\u00fcl alm\u0131\u015f, \u00f6vg\u00fcyle kar\u015f\u0131lanm\u0131\u015ft\u0131. Bu film Onur Saylak\u2019\u0131n oyunculuk kariyerinden sonra ilk defa y\u00f6netmenlik yapt\u0131\u011f\u0131 ilk uzun metrajl\u0131 filmiydi. Bu birliktelikten haz ve ba\u015far\u0131 elde eden Hakan G\u00fcnday ve Onur Saylak ikilisi tekrar bir proje yapmaya karar vermi\u015flerdi. \u0130lk olarak\u00a0<strong>PuhuTv<\/strong>\u00a0\u00fczerinden g\u00f6sterilen\u00a0<strong>\u015eahsiyet<\/strong>\u00a0dizisi daha sonra Netflix taraf\u0131ndan da sat\u0131n al\u0131nm\u0131\u015ft\u0131.\u00a0\u00a0\u015eahsiyet\u2019 dizisi, Haluk Bilginer\u2019in ba\u015frol\u00fcnde oldu\u011fu, Hakan G\u00fcnday\u2019\u0131n senaristli\u011fini yapt\u0131\u011f\u0131, Gerilim t\u00fcr\u00fc bir internet dizisi projesi. Bu y\u0131l\u00a0<strong>47. defa d\u00fczenlenen Emmy\u00a0<\/strong><strong>\u00f6d\u00fcllerinde\u00a0en iyi erkek oyuncu \u00f6d\u00fcl\u00fcn\u00fc Haluk Bilginer<\/strong>\u00a0ald\u0131. Onur Saylak\u2019\u0131n y\u00f6netti\u011fi dizi de Haluk Bilginer\u2019in Alzeimer\u2019a yakalanan bir adam\u0131 oynad\u0131\u011f\u0131 performans\u0131 dizinin ba\u015far\u0131s\u0131n\u0131 katl\u0131yor.<\/p>\r\n\r\n\r\n<hr class=\"wp-block-separator\" \/>\r\n\r\n\r\n<h3><strong>Pop Art&#8217;\u0131n Yarat\u0131c\u0131lar\u0131 Uniq Expo&#8217;da<\/strong><\/h3>\r\n\r\n\r\n\r\n<p><strong>Pop Art<\/strong>\u00a0\u00e7izgi romanlar\u0131 sanata d\u00f6n\u00fc\u015ft\u00fcren bir ak\u0131m olarak do\u011fdu. Kitle k\u00fclt\u00fcr\u00fcn\u00fc yans\u0131tan ve seri \u00fcretimi kullanan sanat ak\u0131m\u0131, kopyalamaya dayal\u0131d\u0131r ve \u00f6zg\u00fcnl\u00fck gibi bir iddias\u0131 yoktur. Bu y\u00f6n\u00fcyle olduk\u00e7a ilgin\u00e7 bir ak\u0131md\u0131r ve canl\u0131, parlak renklerin kullan\u0131ld\u0131\u011f\u0131, g\u00fcndelik e\u015fyalar ve \u00fcnl\u00fc ki\u015filerin kullan\u0131ld\u0131\u011f\u0131 ak\u0131m kitleler taraf\u0131ndan \u00e7ok sevilmi\u015ftir. <strong>Pop Art<\/strong>\u2019\u0131n <strong>Dadaizm<\/strong>\u2019i nesne kullan\u0131m\u0131 ve baz\u0131 konularda referans ald\u0131\u011f\u0131n\u0131 s\u00f6yleyebiliriz.\u00a0\u00a0T\u00fcketim nesnelerini kullanarak, 20. Y\u00fczy\u0131l \u00e7a\u011fda\u015f sanat\u0131n\u0131n y\u00f6n\u00fcn\u00fc de\u011fi\u015ftirdi.\u00a0\u00a0New York\u2019ta \u2018\u2019Fabrika\u2019\u2019 isminde Andy\u2019nin bir at\u00f6lyesi vard\u0131. \u00dcnl\u00fclerin, sanat\u00e7\u0131lar\u0131n, akademisyenlerin, yazarlar\u0131n kald\u0131\u011f\u0131 \u00fcretimin yap\u0131ld\u0131\u011f\u0131 kar\u0131\u015f\u0131k bir sanat \u00e7evresi geli\u015fti ve kendi k\u00fclt\u00fcrlerini yaratt\u0131lar. Pop Art, Sanatsal \u00fcretime bak\u0131\u015f a\u00e7\u0131s\u0131n\u0131 haz\u0131r nesne kullan\u0131m\u0131, g\u00fcndelik e\u015fyalar \u00fczerinden de\u011fi\u015ftirdi.<\/p>\r\n\r\n\r\n\r\n<figure class=\"wp-block-image\"><img width=\"1000\" height=\"670\" class=\"wp-image-5988\" src=\"https:\/\/egegen.com\/blog\/wp-content\/uploads\/2019\/11\/POP-ART-SERG\u0130S\u0130.jpg\" alt=\"\" \/>\r\n<figcaption>Andy Warhol<\/figcaption>\r\n<\/figure>\r\n\r\n\r\n\r\n<p>\u00a0\u0130konikle\u015fen Warhol eserlerinin orjinalleri b\u00fcy\u00fck bir alanda \u0130stanbul Maslak,\u00a0<strong>Uniq Expo<\/strong>\u2019da sergileniyor.\u00a0Serginin\u00f6nemli temsilcileriden\u00a0\u00a0<strong>And Warhol<\/strong>, Roy Lichtenstein, James Rosenquist ve Keith Haring\u2019in eserleri sergilenecek. Sergiyi 29 Mart\u2019a kadar deneyimlemek m\u00fcmk\u00fcn. <strong>Sergide Warhol<\/strong>\u2019un en \u00fcnl\u00fc eserlerinden\u00a0<strong>Marilyn Monro<\/strong>e, <strong>Campbell Sou<\/strong>p ve Flowers\u2019\u0131 g\u00f6rebilirsiniz. Ayr\u0131ca \u00e7e\u015fitli at\u00f6lyelere de kat\u0131labilirsiniz. <strong>Van Gogh<\/strong> odas\u0131n\u0131n enstalasyonunu g\u00f6rebilir ve foto\u011fraf \u00e7ektirebilirsiniz.<\/p>\r\n\r\n\r\n<hr class=\"wp-block-separator\" \/>\r\n\r\n\r\n<h3><strong>Facebook Renkleniyor<\/strong><\/h3>\r\n\r\n\r\n\r\n<p>Mavi ve beyaz renkleri\u00a0<strong>Facebook<\/strong>\u00a0ara y\u00fcz\u00fcnde y\u0131llard\u0131r kullan\u0131yor. Klasikle\u015fen g\u00f6r\u00fcnt\u00fcs\u00fcnden kurtulmak ad\u0131na birka\u00e7 yeni \u00f6zellik getirmi\u015fti. \u015eimdiyse tamamen bu eski g\u00f6r\u00fcnt\u00fcs\u00fcnden s\u0131yr\u0131l\u0131p yenilenecek ancak ne zaman kullan\u0131ma sunulaca\u011f\u0131 hen\u00fcz belirsiz. Baz\u0131 kullan\u0131c\u0131lardan gelen g\u00f6r\u00fcnt\u00fclere g\u00f6re bu yeni tasar\u0131m\u0131n renkleri Instagram&#8217;\u0131 and\u0131r\u0131yor.<\/p>\r\n<figure id=\"attachment_8743\" aria-describedby=\"caption-attachment-8743\" style=\"width: 660px\" class=\"wp-caption alignnone\"><img class=\"wp-image-8743 size-full\" src=\"https:\/\/egegen.com\/blog\/wp-content\/uploads\/facebook-renkli-arayuz.jpg\" alt=\"Facebook Renkli Aray\u00fcz\" width=\"660\" height=\"551\" \/><figcaption id=\"caption-attachment-8743\" class=\"wp-caption-text\">Facebook Renkli Aray\u00fcz<\/figcaption><\/figure>\r\n\r\n\r\n\r\n\r\n\r\n<p>Son zamanlarda g\u00fcven sa\u011flamaya \u00e7al\u0131\u015fan <strong>Facebook<\/strong>, kurumsal kimli\u011fini de geli\u015ftirecek \u00e7al\u0131\u015fmalar yap\u0131yor. Yeni bir logo \u00e7al\u0131\u015fmas\u0131 da yolda. Yeni logoya ihtiya\u00e7 duyulmas\u0131n\u0131n sebebi\u00a0<strong>WhatsApp<\/strong> ve <strong>Instagram<\/strong>\u2019\u0131n da sahibinin Facebook olmas\u0131 fakat bunun bir bak\u0131\u015fta anla\u015f\u0131lm\u0131yor olu\u015fundan kaynaklan\u0131yor. Art\u0131k farkl\u0131 renklerde \u00e7e\u015fitlendirilmi\u015f logosunu di\u011fer mecralarda da kullanmaya ba\u015flayacak. Instagram ve WhatsApp\u2019ta da daha minimal olarak Facebook logosunu g\u00f6rece\u011fiz. Kullan\u0131c\u0131lar\u0131n bundan ho\u015flan\u0131p ho\u015flanmayaca\u011f\u0131 ise \u015faibeli g\u00f6z\u00fck\u00fcyor. Neler olaca\u011f\u0131n\u0131 hep birlikte g\u00f6rece\u011fiz&#8230;<\/p>\r\n\r\n\r\n<hr class=\"wp-block-separator\" \/>\r\n\r\n\r\n<h3><strong>\u0130hmal Edilen Ge\u00e7mi\u015fin Dikkat \u00c7eken D\u00f6n\u00fc\u015f\u00fcm\u00fc<\/strong><\/h3>\r\n\r\n\r\n\r\n<figure class=\"wp-block-image\"><img width=\"1024\" height=\"585\" class=\"wp-image-5990\" src=\"https:\/\/egegen.com\/blog\/wp-content\/uploads\/2019\/11\/\u0130HMAL-ED\u0130LEN-GE\u00c7M\u0130\u015e\u0130N-D\u0130KKAT-\u00c7EKEN-D\u00d6N\u00dc\u015e\u00dcM\u00dc-1024x585.jpg\" alt=\"\" \/>\r\n<figcaption>Kensuke Koike&#8217;nin &#8220;Single Image Processing&#8221; serisi<\/figcaption>\r\n<\/figure>\r\n\r\n\r\n\r\n<p><strong>Japon sanat\u00e7\u0131\u00a0Kensuke Koike<\/strong>\u2019nin \u2018<strong>Single Image Processing<\/strong>\u2019 serisi ilham verici. Geleneksel olan\u0131 analog y\u00f6ntemlerle i\u015fleyerek yeniden \u00fcretiyor. Bit pazarlar\u0131 ve ikinci el e\u015fya pazarlar\u0131ndan buldu\u011fu foto\u011fraflar ve kartpostallar\u0131 kendi y\u00f6ntemiyle tekrar \u00fcretiyor. T\u00fcm bu \u00e7al\u0131\u015fmalar\u0131 sonucunda seyretmesi keyifli \u00e7\u0131kt\u0131lar elde etmi\u015f, bunu yaparken tek bir kurala sad\u0131k kal\u0131yor, hi\u00e7bir \u015fey eklemeden ve \u00e7\u0131karmadan yapt\u0131\u011f\u0131 bu \u00fcretimleri sadece makas kullanarak ger\u00e7ekle\u015ftirmi\u015f.<\/p>\r\n\r\n\r\n\r\n<figure class=\"wp-block-image\"><img width=\"1024\" height=\"1024\" class=\"wp-image-5991\" src=\"https:\/\/egegen.com\/blog\/wp-content\/uploads\/2019\/11\/ihmal-edilen-ge\u00e7mi\u015f-1024x1024.jpg\" alt=\"\" \/>\r\n<figcaption>&#8220;Single Image Processing&#8221; serisinden bir \u00e7al\u0131\u015fma<\/figcaption>\r\n<\/figure>\r\n\r\n\r\n\r\n<p>G\u00f6r\u00fcnt\u00fcleri de\u011fi\u015ftirerek onlara yeni anlamlar katm\u0131\u015f ve foto\u011fraftaki ki\u015filere olan merak\u0131n b\u00f6ylece artt\u0131\u011f\u0131n\u0131 d\u00fc\u015f\u00fcn\u00fcyor. Ayr\u0131ca foto\u011fraflardan herhangi bir \u015fey eklemedi\u011fi ve \u00e7\u0131karmad\u0131\u011f\u0131 i\u00e7in orijinal olan\u0131 da kaybetmeden saklam\u0131\u015f oluyor. Dilerseniz eserleri <strong>Kensuke Koike<\/strong>\u2019nin hesaplar\u0131ndan inceleyebilirsiniz. Eminiz ki\u00a0<a href=\"https:\/\/www.instagram.com\/kensukekoike\/?utm_source=ig_embed\">instagram<\/a>\u00a0hesab\u0131n\u0131 incelerken siyah beyaz aile foto\u011fraflar\u0131n\u0131z bir film \u015feridi gibi g\u00f6z\u00fcn\u00fcz\u00fcn \u00f6n\u00fcnden ge\u00e7ecek ve y\u00fcz\u00fcn\u00fczde tatl\u0131 bir tebess\u00fcm b\u0131rakacak.<\/p>\r\n\r\n\r\n<hr class=\"wp-block-separator\" \/>\r\n\r\n\r\n<h3><strong>Oyun Servisi Google Stadia Piyasaya \u00c7\u0131kt\u0131<\/strong><\/h3>\r\n\r\n\r\n\r\n<p><strong>Google<\/strong>\u2019dan hayaldi ger\u00e7ek oldu dedirtecek yepyeni bir hizmet daha oyun severlerle\u2026 Hatta herhangi bir oyun konsolu olmadan da oyun oynamaya imkan veren bu yeni sistemin oyun sekt\u00f6r\u00fcn\u00fcn gidi\u015fat\u0131n\u0131 de\u011fi\u015ftirece\u011fi s\u00f6yleniyor. Tabi ki, son g\u00fcnlerde ad\u0131ndan s\u0131k\u00e7a s\u00f6z edilen <strong>Stadia<\/strong>\u2019dan bahsediyoruz.<\/p>\r\n\r\n\r\n\r\n<figure class=\"wp-block-image\"><img width=\"1024\" height=\"683\" class=\"wp-image-5992\" src=\"https:\/\/egegen.com\/blog\/wp-content\/uploads\/2019\/11\/google-stadia-1024x683.jpg\" alt=\"\" \/>\r\n<figcaption>Google oyun servisi<\/figcaption>\r\n<\/figure>\r\n\r\n\r\n\r\n<p>Google bir reklam filmi ile <strong>Stadia<\/strong>\u2019n\u0131n tan\u0131t\u0131m\u0131n\u0131 yapm\u0131\u015ft\u0131. Servis hizmet vermeye ba\u015flad\u0131 ancak deneyimleyenler hen\u00fcz verim alamad\u0131klar\u0131n\u0131, denenen oyunlarda komut verirken gecikme sorunu ya\u015fand\u0131\u011f\u0131n\u0131 y\u00f6n\u00fcnde ele\u015ftiriler al\u0131nd\u0131. Y\u00fcksek indirme h\u0131z\u0131na sahip ba\u011flant\u0131larda bile gecikme ya\u015fand\u0131\u011f\u0131 ayr\u0131ca da kullan\u0131c\u0131lar\u0131n oyun oynayabilmek i\u00e7in \u00e7ok fazla veri harcamas\u0131 gerekti\u011fi fark edildi. \u015eu anl\u0131k teknik anlamda \u00e7ok ula\u015f\u0131labilir bir uygulama olmasa da vaat etti\u011fi konsolsuz oyun oynama, indirmeden oynayabilme ve 4K de\u011ferinde g\u00f6r\u00fcnt\u00fc kalitesi ile oyun severler i\u00e7in heyecan verici oldu\u011fu kadar yeni oyun severler yarataca\u011fa benziyor.<\/p>\r\n","protected":false},"excerpt":{"rendered":"<p>Y\u0131l\u0131n son\u00a0Trend Raporu\u00a0ile kar\u015f\u0131n\u0131zday\u0131z! Dijital pazarlama d\u00fcnyas\u0131n\u0131n yenilikleri, sosyal medyaya damga vuran yeni haberleri, dijital reklamc\u0131l\u0131\u011f\u0131n etkileyici \u00f6rnekleri ve bizden haberler ile\u00a0egegen Trend Raporu\u2019nun yirmi alt\u0131nc\u0131 say\u0131s\u0131nda 2019 y\u0131l\u0131na veda etmeye haz\u0131rlan\u0131yoruz.\u00a0Keyifli okumalar dileriz!\u00a0\u00a0 Sosyal Medyada\u00a0\u00a0#cringe Ak\u0131m\u0131 Yine \u00e7o\u011fumuzun s\u0131k\u00e7a kar\u015f\u0131la\u015ft\u0131\u011f\u0131 ve ne oldu\u011funu bilmedi\u011fi yeni bir terim t\u00fcredi. Sosyal medyada s\u0131k\u00e7a g\u00f6rd\u00fc\u011f\u00fcn\u00fcz ama anlam\u0131n\u0131 &hellip;<\/p>\n","protected":false},"author":20,"featured_media":5993,"comment_status":"open","ping_status":"open","sticky":false,"template":"","format":"standard","meta":[],"categories":[188],"tags":[],"_links":{"self":[{"href":"https:\/\/egegen.com\/blog\/wp-json\/wp\/v2\/posts\/5982"}],"collection":[{"href":"https:\/\/egegen.com\/blog\/wp-json\/wp\/v2\/posts"}],"about":[{"href":"https:\/\/egegen.com\/blog\/wp-json\/wp\/v2\/types\/post"}],"author":[{"embeddable":true,"href":"https:\/\/egegen.com\/blog\/wp-json\/wp\/v2\/users\/20"}],"replies":[{"embeddable":true,"href":"https:\/\/egegen.com\/blog\/wp-json\/wp\/v2\/comments?post=5982"}],"version-history":[{"count":1,"href":"https:\/\/egegen.com\/blog\/wp-json\/wp\/v2\/posts\/5982\/revisions"}],"predecessor-version":[{"id":8920,"href":"https:\/\/egegen.com\/blog\/wp-json\/wp\/v2\/posts\/5982\/revisions\/8920"}],"wp:featuredmedia":[{"embeddable":true,"href":"https:\/\/egegen.com\/blog\/wp-json\/wp\/v2\/media\/5993"}],"wp:attachment":[{"href":"https:\/\/egegen.com\/blog\/wp-json\/wp\/v2\/media?parent=5982"}],"wp:term":[{"taxonomy":"category","embeddable":true,"href":"https:\/\/egegen.com\/blog\/wp-json\/wp\/v2\/categories?post=5982"},{"taxonomy":"post_tag","embeddable":true,"href":"https:\/\/egegen.com\/blog\/wp-json\/wp\/v2\/tags?post=5982"}],"curies":[{"name":"wp","href":"https:\/\/api.w.org\/{rel}","templated":true}]}}