{"id":5920,"date":"2019-11-05T17:05:04","date_gmt":"2019-11-05T14:05:04","guid":{"rendered":"https:\/\/egegen.com\/blog\/?p=5920"},"modified":"2022-10-10T17:04:53","modified_gmt":"2022-10-10T14:04:53","slug":"egegen-trend-raporu-25-ekim-2019","status":"publish","type":"post","link":"https:\/\/egegen.com\/blog\/egegen-trend-raporu-25-ekim-2019\/","title":{"rendered":"egegen Trend Raporu &#8211; 25 \/ Ekim 2019"},"content":{"rendered":"\r\n<h3><strong>Uygulamalarda Dark Mod Ak\u0131m\u0131<\/strong><\/h3>\r\n\r\n\r\n\r\n<p><strong>Dark mod,<\/strong> yani gece modu arka plan\u0131n koyu oldu\u011fu, g\u00f6zlerimizin daha az yorulmas\u0131n\u0131 sa\u011flayan ve pil tasarrufuna destek veren bir \u00f6zellik. Bu uygulamaya ilk ge\u00e7en <strong>sosyal medya platformlar\u0131 Instagram ve Youtube <\/strong>olmu\u015ftu. Di\u011fer sosyal mecralar da <strong>karanl\u0131k mod <\/strong>uygulamas\u0131na ge\u00e7i\u015f i\u00e7in harekete ge\u00e7tiler. Karanl\u0131k mod, koyu arka plan\u0131 sayesinde t\u00fcm g\u00fcn ekrana bakan g\u00f6zlerimizi daha az yoracak ve pil tasarrufu sa\u011flayacak g\u00fczel bir \u00f6zellik.<\/p>\r\n\r\n\r\n\r\n<figure class=\"wp-block-image\"><img width=\"1000\" height=\"523\" class=\"wp-image-5931\" src=\"https:\/\/egegen.com\/blog\/wp-content\/uploads\/2019\/11\/tr-1.jpg\" alt=\"\" \/>\r\n<figcaption>Instagram &#8211; Dark Mod<\/figcaption>\r\n<\/figure>\r\n\r\n\r\n\r\n<p>\u015eimdi ise s\u0131ra Facebook ve Whatsapp\u2019ta. <strong>Facebook Messenger<\/strong>\u2019a zaten &#8220;dark modu&#8221; getirmi\u015fti ama anasayfada kullan\u0131m\u0131 yoktu. Yeni site ara y\u00fcz\u00fc ve tasar\u0131m i\u00e7in de \u00e7al\u0131\u015fmalara ba\u015fland\u0131, beta s\u00fcr\u00fcm yay\u0131nda. Whatsapp\u2019dan da uzun zamand\u0131r beklenen yeni g\u00fcncelleme haberi sonunda geldi ve bu \u00f6zelliklerinden birisinin &#8220;dark mod&#8221; oldu\u011funu duyurdu. Peki <strong>Whatsapp<\/strong>\u2019a ba\u015fka hangi \u00f6zellikler geliyor?<\/p>\r\n\r\n\r\n<hr class=\"wp-block-separator\" \/>\r\n\r\n\r\n<h3><strong>Whatsapp\u2019a Grup Gizlili\u011fi \u00d6zelli\u011fi Geliyor<\/strong><\/h3>\r\n\r\n\r\n\r\n<p>Whatsapp\u2019a beklenen g\u00fcncelleme gelmek \u00fczere. En \u00e7ok ilgi \u00e7eken \u00f6zelliklerden birisi ise <strong>grup gizlili\u011fi <\/strong>olacak gibi. Grup gizlili\u011fi kontrol\u00fc art\u0131k ayarlar yoluyla k\u0131s\u0131tlanabilecek. \u0130stemedi\u011finiz ki\u015filerin sormadan sizi gruba d\u00e2hil etmesine s\u0131n\u0131rlama getirmek m\u00fcmk\u00fcn olacak..<\/p>\r\n\r\n\r\n\r\n<figure class=\"wp-block-image\"><img width=\"1000\" height=\"709\" class=\"wp-image-5922\" src=\"https:\/\/egegen.com\/blog\/wp-content\/uploads\/2019\/11\/tr-2.jpg\" alt=\"\" \/>\r\n<figcaption>WhatsApp<\/figcaption>\r\n<\/figure>\r\n\r\n\r\n\r\n<p>Bunun i\u00e7in \u00fc\u00e7 se\u00e7enek mevcut. Sadece ki\u015filerim beni gruba eklesin. Herkes beni gruba eklesin veya hi\u00e7 kimse olarak de\u011fi\u015ftirebilirsiniz. B\u00f6ylece <strong>sizin onay\u0131n\u0131z olmadan se\u00e7ti\u011finiz ki\u015filer sizi gruba ekleyemeyecek.<\/strong> Di\u011fer bir \u00f6zellik ise sessize al\u0131nan ki\u015filerin payla\u015ft\u0131klar\u0131 durum g\u00fcncellemelerini de gizleyebileceksiniz.<\/p>\r\n\r\n\r\n<hr class=\"wp-block-separator is-style-default\" \/>\r\n\r\n\r\n<h3><strong>Google Haritalar\u2019a G\u00f6rme Engelliler \u0130\u00e7in Yeni Uygulama<\/strong><\/h3>\r\n\r\n\r\n\r\n<p>Google ayr\u0131nt\u0131l\u0131 sesli haritalar uygulamas\u0131yla g\u00f6rme engellilerin hayat\u0131n\u0131 kolayla\u015ft\u0131racak bir ad\u0131m att\u0131. Uzun zamand\u0131r bu konu \u00fczerinde \u00e7al\u0131\u015fan Google, en sonunda g\u00f6rme engelli\u011filerin g\u00fcnl\u00fck hayatlar\u0131n\u0131 kolayla\u015ft\u0131racak bir geli\u015fme ile kar\u015f\u0131m\u0131za \u00e7\u0131k\u0131yor. <strong>Google Haritalar<\/strong> uygulamas\u0131 <strong>sesli y\u00f6nlendirmeler ve yol tarifleri <\/strong>sunacak.<\/p>\r\n\r\n\r\n\r\n<figure class=\"wp-block-image\"><img width=\"1000\" height=\"667\" class=\"wp-image-5930\" src=\"https:\/\/egegen.com\/blog\/wp-content\/uploads\/2019\/11\/tr-3-1.jpg\" alt=\"\" \/>\r\n<figcaption><strong>Google Haritalar\u2019a G\u00f6rme Engelliler \u0130\u00e7in Yeni Uygulama<\/strong><\/figcaption>\r\n<\/figure>\r\n\r\n\r\n\r\n<p>10 Ekim\u2019de kullan\u0131lmaya ba\u015flanan bu uygulama sayesinde g\u00f6rme engelliler \u015fehir hayat\u0131nda art\u0131k daha az kayg\u0131l\u0131 olarak g\u00fcnl\u00fck i\u015flerini halledip gezebilecekler ve trafikte kar\u015f\u0131dan kar\u015f\u0131ya ge\u00e7erken daha kolay hareket edebilecekler. G\u00f6rme engellilerin d\u0131\u015f\u0131nda da bilmedi\u011fi bir yerde seyahat eden biri i\u00e7in g\u00fcven verici bir \u00f6zellik. Ayr\u0131ca yeni yerler ke\u015ffetmenin de yoluna a\u00e7acak.\u00a0<\/p>\r\n\r\n\r\n<hr class=\"wp-block-separator\" \/>\r\n\r\n\r\n<h3><strong>Youtube\u2019da Ge\u00e7mi\u015f Hareketleri Otomatik Silme \u00d6zelli\u011fi<\/strong><\/h3>\r\n\r\n\r\n\r\n<p>S\u0131kl\u0131kla kulland\u0131\u011f\u0131m\u0131z bir sosyal medya platformu olan <strong>Youtube<\/strong>\u2019a da en sonunda <strong>ge\u00e7mi\u015fi silme <\/strong>\u00f6zelli\u011fi geldi.\u00a0 Bu \u00f6zellik daha \u00f6nce Whatsapp\u2019a da gelmi\u015fti. Ge\u00e7mi\u015f verilerin otomatik silinmiyor olu\u015fu ki\u015filer i\u00e7in baz\u0131 rahats\u0131zl\u0131klar yaratabiliyor. <strong>Ki\u015fisel verilerin<\/strong> ba\u015fkas\u0131 taraf\u0131ndan okunmas\u0131 ihtimalini azaltma ihtiyac\u0131 ya da daha temiz bir ge\u00e7mi\u015fte dola\u015ft\u0131\u011f\u0131n\u0131zda arad\u0131\u011f\u0131n\u0131z\u0131 bulabilme olana\u011f\u0131n\u0131n artmas\u0131 a\u00e7\u0131s\u0131ndan bu \u00f6zellik i\u015fimize yarayacak gibi.<\/p>\r\n\r\n\r\n\r\n<figure class=\"wp-block-image\"><img width=\"1000\" height=\"668\" class=\"wp-image-5924\" src=\"https:\/\/egegen.com\/blog\/wp-content\/uploads\/2019\/11\/tr-4.jpg\" alt=\"\" \/>\r\n<figcaption>Youtube ge\u00e7mi\u015fi silme \u00f6zelli\u011fi<\/figcaption>\r\n<\/figure>\r\n\r\n\r\n\r\n<p><strong>Youtube ge\u00e7mi\u015fi silme \u00f6zelli\u011fi <\/strong>ile aramalar\u0131n\u0131z\u0131 istedi\u011finiz s\u00fcre aral\u0131\u011f\u0131n\u0131 belirleyerek otomatik bir \u015fekilde silebileceksiniz. Otomatik olarak silmek i\u00e7in ise, \u00fc\u00e7 se\u00e7enek sunulacak. Bu se\u00e7enekler ise: 18 aydan sonra otomatik olarak sil, 3 ay sakl\u0131 tuttuktan sonra sil veya ben silene kadar tut. Siz hangi se\u00e7ene\u011fi isterseniz, onu kullanabilirsiniz.\u00a0<\/p>\r\n\r\n\r\n<hr class=\"wp-block-separator\" \/>\r\n\r\n\r\n<h3><strong>Twitter Instagram Hesab\u0131 A\u00e7t\u0131<\/strong><\/h3>\r\n\r\n\r\n\r\n<p><strong>Instagram<\/strong> \u00fczerinden bir \u00e7ok profil sadece <strong>Twitter<\/strong> \u00fczerinden \u00e7ok be\u011fenilen tweetleri ve trend topic olan tweetleri payla\u015f\u0131yor. Hatta \u00f6ncelikle Twitter\u2019da sohbet konusu olan, geli\u015fen bir\u00e7ok \u015fey Twitter\u2019dan sonra Instagram\u2019a yans\u0131yor bir \u015fekilde. Sadece tweetlerin payla\u015f\u0131ld\u0131\u011f\u0131, binlerce kullan\u0131c\u0131ya sahip say\u0131ca y\u00fcksek profiller var. Twitter ise ge\u00e7en g\u00fcnlerde bir kullan\u0131c\u0131n\u0131n tavsiyesi yoluyla <strong>resmi olarak instagram hesab\u0131n\u0131 a\u00e7t\u0131. <\/strong><\/p>\r\n\r\n\r\n\r\n<figure class=\"wp-block-image\"><img width=\"1000\" height=\"500\" class=\"wp-image-5925\" src=\"https:\/\/egegen.com\/blog\/wp-content\/uploads\/2019\/11\/t-5.jpg\" alt=\"\" \/>\r\n<figcaption>Twitter Instagram hesab\u0131n\u0131 a\u00e7t\u0131<\/figcaption>\r\n<\/figure>\r\n\r\n\r\n\r\n<p>Bir Twitter kullan\u0131c\u0131s\u0131, Twitter\u2019\u0131n hesab\u0131na bu durumu anlatan bir mention at\u0131yor.\u00a0 Instagram\u2019\u0131n Twitter \u00fczerin \u00e7ok fazla malzeme kullan\u0131yor olmas\u0131 \u00fczerine tavsiye vermesiyle Twitter, resmi bir\u00a0 Instagram hesab\u0131 a\u00e7\u0131yor. <strong>Twitter<\/strong> \u015fu anda izin alarak kulland\u0131\u011f\u0131 tweetlerin kendi Instagram hesab\u0131ndan ekran g\u00f6r\u00fcnt\u00fcs\u00fcn\u00fc payla\u015f\u0131yor ve \u015fimdiden 1 milyona yak\u0131n takip\u00e7isi var. Bu e\u011flenceli hesab\u0131 incelemek i\u00e7in <a href=\"https:\/\/www.instagram.com\/twitter\/\" rel=\"nofollow\">buraya<\/a> t\u0131klayabilirsiniz.<\/p>\r\n\r\n\r\n<hr class=\"wp-block-separator\" \/>\r\n\r\n\r\n<h3><strong>Youtube Anasayfa Video Reklamlar\u0131na Art\u0131r\u0131lm\u0131\u015f Ger\u00e7eklik \u00d6zelli\u011fini Getirmeye Ba\u015flad\u0131<\/strong><\/h3>\r\n\r\n\r\n\r\n<p>\u00dcr\u00fcn sat\u0131n almadan \u00f6nce deneyimlemek \u00f6zellikle kozmetik, otomotiv sekt\u00f6rlerinde \u00e7ok \u00f6nemli. M\u00fc\u015fteri art\u0131k deneyimledi\u011fi \u015feye de\u011fer veriyor ve bunlar\u0131 denemek i\u00e7in de ma\u011faza ma\u011faza dola\u015fmak istemiyor. Art\u0131k ma\u011fazaya gitmeden bu deneyimi ya\u015faman\u0131n yolu a\u00e7\u0131ld\u0131. Youtube ana sayfa reklamlar\u0131nda <strong>art\u0131r\u0131lm\u0131\u015f ger\u00e7eklik<\/strong> kullan\u0131larak sanal bir deneyim sunmaya ba\u015flayacak.<\/p>\r\n\r\n\r\n\r\n<figure class=\"wp-block-image\"><img width=\"1000\" height=\"667\" class=\"wp-image-5929\" src=\"https:\/\/egegen.com\/blog\/wp-content\/uploads\/2019\/11\/t-6.jpg\" alt=\"\" \/>\r\n<figcaption>AR Beauty Try-On<\/figcaption>\r\n<\/figure>\r\n\r\n\r\n\r\n<p>\u0130lk \u00f6nce <strong>AR Beauty Try-On<\/strong>\u2019nun alfa s\u00fcr\u00fcm\u00fc kullan\u0131ma sunulmu\u015ftu art\u0131k beta s\u00fcr\u00fcm d\u00fcnya \u00e7ap\u0131nda kozmetik markalar\u0131n\u0131n da kullan\u0131m\u0131na sunuluyor. Bu uygulama sayesinde m\u00fc\u015fterilerin videodaki malzemeleri ak\u0131ll\u0131 telefonlar\u0131 ile\u00a0 makyaj malzemelerini deneyimleyip, fikir sahibi olup sat\u0131n alabilecek. Bu \u00f6zelli\u011fin benzeri \u015feyler otomotiv firmalar\u0131 taraf\u0131ndan uygulanm\u0131\u015f hatta sanal bir araba showroom&#8217;u yap\u0131lm\u0131\u015ft\u0131. Farkl\u0131 \u00fcr\u00fcnler i\u00e7in de benzerleri yap\u0131laca\u011fa benziyor.<\/p>\r\n\r\n\r\n<hr class=\"wp-block-separator\" \/>\r\n\r\n\r\n<h3><strong>M\u00fcze Tarihinin \u0130lk Sanal Ger\u00e7eklik Deneyimi<\/strong><\/h3>\r\n\r\n\r\n\r\n<p>Geli\u015fen <strong>VR teknolojisi ile V\u0130VEPORT<\/strong> k\u00fcresel boyutta hizmet vermeye yak\u0131n zamanda ba\u015flam\u0131\u015ft\u0131.\u00a0 HTC V\u0130VEPORT VR bir sanal ger\u00e7eklik ma\u011fazas\u0131. <strong>Louvre M\u00fczesi<\/strong>\u2019nin ma\u011fazayla yapt\u0131\u011f\u0131 bu anla\u015fma sayesinde <strong>Mona Lisa<\/strong>\u2019y\u0131 ki\u015fisel bir bi\u00e7imde deneyimlemek art\u0131k m\u00fcmk\u00fcn. Mona Lisa\u2019y\u0131 ki\u015fisel olarak deneyimlemek neden bu kadar \u00f6nemli? M\u00fczeye gitti\u011finizde normal ko\u015fullarda bu tabloyu g\u00f6rebilmek i\u00e7in dakikalarca s\u0131rada bekleyip kalabal\u0131\u011f\u0131n i\u00e7erisinden kafan\u0131z\u0131 uzatarak ona ula\u015fmaya \u00e7al\u0131\u015f\u0131rs\u0131n\u0131z ve yakla\u015ft\u0131\u011f\u0131n\u0131zda da tablonun ger\u00e7ek boyutunun hayalinizdekinden \u00e7ok farkl\u0131 oldu\u011funu g\u00f6r\u00fcp hen\u00fcz bu \u015fa\u015fk\u0131nl\u0131\u011f\u0131 atamadan k\u0131sac\u0131k bir zaman dilimine hapsolmu\u015f \u015fekilde <strong>Mona Lisa<\/strong>\u2019y\u0131 g\u00f6rd\u00fckten sonra kalabal\u0131\u011fa kar\u0131\u015farak yolunuza devam edersiniz.<\/p>\r\n\r\n\r\n\r\n<figure class=\"wp-block-image\"><img width=\"1024\" height=\"633\" class=\"wp-image-5928\" src=\"https:\/\/egegen.com\/blog\/wp-content\/uploads\/2019\/11\/t-7-1024x633.jpg\" alt=\"\" \/>\r\n<figcaption>Mona Lisa Cam\u0131n \u00d6tesi&#8217;nde Sergisi<\/figcaption>\r\n<\/figure>\r\n\r\n\r\n\r\n<p>M\u00fczeye giden bir \u00e7ok ki\u015finin deneyiminin bu \u015fekilde oldu\u011fu s\u00f6ylenir. <strong>Mona Lisa Cam\u0131n \u00d6tesi\u2019nde Sergisi <\/strong>ile d\u00fcnyan\u0131n her yerinden <strong>VR g\u00f6zl\u00fcklerinizi <\/strong>kullanarak ve sembolik bir \u00fccret \u00f6deyerek s\u0131n\u0131rlar\u0131 a\u015fmak m\u00fcmk\u00fcn. <strong>Da Vinci\u2019nin \u00fcnl\u00fc eseri<\/strong>yle bu \u015fekilde ki\u015fisel bir deneyim ya\u015fay\u0131p onunla yaln\u0131z kalabiliyorsunuz. Sergi 24 Ekim\u2019den itibaren <strong>V\u0130VEPORT <\/strong>\u00fczerinden sanal g\u00f6zl\u00fckler ile izlenebilecek.<\/p>\r\n\r\n\r\n<hr class=\"wp-block-separator\" \/>\r\n\r\n\r\n<h3><strong>Apartman\u0131n\u0131zdaki Duvarda Kanevi\u00e7e Resimleri Olsayd\u0131?<\/strong><\/h3>\r\n\r\n\r\n\r\n<figure class=\"wp-block-image\"><img width=\"640\" height=\"426\" class=\"wp-image-5932\" src=\"https:\/\/egegen.com\/blog\/wp-content\/uploads\/2019\/11\/71754820_143719736999661_5519116780720306993_n.jpg\" alt=\"\" \/>\r\n<figcaption>Ana Martins<\/figcaption>\r\n<\/figure>\r\n\r\n\r\n\r\n<p>\u015eehirler geli\u015ftik\u00e7e d\u00f6rt duvarlar \u00e7o\u011fald\u0131. \u00c7o\u011falan ve zaman zaman insan\u0131n i\u00e7ini bunaltan duvarlar\u0131 renklerdirmek ise tasar\u0131mc\u0131lara kald\u0131. <strong>Kanevi\u00e7e<\/strong>yi kendi stiliyle birle\u015ftirerek adeta sokalara nak\u015feden <strong>Ana Martins<\/strong> kelimenin tam anlam\u0131yla harikalar yarat\u0131yor. Grafik tasar\u0131mdaki yetene\u011fini ve birikimini anneannesinden \u00f6\u011frendi\u011fini s\u00f6yledi\u011fi ve be\u011fendi\u011fi kanevi\u00e7elerle birle\u015ftirerek sokak sanat\u0131na d\u00f6n\u00fc\u015ft\u00fcren gen\u00e7 sanat\u00e7\u0131, ayn\u0131 zamanda geleneksel bir sanat\u0131 g\u00fcn\u00fcm\u00fcz <strong>modern teknolojileriyle de birle\u015ftiriyor<\/strong>. Ortaya ise birbirinden renkli ve g\u00fczel \u00e7al\u0131\u015fmalar \u00e7\u0131k\u0131yor.<\/p>\r\n\r\n\r\n\r\n<figure class=\"wp-block-image\"><img width=\"600\" height=\"450\" class=\"wp-image-5926\" src=\"https:\/\/egegen.com\/blog\/wp-content\/uploads\/2019\/11\/t-8.jpg\" alt=\"\" \/><\/figure>\r\n\r\n\r\n\r\n<p><strong>Ana Martins<\/strong>\u2019in sanat\u0131n\u0131 incelemek ve ger\u00e7ekle\u015ftirdi\u011fi i\u015fleri g\u00f6rmek isterseniz onu sosyal medya hesaplar\u0131ndan da takip edebilirsiniz. Instagram hesab\u0131 i\u00e7in <a href=\"https:\/\/www.instagram.com\/aheneah\/\" rel=\"nofollow\">buraya<\/a>, facebook hesab\u0131 i\u00e7in <a href=\"https:\/\/www.facebook.com\/ah.aheneah\" rel=\"nofollow\">buraya<\/a>, web sitesi i\u00e7in ise<a href=\"https:\/\/aheneah.com\/projects\" rel=\"nofollow\"> buraya<\/a> t\u0131klayabilirsiniz.<\/p>\r\n\r\n\r\n<hr class=\"wp-block-separator\" \/>\r\n\r\n\r\n<h3><strong>Helvetica Fontu Cad\u0131lar Bayram\u0131na Haz\u0131r<\/strong><\/h3>\r\n\r\n\r\n\r\n<p>T\u00fcrk\u00e7emize <strong>Cad\u0131lar Bayram\u0131<\/strong> olarak ge\u00e7en nam-\u0131 de\u011fer \u201c<strong>Halloween<\/strong>\u201d kutlamalar\u0131 kost\u00fcmler, partiler, makyajlar derken sosyal medyada da tan\u0131k oldu\u011fumuz \u00fczere olduk\u00e7a \u015fenlikli \u015fekilde kutland\u0131. Bu s\u00fcre\u00e7 i\u00e7inde <strong>Halloween<\/strong> ruhuna uygun bir \u00e7ok uyarlama yap\u0131ld\u0131. \u0130\u015fte o uyarlamalardan biri yaz\u0131 fontuyla alakal\u0131. D\u00fcnya \u00fczerinde en \u00e7ok kullan\u0131lan fontlardan biri olan <strong>Helvatica<\/strong>, Halloween ruhuna uygun bir \u015fekilde de\u011fi\u015ftirildi.<\/p>\r\n\r\n\r\n\r\n<figure class=\"wp-block-image\"><img width=\"796\" height=\"291\" class=\"wp-image-5933\" src=\"https:\/\/egegen.com\/blog\/wp-content\/uploads\/2019\/11\/Screenshot-2019-10-29-at-13.42.44-796x291.png\" alt=\"\" \/>\r\n<figcaption>Helvatica &#8211; Halloween<\/figcaption>\r\n<\/figure>\r\n\r\n\r\n\r\n<p>Fikir ise tamamen yanl\u0131\u015f yaz\u0131lan bir e-posta arac\u0131l\u0131\u011f\u0131yla ortaya \u00e7\u0131k\u0131yor. <strong>Helvetica<\/strong> yaz\u0131lmak istenirken Hellvatica yaz\u0131l\u0131yor ve bu andan itibaren <strong>Halloween<\/strong> uyarlamas\u0131 ba\u015fl\u0131yor. Uyarlamada \u00f6nemli olan ise fontun m\u00fcmk\u00fcn oldu\u011funca \u00e7irkin ve asimetrik olmas\u0131.\u00a0\u00a0<\/p>\r\n\r\n\r\n<hr class=\"wp-block-separator\" \/>\r\n\r\n\r\n<h3><strong>Smart Future Expo Fuar\u0131 Digital Sponsoru egegen<\/strong><\/h3>\r\n\r\n\r\n\r\n<p><strong>egegen<\/strong> olarak bu y\u0131l T\u00fcrkiye\u2019nin en kapsaml\u0131 ak\u0131ll\u0131 teknoloji ve dijital d\u00f6n\u00fc\u015f\u00fcm etkinli\u011fi <strong>Smart Future World Expo<\/strong>\u2018nun <strong>Dijital \u0130\u00e7erik Sponsoru<\/strong> olduk. 30-31 Ekim tarihlerinde \u0130stanbul Kongre Merkezi\u2019nde ger\u00e7ekle\u015fen fuarda biz de stant\u0131m\u0131zla oradayd\u0131k.<\/p>\r\n\r\n\r\n\r\n<figure class=\"wp-block-image\"><img width=\"640\" height=\"640\" class=\"wp-image-5927\" src=\"https:\/\/egegen.com\/blog\/wp-content\/uploads\/2019\/11\/71191990_405918903666644_2039974700569591827_n.jpg\" alt=\"\" \/>\r\n<figcaption>egegen &#8211; Dijital \u0130\u00e7erik Sponsoru<\/figcaption>\r\n<\/figure>\r\n\r\n\r\n\r\n<p>Temas\u0131 dijital kobi sponsoru olan ve yapay zekadan, <strong>VR teknolojilerine<\/strong>; <strong>yeni nesil reklam stratejilerinden<\/strong>, <strong>marka stratejileri<\/strong>ne kadar pek \u00e7ok konunun masaya yat\u0131r\u0131ld\u0131\u011f\u0131 Smart Future World Expo 2019 fuar\u0131n\u0131n hem kat\u0131l\u0131mc\u0131lar\u0131yla hem de ziyaret\u00e7ileriyle beraber ayn\u0131 atmosferi payla\u015fmaktan olduk\u00e7a keyif ald\u0131k.<\/p>\r\n\r\n\r\n\r\n<figure class=\"wp-block-image\"><img width=\"1007\" height=\"1024\" class=\"wp-image-5934\" src=\"https:\/\/egegen.com\/blog\/wp-content\/uploads\/2019\/11\/t-10-e1572960366941-1007x1024.jpeg\" alt=\"\" \/>\r\n<figcaption>egegen &#8211; Smart Future World Expo 2019<\/figcaption>\r\n<\/figure>\r\n\r\n\r\n\r\n<p>Smart Future Forum taraf\u0131ndan ilki 2016 y\u0131l\u0131nda yap\u0131lan <strong>Smart Future World Expo 2019<\/strong>: Ak\u0131ll\u0131 Teknolojiler Zirvesi ve Fuar\u0131 teknoloji, i\u015f d\u00fcnyas\u0131 ve kamunun \u00f6nemli kurum ve kurulu\u015flar\u0131n\u0131n destekleriyle organize edilmektedir. Teknoloji \u00fcreticileri ve hizmet sa\u011flayac\u0131lar\u0131n\u0131n T\u00fcrkiye\u2019deki sanayici, i\u015f d\u00fcnyas\u0131 temsilcileri ve yerel y\u00f6neticileriyle bulu\u015fmas\u0131 i\u00e7in T\u00fcrkiye\u2019nin en kapsaml\u0131 ak\u0131ll\u0131 teknolojiler ve dijital d\u00f6n\u00fc\u015f\u00fcm etkinli\u011fi olma \u00f6zelli\u011fi ta\u015f\u0131yor.<\/p>\r\n","protected":false},"excerpt":{"rendered":"<p>Uygulamalarda Dark Mod Ak\u0131m\u0131 Dark mod, yani gece modu arka plan\u0131n koyu oldu\u011fu, g\u00f6zlerimizin daha az yorulmas\u0131n\u0131 sa\u011flayan ve pil tasarrufuna destek veren bir \u00f6zellik. Bu uygulamaya ilk ge\u00e7en sosyal medya platformlar\u0131 Instagram ve Youtube olmu\u015ftu. Di\u011fer sosyal mecralar da karanl\u0131k mod uygulamas\u0131na ge\u00e7i\u015f i\u00e7in harekete ge\u00e7tiler. Karanl\u0131k mod, koyu arka plan\u0131 sayesinde t\u00fcm g\u00fcn &hellip;<\/p>\n","protected":false},"author":20,"featured_media":5935,"comment_status":"open","ping_status":"open","sticky":false,"template":"","format":"standard","meta":[],"categories":[188],"tags":[],"_links":{"self":[{"href":"https:\/\/egegen.com\/blog\/wp-json\/wp\/v2\/posts\/5920"}],"collection":[{"href":"https:\/\/egegen.com\/blog\/wp-json\/wp\/v2\/posts"}],"about":[{"href":"https:\/\/egegen.com\/blog\/wp-json\/wp\/v2\/types\/post"}],"author":[{"embeddable":true,"href":"https:\/\/egegen.com\/blog\/wp-json\/wp\/v2\/users\/20"}],"replies":[{"embeddable":true,"href":"https:\/\/egegen.com\/blog\/wp-json\/wp\/v2\/comments?post=5920"}],"version-history":[{"count":1,"href":"https:\/\/egegen.com\/blog\/wp-json\/wp\/v2\/posts\/5920\/revisions"}],"predecessor-version":[{"id":8919,"href":"https:\/\/egegen.com\/blog\/wp-json\/wp\/v2\/posts\/5920\/revisions\/8919"}],"wp:featuredmedia":[{"embeddable":true,"href":"https:\/\/egegen.com\/blog\/wp-json\/wp\/v2\/media\/5935"}],"wp:attachment":[{"href":"https:\/\/egegen.com\/blog\/wp-json\/wp\/v2\/media?parent=5920"}],"wp:term":[{"taxonomy":"category","embeddable":true,"href":"https:\/\/egegen.com\/blog\/wp-json\/wp\/v2\/categories?post=5920"},{"taxonomy":"post_tag","embeddable":true,"href":"https:\/\/egegen.com\/blog\/wp-json\/wp\/v2\/tags?post=5920"}],"curies":[{"name":"wp","href":"https:\/\/api.w.org\/{rel}","templated":true}]}}