{"id":5909,"date":"2019-11-05T11:54:50","date_gmt":"2019-11-05T08:54:50","guid":{"rendered":"https:\/\/egegen.com\/blog\/?p=5909"},"modified":"2022-08-24T18:18:09","modified_gmt":"2022-08-24T15:18:09","slug":"facebook-logosunu-yeniledi","status":"publish","type":"post","link":"https:\/\/egegen.com\/blog\/facebook-logosunu-yeniledi\/","title":{"rendered":"Facebook logosunu yeniledi\u2026"},"content":{"rendered":"\n<p><strong>Facebook<\/strong>, \u015firket\nve sosyal medya uygulamas\u0131n\u0131n logolar\u0131n\u0131 ay\u0131rma karar\u0131 ald\u0131\u2026 D\u00fcn ak\u015fam s\u00fcrpriz\nbir \u015fekilde <strong>yeni logosu<\/strong> ile kullan\u0131c\u0131lar\u0131n\nkar\u015f\u0131s\u0131na \u00e7\u0131kan Facebook; <strong>yeni logosu\nile art\u0131k uygulamalara g\u00f6re de\u011fi\u015fik renklerle kar\u015f\u0131m\u0131za \u00e7\u0131kacak\u2026<\/strong><\/p>\n\n\n\n<p>Son d\u00f6nemde eski pop\u00fclerli\u011finden \u00e7ok uzak olan <strong>Facebook<\/strong>, <strong>yeni logo<\/strong> ile gelecek d\u00f6n\u00fc\u015f\u00fcm\u00fc i\u00e7in ilk ad\u0131m olarak say\u0131l\u0131yor. <\/p>\n\n\n\n<p><strong>Mark Zuckerbeg<\/strong>&#8216;in &#8220;<strong><em>Yeni \u015eirket Logosu&#8221;<\/em><\/strong> olarak tan\u0131tt\u0131\u011f\u0131 logo olduk\u00e7a sade ve standart bir logo olarak kar\u015f\u0131m\u0131za \u00e7\u0131kt\u0131. Yeni logo lansman\u0131 ile birlikte; <strong>Facebook<\/strong>&#8216;un sahip oldu\u011fu <strong>Messenger, Instagram ve WhatsApp<\/strong>&#8216;\u0131n kurumsal renkleri aras\u0131nda ge\u00e7i\u015f yap\u0131yor. <strong>Facebook <\/strong>kullan\u0131ld\u0131\u011f\u0131nda <strong>logo mavi<\/strong> olacak, <strong>WhatsApp<\/strong> s\u00f6z konusu oldu\u011funda <strong>logo ye\u015fil <\/strong>olarak g\u00f6z\u00fckecek. <strong>Instagram<\/strong> kullan\u0131ld\u0131\u011f\u0131nda <strong>logosu turuncudan mora<\/strong> ge\u00e7i\u015f \u015feklinde olacak.<\/p>\n\n\n\n<figure class=\"wp-block-image\"><img width=\"1024\" height=\"576\" src=\"https:\/\/egegen.com\/blog\/wp-content\/uploads\/2019\/11\/facebook-yeni-logosu-2-1024x576.jpg\" alt=\"\" class=\"wp-image-5916\"\/><figcaption>Facebook Yeni Logo<\/figcaption><\/figure>\n\n\n\n<p><strong>Facebook Pazarlama\n\u015fefi; Antonio Lucio<\/strong> \u015firketin blog sayfas\u0131nda yapt\u0131\u011f\u0131 a\u00e7\u0131klamada; <em>Facebook \u015firketimizi, Facebook\u2019tan gelen\n\u00fcr\u00fcnler konusunda daha net olmak i\u00e7in yeniliyoruz. Yeni \u015firket logosunu\ntan\u0131t\u0131yoruz ve Facebook\u2019un daha da ay\u0131rt edilmesini sa\u011fl\u0131yoruz<\/em>\u201d\na\u00e7\u0131klamas\u0131n\u0131 yapt\u0131.<\/p>\n\n\n\n<p>Yeni logonun \u00f6n\u00fcm\u00fczdeki g\u00fcnlerde Facebook\u2019un sahibi oldu\u011fu\n\u00e7e\u015fitli hizmetlere ve \u00fcr\u00fcnlere eklenmesi bekleniyor.<\/p>\n","protected":false},"excerpt":{"rendered":"<p>Facebook, \u015firket ve sosyal medya uygulamas\u0131n\u0131n logolar\u0131n\u0131 ay\u0131rma karar\u0131 ald\u0131\u2026 D\u00fcn ak\u015fam s\u00fcrpriz bir \u015fekilde yeni logosu ile kullan\u0131c\u0131lar\u0131n kar\u015f\u0131s\u0131na \u00e7\u0131kan Facebook; yeni logosu ile art\u0131k uygulamalara g\u00f6re de\u011fi\u015fik renklerle kar\u015f\u0131m\u0131za \u00e7\u0131kacak\u2026 Son d\u00f6nemde eski pop\u00fclerli\u011finden \u00e7ok uzak olan Facebook, yeni logo ile gelecek d\u00f6n\u00fc\u015f\u00fcm\u00fc i\u00e7in ilk ad\u0131m olarak say\u0131l\u0131yor. Mark Zuckerbeg&#8216;in &#8220;Yeni \u015eirket Logosu&#8221; &hellip;<\/p>\n","protected":false},"author":1,"featured_media":5912,"comment_status":"open","ping_status":"open","sticky":false,"template":"","format":"standard","meta":[],"categories":[1],"tags":[],"_links":{"self":[{"href":"https:\/\/egegen.com\/blog\/wp-json\/wp\/v2\/posts\/5909"}],"collection":[{"href":"https:\/\/egegen.com\/blog\/wp-json\/wp\/v2\/posts"}],"about":[{"href":"https:\/\/egegen.com\/blog\/wp-json\/wp\/v2\/types\/post"}],"author":[{"embeddable":true,"href":"https:\/\/egegen.com\/blog\/wp-json\/wp\/v2\/users\/1"}],"replies":[{"embeddable":true,"href":"https:\/\/egegen.com\/blog\/wp-json\/wp\/v2\/comments?post=5909"}],"version-history":[{"count":0,"href":"https:\/\/egegen.com\/blog\/wp-json\/wp\/v2\/posts\/5909\/revisions"}],"wp:featuredmedia":[{"embeddable":true,"href":"https:\/\/egegen.com\/blog\/wp-json\/wp\/v2\/media\/5912"}],"wp:attachment":[{"href":"https:\/\/egegen.com\/blog\/wp-json\/wp\/v2\/media?parent=5909"}],"wp:term":[{"taxonomy":"category","embeddable":true,"href":"https:\/\/egegen.com\/blog\/wp-json\/wp\/v2\/categories?post=5909"},{"taxonomy":"post_tag","embeddable":true,"href":"https:\/\/egegen.com\/blog\/wp-json\/wp\/v2\/tags?post=5909"}],"curies":[{"name":"wp","href":"https:\/\/api.w.org\/{rel}","templated":true}]}}