{"id":5891,"date":"2019-10-24T09:54:25","date_gmt":"2019-10-24T06:54:25","guid":{"rendered":"https:\/\/egegen.com\/blog\/?p=5891"},"modified":"2022-08-24T18:18:10","modified_gmt":"2022-08-24T15:18:10","slug":"smart-future-world-expo-2019-dijital-icerik-sponsoru-egegen","status":"publish","type":"post","link":"https:\/\/egegen.com\/blog\/smart-future-world-expo-2019-dijital-icerik-sponsoru-egegen\/","title":{"rendered":"Smart Future World Expo 2019; Dijital \u0130\u00e7erik Sponsoru: egegen"},"content":{"rendered":"\n<p><strong>Smart Future World\nExpo; Dijital \u0130\u00e7erik Sponsoru: egegen<\/strong><\/p>\n\n\n\n<p><strong>egegen<\/strong> olarak bu\ny\u0131l T\u00fcrkiye\u2019nin en kapsaml\u0131 ak\u0131ll\u0131 teknoloji ve dijital d\u00f6n\u00fc\u015f\u00fcm etkinli\u011fi <strong>Smart Future World Expo<\/strong>&#8216;nun <strong>Dijital \u0130\u00e7erik Sponsoruyuz<\/strong>. 30-31 Ekim\ntarihlerinde <strong>\u0130stanbul Kongre Merkezi<\/strong>\u2019nde\nsizleri bekliyoruz!<\/p>\n\n\n\n<p>Smart Future Forum taraf\u0131ndan ilki 2016 y\u0131l\u0131nda yap\u0131lan <strong>Smart Future World Expo:<\/strong> Ak\u0131ll\u0131\nTeknolojiler Zirvesi ve Fuar\u0131 teknoloji, i\u015f d\u00fcnyas\u0131 ve kamunun \u00f6nemli kurum ve\nkurulu\u015flar\u0131n\u0131n destekleriyle organize edilmektedir. <strong>Teknoloji \u00fcreticileri<\/strong> ve <strong>hizmet\nsa\u011flayac\u0131lar\u0131n\u0131n<\/strong> T\u00fcrkiye&#8217;deki sanayici, i\u015f d\u00fcnyas\u0131 temsilcileri ve yerel\ny\u00f6neticileriyle bulu\u015fmas\u0131 i\u00e7in T\u00fcrkiye&#8217;nin en kapsaml\u0131 ak\u0131ll\u0131 teknolojiler ve\ndijital d\u00f6n\u00fc\u015f\u00fcm etkinli\u011fi olma \u00f6zelli\u011fi ta\u015f\u0131yor.<\/p>\n\n\n\n<p>Bu senenin temas\u0131; \u201c<strong>Dijital\nKobi Hareketi<\/strong>\u201d<\/p>\n\n\n\n<p>KOB\u0130\u2019ler T\u00fcrkiye ekonomisindeki i\u015f g\u00fcc\u00fcn\u00fcn yakla\u015f\u0131k y\u00fczde\n70\u2019ini olu\u015fturuyorlar ve t\u00fcm ekonomik faaliyetlerin de yakla\u015f\u0131k y\u00fczde 55\u2019lik\nb\u00f6l\u00fcm\u00fcn\u00fc ger\u00e7ekle\u015ftiriyorlar. <strong>Ekonomik\nb\u00fcy\u00fcmede<\/strong> bu denli kritik rolleri olan <strong>KOB\u0130<\/strong>\u2019ler\nen az b\u00fcy\u00fck \u015firketler kadar teknolojiye, dijital d\u00f6n\u00fc\u015f\u00fcme ihtiya\u00e7 duyuyor.\nKOB\u0130\u2019lerin b\u00fcy\u00fcmesi, rekabet edebilmesi ve ayakta kalmas\u0131 i\u00e7in <strong>bili\u015fim teknolojileri<\/strong>ne yat\u0131r\u0131m\nyapmalar\u0131 gerekiyor. B\u00fcy\u00fcmek ve <strong>kurumsalla\u015fmak<\/strong>\nisteyen her <strong>KOB\u0130<\/strong> pazar ve rekabet\nko\u015fullar\u0131n\u0131 \u00e7ok iyi de\u011ferlendirerek buna g\u00f6re kendi i\u00e7inde hangi de\u011fi\u015fimi\nyapmas\u0131 gerekti\u011fi ve \u00f6nceliklerinin neler oldu\u011funu iyi tespit etmeli.<\/p>\n\n\n\n<p>Ak\u0131ll\u0131 gelece\u011fi olu\u015fturman\u0131n yolu do\u011fru ve ba\u015far\u0131l\u0131 bir <strong>dijital d\u00f6n\u00fc\u015f\u00fcm<\/strong>den ge\u00e7iyor. Bug\u00fcne\nkadar genellikle yukar\u0131dan a\u015fa\u011f\u0131ya yani b\u00fcy\u00fck kurumlardan ba\u015flay\u0131p orta boy\nkurumlara do\u011fru inen bir dijital d\u00f6n\u00fc\u015f\u00fcm stratejisine tan\u0131k oluyoruz. Ancak\nart\u0131k \u00fclke ekonomisini b\u00fcy\u00fctmek, geli\u015ftirmek, rekabet\u00e7i k\u0131lmak ve toplumsal\nrefaha ula\u015fabilmek i\u00e7in a\u015fa\u011f\u0131dan yukar\u0131ya yani k\u00fc\u00e7\u00fck ve orta boy i\u015fletmelerden\nb\u00fcy\u00fck kurumlara uzanan bir <strong>d\u00f6n\u00fc\u015f\u00fcm\nstratejisi<\/strong>yle hareket etmemiz gerekiyor.<\/p>\n\n\n\n<p><strong>Smart Future World\nExpo\u2019da; Google Veri Analiti\u011fi Dan\u0131\u015fman\u0131<\/strong> <em>Christina Stathopoulos<\/em>, <strong>H&amp;M\nT\u00fcrkiye \u00dclke M\u00fcd\u00fcr\u00fc<\/strong> <em>M\u00fcge Arpac\u0131o\u011flu<\/em>,\n<strong>Alibaba.com T\u00fcrkiye \u00dclke M\u00fcd\u00fcr\u00fc<\/strong> <em>C\u00fcneyt Erpolat<\/em>, <strong>Ericsson T\u00fcrkiye Genel M\u00fcd\u00fcr\u00fc<\/strong> <em>I\u015f\u0131l\nYal\u00e7\u0131n<\/em>, <strong>T\u00fcrkiye \u0130\u015f Bankas\u0131 Dijital\nBankac\u0131l\u0131k B\u00f6l\u00fcm M\u00fcd\u00fcr\u00fc<\/strong> <em>H. Mete G\u00fcne\u015f<\/em>,\n<strong>Unilever Kuzey Afrika, Ortado\u011fu, Orta\nAsya, Rusya, T\u00fcrkiye Dijital D\u00f6n\u00fc\u015f\u00fcm Direkt\u00f6r\u00fc<\/strong> <em>Ahmet Hasanbe\u015feo\u011flu<\/em>, <strong>Ko\u00e7\nHolding Dijital D\u00f6n\u00fc\u015f\u00fcm Dan\u0131\u015fman\u0131<\/strong> Dr. <em>Murad\nArda\u00e7<\/em> bir \u00e7ok de\u011ferli konu\u015fmac\u0131 yer alacak\u2026<\/p>\n\n\n\n<p>Siz de bu \u00f6nemli konferanslar\u0131 izlemek ve stand\u0131m\u0131z\u0131 ziyaret etmek i\u00e7in <a href=\"https:\/\/www.smartfutureexpo.com\/ucretsiz-kayit-ol\" rel=\"nofollow\"><strong><em>\u00fccretsiz online kay\u0131t<\/em><\/strong> <\/a>yapt\u0131rabilirsiniz. <\/p>\n","protected":false},"excerpt":{"rendered":"<p>Smart Future World Expo; Dijital \u0130\u00e7erik Sponsoru: egegen egegen olarak bu y\u0131l T\u00fcrkiye\u2019nin en kapsaml\u0131 ak\u0131ll\u0131 teknoloji ve dijital d\u00f6n\u00fc\u015f\u00fcm etkinli\u011fi Smart Future World Expo&#8216;nun Dijital \u0130\u00e7erik Sponsoruyuz. 30-31 Ekim tarihlerinde \u0130stanbul Kongre Merkezi\u2019nde sizleri bekliyoruz! Smart Future Forum taraf\u0131ndan ilki 2016 y\u0131l\u0131nda yap\u0131lan Smart Future World Expo: Ak\u0131ll\u0131 Teknolojiler Zirvesi ve Fuar\u0131 teknoloji, i\u015f &hellip;<\/p>\n","protected":false},"author":1,"featured_media":5894,"comment_status":"open","ping_status":"open","sticky":false,"template":"","format":"standard","meta":[],"categories":[1],"tags":[],"_links":{"self":[{"href":"https:\/\/egegen.com\/blog\/wp-json\/wp\/v2\/posts\/5891"}],"collection":[{"href":"https:\/\/egegen.com\/blog\/wp-json\/wp\/v2\/posts"}],"about":[{"href":"https:\/\/egegen.com\/blog\/wp-json\/wp\/v2\/types\/post"}],"author":[{"embeddable":true,"href":"https:\/\/egegen.com\/blog\/wp-json\/wp\/v2\/users\/1"}],"replies":[{"embeddable":true,"href":"https:\/\/egegen.com\/blog\/wp-json\/wp\/v2\/comments?post=5891"}],"version-history":[{"count":0,"href":"https:\/\/egegen.com\/blog\/wp-json\/wp\/v2\/posts\/5891\/revisions"}],"wp:featuredmedia":[{"embeddable":true,"href":"https:\/\/egegen.com\/blog\/wp-json\/wp\/v2\/media\/5894"}],"wp:attachment":[{"href":"https:\/\/egegen.com\/blog\/wp-json\/wp\/v2\/media?parent=5891"}],"wp:term":[{"taxonomy":"category","embeddable":true,"href":"https:\/\/egegen.com\/blog\/wp-json\/wp\/v2\/categories?post=5891"},{"taxonomy":"post_tag","embeddable":true,"href":"https:\/\/egegen.com\/blog\/wp-json\/wp\/v2\/tags?post=5891"}],"curies":[{"name":"wp","href":"https:\/\/api.w.org\/{rel}","templated":true}]}}