{"id":5862,"date":"2019-10-07T16:21:08","date_gmt":"2019-10-07T13:21:08","guid":{"rendered":"https:\/\/egegen.com\/blog\/?p=5862"},"modified":"2022-10-10T17:04:14","modified_gmt":"2022-10-10T14:04:14","slug":"egegen-trend-raporu-24-eylul-2019","status":"publish","type":"post","link":"https:\/\/egegen.com\/blog\/egegen-trend-raporu-24-eylul-2019\/","title":{"rendered":"egegen Trend Raporu &#8211; 24 \/ Eyl\u00fcl 2019"},"content":{"rendered":"\r\n<p style=\"font-size: 20px;\"><strong>Pinterest\u2019e Video Y\u00fckleme \u00d6zelli\u011fi Geldi!<\/strong><\/p>\r\n\r\n\r\n\r\n<p>\u00dclkemizde hala de\u011feri pek anla\u015f\u0131lmasa da \u00f6zellikle Amerika ve Avrupa\u2019da <strong>Instagram<\/strong> kadar pop\u00fcler bir sosyal medya mecras\u0131 <strong>Pinterest<\/strong>. \u0130lgi alan\u0131n\u0131za uygun panolar olu\u015fturabildi\u011finiz, al\u0131\u015fveri\u015f yapabildi\u011finiz ya da blog y\u00f6nlendirmeleri ile ihtiyac\u0131n\u0131z olan bilgilere kolayl\u0131kla ula\u015fabildi\u011finiz <strong>Pinterest\u2019e art\u0131k kullan\u0131c\u0131lar da video y\u00fckleyebilecek.<\/strong><\/p>\r\n\r\n\r\n\r\n<figure class=\"wp-block-image\"><img width=\"1000\" height=\"668\" class=\"wp-image-5863\" src=\"https:\/\/egegen.com\/blog\/wp-content\/uploads\/2019\/10\/b-1.jpg\" alt=\"\" \/><\/figure>\r\n\r\n\r\n\r\n<p>Peki <strong>Pinterest&#8217;e video y\u00fckleme nas\u0131l yap\u0131l\u0131r<\/strong>? Sayfan\u0131zdaki panolar k\u0131sm\u0131na gelerek, pano olu\u015ftur k\u0131sm\u0131na t\u0131klaman\u0131z ve gerekli i\u015flemleri ger\u00e7ekle\u015ftirdikten sonra pin olu\u015ftur diyerek\u00a0 video y\u00fcklemeniz yeterli. Pinterest&#8217;in bu yeni \u00f6zelli\u011fi ile beraber olduk\u00e7a yarat\u0131c\u0131 videolarla kar\u015f\u0131la\u015faca\u011f\u0131m\u0131za eminiz.<\/p>\r\n\r\n\r\n\r\n<p style=\"font-size: 20px;\"><strong>Google \u00d6zg\u00fcn \u0130\u00e7erikleri \u00d6n Plana \u00c7\u0131kart\u0131yor. <\/strong><\/p>\r\n\r\n\r\n\r\n<p><strong>Google algoritma<\/strong> de\u011fi\u015fikli\u011fine giderek \u00f6zg\u00fcn i\u00e7erikleri \u00f6n plana \u00e7\u0131karaca\u011f\u0131n\u0131 ve daha \u00fcst s\u0131ralara ta\u015f\u0131yaca\u011f\u0131n\u0131 duyurdu. Google i\u00e7erik \u00fcreticilerine b\u00fcy\u00fck \u00f6nem veriyor ve web sitelerinde yer alan i\u00e7eriklerin kaliteli olmas\u0131na \u00f6zen g\u00f6steriyor. Y\u0131l i\u00e7erisinde a\u00e7\u0131klad\u0131\u011f\u0131 hedeflerinde de bu konuyu s\u0131kl\u0131kla dile getiren <strong>Google<\/strong>, algoritmas\u0131n\u0131 de\u011fi\u015ftirerek \u00f6zg\u00fcn i\u00e7erik hassasiyetini bir t\u0131k \u00f6teye ta\u015f\u0131yor.<\/p>\r\n\r\n\r\n\r\n<figure class=\"wp-block-image\"><img width=\"1000\" height=\"667\" class=\"wp-image-5864\" src=\"https:\/\/egegen.com\/blog\/wp-content\/uploads\/2019\/10\/b-2.jpg\" alt=\"\" \/><\/figure>\r\n\r\n\r\n\r\n<p>Web sitesinde yay\u0131nlanan \u00f6zg\u00fcn bir i\u00e7eri\u011fin kullan\u0131c\u0131lar taraf\u0131ndan kopyalanarak di\u011fer sitelerde yer almas\u0131ndan \u015fikayet\u00e7i olan <strong>Google<\/strong>, bu durumu ortadan kald\u0131rarak ve kopya i\u00e7eriklerinin \u00f6n\u00fcne ge\u00e7erek internette \u00f6zg\u00fcn i\u00e7eriklerin yer almas\u0131n\u0131 sa\u011flayacak.<\/p>\r\n\r\n\r\n\r\n<p style=\"font-size: 20px;\"><strong>e-belediye Sistemi Geliyor&#8230;<\/strong><\/p>\r\n\r\n\r\n\r\n<p>e-devlet\u2019i kullanmaya ba\u015flamam\u0131zla beraber \u00f6zellikle evrak i\u015flerimiz olduk\u00e7a rahatlam\u0131\u015f, sadece bilgisayar\u0131m\u0131z\u0131 a\u00e7arak i\u015flerimizi halledebilir hale gelmi\u015ftir. \u015eimdi ise yeni bir <strong>e-belediye sistemi<\/strong> geliyor ve bu sistem ile beraber y\u0131lda 3 milyar TL tasarruf elde edilece\u011fi konu\u015fuluyor.<\/p>\r\n\r\n\r\n\r\n<figure class=\"wp-block-image\"><img width=\"1000\" height=\"628\" class=\"wp-image-5865\" src=\"https:\/\/egegen.com\/blog\/wp-content\/uploads\/2019\/10\/b-3.jpg\" alt=\"\" \/><\/figure>\r\n\r\n\r\n\r\n<p><strong>E-devlet sisteminin 2020 y\u0131l\u0131nda uygulamaya ge\u00e7irilece\u011fi<\/strong> s\u00f6yleniyor. Bu \u015fekilde t\u00fcm belediyeler tek bir link \u00fczerinde yer alabilecek ve bizlerde belediye ile olan i\u015flemlerimizi internet \u00fczerinden ger\u00e7ekle\u015ftirebilece\u011fiz.<\/p>\r\n\r\n\r\n\r\n<p><strong>E-devlet<\/strong> sisteminden beklenen en b\u00fcy\u00fck fayda ise b\u00fcrokrasi nedeniyle olu\u015fan yo\u011funlu\u011fun ortadan kalkmas\u0131 ve ger\u00e7ekle\u015ftirilmesi gereken i\u015flemlerin \u00e7ok daha h\u0131zl\u0131 bir \u015fekilde ger\u00e7ekle\u015ftirilebilmesi.<\/p>\r\n\r\n\r\n\r\n<p style=\"font-size: 20px;\"><strong>Instagram\u2019a Gece Modu Geliyor\u2026 <\/strong><\/p>\r\n\r\n\r\n\r\n<figure class=\"wp-block-image\"><img width=\"612\" height=\"412\" class=\"wp-image-5884\" src=\"https:\/\/egegen.com\/blog\/wp-content\/uploads\/2019\/10\/instagram1-2.jpg\" alt=\"\" \/><\/figure>\r\n\r\n\r\n\r\n<p>Son d\u00f6nemde bir \u00e7ok uygulaman\u0131n hayata ge\u00e7irdi\u011fi \u201cgece modu\u201d \u00f6zelli\u011fi \u00e7ok yak\u0131nda Instagram\u2019da&#8230; \u015eimdilik sadece Android i\u015fletim sistemine sahip cihazlarda yer alacak olan \u201cDark Mode\u201d yani karanl\u0131k modu se\u00e7ene\u011fi hakk\u0131nda daha fazlas\u0131 i\u00e7in <a href=\"https:\/\/egegen.com\/blog\/instagram-gece-modu\/\">t\u0131klay\u0131n<\/a><\/p>\r\n\r\n\r\n\r\n<p style=\"font-size: 20px;\"><strong>Kad\u0131na ve \u00c7ocu\u011fa Kar\u015f\u0131 \u015eiddete Ortak Olmuyoruz. <\/strong><\/p>\r\n\r\n\r\n\r\n<figure class=\"wp-block-image\"><img width=\"800\" height=\"600\" class=\"wp-image-5866\" src=\"https:\/\/egegen.com\/blog\/wp-content\/uploads\/2019\/10\/b-4.jpg\" alt=\"\" \/><\/figure>\r\n\r\n\r\n\r\n<p>Son y\u0131llarda markalar <strong>sosyal sorumluluk projeleri<\/strong>ne \u00f6nem veriyor ve destekledi\u011fi kampanyalarla da de\u011fi\u015fimin bir par\u00e7as\u0131 oluyorlar. Kurumsal sosyal sorumluluk ile ilgili muhte\u015fem bir \u00e7al\u0131\u015fma da <strong>Samsung T\u00fcrkiye<\/strong>\u2019den geldi. Dizilerde kad\u0131na ve \u00e7ocu\u011fa kar\u015f\u0131 psikolojik ve fiziksel \u015fiddetin yer ald\u0131\u011f\u0131 projelere sponsor olmayacaklar\u0131n\u0131 belirtti.\u00a0 T\u00fcrk televizyonlar\u0131nda yay\u0131nlanan dizilerde kar\u015f\u0131la\u015ft\u0131\u011f\u0131m\u0131z kad\u0131na ve \u00e7ocu\u011fa uygulanan \u015fiddet ve bunun ekranlar arac\u0131l\u0131\u011f\u0131yla g\u00f6z \u00f6n\u00fcne serilmesine kar\u015f\u0131 \u00e7\u0131kan Samsung T\u00fcrkiye\u2019nin bu projesine di\u011fer markalardan k\u0131sa s\u00fcrede destek mesajlar\u0131 ve kat\u0131l\u0131m gelmeye ba\u015flad\u0131.<\/p>\r\n\r\n\r\n\r\n<p style=\"font-size: 20px;\"><strong>Burger King ve McDonald&#8217;s Oyuncaklar\u0131 Kald\u0131r\u0131yor&#8230;<\/strong><\/p>\r\n\r\n\r\n\r\n<figure class=\"wp-block-image\"><img width=\"1000\" height=\"667\" class=\"wp-image-5867\" src=\"https:\/\/egegen.com\/blog\/wp-content\/uploads\/2019\/10\/b-5.jpg\" alt=\"\" \/><\/figure>\r\n\r\n\r\n\r\n<p>Zaman i\u00e7erisinde \u00e7\u0131\u011f gibi b\u00fcy\u00fcyen plastik t\u00fcketimi art\u0131k b\u00fcy\u00fck markalar\u0131nda dikkatini \u00e7ekiyor. Pek \u00e7ok marka plastik t\u00fcketimine dur demek i\u00e7in yeni yollar ar\u0131yor ya da stratejilerini de\u011fi\u015ftiriyor. Ayn\u0131 <strong>Burger King ve McDonald&#8217;s<\/strong> \u00f6rne\u011finde oldu\u011fu gibi\u2026 \u0130ngiltere\u2019nin Hampshire kentinde ya\u015fayan, ya\u015flar\u0131 9 ve 11 olan iki karde\u015fin Burger King ve McDonald&#8217;s\u2019a plastik oyuncaklar\u0131 kullanmamalar\u0131 \u00fczerine att\u0131klar\u0131 mektup ve <strong>change.org<\/strong> \u00fczerinden ba\u015flatt\u0131klar\u0131 imza kampanyas\u0131 \u00fczerine her iki marka da plastik oyuncaklardan vazge\u00e7eceklerini a\u00e7\u0131klad\u0131lar.\u00a0<\/p>\r\n\r\n\r\n\r\n<figure class=\"wp-block-image\"><img width=\"1000\" height=\"667\" class=\"wp-image-5868\" src=\"https:\/\/egegen.com\/blog\/wp-content\/uploads\/2019\/10\/b-6.jpg\" alt=\"\" \/><\/figure>\r\n\r\n\r\n\r\n<p><strong>Ella McEwan ve Caitlin McEwan<\/strong> isimli karde\u015flerin ba\u015flatt\u0131klar\u0131 kampanya sonucunda Burger King oyuncaklar\u0131 kald\u0131r\u0131rken eski oyuncaklar\u0131 da toplayarak geri d\u00f6n\u00fc\u015f\u00fcme verece\u011fini duyurdu. McDonald&#8217;s ise plastik oyuncak <strong>Happy Meal<\/strong> yerine meyve ve ya kitap hediye etme haz\u0131rl\u0131klar\u0131nda.<\/p>\r\n\r\n\r\n\r\n<p style=\"font-size: 20px;\"><strong>\u0130konik Yap\u0131lar\u0131 Yaka \u0130\u011fnesine D\u00f6n\u00fc\u015ft\u00fcren Sanat\u00e7\u0131lar<\/strong><\/p>\r\n\r\n\r\n\r\n<figure class=\"wp-block-image\"><img width=\"1024\" height=\"685\" class=\"wp-image-5869\" src=\"https:\/\/egegen.com\/blog\/wp-content\/uploads\/2019\/10\/b-7-1024x685.png\" alt=\"\" \/><\/figure>\r\n\r\n\r\n\r\n<p>D\u00fcnyay\u0131 gezen bir mimar ve grafik tasar\u0131mc\u0131 hayal edin, ikonik yap\u0131lar\u0131 ziyaret ediyor, inceliyor ve en sonunda minimal yaka i\u011fnelerine d\u00f6n\u00fc\u015ft\u00fcr\u00fcyor. Bu hayal size ho\u015f geldiyse, <strong>Drop-a-Pin<\/strong> markas\u0131yla ger\u00e7e\u011fe d\u00f6n\u00fc\u015ft\u00fc\u011f\u00fcn\u00fc belirtebiliriz. Micro ger\u00e7ek\u00e7i yaka i\u011fneleri tasarlayan gezgin \u00e7ift bug\u00fcne kadar <strong>Notre Dame Katedrali<\/strong>, Geisel K\u00fct\u00fcphanesi, <strong>Nakakin Kaps\u00fcl K\u00fct\u00fcphanesi<\/strong> gibi Avrupa\u2019n\u0131n \u00f6nde gelen mimari yap\u0131lar\u0131n\u0131 yaka i\u011fnesine d\u00f6n\u00fc\u015ft\u00fcrm\u00fc\u015f durumda.<\/p>\r\n\r\n\r\n\r\n<figure class=\"wp-block-image\"><img width=\"1024\" height=\"678\" class=\"wp-image-5870\" src=\"https:\/\/egegen.com\/blog\/wp-content\/uploads\/2019\/10\/b-8-1024x678.jpg\" alt=\"\" \/><\/figure>\r\n\r\n\r\n\r\n<p>Gezgin \u00e7iftin bir de yaka i\u011fnelerini sergiledikleri instagram hesaplar\u0131 bulunuyor. S\u0131n\u0131rl\u0131 say\u0131da \u00fcr\u00fcn \u00e7\u0131karmak istediklerini belirtirken, \u00e7al\u0131\u015fmalar\u0131n\u0131n devam edebilmesi a\u00e7\u0131s\u0131ndan yard\u0131m fonu olu\u015fturdular. Yard\u0131m fonundan bekledikleri miktar\u0131 elde eden \u00e7iftin yeni ikonik yaka i\u011fnelerini merakla bekliyoruz. Instagram hesaplar\u0131n\u0131 incelemek isterseniz <a href=\"https:\/\/www.instagram.com\/dropapin.arch\/\">buradan <\/a>ula\u015fabilirsiniz.\u00a0\u00a0\u00a0<\/p>\r\n\r\n\r\n\r\n<p style=\"font-size: 20px;\"><strong>Instagram\u2019dan bir yenilik daha!<\/strong><\/p>\r\n\r\n\r\n\r\n<figure class=\"wp-block-image\"><img width=\"696\" height=\"399\" class=\"wp-image-5885\" src=\"https:\/\/egegen.com\/blog\/wp-content\/uploads\/2019\/10\/creator-studio-696x399.jpg\" alt=\"\" \/><\/figure>\r\n\r\n\r\n\r\n<p>D\u00f6rt g\u00f6zle beklenen yenilik art\u0131k Instagram\u2019da&#8230; Creator Studio\u2019ya yeni bir g\u00fcncelleme yay\u0131nlayan Facebook bundan sonra i\u015fletme hesaplar\u0131n\u0131n Instagram g\u00f6nderilerini ve IGTV yay\u0131nlar\u0131n\u0131 planlayabilece\u011fini duyurdu. Nas\u0131l m\u0131? Cevab\u0131 <a href=\"https:\/\/egegen.com\/blog\/instagram-igtv-planlanlama\/\" rel=\"nofollow\">burada<\/a><\/p>\r\n\r\n\r\n\r\n<p style=\"font-size: 20px;\"><strong>Facebook Veri \u0130hlali Cezas\u0131 Ald\u0131<\/strong>.<\/p>\r\n\r\n\r\n\r\n<p><strong>Facebook<\/strong> sistemlerinden biri olan \u201cvideo y\u00fckleyici\u201d, \u201cdo\u011fum g\u00fcn\u00fc kutlay\u0131c\u0131\u201d, \u201cba\u015fkas\u0131n\u0131n g\u00f6z\u00fcnden g\u00f6r\u201d\u2019\u00fcn etkile\u015fim k\u0131sm\u0131nda olu\u015fan hata sonucunda veri ihlali tespit edildi\u011fi a\u00e7\u0131kland\u0131. <strong>Ki\u015fisel Verileri Koruma Kurulu <\/strong>ise, Facebook\u2019a veri ihlali nedeniyle toplamda 1 milyon 600 bin lira idari para cezas\u0131 uygulanaca\u011f\u0131n\u0131 duyurdu.<\/p>\r\n\r\n\r\n\r\n<figure class=\"wp-block-image\"><img width=\"1000\" height=\"667\" class=\"wp-image-5871\" src=\"https:\/\/egegen.com\/blog\/wp-content\/uploads\/2019\/10\/b-9.jpg\" alt=\"\" \/><\/figure>\r\n\r\n\r\n\r\n<p>Veri ihlalinden y\u00fczbinlerce ki\u015finin zarar g\u00f6rd\u00fc\u011f\u00fc ve etkilendi\u011fi konu\u015fulurken \u00dclkemizde ve <strong>Facebook<\/strong>\u2019u T\u00fcrk\u00e7e dil se\u00e7ene\u011fi ile kullanan 280 bin 959 ki\u015finin ihlalden etkilendi\u011fi konu\u015fuluyor. <strong>Ki\u015fisel Verileri Koruma Kurulu<\/strong> daha \u00f6nce de yine ayn\u0131 sebepten (veri ihlali) Facebook\u2019a 1 milyon 600 bin TL para cezas\u0131 kesmi\u015fti.<\/p>\r\n\r\n\r\n\r\n<p style=\"font-size: 20px;\"><strong>Elon Musk Starship Uzay Gemisini Tan\u0131tt\u0131<\/strong>&#8230;<\/p>\r\n\r\n\r\n\r\n<p>Gezegenler aras\u0131 seyahat etmemizi sa\u011flayacak olan ve uzun bir s\u00fcredir merakla beklenen Starship kamuoyuna tan\u0131t\u0131ld\u0131. <strong>Elon Musk<\/strong>\u2019\u0131 <strong>Tesla Motors<\/strong> ve SpaceX gibi d\u00fcnyan\u0131n tarihini de\u011fi\u015ftirecek giri\u015fimlerinden tan\u0131yoruz. Yapt\u0131klar\u0131 ve \u00fcrettikleriyle her daim s\u0131n\u0131rlar\u0131 zorlayan Elon Musk \u015fimdilerde <strong>Starship<\/strong> ile Ay\u2019a ve Mars\u2019a gitme hayallerini ger\u00e7ekle\u015ftirmeye haz\u0131rlan\u0131yor. Starship\u2019in tan\u0131t\u0131m\u0131 Texas\u2019ta yap\u0131ld\u0131 ve sahip oldu\u011fu teknolojinin d\u0131\u015f\u0131nda tasar\u0131m\u0131yla da dikkatleri \u00fczerine \u00e7ekmeyi ba\u015fard\u0131.\u00a0\u00a0<\/p>\r\n\r\n\r\n\r\n<figure class=\"wp-block-image\"><img width=\"800\" height=\"480\" class=\"wp-image-5872\" src=\"https:\/\/egegen.com\/blog\/wp-content\/uploads\/2019\/10\/b-10.jpg\" alt=\"\" \/><\/figure>\r\n\r\n\r\n\r\n<p>5350 ton iti\u015f g\u00fcc\u00fcne sahip olan <strong>Starship<\/strong> 40 kabin, 1 mutfak ve bir adet bar\u0131na\u011f\u0131 i\u00e7inde bar\u0131nd\u0131r\u0131yor. B\u00f6ylece bizler de y\u0131llard\u0131r filmlerde izledi\u011fimiz bir hayalin ger\u00e7ek olu\u015funa tan\u0131kl\u0131k ediyoruz.<\/p>\r\n\r\n\r\n\r\n<p style=\"font-size: 20px;\"><strong>Google D\u00f6k\u00fcmanlara Kelime Sayac\u0131 \u00d6zelli\u011fi<\/strong><\/p>\r\n\r\n\r\n\r\n<figure class=\"wp-block-image\"><img alt=\"\" \/><\/figure>\r\n\r\n\r\n\r\n<p>Sundu\u011fu \u00e7evrimi\u00e7i \u00f6zelli\u011fi ve payla\u015f\u0131labilir olmas\u0131 nedeniyle <strong>Microsoft Word<\/strong>\u2019\u00fc taht\u0131ndan sallayan <strong>Google D\u00f6k\u00fcmanlar<\/strong>\u2019a kelime sayac\u0131 \u00f6zelli\u011fi geliyor. \u00d6zellikle i\u00e7erik \u00fcreticileri taraf\u0131ndan s\u0131kl\u0131kla tercih edilen, online ve payla\u015f\u0131labilir oldu\u011fu i\u00e7in kullan\u0131m kolayl\u0131\u011f\u0131 sa\u011flayan bir platform. Google D\u00f6k\u00fcmanlar\u2019a \u00f6zel bir\u00e7ok \u00f6zellik olsa da <strong>kelime sayac\u0131 \u00f6zelli\u011fi <\/strong>yoktu. Bu ise yaz\u0131lar\u0131n ka\u00e7 kelimeden olu\u015ftu\u011funu anlamam\u0131z\u0131 zorla\u015ft\u0131r\u0131yordu. Eklenen yeni \u00f6zellik ile bu sorunu ortadan kald\u0131ran <strong>Google D\u00f6k\u00fcmanlar<\/strong>\u2019\u0131n zaman i\u00e7erisinde \u00e7ok daha fazla ki\u015fiye hitap edece\u011fi ise kesinlik ta\u015f\u0131yor.<\/p>\r\n\r\n\r\n\r\n<p style=\"font-size: 20px;\"><strong>Kitaplara Dokuman\u0131n Verdi\u011fi Keyfi Anlatan Foto\u011fraf <\/strong><\/p>\r\n\r\n\r\n\r\n<figure class=\"wp-block-image\"><img width=\"936\" height=\"936\" class=\"wp-image-5873\" src=\"https:\/\/egegen.com\/blog\/wp-content\/uploads\/2019\/10\/b-11.jpg\" alt=\"\" \/><\/figure>\r\n\r\n\r\n\r\n<p>Pek \u00e7o\u011fumuz kitaplara dokunarak b\u00fcy\u00fcd\u00fck. Saatlerce resimlerine bakt\u0131k, sayfalar\u0131n\u0131 \u00e7evirdik, dokunduk, \u00f6\u011frendik. \u015eimdiki \u00e7ocuklar ise bu deneyimi <strong>e-kitap<\/strong> ile beraber \u00e7ok daha az ya\u015f\u0131yorlar. Sayfa \u00e7evirmek yerine tu\u015fa basan ve okuma deneyimini elektronik bir ortamda ya\u015fayan \u00e7ocuklar <strong>Ellen Cantor<\/strong>\u2019\u0131n dikkatini \u00e7ekmi\u015f olacak ki, bu durumu bir projeye \u00e7evirmi\u015f.<\/p>\r\n\r\n\r\n\r\n<figure class=\"wp-block-image\"><img width=\"792\" height=\"792\" class=\"wp-image-5874\" src=\"https:\/\/egegen.com\/blog\/wp-content\/uploads\/2019\/10\/b-12.jpg\" alt=\"\" \/><\/figure>\r\n\r\n\r\n\r\n<p><strong>Prior Pleasures <\/strong>ismini verdi\u011fi foto\u011fraf sergisinde deneyime odaklanan sanat\u00e7\u0131 \u00e7oklu pozlama tekni\u011fi ile kitap sayfalar\u0131n\u0131 tek bir pozda bulu\u015fturuyor ve bunu yaparken photoshop kullanm\u0131yor. Okudu\u011fumuz kitab\u0131n i\u00e7erisindeki kendini kaybetme an\u0131n\u0131 yans\u0131tmak isteyen sanat\u00e7\u0131 bizce olduk\u00e7a ba\u015far\u0131l\u0131\u2026 <strong>Ellen Cantor<\/strong> hakk\u0131nda daha detayl\u0131 bilgi almak isterseniz <a href=\"https:\/\/www.ellencantorphotography.com\/\" rel=\"nofollow\">web sitesini<\/a> ziyaret edebilirsiniz.\u00a0\u00a0<\/p>\r\n","protected":false},"excerpt":{"rendered":"<p>Pinterest\u2019e Video Y\u00fckleme \u00d6zelli\u011fi Geldi! \u00dclkemizde hala de\u011feri pek anla\u015f\u0131lmasa da \u00f6zellikle Amerika ve Avrupa\u2019da Instagram kadar pop\u00fcler bir sosyal medya mecras\u0131 Pinterest. \u0130lgi alan\u0131n\u0131za uygun panolar olu\u015fturabildi\u011finiz, al\u0131\u015fveri\u015f yapabildi\u011finiz ya da blog y\u00f6nlendirmeleri ile ihtiyac\u0131n\u0131z olan bilgilere kolayl\u0131kla ula\u015fabildi\u011finiz Pinterest\u2019e art\u0131k kullan\u0131c\u0131lar da video y\u00fckleyebilecek. Peki Pinterest&#8217;e video y\u00fckleme nas\u0131l yap\u0131l\u0131r? Sayfan\u0131zdaki panolar k\u0131sm\u0131na &hellip;<\/p>\n","protected":false},"author":20,"featured_media":5876,"comment_status":"open","ping_status":"open","sticky":false,"template":"","format":"standard","meta":[],"categories":[188],"tags":[],"_links":{"self":[{"href":"https:\/\/egegen.com\/blog\/wp-json\/wp\/v2\/posts\/5862"}],"collection":[{"href":"https:\/\/egegen.com\/blog\/wp-json\/wp\/v2\/posts"}],"about":[{"href":"https:\/\/egegen.com\/blog\/wp-json\/wp\/v2\/types\/post"}],"author":[{"embeddable":true,"href":"https:\/\/egegen.com\/blog\/wp-json\/wp\/v2\/users\/20"}],"replies":[{"embeddable":true,"href":"https:\/\/egegen.com\/blog\/wp-json\/wp\/v2\/comments?post=5862"}],"version-history":[{"count":3,"href":"https:\/\/egegen.com\/blog\/wp-json\/wp\/v2\/posts\/5862\/revisions"}],"predecessor-version":[{"id":8918,"href":"https:\/\/egegen.com\/blog\/wp-json\/wp\/v2\/posts\/5862\/revisions\/8918"}],"wp:featuredmedia":[{"embeddable":true,"href":"https:\/\/egegen.com\/blog\/wp-json\/wp\/v2\/media\/5876"}],"wp:attachment":[{"href":"https:\/\/egegen.com\/blog\/wp-json\/wp\/v2\/media?parent=5862"}],"wp:term":[{"taxonomy":"category","embeddable":true,"href":"https:\/\/egegen.com\/blog\/wp-json\/wp\/v2\/categories?post=5862"},{"taxonomy":"post_tag","embeddable":true,"href":"https:\/\/egegen.com\/blog\/wp-json\/wp\/v2\/tags?post=5862"}],"curies":[{"name":"wp","href":"https:\/\/api.w.org\/{rel}","templated":true}]}}