{"id":5828,"date":"2019-09-02T16:05:24","date_gmt":"2019-09-02T13:05:24","guid":{"rendered":"https:\/\/egegen.com\/blog\/?p=5828"},"modified":"2022-10-10T17:03:24","modified_gmt":"2022-10-10T14:03:24","slug":"egegen-trend-raporu-23-agustos-2019","status":"publish","type":"post","link":"https:\/\/egegen.com\/blog\/egegen-trend-raporu-23-agustos-2019\/","title":{"rendered":"egegen Trend Raporu &#8211; 23 \/ A\u011fustos 2019"},"content":{"rendered":"\r\n<p><strong>Whatsapp\u2019a Yeni \u00f6zellik: Boomerang<\/strong><\/p>\r\n\r\n\r\n\r\n<p>Instagram\u2019\u0131n en sevilen uygulamalar\u0131ndan biri olan ve kullan\u0131c\u0131lar taraf\u0131ndan s\u0131kl\u0131kla tercih edilen Boomerang uygulamas\u0131 Whatsapp\u2019a geliyor. Hen\u00fcz test a\u015famas\u0131nda olsa da, hayata ge\u00e7ece\u011fi andan itibaren whatsapp kullan\u0131c\u0131lar\u0131 taraf\u0131ndan s\u0131kl\u0131kla kullan\u0131laca\u011f\u0131 tahmin ediliyor.<\/p>\r\n\r\n\r\n\r\n<figure class=\"wp-block-image\"><img width=\"1000\" height=\"667\" class=\"wp-image-5829\" src=\"https:\/\/egegen.com\/blog\/wp-content\/uploads\/2019\/09\/Gorsel-1.jpg\" alt=\"\" \/><\/figure>\r\n\r\n\r\n\r\n<p>Boomerang ortalama 7 saniyelik videolar \u015feklinde kullan\u0131labilecek ve whatsapp kullan\u0131c\u0131lar\u0131 durum g\u00fcncellemesi olarak kullanabiliyorken ayn\u0131 zamanda ki\u015filere de g\u00f6nderim yapabilecekler. Boomerang uygulamas\u0131n\u0131n \u0130OS ve Android platformlar\u0131nda kullan\u0131labilir hale getirilmesi sa\u011fland\u0131ktan sonra hayata ge\u00e7irilmesi planlan\u0131yor.<\/p>\r\n\r\n\r\n\r\n<p>Whatsapp payla\u015ft\u0131\u011f\u0131 bir video ile Boomerang uygulamas\u0131n\u0131n whatsapp kullan\u0131c\u0131lar\u0131 taraf\u0131ndan nas\u0131l kullan\u0131laca\u011f\u0131n\u0131 anlatan bir video yay\u0131nlad\u0131. Videoyu izlemek isterseniz, <a href=\"https:\/\/www.youtube.com\/watch?v=NnJufxrCmZY\">buraya<\/a>\u00a0 t\u0131klayabilirsiniz.<\/p>\r\n\r\n\r\n\r\n<p><strong>Treads, Instagram\u2019\u0131n Yeni Mesajla\u015fma Uygulamas\u0131<\/strong><\/p>\r\n\r\n\r\n\r\n<p>Dijital mecralarda g\u00fcndem o kadar h\u0131zl\u0131 de\u011fi\u015fiyor ve \u00f6zellikler o kolay bir \u015fekilde t\u00fcketiliyor ki, sosyal medya platformlar\u0131 da bu de\u011fi\u015fen g\u00fcndemi yeni \u00f6zellikleri ile desteklemek zorunda kal\u0131yorlar. Daha \u00f6nce Instagram,<strong> Instagram Direct<\/strong> ad\u0131n\u0131 verdi\u011fi bir mesajla\u015fma uygulamas\u0131n\u0131 denemi\u015f ancak ba\u015far\u0131l\u0131 olamam\u0131\u015ft\u0131.<\/p>\r\n\r\n\r\n\r\n<figure class=\"wp-block-image\"><img width=\"1000\" height=\"666\" class=\"wp-image-5830\" src=\"https:\/\/egegen.com\/blog\/wp-content\/uploads\/2019\/09\/Gorsel-2.jpg\" alt=\"\" \/><\/figure>\r\n\r\n\r\n\r\n<p>Hen\u00fcz test s\u00fcrecinde olan <strong>Treads<\/strong>, metin, \u015farj bilgisi, foto\u011fraf ve konum bilgisi gibi bir\u00e7ok \u00f6zelli\u011fi yak\u0131n arkada\u015flarla payla\u015fmaya olanak sa\u011fl\u0131yor. Treads i\u00e7inde hikaye \u00f6zelliklerinin de g\u00f6r\u00fclece\u011fi \u015fekilde planland\u0131\u011f\u0131 i\u00e7in \u00f6zellikle gen\u00e7ler taraf\u0131ndan be\u011fenilece\u011fi ve b\u00f6ylece pop\u00fcler bir uygulama haline gelece\u011fi beklentiler aras\u0131nda.<\/p>\r\n\r\n\r\n\r\n<p><strong>Foto\u011fraf Y\u00fcklemeden \u00d6nce Ne Kadar Zaman Harc\u0131yorsunuz?<\/strong><\/p>\r\n\r\n\r\n\r\n<p>Sosyal medya mecralar\u0131na foto\u011fraflar\u0131n\u0131z\u0131 y\u00fcklerken, ne kadar vakit harcad\u0131\u011f\u0131n\u0131z\u0131 hi\u00e7 d\u00fc\u015f\u00fcnd\u00fcn\u00fcz m\u00fc? <strong>T\u00fcrkiye\u2019de kad\u0131nlar\u0131n sosyal medya davran\u0131\u015flar\u0131<\/strong> \u00fczerine Allergan Medical Estetik IPSOS i\u015fbirli\u011fi ile yap\u0131lan ara\u015ft\u0131rmada ki\u015filerin ger\u00e7ek hayatta oldu\u011fu gibi sosyal medyada da d\u0131\u015f g\u00f6r\u00fcn\u00fc\u015flerine ayn\u0131 oranda \u00f6zen g\u00f6sterdikleri ortaya \u00e7\u0131k\u0131yor.<\/p>\r\n\r\n\r\n\r\n<figure class=\"wp-block-image\"><img width=\"1000\" height=\"680\" class=\"wp-image-5831\" src=\"https:\/\/egegen.com\/blog\/wp-content\/uploads\/2019\/09\/Gorsel-3.jpg\" alt=\"\" \/><\/figure>\r\n\r\n\r\n\r\n<p>Ara\u015ft\u0131rmaya kat\u0131lan kat\u0131l\u0131mc\u0131lar\u0131n, %50\u2019sinin sosyal medya mecralar\u0131nda foto\u011fraf payla\u015fmadan \u00f6nce filtre kulland\u0131\u011f\u0131 saptan\u0131rken, aran\u0131lan filtrenin 5 dakika gibi k\u0131sa bir s\u00fcrede bulundu\u011fu ortaya \u00e7\u0131k\u0131yor. En s\u0131k kullan\u0131lan filtreler aras\u0131nda ise cilt g\u00fczelle\u015ftirme var.<\/p>\r\n\r\n\r\n\r\n<p><strong>Selfie \u00c7ubu\u011fundan Sonra Yeni Trend Cat Selfie <\/strong><\/p>\r\n\r\n\r\n\r\n<p>Kedinizin m\u00fckemmel bir pozunu yakal\u0131yorsunuz ancak siz telefonunuzdan selfie \u00e7ekene kadar onun \u00e7oktan dikkati da\u011f\u0131lm\u0131\u015f oluyor. Kedi sahipleri bu tarz bir durumu milyon kere ya\u015fam\u0131\u015ft\u0131r. Ancak \u015fimdi, kedinizle efsane selfie foto\u011fraflar\u0131 yakalayabilece\u011finiz yeni bir icat var: <strong>Cat Selfie<\/strong>. <strong>Bubblegum Stuff<\/strong>, kedilerle kolayl\u0131kla foto\u011fraf \u00e7ekilebilmeniz i\u00e7in ak\u0131ll\u0131 telefon aparat\u0131 \u00e7\u0131kartm\u0131\u015f. Telefonunuza takt\u0131\u011f\u0131n\u0131z bu aparat, kedi \u015feklindeki klipsli bir g\u00f6rselden olu\u015fuyor. Ortas\u0131nda yer alan zil ise kedinizin oda\u011f\u0131n\u0131 kendisine \u00e7ekiyor. Fikir olduk\u00e7a basit ve uygulanabilir. En g\u00fczeli de i\u015fe yar\u0131yor olmas\u0131.\u00a0<\/p>\r\n\r\n\r\n\r\n<figure class=\"wp-block-image\"><img width=\"640\" height=\"359\" class=\"wp-image-5832\" src=\"https:\/\/egegen.com\/blog\/wp-content\/uploads\/2019\/09\/Gorsel-4.jpg\" alt=\"\" \/><\/figure>\r\n\r\n\r\n\r\n<p>Cat Selfie\u2019nin mucidi ise, Loughborough \u00dcniversitesi\u2019nde tasar\u0131m b\u00f6l\u00fcm\u00fcnde okuyan George Hill isimli bir \u00f6\u011frenci. BPMA\u2019n\u0131n \u00f6\u011frenciler aras\u0131nda d\u00fczenledi\u011fi tasar\u0131m yar\u0131\u015fmas\u0131na Cat Selfie projesi ile kat\u0131l\u0131yor ve yar\u0131\u015fman\u0131n kazanan\u0131 oluyor. \u015eimdilerde ise, Bubblegum Stuff\u2019ta bu \u00fcr\u00fcn\u00fc sat\u0131n alabilirsiniz.<\/p>\r\n\r\n\r\n\r\n<p><strong>Facebook, Gizlilik Ayarlar\u0131 Hakk\u0131nda Kullan\u0131c\u0131lar\u0131n\u0131 Bilgilendirmek \u0130\u00e7in Kafeler A\u00e7\u0131yor.<\/strong><\/p>\r\n\r\n\r\n\r\n<figure class=\"wp-block-image\"><img width=\"1024\" height=\"717\" class=\"wp-image-5833\" src=\"https:\/\/egegen.com\/blog\/wp-content\/uploads\/2019\/09\/Gorsel-5-1024x717.jpg\" alt=\"\" \/><\/figure>\r\n\r\n\r\n\r\n<p>DeleteFacebook hareketini hepiniz hat\u0131rlars\u0131n\u0131z. <strong>Facebook<\/strong>, 2016 y\u0131l\u0131nda 50 milyon kullan\u0131c\u0131s\u0131n\u0131n verilerini izinsiz kullanarak se\u00e7imlerin seyrini de\u011fi\u015ftirmeye \u00e7al\u0131\u015fm\u0131\u015ft\u0131. Bunun \u00fczerine bir\u00e7ok kullan\u0131c\u0131 Facebook accountlar\u0131n\u0131 kapatarak ve uygulamas\u0131n\u0131 silerek, Facebook\u2019un de\u011fer kaybetmesini sa\u011flam\u0131\u015ft\u0131. \u00dcstelik kaybetti\u011fi sadece de\u011fer de\u011fil ayn\u0131 zamanda itibar\u0131yd\u0131.<\/p>\r\n\r\n\r\n\r\n<figure class=\"wp-block-image\"><img width=\"1024\" height=\"683\" class=\"wp-image-5834\" src=\"https:\/\/egegen.com\/blog\/wp-content\/uploads\/2019\/09\/gorsel-6-1024x683.jpg\" alt=\"\" \/><\/figure>\r\n\r\n\r\n\r\n<p>Sonras\u0131nda gizlilik ayarlar\u0131n\u0131 yeniden d\u00fczenleyerek g\u00fcven kazanmaya \u00e7al\u0131\u015fan Facebook, \u015fimdilerde ise Birle\u015fik Krall\u0131k\u2019ta kuraca\u011f\u0131 5\u00a0 adet kafe ile, kahve e\u015fli\u011finde gizlilik ayarlar\u0131n\u0131 insanlara anlatmay\u0131 planl\u0131yor. <strong>Facebook Cafes<\/strong> isimli kafeler, 28 A\u011fustos &#8211; 5 Eyl\u00fcl tarihleri aras\u0131nda Londra, Manchester, Edinburgh, Brighton ve Cardiff\u2019te a\u00e7\u0131lacak.\u00a0<\/p>\r\n\r\n\r\n\r\n<p><strong>Instagram Filtreleri Tasar\u0131mc\u0131lar\u0131n G\u00fcndeminde<\/strong><\/p>\r\n\r\n\r\n\r\n<p><strong>Instagram<\/strong> i\u00e7in g\u00fcn i\u00e7inde en fazla zaman\u0131m\u0131z\u0131 harcad\u0131\u011f\u0131m\u0131z sosyal medya platformu diyebiliriz. Yenilikler ve g\u00fcncellemeler ile s\u00fcrekli kendini tazeleyen ve imkanlar sundu\u011fu f\u0131rsatlar ile hem markalar\u0131n hem de tasar\u0131mc\u0131lar\u0131n ilgisini \u00e7ekmeye devam ediyor. <strong>Spark AR Instagram<\/strong> hikayelerinde kullanabildi\u011finiz ve kullan\u0131c\u0131lar\u0131 te\u015fvik eden yeni uygulamalardan bir tanesi.<\/p>\r\n\r\n\r\n\r\n<figure class=\"wp-block-image\"><img width=\"1024\" height=\"576\" class=\"wp-image-5835\" src=\"https:\/\/egegen.com\/blog\/wp-content\/uploads\/2019\/09\/Gorsel-7-1024x576.jpg\" alt=\"\" \/><\/figure>\r\n\r\n\r\n\r\n<p><strong>Spark Ar<\/strong> ile i\u00e7erik \u00fcreticiler ve tasar\u0131mc\u0131lar art\u0131r\u0131lm\u0131\u015f ger\u00e7eklik st\u00fcdyosunu kullanarak kendi hikaye filtrelerini olu\u015fturabiliyorlar. Spark AR Studio\u2019yu indirerek kendi filtrelerini olu\u015fturan tasar\u0131mc\u0131lar yarat\u0131c\u0131l\u0131klar\u0131n\u0131 da kullanabiliyorlar. Peki siz, \u00fclkemizden de bir\u00e7ok tasar\u0131mc\u0131n\u0131n kulland\u0131\u011f\u0131 Spark AR, filtrelerini rastlad\u0131n\u0131z m\u0131?\u00a0<\/p>\r\n\r\n\r\n\r\n<p><strong>\u00c7ocuklar\u0131n G\u00fcvenli\u011fi \u0130\u00e7in Youtube Kids App Geliyor.\u00a0 <\/strong><\/p>\r\n\r\n\r\n\r\n<p><strong>Youtube<\/strong> hepimizin s\u0131kl\u0131kla kulland\u0131\u011f\u0131 bir video payla\u015f\u0131m platformu. Hemen hemen her \u015feye dahil videolar bulabildi\u011fimiz bir alan. Ancak ne yaz\u0131k ki, bu videolara her ya\u015ftan insan ula\u015fabiliyor ve bu durum \u00f6zellikle k\u00fc\u00e7\u00fck ya\u015flardaki \u00e7ocuklar i\u00e7in olumsuz durumlar olu\u015fturuyor. Bir \u00e7ok insan ve ebeveyn ise bu durumdan \u015fikayet\u00e7i.<\/p>\r\n\r\n\r\n\r\n<figure class=\"wp-block-image\"><img width=\"1000\" height=\"667\" class=\"wp-image-5836\" src=\"https:\/\/egegen.com\/blog\/wp-content\/uploads\/2019\/09\/Gorsel-8.jpg\" alt=\"\" \/><\/figure>\r\n\r\n\r\n\r\n<p>Youtube, Kids App ad\u0131 ile \u00e7ocuklara \u00f6zel bir telefon uygulamas\u0131 yapaca\u011f\u0131n\u0131 ve web sitesini ya\u015flara g\u00f6re kategorileyerek daha uygun hale getirece\u011fini duyurdu. B\u00f6yle ebeveynler \u00e7ocuklar\u0131n\u0131n ya\u015f\u0131n\u0131 belirterek, uygunsuz videolar\u0131n ona ula\u015fmas\u0131n\u0131 engelleyebilecek.<\/p>\r\n\r\n\r\n\r\n<p><strong>Tumblr 3 Milyon Dolara Sat\u0131ld\u0131<\/strong><\/p>\r\n\r\n\r\n\r\n<p><strong>Tumblr<\/strong>, mikroblog odakl\u0131 bir sosyal a\u011f. Tumblr\u2019a kay\u0131t olarak istedi\u011finiz herhangi bir konu hakk\u0131nda yaz\u0131lar yazabiliyor ve payla\u015f\u0131mda bulunabiliyorsunuz. 2012\u2019de Yahoo taraf\u0131ndan sat\u0131n al\u0131nan Tumblr\u2019\u0131n, Automattic\u2019e sat\u0131ld\u0131\u011f\u0131 \u00e7ok\u00e7a konu\u015fuyor. Ancak as\u0131l konu\u015fulma sebebi fiyat\u0131! \u00c7\u00fcnk\u00fc Yahoo bundan 7 sene \u00f6nce 1.1 milyar dolar gibi y\u00fcksek bir fiyata sat\u0131n alm\u0131\u015ft\u0131. Automattic ise, 3 milyon dolara sat\u0131n alarak, Tumblr\u2019\u0131n de\u011ferinin ne kadar d\u00fc\u015ft\u00fc\u011f\u00fcn\u00fc bizlere g\u00f6stermi\u015f durumda.<\/p>\r\n\r\n\r\n\r\n<figure class=\"wp-block-image\"><img width=\"1000\" height=\"750\" class=\"wp-image-5837\" src=\"https:\/\/egegen.com\/blog\/wp-content\/uploads\/2019\/09\/Gorsel-9.jpg\" alt=\"\" \/><\/figure>\r\n\r\n\r\n\r\n<p>Pop\u00fclerli\u011finin d\u00fc\u015fmesi ve i\u00e7inde yer alan i\u00e7eriklerin genellikle +18 i\u00e7eriklere do\u011fru y\u00f6n de\u011fi\u015ftirmesi zaman i\u00e7erisinde Tumblr\u2019\u0131n taht\u0131n\u0131 yerinden sallam\u0131\u015ft\u0131. Automattic ge\u00e7mi\u015fte s\u0131kl\u0131kla kullan\u0131lan bir platform Tumblr\u2019\u0131 yeniden canland\u0131rabilir mi veya b\u00f6yle bir niyeti var m\u0131? \u00d6n\u00fcm\u00fczdeki g\u00fcnlerde hep birlikte \u00f6\u011frenece\u011fiz.\u00a0<\/p>\r\n","protected":false},"excerpt":{"rendered":"<p>Whatsapp\u2019a Yeni \u00f6zellik: Boomerang Instagram\u2019\u0131n en sevilen uygulamalar\u0131ndan biri olan ve kullan\u0131c\u0131lar taraf\u0131ndan s\u0131kl\u0131kla tercih edilen Boomerang uygulamas\u0131 Whatsapp\u2019a geliyor. Hen\u00fcz test a\u015famas\u0131nda olsa da, hayata ge\u00e7ece\u011fi andan itibaren whatsapp kullan\u0131c\u0131lar\u0131 taraf\u0131ndan s\u0131kl\u0131kla kullan\u0131laca\u011f\u0131 tahmin ediliyor. Boomerang ortalama 7 saniyelik videolar \u015feklinde kullan\u0131labilecek ve whatsapp kullan\u0131c\u0131lar\u0131 durum g\u00fcncellemesi olarak kullanabiliyorken ayn\u0131 zamanda ki\u015filere de g\u00f6nderim &hellip;<\/p>\n","protected":false},"author":20,"featured_media":5839,"comment_status":"open","ping_status":"open","sticky":false,"template":"","format":"standard","meta":[],"categories":[188],"tags":[],"_links":{"self":[{"href":"https:\/\/egegen.com\/blog\/wp-json\/wp\/v2\/posts\/5828"}],"collection":[{"href":"https:\/\/egegen.com\/blog\/wp-json\/wp\/v2\/posts"}],"about":[{"href":"https:\/\/egegen.com\/blog\/wp-json\/wp\/v2\/types\/post"}],"author":[{"embeddable":true,"href":"https:\/\/egegen.com\/blog\/wp-json\/wp\/v2\/users\/20"}],"replies":[{"embeddable":true,"href":"https:\/\/egegen.com\/blog\/wp-json\/wp\/v2\/comments?post=5828"}],"version-history":[{"count":2,"href":"https:\/\/egegen.com\/blog\/wp-json\/wp\/v2\/posts\/5828\/revisions"}],"predecessor-version":[{"id":8916,"href":"https:\/\/egegen.com\/blog\/wp-json\/wp\/v2\/posts\/5828\/revisions\/8916"}],"wp:featuredmedia":[{"embeddable":true,"href":"https:\/\/egegen.com\/blog\/wp-json\/wp\/v2\/media\/5839"}],"wp:attachment":[{"href":"https:\/\/egegen.com\/blog\/wp-json\/wp\/v2\/media?parent=5828"}],"wp:term":[{"taxonomy":"category","embeddable":true,"href":"https:\/\/egegen.com\/blog\/wp-json\/wp\/v2\/categories?post=5828"},{"taxonomy":"post_tag","embeddable":true,"href":"https:\/\/egegen.com\/blog\/wp-json\/wp\/v2\/tags?post=5828"}],"curies":[{"name":"wp","href":"https:\/\/api.w.org\/{rel}","templated":true}]}}