{"id":5762,"date":"2019-07-10T16:18:13","date_gmt":"2019-07-10T13:18:13","guid":{"rendered":"https:\/\/egegen.com\/blog\/?p=5762"},"modified":"2022-08-24T18:13:51","modified_gmt":"2022-08-24T15:13:51","slug":"ilk-500-bilisim-sirketi-arasindayiz","status":"publish","type":"post","link":"https:\/\/egegen.com\/blog\/ilk-500-bilisim-sirketi-arasindayiz\/","title":{"rendered":"\u0130lk 500 Bili\u015fim \u015eirketi Aras\u0131nday\u0131z."},"content":{"rendered":"\n<p>Bu y\u0131l 21.si ger\u00e7ekle\u015ftirilen <strong>Bili\u015fim 500 Plus<\/strong> \u00f6d\u00fclleri belli oldu. <br>\n<strong>egegen<\/strong> olarak, T\u00fcrkiye\u2019nin <strong>\u0130lk 500 Bili\u015fim \u015eirketi<\/strong> aras\u0131nda yer\nalarak bu \u00f6nemli \u00f6d\u00fcle lay\u0131k g\u00f6r\u00fcld\u00fck. Bir hedefimizi daha ger\u00e7ekle\u015ftirmenin mutlulu\u011funu\nya\u015farken, \u00f6d\u00fcl\u00fc birlikte kucaklad\u0131\u011f\u0131m\u0131z ekibimize de te\u015fekk\u00fcrlerimizi\nsunuyoruz. <\/p>\n\n\n\n<figure class=\"wp-block-image\"><img width=\"1024\" height=\"1024\" src=\"https:\/\/egegen.com\/blog\/wp-content\/uploads\/2019\/07\/EGEGEN_BILISIM_500_01-1-1024x1024.png\" alt=\"\" class=\"wp-image-5766\"\/><\/figure>\n\n\n\n<p>\u015eirketlerin 8 kategoride de\u011ferlendirildi\u011fi ve <strong>Da\u011f\u0131t\u0131c\u0131<\/strong>, <strong>E-Ticaret \u015eirketi, Hizmet Sa\u011flay\u0131c\u0131, Perakende, Sistem Entegrat\u00f6r\u00fc veya\n\u0130\u015f Orta\u011f\u0131, Telekom \u015eirketi, T\u00fcrkiye Merkezli \u00dcretici, Uluslararas\u0131 \u00dcreticinin\nT\u00fcrkiye Temsilcisi \/ Sat\u0131c\u0131s\u0131<\/strong> kategorilerinin yer ald\u0131\u011f\u0131 <strong>Bili\u015fim 500 Plus<\/strong> 2018 i\u00e7inde;<\/p>\n\n\n\n<p><strong>Hizmet\nSa\u011flay\u0131c\u0131<\/strong> kategorisinde 102.S\u0131rada<\/p>\n\n\n\n<p><strong>Hizmet\nSa\u011flay\u0131c\u0131 &#8211; Bar\u0131nd\u0131rma, Y\u00f6netim ve Bulut<\/strong> ba\u015fl\u0131klar\u0131nda\n10. S\u0131rada,<\/p>\n\n\n\n<p><strong>Sat\u0131\u015f Gelirlerine\nG\u00f6re Belirlenen Liste<\/strong>\u2019de ise 462. s\u0131raya yerle\u015ferek,\n\u00f6d\u00fcllerin sahibi olmaktan b\u00fcy\u00fck bir mutluluk duyuyoruz.&nbsp; <\/p>\n\n\n\n<p><strong>Bili\u015fim\n500<\/strong>, 25 y\u0131ld\u0131r \u201cT\u00fcrkiye\u2019nin Bili\u015fim Sesi\u201d olan <strong>T\u00fcrk Bili\u015fim Sekt\u00f6r\u00fc<\/strong>\u2019ne hizmet vermeyi,\ni\u015f d\u00fcnyas\u0131n\u0131n teknolojiyi daha etkin, bilin\u00e7li ve verimli kullan\u0131lmas\u0131 i\u00e7in\nbilgilendirme ara\u00e7lar\u0131 geli\u015ftirip sunmay\u0131 ilke edinen bir \u015firketler toplulu\u011fu\nve bili\u015fim sekt\u00f6r\u00fcnde, sekt\u00f6r\u00fcn ilerlemesini ve geli\u015fmesini sa\u011flayan\netkinlikler d\u00fczenliyor.<\/p>\n","protected":false},"excerpt":{"rendered":"<p>Bu y\u0131l 21.si ger\u00e7ekle\u015ftirilen Bili\u015fim 500 Plus \u00f6d\u00fclleri belli oldu. egegen olarak, T\u00fcrkiye\u2019nin \u0130lk 500 Bili\u015fim \u015eirketi aras\u0131nda yer alarak bu \u00f6nemli \u00f6d\u00fcle lay\u0131k g\u00f6r\u00fcld\u00fck. Bir hedefimizi daha ger\u00e7ekle\u015ftirmenin mutlulu\u011funu ya\u015farken, \u00f6d\u00fcl\u00fc birlikte kucaklad\u0131\u011f\u0131m\u0131z ekibimize de te\u015fekk\u00fcrlerimizi sunuyoruz. \u015eirketlerin 8 kategoride de\u011ferlendirildi\u011fi ve Da\u011f\u0131t\u0131c\u0131, E-Ticaret \u015eirketi, Hizmet Sa\u011flay\u0131c\u0131, Perakende, Sistem Entegrat\u00f6r\u00fc veya \u0130\u015f Orta\u011f\u0131, Telekom &hellip;<\/p>\n","protected":false},"author":1,"featured_media":5775,"comment_status":"open","ping_status":"open","sticky":false,"template":"","format":"standard","meta":[],"categories":[179],"tags":[],"_links":{"self":[{"href":"https:\/\/egegen.com\/blog\/wp-json\/wp\/v2\/posts\/5762"}],"collection":[{"href":"https:\/\/egegen.com\/blog\/wp-json\/wp\/v2\/posts"}],"about":[{"href":"https:\/\/egegen.com\/blog\/wp-json\/wp\/v2\/types\/post"}],"author":[{"embeddable":true,"href":"https:\/\/egegen.com\/blog\/wp-json\/wp\/v2\/users\/1"}],"replies":[{"embeddable":true,"href":"https:\/\/egegen.com\/blog\/wp-json\/wp\/v2\/comments?post=5762"}],"version-history":[{"count":0,"href":"https:\/\/egegen.com\/blog\/wp-json\/wp\/v2\/posts\/5762\/revisions"}],"wp:featuredmedia":[{"embeddable":true,"href":"https:\/\/egegen.com\/blog\/wp-json\/wp\/v2\/media\/5775"}],"wp:attachment":[{"href":"https:\/\/egegen.com\/blog\/wp-json\/wp\/v2\/media?parent=5762"}],"wp:term":[{"taxonomy":"category","embeddable":true,"href":"https:\/\/egegen.com\/blog\/wp-json\/wp\/v2\/categories?post=5762"},{"taxonomy":"post_tag","embeddable":true,"href":"https:\/\/egegen.com\/blog\/wp-json\/wp\/v2\/tags?post=5762"}],"curies":[{"name":"wp","href":"https:\/\/api.w.org\/{rel}","templated":true}]}}