{"id":5739,"date":"2019-07-05T09:45:33","date_gmt":"2019-07-05T06:45:33","guid":{"rendered":"https:\/\/egegen.com\/blog\/?p=5739"},"modified":"2022-10-10T17:02:45","modified_gmt":"2022-10-10T14:02:45","slug":"egegen-trend-raporu-21-haziran-2019","status":"publish","type":"post","link":"https:\/\/egegen.com\/blog\/egegen-trend-raporu-21-haziran-2019\/","title":{"rendered":"egegen Trend Raporu &#8211; 21 \/ Haziran 2019"},"content":{"rendered":"<p>Dijital pazarlama d\u00fcnyas\u0131ndaki son yenilikler, sosyal medyadan haberler, dijital reklamc\u0131l\u0131\u011f\u0131n en iyi \u00f6rnekleri ve bizden haberler\u2026<\/p>\r\n<p><strong>egegen Trend Raporu\u2019nun 21\u2019nci say\u0131s\u0131 \u00e7\u0131kt\u0131!<\/strong><\/p>\r\n<h2>Youtube AR Reklamlara Y\u00f6neliyor\u2026<\/h2>\r\n<p><img src=\"https:\/\/egegen.com\/blog\/wp-content\/uploads\/2019\/07\/gorsel-1-youtube-ar-ozelligi.jpg\" alt=\"\" \/><\/p>\r\n\r\n<p><strong>Facebook<\/strong> ve <strong>Snapchat<\/strong>\u2019ten sonra <strong>Youtube\u2019da AR reklam modellerini<\/strong> test etmeye haz\u0131rlan\u0131yor. AR reklam modelini ilk olarak deneyen marka ise, kozmetik a\u011f\u0131nda g\u00fc\u00e7l\u00fc bir isim olan MAC Cosmetics. \u201c<strong>Virtual Try On\u201d<\/strong> \u00f6zelli\u011fi ile Youtube\u2019da makyaj bloggerlar\u0131n\u0131n tan\u0131tt\u0131\u011f\u0131 \u00fcr\u00fcnleri kendi y\u00fcz\u00fcn\u00fczde de deneyebiliyorsunuz.<\/p>\r\n\r\n\r\n\r\n<p><strong>AR<\/strong> reklam modelinin test s\u00fcrecinde kullan\u0131lar\u0131n %30\u2019nun AR deneyimini kulland\u0131\u011f\u0131 ve uygulama i\u00e7erisinde sanal rujun ortama 80 saniye boyunca denendi\u011fini tespit eden \u015firket, gelen verilerden olduk\u00e7a memnun. Sahip oldu\u011fu <strong>Vlogger<\/strong> toplulu\u011fu sayesinde ciddi bir kullan\u0131c\u0131 taban\u0131na hitap eden <strong>Google<\/strong>, YouTube\u2019un influencer marketing platformu olan <strong>FameBit\u2019te AR \u00f6zelli\u011fini<\/strong> vurgulayaca\u011f\u0131n\u0131 duyurdu.<\/p>\r\n\r\n\r\n\r\n<h2>Cannes Lions Yine Kas\u0131p Kavurdu!<\/h2>\r\n\r\n\r\n\r\n<figure class=\"wp-block-image\"><img width=\"1000\" height=\"667\" class=\"wp-image-5741\" src=\"https:\/\/egegen.com\/blog\/wp-content\/uploads\/2019\/07\/gorsel-2-cannes-lion.jpg\" alt=\"\" \/><\/figure>\r\n\r\n\r\n\r\n<p><strong><br \/><\/strong>D\u00fcnya\u2019n\u0131n <strong>en \u00f6nemli yarat\u0131c\u0131l\u0131k festivali olan<\/strong> <strong>Cannes Lions<\/strong>, 2019 y\u0131l\u0131nda da reklamc\u0131l\u0131k alemini kas\u0131p kavurdu. 1954 y\u0131l\u0131ndan itibaren her sene d\u00fczenli olarak yap\u0131lan ve hem ajanslar\u0131n hem de bireylerin yarat\u0131c\u0131l\u0131klar\u0131n\u0131 konu\u015fturduklar\u0131 <strong>Cannes Lions<\/strong>, her ne kadar \u00f6d\u00fcl odakl\u0131 g\u00f6z\u00fckse bile asl\u0131nda sekt\u00f6r\u00fc canl\u0131 tutan ve sekt\u00f6r i\u00e7indeki trendlerin aktif kullan\u0131lmas\u0131n\u0131 sa\u011flayan \u00f6nc\u00fc bir festival. Bir \u00e7ok kategoride yar\u0131\u015fma imkan\u0131 sunan festival, bu sene de Haziran ay\u0131nda \u00f6d\u00fcllerini sahipleriyle bulu\u015fturdu.<\/p>\r\n\r\n\r\n\r\n<p>Bu sene dikkat \u00e7eken reklam kampanyalar\u0131ndan birisi de, Cannes Lions\u2019a ait. Festivale gelecek kat\u0131l\u0131mc\u0131lar\u0131n\u0131 cinsel istismar\u0131n \u00f6n\u00fcne ge\u00e7mek ad\u0131na afi\u015f tasar\u0131mlar\u0131 ve reklam filmiyle uyaran <strong>Cannes Lions<\/strong> bu sorunla ba\u015f ba\u015fa kalan kad\u0131nlardan ise b\u00fcy\u00fck alk\u0131\u015f toplad\u0131. \u0130zlemek isterseniz, reklam filmine <a href=\"https:\/\/mediacat.com\/cannes-lions-katilimcilarina-cinsel-taciz-uyarisi\/\" rel=\"nofollow\">buradan<\/a> ula\u015fabilirsiniz.<\/p>\r\n\r\n\r\n\r\n<h2>Walkman 40 Ya\u015f\u0131nda!<\/h2>\r\n\r\n\r\n\r\n<figure class=\"wp-block-image\"><img width=\"1000\" height=\"667\" class=\"wp-image-5742\" src=\"https:\/\/egegen.com\/blog\/wp-content\/uploads\/2019\/07\/gorsel-3-walkman.jpg\" alt=\"\" \/><\/figure>\r\n\r\n\r\n\r\n<p><strong><br \/><\/strong>Bundan tam 40 y\u0131l \u00f6nce, 1979 y\u0131l\u0131nda <strong>Sony<\/strong>, t\u00fcm d\u00fcnyaya ilk <strong>Walkman<\/strong>\u2019i tan\u0131tt\u0131. Bir d\u00f6neme tan\u0131kl\u0131k eden, m\u00fczik dinleme al\u0131\u015fkanl\u0131klar\u0131m\u0131z\u0131 de\u011fi\u015ftiren ve bu teknolojiyle dev sekt\u00f6rler yaratan Walkman\u2019i bug\u00fcn kullanmasakta, bize b\u0131rakt\u0131\u011f\u0131 hat\u0131ralar\u0131 ve o d\u00f6nemleri \u00f6zlemle hat\u0131rl\u0131yoruz.\u00a0<\/p>\r\n\r\n\r\n\r\n<p>Kar\u0131\u015f\u0131k kaset dolduran herkesin duygular\u0131m\u0131za terc\u00fcman olaca\u011f\u0131na eminiz. G\u00fcn\u00fcm\u00fcz teknolojileriyle d\u00fcnyadaki m\u00fczi\u011fi cebimizde ta\u015f\u0131yabildi\u011fimiz bug\u00fcnlerde <strong>Walkman<\/strong>\u2019in heyecan\u0131n\u0131n\u0131 ilk g\u00fcnki gibi ya\u015fayanlar i\u00e7in <strong>Sony<\/strong>\u2019nin 40. Y\u0131l\u0131na \u00f6zel \u00e7\u0131kard\u0131\u011f\u0131 videoyu <a href=\"https:\/\/www.youtube.com\/watch?time_continue=54&amp;v=YH2T94XWqck\">buraya<\/a> b\u0131rak\u0131yoruz.\u00a0<\/p>\r\n\r\n\r\n\r\n<h2>Bye Bye Camera ile Sevmedi\u011finiz \u0130nsanlar\u0131 Foto\u011fraftan \u00c7\u0131kar\u0131n<\/h2>\r\n\r\n\r\n\r\n<figure class=\"wp-block-image\"><img width=\"1024\" height=\"683\" class=\"wp-image-5757\" src=\"https:\/\/egegen.com\/blog\/wp-content\/uploads\/2019\/07\/bye_bye_camera_demo-1-1024x683.jpg\" alt=\"\" \/><\/figure>\r\n\r\n\r\n\r\n<p><strong><br \/><\/strong>Haberi esprili bir \u015fekilde ba\u015flatsak ta, asl\u0131nda <strong>Bye Bye Camera<\/strong> foto\u011fraftan yapay zeka sayesinde insan silebildi\u011finiz ve Do Something Good taraf\u0131ndan geli\u015ftirilen \u00fccretli bir \u0130OS uygulamas\u0131.\u00a0 Diyelim ki, \u015fahane bir manzara foto\u011fraf\u0131 \u00e7ektiniz ancak kadraja giren ve tan\u0131mad\u0131\u011f\u0131n\u0131z bir ki\u015fi de foto\u011frafta yer al\u0131yor. S\u0131k s\u0131k kar\u015f\u0131la\u015f\u0131lan bu sevimsiz durumda \u00e7\u00f6z\u00fcm olarak kar\u015f\u0131m\u0131za <strong>Bye Bye Camera<\/strong> \u00e7\u0131k\u0131yor.<\/p>\r\n\r\n\r\n\r\n<figure class=\"wp-block-image\"><img width=\"1024\" height=\"521\" class=\"wp-image-5758\" style=\"width: 100%; margin-left: auto; margin-right: auto; max-width: 450px;\" src=\"https:\/\/egegen.com\/blog\/wp-content\/uploads\/2019\/07\/bye_bye_camera_demo-2-1024x521.jpg\" alt=\"\" \/><\/figure>\r\n\r\n\r\n\r\n<p>Uygulamay\u0131 indirerek foto\u011frafta olmas\u0131n\u0131 istemedi\u011finiz insanlar\u0131, profesyonelce foto\u011fraftan \u00e7\u0131kartabilirsiniz.\u00a0 Bu uygulaman\u0131n birbirinden komik foto\u011fraflara ve e\u011flenceli payla\u015f\u0131mlara imza ataca\u011f\u0131na eminiz.<\/p>\r\n\r\n\r\n\r\n<h2>Netflix\u2019e Titre\u015fim \u00d6zelli\u011fi<\/h2>\r\n\r\n\r\n\r\n<figure class=\"wp-block-image\"><img width=\"1000\" height=\"667\" class=\"wp-image-5744\" src=\"https:\/\/egegen.com\/blog\/wp-content\/uploads\/2019\/07\/gorsel-6-netflix.jpg\" alt=\"\" \/><\/figure>\r\n\r\n\r\n\r\n<p><strong><br \/><\/strong>Dijital yay\u0131nc\u0131l\u0131k platformu <strong>Netflix<\/strong>, telefonlar\u0131n titremesine neden olacak bir \u00f6zelli\u011fi mobil uygulamas\u0131nda kullanmay\u0131 d\u00fc\u015f\u00fcn\u00fcyor. \u015e\u00f6yle ki, art\u0131k Netflix\u2019te bir film veya dizi izlerken hareketli sahnelerde telefonunuz titre\u015fime girecek. Hen\u00fcz tamamen kesinle\u015ftirilmi\u015f olmasa da k\u0131sa bir s\u00fcre sonra <strong>Netflix<\/strong> \u00fczerinden dizi izlerken \u00e7arpma sahnesinden birden telefonunuzun titredi\u011fine \u015fahit olabilirsiniz.\u00a0\u00a0\u00a0<\/p>\r\n\r\n\r\n\r\n<p>Asl\u0131nda bu \u00f6zellikle gamerlar\u0131n a\u015fina oldu\u011fu bir durum. Uzun bir s\u00fcredir oyun konsollar\u0131n\u0131n da oyun i\u00e7indeki sahneye g\u00f6re titre\u015fimde bulunabildi\u011fini g\u00f6rd\u00fck. \u015eimdi ise ayn\u0131 deneyimi Netflix arac\u0131l\u0131\u011f\u0131yla ya\u015fayacak olabiliriz. Kendisini \u00f6zellikle <strong>interaktif <\/strong>alanlarda geli\u015ftirmeye \u00e7al\u0131\u015fan <strong>Netflix<\/strong>\u2019in \u00f6n\u00fcm\u00fczdeki g\u00fcnlerde bizlere neler sunabilece\u011fini merakla bekliyoruz.<\/p>\r\n\r\n\r\n\r\n<h2>IKEA \u00dcr\u00fcnleri Pop\u00fcler Dizilerin Dekorasyonlar\u0131nda!<\/h2>\r\n\r\n\r\n\r\n<figure class=\"wp-block-image\"><img width=\"700\" height=\"368\" class=\"wp-image-5754\" src=\"https:\/\/egegen.com\/blog\/wp-content\/uploads\/2019\/07\/ikea-reklam\u0131-kapak.jpg\" alt=\"\" \/><\/figure>\r\n\r\n\r\n\r\n<p><strong><br \/><\/strong>\u0130zledi\u011finiz ve takip etti\u011finiz dizilerde yer alan karakterler ve mekanlar \u00f6zellikle sezon say\u0131lar\u0131 \u00e7o\u011fald\u0131k\u00e7a sanki yak\u0131n\u0131n\u0131zdaym\u0131\u015f gibi hissettiriyor mu? Bu bir dizinin karakterini anlamak ve dizinin \u00e7ekildi\u011fi mekan\u0131 tan\u0131mak gibi bir his yarat\u0131yor olabilir. Hatta dizinin \u00e7ekildi\u011fi evler size kendi evinizden yak\u0131n hissettirebilir.<\/p>\r\n\r\n\r\n\r\n<figure class=\"wp-block-image\"><img width=\"660\" height=\"371\" class=\"wp-image-5755\" src=\"https:\/\/egegen.com\/blog\/wp-content\/uploads\/2019\/07\/ikea-reklam-2.jpg\" alt=\"\" \/><\/figure>\r\n\r\n\r\n\r\n<p><strong>IKEA Birle\u015fik Arap Emirlikleri<\/strong> bu hissi yakalam\u0131\u015f olacak ki, <strong>Friends<\/strong>, <strong>Stranger Things<\/strong> ve <strong>Simpson<\/strong> dizilerinin odalar\u0131na IKEA \u00fcr\u00fcnlerini yerle\u015ftirmi\u015f. Bu yerle\u015fim \u00fczerinden sevdi\u011finiz veya a\u015fina oldu\u011funuz dizilerin mekanlar\u0131nda IKEA \u00fcr\u00fcnlerini fiyatlar\u0131yla beraber g\u00f6rebiliyorsunuz.<\/p>\r\n\r\n\r\n\r\n<h2>Instagram Direct Etkile\u015fimini Art\u0131rabilecek mi?<\/h2>\r\n\r\n\r\n\r\n<figure class=\"wp-block-image\"><img width=\"1000\" height=\"667\" class=\"wp-image-5746\" src=\"https:\/\/egegen.com\/blog\/wp-content\/uploads\/2019\/07\/gorsel-8-instagram.jpg\" alt=\"\" \/><\/figure>\r\n\r\n\r\n\r\n<p><strong><br \/><\/strong>Takip\u00e7i etkile\u015fimini olduk\u00e7a \u00f6nemseyen ve Instagram kullan\u0131c\u0131lar\u0131n\u0131n birbiri aras\u0131ndaki ileti\u015fimi uygulama \u00fczerinden art\u0131rmak isteyen <strong>Instagram<\/strong>, grup Sohbet \u00e7\u0131karmalar\u0131yla takip\u00e7ilerini davet ederek <strong>Direct<\/strong> uygulamas\u0131ndaki etkile\u015fimi art\u0131rmay\u0131 planl\u0131yor. <strong>Instagram Sohbet<\/strong> \u00e7\u0131karmas\u0131n\u0131 hikayenize ekleyerek, payla\u015ft\u0131\u011f\u0131n\u0131z foto\u011fraf veya video \u00fczerinden yaln\u0131zca ileti\u015fimi ge\u00e7mek istedi\u011finiz ki\u015filerle ortak bir sohbet ba\u015flatabileceksiniz.<\/p>\r\n\r\n\r\n\r\n<p>Sohbet \u00e7\u0131kartmas\u0131 \u015fu \u015fekilde uygulanacak; \u00e7\u0131kartmay\u0131 hikayenize ekledikten sonra bu konu hakk\u0131nda ileti\u015fime girmek isteyen takip\u00e7ileriniz \u00e7\u0131kartmaya t\u0131klayarak sizden eri\u015fim isteyecek, e\u011fer onaylarsan\u0131z sohbete dahil olabilecek. \u00d6zellikle bloggerlar\u0131n bu \u00f6zelli\u011fi hakk\u0131n\u0131 vererek kullanaca\u011f\u0131n\u0131 d\u00fc\u015f\u00fcn\u00fcyoruz.<\/p>\r\n\r\n\r\n\r\n<h2>Alfemo Franchise Web Sitesi Yay\u0131nda!<\/h2>\r\n\r\n\r\n\r\n<figure class=\"wp-block-image\"><img width=\"1024\" height=\"380\" class=\"wp-image-5747\" src=\"https:\/\/egegen.com\/blog\/wp-content\/uploads\/2019\/07\/gorsel-9-alfemo-1024x380.png\" alt=\"\" \/><\/figure>\r\n\r\n\r\n\r\n<p><strong><br \/>Alfemo<\/strong> i\u00e7in haz\u0131rlad\u0131\u011f\u0131m\u0131z yepyeni bir siteyi daha yay\u0131na ald\u0131k. Alfemo Franchise sisteminin daha \u00f6n plana \u00e7\u0131karacak olan Alfemo Frachise web sitesi de e\u015f zamanl\u0131 olarak yeniledik. \u015eimdi Alfemo bayisi olmak ve d\u00fcnyaya a\u00e7\u0131lmak \u00e7ok kolay\u2026<\/p>\r\n","protected":false},"excerpt":{"rendered":"<p>Dijital pazarlama d\u00fcnyas\u0131ndaki son yenilikler, sosyal medyadan haberler, dijital reklamc\u0131l\u0131\u011f\u0131n en iyi \u00f6rnekleri ve bizden haberler\u2026 egegen Trend Raporu\u2019nun 21\u2019nci say\u0131s\u0131 \u00e7\u0131kt\u0131! Youtube AR Reklamlara Y\u00f6neliyor\u2026 Facebook ve Snapchat\u2019ten sonra Youtube\u2019da AR reklam modellerini test etmeye haz\u0131rlan\u0131yor. AR reklam modelini ilk olarak deneyen marka ise, kozmetik a\u011f\u0131nda g\u00fc\u00e7l\u00fc bir isim olan MAC Cosmetics. \u201cVirtual Try &hellip;<\/p>\n","protected":false},"author":20,"featured_media":5750,"comment_status":"open","ping_status":"open","sticky":false,"template":"","format":"standard","meta":[],"categories":[188],"tags":[],"_links":{"self":[{"href":"https:\/\/egegen.com\/blog\/wp-json\/wp\/v2\/posts\/5739"}],"collection":[{"href":"https:\/\/egegen.com\/blog\/wp-json\/wp\/v2\/posts"}],"about":[{"href":"https:\/\/egegen.com\/blog\/wp-json\/wp\/v2\/types\/post"}],"author":[{"embeddable":true,"href":"https:\/\/egegen.com\/blog\/wp-json\/wp\/v2\/users\/20"}],"replies":[{"embeddable":true,"href":"https:\/\/egegen.com\/blog\/wp-json\/wp\/v2\/comments?post=5739"}],"version-history":[{"count":2,"href":"https:\/\/egegen.com\/blog\/wp-json\/wp\/v2\/posts\/5739\/revisions"}],"predecessor-version":[{"id":8915,"href":"https:\/\/egegen.com\/blog\/wp-json\/wp\/v2\/posts\/5739\/revisions\/8915"}],"wp:featuredmedia":[{"embeddable":true,"href":"https:\/\/egegen.com\/blog\/wp-json\/wp\/v2\/media\/5750"}],"wp:attachment":[{"href":"https:\/\/egegen.com\/blog\/wp-json\/wp\/v2\/media?parent=5739"}],"wp:term":[{"taxonomy":"category","embeddable":true,"href":"https:\/\/egegen.com\/blog\/wp-json\/wp\/v2\/categories?post=5739"},{"taxonomy":"post_tag","embeddable":true,"href":"https:\/\/egegen.com\/blog\/wp-json\/wp\/v2\/tags?post=5739"}],"curies":[{"name":"wp","href":"https:\/\/api.w.org\/{rel}","templated":true}]}}