{"id":5736,"date":"2019-06-28T10:27:46","date_gmt":"2019-06-28T07:27:46","guid":{"rendered":"https:\/\/egegen.com\/blog\/?p=5736"},"modified":"2022-08-24T18:18:13","modified_gmt":"2022-08-24T15:18:13","slug":"ios-13-public-beta-nasil-yuklenir","status":"publish","type":"post","link":"https:\/\/egegen.com\/blog\/ios-13-public-beta-nasil-yuklenir\/","title":{"rendered":"iOS 13 Public Beta nas\u0131l y\u00fcklenir?"},"content":{"rendered":"\n<p>Tan\u0131t\u0131lmas\u0131n\u0131n ard\u0131ndan geli\u015ftiriciler i\u00e7in beta s\u00fcrecine ba\u015flayan <strong>iOS 13 Public Beta<\/strong> olarak kullan\u0131ma sunuldu.<br><\/p>\n\n\n\n<p><strong>Apple<\/strong> kullan\u0131c\u0131lar\u0131, olduk\u00e7a kolay bir \u015fekilde iOS 13 Public Beta&#8217;y\u0131\ny\u00fckleyerek kullanabilecekler. Public Beta s\u00fcrecine ba\u015flayan <strong>iOS 13<\/strong> i\u015fletim sisteminin \u00f6n\u00fcm\u00fczdeki\nEyl\u00fcl ay\u0131nda sunulaca\u011f\u0131n\u0131 da gelen dedikodular aras\u0131nda\u2026<\/p>\n\n\n\n<p><strong>iOS 13\nPublic Beta&#8217;y\u0131 y\u00fcklemek olduk\u00e7a kolay, Nas\u0131l m\u0131?<\/strong><\/p>\n\n\n\n<p>iPhone&#8217;nuzda bulunan <strong>Safari<\/strong> internet taray\u0131c\u0131s\u0131ndan <a href=\"https:\/\/beta.apple.com\/sp\/betaprogram\/\" rel=\"nofollow\"><strong>Apple Beta Software Program<\/strong><\/a>&#8216;\u0131n\u0131n web sitesine girmeniz gerekiyor. Web sitesine girdikten sonra Apple ID&#8217;niz ile kay\u0131t olman\u0131z veya eski \u00fcyeli\u011finiz ile giri\u015f yapman\u0131z gerekmektedir\u2026 <\/p>\n\n\n\n<p><strong>iOS\n13&#8217;\u00fcn hala beta s\u00fcrecinde oldu\u011funu belirtmekte fayda var&#8230;<\/strong><\/p>\n\n\n\n<p>&nbsp;Bu\nnedenle pek \u00e7ok hata ile kar\u015f\u0131 kar\u015f\u0131ya gelebilirsiniz. \u00d6nceden uyarmakta fayda\nvar\u2026<\/p>\n\n\n\n<p>Bu sebeple y\u00fckleme i\u015flemine ba\u015flamadan \u00f6nce\nyedek alman\u0131z\u0131 \u00f6nemle tavsiye ederiz. Y\u00fcklemeye ba\u015flamak i\u00e7in \u00f6ncelikle iOS\nsekmesinin alt\u0131nda yer alan \u201c<strong>Enroll Your\nDevices\u201d<\/strong> yaz\u0131s\u0131na t\u0131klay\u0131n\u0131z.<\/p>\n\n\n\n<p>Kar\u015f\u0131n\u0131za <strong>&#8220;Install\nProfile&#8221;<\/strong> k\u0131sm\u0131 \u00e7\u0131kacak. Buradan ise \u201c<strong>Download Profile\u201d<\/strong> yaz\u0131s\u0131na t\u0131klaman\u0131z yeterli. Y\u00fckleme\ntamamland\u0131ktan sonra ise iPhone&#8217;nuzda yeni bir profil bulundu\u011funu s\u00f6yleyen bir\nbildirim kar\u015f\u0131n\u0131za \u00e7\u0131kacak. Gerekli izni verdi\u011finizde ise profil y\u00fcklenmeye\nba\u015flayacak.<\/p>\n\n\n\n<p>Profilin y\u00fcklenmesinin ard\u0131ndan tek yapman\u0131z\ngereken ise A<em>yarlar&gt; Genel&gt; Yaz\u0131l\u0131m\nG\u00fcncellemesi <\/em>ad\u0131mlar\u0131n\u0131 takip etmek. <strong>iOS\n13 Public Beta<\/strong> y\u00fcklenmeye haz\u0131r bir \u015fekilde Yaz\u0131l\u0131m G\u00fcncellemesi k\u0131sm\u0131nda\nyer alacak. <\/p>\n\n\n\n<p><strong>iOS 13\nPublic Beta hangi iPhone modellerine y\u00fcklenebiliyor?<\/strong><\/p>\n\n\n\n<ul><li>iPhone XS<\/li><li>iPhone XS Max<\/li><li>iPhone XR<\/li><li>iPhone X<\/li><li>iPhone 8<\/li><li>iPhone 8 Plus<\/li><li>iPhone 7<\/li><li>iPhone 7 Plus<\/li><li>iPhone 6s<\/li><li>iPhone 6s Plus<\/li><li>iPhone SE<\/li><li>iPod touch (7th generation)<\/li><\/ul>\n","protected":false},"excerpt":{"rendered":"<p>Tan\u0131t\u0131lmas\u0131n\u0131n ard\u0131ndan geli\u015ftiriciler i\u00e7in beta s\u00fcrecine ba\u015flayan iOS 13 Public Beta olarak kullan\u0131ma sunuldu. Apple kullan\u0131c\u0131lar\u0131, olduk\u00e7a kolay bir \u015fekilde iOS 13 Public Beta&#8217;y\u0131 y\u00fckleyerek kullanabilecekler. Public Beta s\u00fcrecine ba\u015flayan iOS 13 i\u015fletim sisteminin \u00f6n\u00fcm\u00fczdeki Eyl\u00fcl ay\u0131nda sunulaca\u011f\u0131n\u0131 da gelen dedikodular aras\u0131nda\u2026 iOS 13 Public Beta&#8217;y\u0131 y\u00fcklemek olduk\u00e7a kolay, Nas\u0131l m\u0131? iPhone&#8217;nuzda bulunan Safari internet &hellip;<\/p>\n","protected":false},"author":1,"featured_media":5737,"comment_status":"open","ping_status":"open","sticky":false,"template":"","format":"standard","meta":[],"categories":[184],"tags":[],"_links":{"self":[{"href":"https:\/\/egegen.com\/blog\/wp-json\/wp\/v2\/posts\/5736"}],"collection":[{"href":"https:\/\/egegen.com\/blog\/wp-json\/wp\/v2\/posts"}],"about":[{"href":"https:\/\/egegen.com\/blog\/wp-json\/wp\/v2\/types\/post"}],"author":[{"embeddable":true,"href":"https:\/\/egegen.com\/blog\/wp-json\/wp\/v2\/users\/1"}],"replies":[{"embeddable":true,"href":"https:\/\/egegen.com\/blog\/wp-json\/wp\/v2\/comments?post=5736"}],"version-history":[{"count":0,"href":"https:\/\/egegen.com\/blog\/wp-json\/wp\/v2\/posts\/5736\/revisions"}],"wp:featuredmedia":[{"embeddable":true,"href":"https:\/\/egegen.com\/blog\/wp-json\/wp\/v2\/media\/5737"}],"wp:attachment":[{"href":"https:\/\/egegen.com\/blog\/wp-json\/wp\/v2\/media?parent=5736"}],"wp:term":[{"taxonomy":"category","embeddable":true,"href":"https:\/\/egegen.com\/blog\/wp-json\/wp\/v2\/categories?post=5736"},{"taxonomy":"post_tag","embeddable":true,"href":"https:\/\/egegen.com\/blog\/wp-json\/wp\/v2\/tags?post=5736"}],"curies":[{"name":"wp","href":"https:\/\/api.w.org\/{rel}","templated":true}]}}