{"id":5578,"date":"2019-03-26T16:54:32","date_gmt":"2019-03-26T13:54:32","guid":{"rendered":"https:\/\/egegen.com\/blog\/?p=5578"},"modified":"2022-08-24T18:18:16","modified_gmt":"2022-08-24T15:18:16","slug":"instagram-alisveris-ozelligini-odeme-yontemi-ile-gelistiriyor","status":"publish","type":"post","link":"https:\/\/egegen.com\/blog\/instagram-alisveris-ozelligini-odeme-yontemi-ile-gelistiriyor\/","title":{"rendered":"Instagram Al\u0131\u015fveri\u015f \u00d6zelli\u011fini \u00d6deme Y\u00f6ntemi ile Geli\u015ftiriyor."},"content":{"rendered":"\n<p>Foto\u011fraf ve video\npayla\u015fma platformu olan <strong>Instagram<\/strong>\u2019da\nmarkalar\u0131n g\u00f6nderileri, hikayeleri ve ke\u015ffet i\u00e7eriklerinde g\u00f6nderinin \u00fcr\u00fcn\netiketine bas\u0131p a\u00e7t\u0131\u011f\u0131m\u0131zda \u201cWeb Sitesinde G\u00f6r\u00fcnt\u00fcle\u201d butonu yerine uygulama\n\u00fczerinden \u00f6deme sa\u011flayacak <strong>\u201cInstagram ile \u00f6deme yap\u201d<\/strong> d\u00fc\u011fmesini geli\u015ftirerek, baz\u0131 markalar i\u00e7in\ntest ama\u00e7l\u0131 kullan\u0131ma a\u00e7t\u0131. <strong><\/strong><\/p>\n\n\n\n<p>Uygulama \u00fczerinden\n\u00e7\u0131kmadan al\u0131\u015fveri\u015fi ger\u00e7ekle\u015ftirmeyi ama\u00e7layan Instagram, \u0130lk olarak <strong>ABD\u2019deki\nkullan\u0131c\u0131lara \u00f6zel<\/strong> olarak ba\u015flatt\u0131\u011f\u0131 deneme yay\u0131n\u0131nda;&nbsp;<strong>Adidas,\nHuda Beauty, Kylie Cosmetics, Zara ve Nike<\/strong>&nbsp;gibi olduk\u00e7a\npop\u00fcler 20\u2019ye yak\u0131n markaya bu hizmeti sundu. Yer alan markalar\u0131n Instagram\nhesaplar\u0131na bakt\u0131\u011f\u0131m\u0131zda genel olarak g\u00f6zlemlenen, takip\u00e7ilerinin olduk\u00e7a fazla\nolmas\u0131 diyebiliriz. <strong>Instagram<\/strong>\nb\u00f6ylece se\u00e7ti\u011fi markalar noktas\u0131nda stratejik ilerleyerek deneme a\u011f\u0131n\u0131 olduk\u00e7a\ngeni\u015f tutmu\u015f oldu. <\/p>\n\n\n\n<p>Getirmeyi\nhedefledi\u011fi sistemde,&nbsp;kullan\u0131c\u0131lara olduk\u00e7a kolayl\u0131k sa\u011flamak i\u00e7in,\nuygulamadan ayr\u0131lmadan <strong>\u00f6deme yapma ve\nsipari\u015f verme<\/strong> imk\u00e2n\u0131 sa\u011flayacak olan Instagram, bu yeni geli\u015fme konusunda\n\u00f6demelerden komisyon alaca\u011f\u0131n\u0131 da belirti. Instagram yapt\u0131\u011f\u0131 a\u00e7\u0131klama\ndo\u011frultusunda, alacak oldu\u011fu komisyon \u00fccretini kullan\u0131c\u0131lardan hizmet bedeli\nalmak yerine, sat\u0131n almadaki d\u00f6n\u00fc\u015f\u00fcm oranlar\u0131 kar\u015f\u0131l\u0131\u011f\u0131nda markalardan tahsil\nedilece\u011fini tahmin ediyoruz.<\/p>\n\n\n\n<p><strong>Bir\u00e7ok kolayl\u0131k sa\u011flayan bu yeni\n\u00f6zellikle, isteyen kullan\u0131c\u0131lar \u00f6deme bilgilerini <\/strong><strong>Instagram hesaplar\u0131na<\/strong><strong> ekleyerek tek tu\u015fla \u00f6deme yapma imkan\u0131na da\nkavu\u015fuyorlar.&nbsp; Ancak bu noktada\nkaydedilen<\/strong><strong> <\/strong>\u00f6deme bilgilerinin\nilerleyen d\u00f6nemde de kullan\u0131lmak \u00fczere depoland\u0131\u011f\u0131n\u0131 belirtmeden\nge\u00e7meyelim.&nbsp; <\/p>\n\n\n\n<p>Bunlarla\nbirlikte<strong> <\/strong><strong>yeni \u00f6zellik kapsam\u0131nda <\/strong>kullan\u0131c\u0131lar, Instagram\u2019da\nbir \u00fcr\u00fcn sat\u0131n ald\u0131ktan sonra yeni gelecek olan <strong>\u201cSipari\u015fler<\/strong>\u201d sekmesinden t\u00fcm teslimat s\u00fcrecini takip edebilecek. Bu\nsekme i\u00e7erisinde iptal etme se\u00e7enekleri ve sat\u0131c\u0131n\u0131n ileti\u015fim bilgileri de\nbar\u0131nd\u0131racak. Ayr\u0131ca \u00fcr\u00fcn\u00fcn teslimat s\u00fcreci ba\u015flad\u0131\u011f\u0131nda ise \u0130nstagram,\nkullan\u0131c\u0131lara bildirim g\u00f6nderiyor olacak. <\/p>\n\n\n\n<p>Ara\u015ft\u0131rmalar\nkapsam\u0131nda, <strong>Instagram \u00fczerinde al\u0131\u015fveri\u015f<\/strong>\nger\u00e7ekle\u015ftirilmemesi ve sat\u0131n alma i\u015flemi i\u00e7in web siteye y\u00f6nlendirilme\nse\u00e7ene\u011fi sonucunda, kullan\u0131c\u0131lar\u0131n \u00fcr\u00fcn\u00fc sat\u0131n almadan \u00f6nce izledi\u011fi ad\u0131mlarda\nciddi bir azalma oldu\u011fu belirtilmekteydi. E\u011fer bu yeni s\u00fcr\u00fcmden beklenilen\netkili yakalan\u0131rsa hem marka i\u00e7in \u00f6nemli bir m\u00fc\u015fteri deneyimi sa\u011flanm\u0131\u015f olacak,\nhem de instagram reklam gelirleri ve sat\u0131\u015flar a\u00e7\u0131s\u0131ndan olduk\u00e7a verimli\nsonu\u00e7lar sa\u011flayacak.\n\nGenel olarak bak\u0131ld\u0131\u011f\u0131nda\nise bu yenilik <strong>Instagram reklamlar\u0131nda<\/strong> da art\u0131\u015f yaratarak bir foto\u011fraf uygulamas\u0131\nolacak hayat\u0131m\u0131za giren Instagram\u2019\u0131n gelecek d\u00f6nem i\u00e7inde bir <strong>e-ticaret sitesi<\/strong> olarak hayat\u0131m\u0131zda yer\nalaca\u011f\u0131n\u0131 tahmin ediyoruz. \n\n\n\n<\/p>\n","protected":false},"excerpt":{"rendered":"<p>Foto\u011fraf ve video payla\u015fma platformu olan Instagram\u2019da markalar\u0131n g\u00f6nderileri, hikayeleri ve ke\u015ffet i\u00e7eriklerinde g\u00f6nderinin \u00fcr\u00fcn etiketine bas\u0131p a\u00e7t\u0131\u011f\u0131m\u0131zda \u201cWeb Sitesinde G\u00f6r\u00fcnt\u00fcle\u201d butonu yerine uygulama \u00fczerinden \u00f6deme sa\u011flayacak \u201cInstagram ile \u00f6deme yap\u201d d\u00fc\u011fmesini geli\u015ftirerek, baz\u0131 markalar i\u00e7in test ama\u00e7l\u0131 kullan\u0131ma a\u00e7t\u0131. Uygulama \u00fczerinden \u00e7\u0131kmadan al\u0131\u015fveri\u015fi ger\u00e7ekle\u015ftirmeyi ama\u00e7layan Instagram, \u0130lk olarak ABD\u2019deki kullan\u0131c\u0131lara \u00f6zel olarak ba\u015flatt\u0131\u011f\u0131 deneme &hellip;<\/p>\n","protected":false},"author":1,"featured_media":5579,"comment_status":"open","ping_status":"open","sticky":false,"template":"","format":"standard","meta":[],"categories":[176],"tags":[],"_links":{"self":[{"href":"https:\/\/egegen.com\/blog\/wp-json\/wp\/v2\/posts\/5578"}],"collection":[{"href":"https:\/\/egegen.com\/blog\/wp-json\/wp\/v2\/posts"}],"about":[{"href":"https:\/\/egegen.com\/blog\/wp-json\/wp\/v2\/types\/post"}],"author":[{"embeddable":true,"href":"https:\/\/egegen.com\/blog\/wp-json\/wp\/v2\/users\/1"}],"replies":[{"embeddable":true,"href":"https:\/\/egegen.com\/blog\/wp-json\/wp\/v2\/comments?post=5578"}],"version-history":[{"count":0,"href":"https:\/\/egegen.com\/blog\/wp-json\/wp\/v2\/posts\/5578\/revisions"}],"wp:featuredmedia":[{"embeddable":true,"href":"https:\/\/egegen.com\/blog\/wp-json\/wp\/v2\/media\/5579"}],"wp:attachment":[{"href":"https:\/\/egegen.com\/blog\/wp-json\/wp\/v2\/media?parent=5578"}],"wp:term":[{"taxonomy":"category","embeddable":true,"href":"https:\/\/egegen.com\/blog\/wp-json\/wp\/v2\/categories?post=5578"},{"taxonomy":"post_tag","embeddable":true,"href":"https:\/\/egegen.com\/blog\/wp-json\/wp\/v2\/tags?post=5578"}],"curies":[{"name":"wp","href":"https:\/\/api.w.org\/{rel}","templated":true}]}}