{"id":5413,"date":"2019-02-06T16:38:40","date_gmt":"2019-02-06T13:38:40","guid":{"rendered":"https:\/\/egegen.com\/blog\/?p=5413"},"modified":"2022-08-24T18:13:53","modified_gmt":"2022-08-24T15:13:53","slug":"hos-geldin-fide","status":"publish","type":"post","link":"https:\/\/egegen.com\/blog\/hos-geldin-fide\/","title":{"rendered":"Ho\u015f Geldin Fide!"},"content":{"rendered":"\n<p>T\u00fcrkiye\u2019de kendi sekt\u00f6r\u00fcn\u00fcn lider markalar\u0131ndan <strong>Fide<\/strong>, yeni d\u00f6nemde t\u00fcm dijital i\u015flerini <strong>egegen<\/strong>\u2019e emanet etti! <\/p>\n\n\n\n<p>egegen olarak\nyepyeni markam\u0131z Fide i\u00e7in; <strong>sosyal medya\ny\u00f6netimi,<\/strong> <strong>web site yenileme, e-sat\u0131\u015f stratejileri<\/strong>, <strong>&nbsp;moderasyon s\u00fcre\u00e7leri, reklam y\u00f6netimi, online\nitibar y\u00f6netimi, dijital pazarlama, web sitesi <\/strong>gibit\u00fcm<strong> 360 derece entegre ileti\u015fim<\/strong>\ns\u00fcre\u00e7lerini y\u00f6netiyor olaca\u011f\u0131z.<\/p>\n\n\n\n<p>120.000 metrekareye yayg\u0131n modern bir tesise sahip olan <strong>Fide<\/strong>, \u00fclkenin d\u00f6rt bir yan\u0131na yay\u0131lan da\u011f\u0131t\u0131m a\u011f\u0131yla geni\u015f bir m\u00fc\u015fteri kitlesine ula\u015fmaktad\u0131r.<\/p>\n\n\n\n<p>Biz de yeni d\u00f6nemde dijital platformlardan <strong><a href=\"https:\/\/fideshop.fide.com.tr\/\" target=\"_blank\" rel=\"noreferrer noopener nofollow\">Fide<\/a><\/strong> ile birlikte g\u00fczel ve yarat\u0131c\u0131 i\u015fler \u00e7\u0131karmaya devam edece\u011fiz.<\/p>\n\n\n\n<p>Fide&#8217;yi takip etmeyi ihmal etmeyin; <a rel=\"noreferrer noopener\" aria-label=\"www.instagram.com\/fidekonserve\/ (yeni sekmede a\u00e7\u0131l\u0131r)\" href=\"https:\/\/www.instagram.com\/fidekonserve\/\" target=\"_blank\">www.instagram.com\/fidekonserve\/<\/a> :)<\/p>\n\n\n\n<p><a href=\"https:\/\/www.instagram.com\/p\/BtimNIBgJj6\/\" rel=\"nofollow\">https:\/\/www.instagram.com\/p\/BtimNIBgJj6\/<\/a><\/p>\n","protected":false},"excerpt":{"rendered":"<p>T\u00fcrkiye\u2019de kendi sekt\u00f6r\u00fcn\u00fcn lider markalar\u0131ndan Fide, yeni d\u00f6nemde t\u00fcm dijital i\u015flerini egegen\u2019e emanet etti! egegen olarak yepyeni markam\u0131z Fide i\u00e7in; sosyal medya y\u00f6netimi, web site yenileme, e-sat\u0131\u015f stratejileri, &nbsp;moderasyon s\u00fcre\u00e7leri, reklam y\u00f6netimi, online itibar y\u00f6netimi, dijital pazarlama, web sitesi gibit\u00fcm 360 derece entegre ileti\u015fim s\u00fcre\u00e7lerini y\u00f6netiyor olaca\u011f\u0131z. 120.000 metrekareye yayg\u0131n modern bir tesise sahip olan &hellip;<\/p>\n","protected":false},"author":1,"featured_media":5776,"comment_status":"open","ping_status":"open","sticky":false,"template":"","format":"standard","meta":[],"categories":[179],"tags":[],"_links":{"self":[{"href":"https:\/\/egegen.com\/blog\/wp-json\/wp\/v2\/posts\/5413"}],"collection":[{"href":"https:\/\/egegen.com\/blog\/wp-json\/wp\/v2\/posts"}],"about":[{"href":"https:\/\/egegen.com\/blog\/wp-json\/wp\/v2\/types\/post"}],"author":[{"embeddable":true,"href":"https:\/\/egegen.com\/blog\/wp-json\/wp\/v2\/users\/1"}],"replies":[{"embeddable":true,"href":"https:\/\/egegen.com\/blog\/wp-json\/wp\/v2\/comments?post=5413"}],"version-history":[{"count":0,"href":"https:\/\/egegen.com\/blog\/wp-json\/wp\/v2\/posts\/5413\/revisions"}],"wp:featuredmedia":[{"embeddable":true,"href":"https:\/\/egegen.com\/blog\/wp-json\/wp\/v2\/media\/5776"}],"wp:attachment":[{"href":"https:\/\/egegen.com\/blog\/wp-json\/wp\/v2\/media?parent=5413"}],"wp:term":[{"taxonomy":"category","embeddable":true,"href":"https:\/\/egegen.com\/blog\/wp-json\/wp\/v2\/categories?post=5413"},{"taxonomy":"post_tag","embeddable":true,"href":"https:\/\/egegen.com\/blog\/wp-json\/wp\/v2\/tags?post=5413"}],"curies":[{"name":"wp","href":"https:\/\/api.w.org\/{rel}","templated":true}]}}