{"id":5404,"date":"2019-02-04T16:16:31","date_gmt":"2019-02-04T13:16:31","guid":{"rendered":"https:\/\/egegen.com\/blog\/?p=5404"},"modified":"2022-08-24T18:13:54","modified_gmt":"2022-08-24T15:13:54","slug":"izmirin-sevimli-dostlari-egegen-kedi-evlerine-kavustu","status":"publish","type":"post","link":"https:\/\/egegen.com\/blog\/izmirin-sevimli-dostlari-egegen-kedi-evlerine-kavustu\/","title":{"rendered":"\u0130zmir\u2019in Sevimli Dostlar\u0131, egegen Kedi Evleri\u2019ne Kavu\u015ftu!"},"content":{"rendered":"\n<p><strong>egegen\nKedi Evleri<\/strong>, 2019 y\u0131l\u0131n\u0131n ilk g\u00fcnlerinde hayata\nge\u00e7irdi\u011fimiz, en sevimli <strong>sosyal\nsorumluluk<\/strong> projemizdir. <strong>egegen Kedi\nEvleri Projemiz<\/strong> ile so\u011fuk k\u0131\u015f g\u00fcnlerinde sokakta \u00fc\u015f\u00fcyen kediler i\u00e7in\ns\u0131cac\u0131k ve dayan\u0131kl\u0131 yuvalar tasarlad\u0131k ve ekibimizdeki herkesin elleriyle tek\ntek haz\u0131rlad\u0131\u011f\u0131 bu yuvalar\u0131 <strong>\u0130zmir<\/strong>\u2019in\n\u00e7e\u015fitli il\u00e7elerine da\u011f\u0131tt\u0131k.<\/p>\n\n\n\n<figure class=\"wp-block-image\"><img width=\"768\" height=\"1024\" src=\"https:\/\/egegen.com\/blog\/wp-content\/uploads\/2019\/02\/kedievlerihaz\u0131rl\u0131k-768x1024.jpg\" alt=\"\" class=\"wp-image-5405\"\/><\/figure>\n\n\n\n<p><strong>egegen\nKedi Evleri<\/strong>\u2019nin da\u011f\u0131t\u0131m\u0131nda sevimli dostlar\u0131m\u0131z\u0131n\ndola\u015f\u0131m\u0131n\u0131n fazla oldu\u011fu yerleri; park, bah\u00e7e ve insan dola\u015f\u0131m\u0131n\u0131n fazla oldu\u011fu\ntoplu ta\u015f\u0131ma alanlar\u0131n\u0131n birbirine ba\u011fland\u0131\u011f\u0131 b\u00f6lgeleri ve ara sokaklar\u0131 tercih\nettik. egegen Kedi Evlerini \u00f6nce ofisimizin bulundu\u011fu <strong>\u0130zmir Bornova<\/strong>\u2019ya ard\u0131ndan da\u011f\u0131t\u0131m\u0131nda tercih etti\u011fimiz di\u011fer\nb\u00f6lgelerdeki hayvanseverlerin de g\u00f6sterdi\u011fi ilgi ve sa\u011flad\u0131\u011f\u0131 katk\u0131lar <strong>ile Bal\u00e7ova, Bayrakl\u0131, Bostanl\u0131, Mavi\u015fehir,\nKar\u015f\u0131yaka ve Alsancak<\/strong>\u2019a yerle\u015ftirdik.&nbsp;\n<\/p>\n\n\n\n<p><strong>egegen Kedi Evlerini g\u00f6ren sevimli dostlar\u0131m\u0131z, yeni yuvalar\u0131na h\u0131zl\u0131ca yerle\u015ferek, evlerini sahiplendiler bile<\/strong>!\ud83d\ude03<\/p>\n\n\n\n<figure class=\"wp-block-image\"><img width=\"1024\" height=\"768\" src=\"https:\/\/egegen.com\/blog\/wp-content\/uploads\/2019\/02\/WhatsApp-Image-2019-01-22-at-10.16.31-1024x768.jpeg\" alt=\"\" class=\"wp-image-5406\"\/><\/figure>\n\n\n\n<figure class=\"wp-block-image\"><img width=\"1024\" height=\"768\" src=\"https:\/\/egegen.com\/blog\/wp-content\/uploads\/2019\/02\/WhatsApp-Image-2019-01-22-at-10.16.36-1024x768.jpeg\" alt=\"\" class=\"wp-image-5407\"\/><\/figure>\n\n\n\n<figure class=\"wp-block-image\"><img width=\"1024\" height=\"768\" src=\"https:\/\/egegen.com\/blog\/wp-content\/uploads\/2019\/02\/WhatsApp-Image-2019-01-22-at-10.16.34-1024x768.jpeg\" alt=\"\" class=\"wp-image-5408\"\/><\/figure>\n\n\n\n<p><strong>egegen<\/strong> ekibi olarak y\u00fcr\u00fctt\u00fc\u011f\u00fcm\u00fcz sosyal sorumluluk projemiz sayesinde, yeni y\u0131la harika ba\u015flaman\u0131n mutlulu\u011funu ya\u015f\u0131yoruz! <\/p>\n","protected":false},"excerpt":{"rendered":"<p>egegen Kedi Evleri, 2019 y\u0131l\u0131n\u0131n ilk g\u00fcnlerinde hayata ge\u00e7irdi\u011fimiz, en sevimli sosyal sorumluluk projemizdir. egegen Kedi Evleri Projemiz ile so\u011fuk k\u0131\u015f g\u00fcnlerinde sokakta \u00fc\u015f\u00fcyen kediler i\u00e7in s\u0131cac\u0131k ve dayan\u0131kl\u0131 yuvalar tasarlad\u0131k ve ekibimizdeki herkesin elleriyle tek tek haz\u0131rlad\u0131\u011f\u0131 bu yuvalar\u0131 \u0130zmir\u2019in \u00e7e\u015fitli il\u00e7elerine da\u011f\u0131tt\u0131k. egegen Kedi Evleri\u2019nin da\u011f\u0131t\u0131m\u0131nda sevimli dostlar\u0131m\u0131z\u0131n dola\u015f\u0131m\u0131n\u0131n fazla oldu\u011fu yerleri; park, &hellip;<\/p>\n","protected":false},"author":1,"featured_media":5409,"comment_status":"open","ping_status":"open","sticky":false,"template":"","format":"standard","meta":[],"categories":[179],"tags":[],"_links":{"self":[{"href":"https:\/\/egegen.com\/blog\/wp-json\/wp\/v2\/posts\/5404"}],"collection":[{"href":"https:\/\/egegen.com\/blog\/wp-json\/wp\/v2\/posts"}],"about":[{"href":"https:\/\/egegen.com\/blog\/wp-json\/wp\/v2\/types\/post"}],"author":[{"embeddable":true,"href":"https:\/\/egegen.com\/blog\/wp-json\/wp\/v2\/users\/1"}],"replies":[{"embeddable":true,"href":"https:\/\/egegen.com\/blog\/wp-json\/wp\/v2\/comments?post=5404"}],"version-history":[{"count":0,"href":"https:\/\/egegen.com\/blog\/wp-json\/wp\/v2\/posts\/5404\/revisions"}],"wp:featuredmedia":[{"embeddable":true,"href":"https:\/\/egegen.com\/blog\/wp-json\/wp\/v2\/media\/5409"}],"wp:attachment":[{"href":"https:\/\/egegen.com\/blog\/wp-json\/wp\/v2\/media?parent=5404"}],"wp:term":[{"taxonomy":"category","embeddable":true,"href":"https:\/\/egegen.com\/blog\/wp-json\/wp\/v2\/categories?post=5404"},{"taxonomy":"post_tag","embeddable":true,"href":"https:\/\/egegen.com\/blog\/wp-json\/wp\/v2\/tags?post=5404"}],"curies":[{"name":"wp","href":"https:\/\/api.w.org\/{rel}","templated":true}]}}