{"id":5197,"date":"2018-12-03T11:14:08","date_gmt":"2018-12-03T08:14:08","guid":{"rendered":"https:\/\/egegen.com\/blog\/?p=5197"},"modified":"2022-10-10T17:20:52","modified_gmt":"2022-10-10T14:20:52","slug":"egegen-trend-raporu-14-kasim-2018","status":"publish","type":"post","link":"https:\/\/egegen.com\/blog\/egegen-trend-raporu-14-kasim-2018\/","title":{"rendered":"egegen Trend Raporu &#8211; 14 \/ Kas\u0131m 2018"},"content":{"rendered":"<p>Dijital d\u00fcnyada ya\u015fananlar\u0131, sosyal medya platformlar\u0131ndaki yenilikleri, dijital reklamc\u0131l\u0131\u011f\u0131n etkileyici \u00f6rneklerini ve bizden haberleri bulabilece\u011finiz<strong>\u00a0egegen Trend Raporu<\/strong>\u00a0on d\u00f6rd\u00fcnc\u00fc say\u0131s\u0131yla kar\u015f\u0131n\u0131zday\u0131z. Keyifli okumalar dileriz!<\/p>\n<h2><strong>Samsung\u2019dan Katlanabilir Ak\u0131ll\u0131 Telefon!<\/strong><\/h2>\n<p><img class=\"alignnone wp-image-5198 size-full\" src=\"https:\/\/egegen.com\/blog\/wp-content\/uploads\/2018\/12\/1.jpg\" alt=\"\" width=\"696\" height=\"544\" \/><\/p>\n<p>Samsung\u2019un katlanabilir bir ak\u0131ll\u0131 telefon \u00e7\u0131karaca\u011f\u0131 uzun zamand\u0131r g\u00fcndemi oyal\u0131yordu. Y\u0131llar s\u00fcren haberlerden sonra\u00a0<strong>Samsung<\/strong>, katlanabilir modelini ilk kez kar\u015f\u0131m\u0131za \u00e7\u0131kard\u0131.<\/p>\n<p>D\u00fcn ger\u00e7ekle\u015ftirilen geli\u015ftirici konferans\u0131nda tan\u0131t\u0131lan katlanabilir ak\u0131ll\u0131 telefon, Samsung\u2019un\u00a0<strong>Infinity Flex Display<\/strong>\u00a0teknolojisini kullan\u0131yor.<\/p>\n<p>\u00dczerinde bir katlanabilir, bir normal olmak \u00fczere iki farkl\u0131 ekran bulunduran bu ak\u0131ll\u0131 telefonun, hen\u00fcz prototip a\u015famas\u0131nda oldu\u011funu s\u00f6ylemekte fayda var.<\/p>\n<p>, hen\u00fcz prototip a\u015famas\u0131nda oldu\u011funu s\u00f6ylemekte fayda var.<\/p>\n<p><img class=\"alignnone wp-image-5199 size-full\" src=\"https:\/\/egegen.com\/blog\/wp-content\/uploads\/2018\/12\/2.jpg\" alt=\"\" width=\"973\" height=\"350\" \/><\/p>\n<p>Sahnede\u00a0<strong>Infinity Flex Display<\/strong>\u00a0ve\u00a0<strong>katlanabilir ak\u0131ll\u0131 telefon<\/strong>\u00a0modeli ile ilgili bilgiler veren Samsung k\u0131demli ba\u015fkan yard\u0131mc\u0131s\u0131\u00a0<strong>Justin Denison<\/strong>, \u00f6n\u00fcm\u00fczdeki d\u00f6nemde Infinity Flex Display teknolojisinin seri \u00fcretimine ba\u015flayacaklar\u0131n\u0131 da payla\u015ft\u0131.<\/p>\n<p>Samsung\u2019un katlanabilir ak\u0131ll\u0131 modeli,\u00a0<strong>Android i\u015fletim sistemi\u00a0<\/strong>kullan\u0131yor ve\u00a0<strong>Google<\/strong>taraf\u0131ndan destekleniyor. Hen\u00fcz net bir tarih verilmemi\u015f olsa da 2019 y\u0131l\u0131nda tan\u0131t\u0131lmas\u0131 \u00f6ng\u00f6r\u00fcl\u00fcyor.<\/p>\n<p>Son olarak Samsung\u2019un haricinde\u00a0<strong>Huawei, Lenovo, Xiaomi\u00a0<\/strong>ve\u00a0<strong>LG<\/strong>\u00a0gibi ak\u0131ll\u0131 telefon pazar\u0131n\u0131n \u00f6nemli oyuncular\u0131n\u0131n da katlanabilir ak\u0131ll\u0131 telefon modelleri \u00fczerinde \u00e7al\u0131\u015ft\u0131klar\u0131 ger\u00e7e\u011fini hat\u0131rlatal\u0131m.<\/p>\n<hr \/>\n<h2><strong>Instagram\u2019dan al\u0131\u015fveri\u015f yapmay\u0131 kolayla\u015ft\u0131ran 3 yeni \u00f6zellik<\/strong><\/h2>\n<p>Sosyal medyan\u0131n en dikkat \u00e7eken ve pop\u00fcler platformu Instagram, de\u011fi\u015fen talepler do\u011frultusunda her ge\u00e7en g\u00fcn yenilenmeye devam ediyor.<\/p>\n<p>\u015eu s\u0131ralar al\u0131\u015fveri\u015f \u00f6zelli\u011fiyle g\u00fcndemde olan Instagram, \u00fcr\u00fcnleri alma ve satma \u00f6zelli\u011fine ek, 3 yeni \u00f6zellik daha a\u00e7\u0131klad\u0131.<\/p>\n<p>Bu g\u00fcncellemelerden ilki, \u00f6zel bir al\u0131\u015fveri\u015f b\u00f6l\u00fcm\u00fcnde, sat\u0131n almak isteyebilece\u011finiz \u00fcr\u00fcnlere ait ba\u011flant\u0131lar\u0131 \u00f6zel olarak kaydetmenize olanak tan\u0131yan yeni bir koleksiyon olarak kar\u015f\u0131m\u0131za \u00e7\u0131k\u0131yor.<\/p>\n<p><img class=\"alignnone wp-image-5201 size-full\" src=\"https:\/\/egegen.com\/blog\/wp-content\/uploads\/2018\/12\/4.png\" alt=\"\" width=\"627\" height=\"518\" \/><\/p>\n<p>\u0130kinci bir \u00f6zellik ise videolara eklenen\u00a0<strong>Shoppable<\/strong>\u00a0yani\u00a0<strong>\u201cAl\u0131\u015fveri\u015f yap\u0131labilir\u201d<\/strong>\u00a0anlam\u0131na gelen \u00fcr\u00fcn etiketleri. Bu da \u015firketlerin videolar\u0131nda g\u00f6r\u00fcnen baz\u0131 \u00fcr\u00fcnlere ba\u011flant\u0131 kurmas\u0131n\u0131 sa\u011fl\u0131yor. Bildi\u011finiz gibi bu \u00f6zellik uzun zamand\u0131r b\u00fcy\u00fck markalar\u0131n Instagram hesaplar\u0131 i\u00e7in kullan\u0131labiliyordu, art\u0131k t\u00fcm sat\u0131\u015f hesaplar\u0131n\u0131n kullan\u0131m\u0131na da a\u00e7\u0131lm\u0131\u015f durumda.<\/p>\n<p>Bir di\u011fer g\u00fcncelleme ise belirli \u00f6\u011feleri sat\u0131n almay\u0131 kolayla\u015ft\u0131ran yeniden tasarlanm\u0131\u015f bir\u00a0<strong>\u201cma\u011faza\u201d<\/strong>\u00a0b\u00f6l\u00fcm\u00fc oldu. Ad\u0131ndan da anla\u015f\u0131laca\u011f\u0131 \u00fczere Instagram\u2019\u0131n ma\u011faza b\u00f6l\u00fcm\u00fc, platformu bir nevi e-ticaret sitesine d\u00f6n\u00fc\u015ft\u00fcr\u00fcyor.<\/p>\n<hr \/>\n<h2><strong>D\u00fcnyay\u0131 3 metre karelik alanlara b\u00f6len adres bulma y\u00f6ntemi: What3Words<\/strong><\/h2>\n<p><img class=\"alignnone wp-image-5202 size-full\" src=\"https:\/\/egegen.com\/blog\/wp-content\/uploads\/2018\/12\/5.jpg\" alt=\"\" width=\"696\" height=\"392\" \/><\/p>\n<p>Teknoloji geli\u015fim g\u00f6sterdik\u00e7e konum servislerinin de geli\u015fimi h\u0131z kazanmaya devam ediyor. Birbirinden farkl\u0131 konum servisi \u00f6zellikle \u015fehir merkezlerinde olduk\u00e7a y\u00fcksek bir do\u011fruluk oran\u0131yla harita \u00fczerinde ula\u015fmak istedi\u011fimiz yeri bulmam\u0131za olanak tan\u0131yor.<\/p>\n<p><strong>What3Words<\/strong>\u00a0ad\u0131ndaki \u0130ngiliz giri\u015fim, konum servislerine yeni bir soluk getirmeye haz\u0131rlan\u0131yor. D\u00fcnyay\u0131\u00a0<strong>3 metre karelik<\/strong>\u00a0alanlara b\u00f6len bu giri\u015fim, her bir kareye 3 kelimeden olu\u015fan isimler vermi\u015f ve b\u00f6ylelikle konumunuzu sadece bu 3 kelimeyle payla\u015fabiliyorsunuz.<\/p>\n<p>Sadece 3 kelimeden olu\u015fan adresinizin bulunmama ihtimali yok denecek kadar az diyebiliriz.<\/p>\n<p>Sa\u011flad\u0131\u011f\u0131 API ile \u00f6zellikle e-ticaret \u015firketleri i\u00e7in de b\u00fcy\u00fck bir kolayl\u0131k sa\u011flayabilecek olan bu giri\u015fim uzun ve karma\u015f\u0131k adres giri\u015flerinden, y\u00f6nlendirici tariflerden kurtulmam\u0131z\u0131 sa\u011flayabilir. Hem kullan\u0131c\u0131lar hem de kargo sistemleri bu altyap\u0131 ile \u00e7ok daha rahat konum tespiti yapabilirler.<\/p>\n<p><iframe loading=\"lazy\" src=\"https:\/\/www.youtube.com\/embed\/JTy7C47I8w0\" width=\"560\" height=\"315\" frameborder=\"0\" allowfullscreen=\"allowfullscreen\"><\/iframe><\/p>\n<p>Bu uygulaman\u0131n kargo firmalar\u0131 i\u00e7in faydas\u0131 bir yana\u00a0<strong>otonom ara\u00e7lar<\/strong>\u00a0ve\u00a0<strong>drone teslimatlar<\/strong>\u00a0i\u00e7in de \u00f6nemi olduk\u00e7a b\u00fcy\u00fck. Bir drone ile yapaca\u011f\u0131n\u0131z teslimat\u0131 bu uygulama sayesinde d\u00fcnyan\u0131n herhangi bir noktas\u0131na neredeyse kusursuz teslim edebilirsiniz. Ayn\u0131 zamanda otonom bir taksi de sizi istedi\u011finiz noktadan al\u0131p tam olarak istedi\u011finiz noktaya ula\u015ft\u0131rabilir.<\/p>\n<p>Adresi olmayan yerlerin bile bu servis sayesinde net bir adrese sahip oldu\u011funu belirten\u00a0<strong>What3Words<\/strong>\u00a0<strong>CCO\u2019su Clare Jones<\/strong>, bug\u00fcne kadar\u00a0<strong>Mercedes-Benz, Sony, Intel\u00a0<\/strong>ve\u00a0<strong>Deutsche Bank<\/strong>\u00a0gibi \u015firketlerin kendilerine yat\u0131r\u0131m yapt\u0131klar\u0131n\u0131 belirtiyor.<\/p>\n<hr \/>\n<h2><strong>DIE WITH ME: \u015earj\u0131 bitenler kul\u00fcb\u00fc<\/strong><\/h2>\n<p><img class=\"alignnone wp-image-5203 size-full\" src=\"https:\/\/egegen.com\/blog\/wp-content\/uploads\/2018\/12\/6.jpg\" alt=\"\" width=\"660\" height=\"371\" \/><\/p>\n<p>iOS ve Android cihazlar i\u00e7in yay\u0131nlanan Die With Me, \u015farj\u0131 bitmek \u00fczere olan insanlar ve bu \u00f6l\u00fcm zaman\u0131n\u0131 birlikte ge\u00e7irmek isteyenler i\u00e7in kurulmu\u015f k\u00fcresel bir mesajla\u015fma odas\u0131.<\/p>\n<p>Dries Depoorter ve David Surprenant taraf\u0131ndan Ocak 2018\u2019de geli\u015ftirilen uygulama sadece telefonun \u015farj\u0131 %5\u2019in alt\u0131na indi\u011finde kullan\u0131labiliyor. Ve d\u00fcnyan\u0131n d\u00f6rt bir yan\u0131ndan ayn\u0131 durumda olan ki\u015filerle yaz\u0131\u015fman\u0131z\u0131 sa\u011fl\u0131yor.<\/p>\n<p>Uygulaman\u0131n marketlerde ald\u0131\u011f\u0131 yorumlar ise baz\u0131 iyile\u015ftirmelerin yap\u0131lmas\u0131 gerekti\u011finin sinyalini veriyor. Mesajla\u015fma odalar\u0131n\u0131n b\u00f6lgesel s\u0131n\u0131flama koymuyor olu\u015fu kaos ortam\u0131 yarat\u0131yor. Bu da zaten az kalan \u015farj\u0131n\u0131z\u0131n y\u00fczlerce insanla ayn\u0131 anda sadece bir g\u00fcr\u00fclt\u00fc i\u00e7erisinde ge\u00e7irmenize sebep oluyormu\u015f. Yabanc\u0131 dillerle ileti\u015fim kurmaya \u00e7al\u0131\u015fmak bir zorluk iken y\u00fczlerce ki\u015finin ayn\u0131 yerde olmas\u0131 g\u00fcr\u00fclt\u00fc olu\u015fturuyor.<\/p>\n<p><iframe loading=\"lazy\" src=\"https:\/\/player.vimeo.com\/video\/251322259\" width=\"640\" height=\"360\" frameborder=\"0\" allowfullscreen=\"allowfullscreen\"><\/iframe><\/p>\n<hr \/>\n<h2><strong>Motorola\u2019dan Kullan\u0131c\u0131lar\u0131na Telefon Tamir Kiti<\/strong><\/h2>\n<p><img class=\"alignnone wp-image-5204 size-full\" src=\"https:\/\/egegen.com\/blog\/wp-content\/uploads\/2018\/12\/7.jpg\" alt=\"\" width=\"1300\" height=\"680\" \/><\/p>\n<p>Ak\u0131ll\u0131 telefon \u00fcreticileri, insanlar\u0131 vaktinden \u00f6nce yeni telefon sat\u0131n almaya ikna etmek \u00e7ok\u00e7a b\u00fct\u00e7e ve mesai harc\u0131yor. Ayr\u0131ca etik a\u00e7\u0131dan hi\u00e7 de ho\u015f olmayan durumlar s\u00f6z konusu. \u00c7\u00fcnk\u00fc bunu yaparken y\u00fckseltme programlar\u0131 kullanmak, pili de\u011fi\u015ftirilemeyen telefon \u00fcretmek, yedek par\u00e7alar\u0131n bulunmas\u0131n\u0131 zor veya imkans\u0131z hale getirmek ve onar\u0131m hareketine kar\u015f\u0131 lobi yapmak gibi y\u00f6ntemler kullan\u0131yorlar. Hal b\u00f6yleyken Motorola ters k\u00f6\u015fe bir ad\u0131m at\u0131yor ve m\u00fc\u015fterilerinin kendi telefonlar\u0131n\u0131 tamir etmelerini kolayla\u015ft\u0131r\u0131yor. \u0130\u015f birli\u011fi yapt\u0131\u011f\u0131\u00a0<strong><a href=\"https:\/\/ifixit.org\/\" rel=\"nofollow\">iFixit<\/a><\/strong>, bir onar\u0131m k\u0131lavuzu platformu. Platform bir e\u015fyas\u0131n\u0131 onarmak isteyen isteyen insanlara bunu nas\u0131l yapacaklar\u0131n\u0131 \u00fccretsiz olarak g\u00f6steriyor.<\/p>\n<p><strong>Motorola<\/strong>\u2019n\u0131n kitleri; orijinal yedek par\u00e7alar, \u00e7e\u015fitli aletler ve cihaz\u0131n\u0131z\u0131 nas\u0131l d\u00fczeltece\u011finize dair talimatlardan olu\u015fuyor. T\u00fcm yeni modellerin yedek par\u00e7alar\u0131 sat\u0131\u015fa sunulacak. Moto X, Z, G4, G5 ve Droid Turbo 2 gibi modellerin tamir kitleri i\u00e7in iFixit ile anla\u015fm\u0131\u015f ve \u00e7oktan\u00a0<a href=\"https:\/\/www.ifixit.com\/Search?query=motorola%20fix%20kits&amp;doctype=products\" rel=\"nofollow\">sat\u0131\u015fa ba\u015flanm\u0131\u015f<\/a>.<\/p>\n<p><img class=\"alignnone wp-image-5205 size-full\" src=\"https:\/\/egegen.com\/blog\/wp-content\/uploads\/2018\/12\/8.png\" alt=\"\" width=\"524\" height=\"536\" \/><\/p>\n<hr \/>\n<h2><strong>Instagram\u2019\u0131n kullan\u0131c\u0131 odakl\u0131 yeni profil tasar\u0131m\u0131 yolda<\/strong><\/h2>\n<p><img class=\"alignnone wp-image-5206 size-full\" src=\"https:\/\/egegen.com\/blog\/wp-content\/uploads\/2018\/12\/9.png\" alt=\"\" width=\"1000\" height=\"750\" \/><\/p>\n<p><strong>Instagram<\/strong>\u2019\u0131n blog sayfas\u0131nda yay\u0131nlad\u0131\u011f\u0131 habere g\u00f6re, Instagram hesaplar\u0131m\u0131zda profil tasar\u0131mlar\u0131nda de\u011fi\u015fikli\u011fe gidilecek. A\u00e7\u0131klamaya g\u00f6re, bu s\u00fcre\u00e7te kullan\u0131c\u0131lar profilinin \u00fcst k\u0131sm\u0131nda yer alan ikonlar, d\u00fc\u011fmeler ve sekmeler aras\u0131 ge\u00e7i\u015f yapma \u015fekli de\u011fi\u015fime u\u011frayabilir. Bu noktada profilde yer alan foto\u011fraflar\u0131n Izgara g\u00f6r\u00fcn\u00fcm\u00fcn\u00fcn de\u011fi\u015fmeyece\u011fi g\u00f6r\u00fcl\u00fcyor.<\/p>\n<p>De\u011fi\u015fmesi beklenen profillerin g\u00f6r\u00fcn\u00fcm\u00fc, takip\u00e7i say\u0131lar\u0131ndan \u00e7ok kullan\u0131c\u0131 profillerini \u00f6ne \u00e7\u0131karacak. Takip\u00e7i say\u0131s\u0131 profilin \u00fcst k\u0131sm\u0131ndan kald\u0131r\u0131larak daha k\u00fc\u00e7\u00fck bir font ile kullan\u0131c\u0131 ad\u0131n\u0131n alt\u0131nda yer alacak.<\/p>\n<p>Bu ay sahte takip\u00e7ileri, yorumlar\u0131 ve be\u011fenileri platformdan kald\u0131raca\u011f\u0131n\u0131 duyurmas\u0131 ile ger\u00e7ekle\u015fen bu yeni geli\u015fme, \u015firketin \u00fc\u00e7\u00fcnc\u00fc partilerden sahte takip\u00e7i sat\u0131n alan kullan\u0131c\u0131lar\u0131n ilgisini ba\u015fka bir y\u00f6ne \u00e7ekmek istedi\u011fini g\u00f6steriyor.<\/p>\n<p><img class=\"alignnone wp-image-5207 size-full\" src=\"https:\/\/egegen.com\/blog\/wp-content\/uploads\/2018\/12\/10.png\" alt=\"\" width=\"1000\" height=\"750\" \/><\/p>\n<p>Yeni tasar\u0131m kapsam\u0131nda takip et ve mesaj g\u00f6nder d\u00fc\u011fmeleri yan yana duruyor. Bunun yan\u0131 s\u0131ra kullan\u0131c\u0131n\u0131n profilindeki takip edilenler sekmesi bast\u0131\u011f\u0131n\u0131zda ortak takip\u00e7ileri g\u00f6rebiliyorsunuz. Bu tasar\u0131m de\u011fi\u015fikli\u011fi i\u015fletme hesaplar\u0131na ise daha detayl\u0131 olarak yans\u0131yacak. \u0130\u015fletme hesaplar\u0131na Al\u0131\u015fveri\u015f Yap sekmesi eklenmesinin yan\u0131 s\u0131ra profilde Yol Tarifi, Ara ve Sipari\u015f Ver d\u00fc\u011fmelerine de yer verilecek.<\/p>\n<hr \/>\n<h2><strong>iPhone\u2019lar\u0131n \u00e7ok bilinmeyen muhte\u015fem klavye \u00f6zelli\u011fi<\/strong><\/h2>\n<p><img class=\"alignnone wp-image-5208 size-full\" src=\"https:\/\/egegen.com\/blog\/wp-content\/uploads\/2018\/12\/11.jpg\" alt=\"\" width=\"715\" height=\"455\" \/><\/p>\n<p><strong>3D Touch<\/strong> teknolojisi sayesinde iPhone modellerinin trackpad olarak kullan\u0131labilmesine al\u0131\u015fk\u0131n\u0131z. iOS 9 i\u015fletim sisteminden bu yana bu \u00f6zellik 3D Touch teknolojisine sahip olan iPhone modelleri taraf\u0131ndan kullan\u0131labiliyor. <strong>iOS 12<\/strong> sayesinde benzer bir \u00f6zellik t\u00fcm <strong>iPhone<\/strong> modellerine geldi.<\/p>\n<p>E\u011fer iPhone\u2019unuz ile uzun bir yaz\u0131 yaz\u0131yorsan\u0131z klavyede herhangi bir alana gitmek veya yanl\u0131\u015f yazd\u0131\u011f\u0131n\u0131z bir harfi de\u011fi\u015ftirmek bazen olduk\u00e7a zor olabiliyor.<\/p>\n<p>S\u00f6z konusu \u00f6zellik sayesinde sadece <strong>space<\/strong> tu\u015funa bas\u0131l\u0131 tutarak klavyede gitmek istedi\u011fini bir alana kolayca gidebilirsiniz. \u0130stedi\u011finiz alana gitmek i\u00e7in space tu\u015funa bas\u0131l\u0131 tuttuktan sonra parma\u011f\u0131n\u0131z\u0131 sa\u011fa, sola, yukar\u0131 veya a\u015fa\u011f\u0131 do\u011fru kayd\u0131rman\u0131z yeterli.<\/p>\n<hr \/>\n<h2><strong>Google Haritalar\u2019\u0131n birbirinden i\u015flevsel \u00f6zellikleri<\/strong><\/h2>\n<p><img class=\"alignnone wp-image-5224 size-full\" src=\"https:\/\/egegen.com\/blog\/wp-content\/uploads\/2018\/12\/image-2.png\" alt=\"\" width=\"805\" height=\"456\" \/><\/p>\n<p>Google\u2019\u0131n <strong>navigasyon<\/strong> uygulamas\u0131 <strong>Google Haritalar<\/strong>, gitmek istedi\u011finiz rotadan \u00e7ok daha fazlas\u0131n\u0131 sunuyor. Uygulaman\u0131n birbirinden i\u015flevsel ve pek bilinmeyen \u00f6zelliklerini sizler i\u00e7in derledik.<\/p>\n<p>Bu \u00f6zellikleri kullanmak i\u00e7in Google Haritalar uygulamas\u0131n\u0131n son s\u00fcr\u00fcm\u00fcn\u00fc kullanman\u0131z gerekti\u011fini hat\u0131rlatal\u0131m<\/p>\n<h3><strong>&#8216;\u0130\u015f Rotas\u0131&#8217; sekmesi<\/strong><\/h3>\n<p><img class=\"alignnone wp-image-5210 size-full\" src=\"https:\/\/egegen.com\/blog\/wp-content\/uploads\/2018\/12\/13.jpg\" alt=\"\" width=\"788\" height=\"443\" \/><\/p>\n<p>Son g\u00fcncellemelerle beraber, Google Haritalar&#8217;a <strong>\u0130\u015f Rotas\u0131<\/strong> sekmesi eklendi. Bu sekmeye ilk girdi\u011finizde ev ve i\u015f adresinizi ayarlaman\u0131z isteniyor. Konumlar\u0131 ayarlad\u0131ktan sonra sizden hangi ula\u015f\u0131m arac\u0131n\u0131 kulland\u0131\u011f\u0131n\u0131z\u0131 ve i\u015f saatlerinizi soruyor. Gerekli ayarlamalar\u0131 yapt\u0131ktan sonra art\u0131k i\u015fe gitmeden \u00f6nce size hangi saatlerde \u00e7\u0131kman\u0131z gerekti\u011fini, hangi rotay\u0131 takip edece\u011finizi g\u00f6sterecek yol yard\u0131mc\u0131n\u0131z\u0131 kullanabilirsiniz.<\/p>\n<h3><strong>\u2018Konum payla\u015f\u0131m\u0131\u2019 Sekmesi<\/strong><\/h3>\n<p><img class=\"alignnone wp-image-5211 size-full\" src=\"https:\/\/egegen.com\/blog\/wp-content\/uploads\/2018\/12\/14.png\" alt=\"\" width=\"788\" height=\"443\" \/><\/p>\n<p>Son y\u0131llarda WhatsApp&#8217;ta da bulunan anl\u0131k <strong>konum payla\u015f\u0131m\u0131<\/strong> \u00f6zelli\u011fi, Google Haritalar&#8217;\u0131n kendisinde de bulunmaktayd\u0131. Bu \u00f6zelli\u011fin kullan\u0131m amac\u0131, biriyle bulu\u015facaksan\u0131z onun nerede oldu\u011funu \u00f6\u011frenmenizi sa\u011flamak.<\/p>\n<p>Bu \u00f6zelli\u011fi de yan men\u00fcden <strong>Konum payla\u015f\u0131m\u0131<\/strong> se\u00e7ene\u011fi ile kullanabilirsiniz. Sekiz saate kadar anl\u0131k konum payla\u015f\u0131m\u0131 yapabilir, bunu bir ba\u011flant\u0131 arac\u0131l\u0131\u011f\u0131yla veya payla\u015f\u0131labilecek herhangi bir mecra \u00fczerinden g\u00f6nderebilirsiniz.<\/p>\n<h3><strong>Zaman \u00c7izelgesi ile ne yapt\u0131\u011f\u0131n\u0131z\u0131 g\u00f6r\u00fcn<\/strong><\/h3>\n<p><img class=\"alignnone wp-image-5212 size-full\" src=\"https:\/\/egegen.com\/blog\/wp-content\/uploads\/2018\/12\/15.jpg\" alt=\"\" width=\"788\" height=\"443\" \/><\/p>\n<p>Bu \u00f6zellik sayesinde g\u00fcn i\u00e7inde hangi saatlerde, hangi noktalarda, ne kadar s\u00fcre kald\u0131\u011f\u0131n\u0131z\u0131 g\u00f6rebiliyorsunuz. \u00d6rnek olarak g\u00fcn i\u00e7inde gitti\u011finiz bir restoran\u0131n ad\u0131n\u0131 unuttunuz ve hat\u0131rlamak istiyorsunuz. Google Haritalar&#8217;\u0131 a\u00e7t\u0131ktan sonra men\u00fcden Zaman \u00c7izelgesi&#8217;ni se\u00e7erek o g\u00fcn nereleri gezdi\u011finizi g\u00f6rebilirsiniz.<\/p>\n<hr \/>\n<h2><strong>23 Kas\u0131m Cuma al\u0131\u015fveri\u015flerinde internetten kartl\u0131 \u00f6deme rekoru<\/strong><img class=\"alignnone wp-image-5213 size-full\" src=\"https:\/\/egegen.com\/blog\/wp-content\/uploads\/2018\/12\/16.png\" alt=\"\" width=\"1000\" height=\"750\" \/><\/h2>\n<p><strong>Bankalararas\u0131 Kart Merkezi<\/strong> (BKM), 23 Kas\u0131m Cuma g\u00fcn\u00fc d\u00fcnyan\u0131n d\u00f6rt bir yan\u0131nda heyecan yaratan ve \u00fclkemizde de ger\u00e7ekle\u015fen indirim festivaliyle ilgili verileri a\u00e7\u0131klad\u0131. Bu y\u0131lki festivalde internetten kartl\u0131 \u00f6demeler 1 milyar TL\u2019ye ula\u015farak rekor k\u0131rd\u0131.<\/p>\n<p>Her 3 al\u0131\u015fveri\u015ften 1\u2019i internet \u00fczerinden yap\u0131ld\u0131. 110 bin farkl\u0131 kart\u0131n ise ilk kez kampanyan\u0131n ger\u00e7ekle\u015fti\u011fi g\u00fcn internetten yap\u0131lan \u00f6demelerde kullan\u0131lmas\u0131 dikkat \u00e7ekti.<\/p>\n<p>T\u00fcrkiye\u2019de \u201c<strong>S\u00fcper Cuma<\/strong>\u201d, \u201c<strong>\u015eahane Cuma<\/strong>\u201d, \u201c<strong>Muhte\u015fem Cuma<\/strong>\u201d ve \u201c<strong>Efsane Cuma<\/strong>\u201d gibi isimler de verilen <strong>Black Friday<\/strong> al\u0131\u015fveri\u015f festivalinde ma\u011fazalar bir\u00e7ok \u00fcr\u00fcne indirim uygulayarak m\u00fc\u015fterilerine f\u0131rsatlar sundu. Bu noktada T\u00fcrkiye\u2019deki bankalar\u0131n yapt\u0131klar\u0131 kampanyalarla bu g\u00fcn\u00fc kart kullan\u0131c\u0131lar\u0131 i\u00e7in daha cazip hale getirdi\u011fini belirtelim.<\/p>\n<p>BKM\u2019nin a\u00e7\u0131klad\u0131\u011f\u0131 verilere g\u00f6re, 23 Kas\u0131m Cuma g\u00fcn\u00fc <strong>3,4 milyar TL<\/strong> kartl\u0131 \u00f6deme ger\u00e7ekle\u015firken, bu rakam 2017 y\u0131l\u0131n\u0131n ayn\u0131 g\u00fcn\u00fcne denk gelen cuma g\u00fcn\u00fcyle kar\u015f\u0131la\u015ft\u0131r\u0131ld\u0131\u011f\u0131nda kartl\u0131 \u00f6demelerde y\u00fczde 38 art\u0131\u015f g\u00f6r\u00fcld\u00fc.<\/p>\n<p><img class=\"alignnone wp-image-5214 size-full\" src=\"https:\/\/egegen.com\/blog\/wp-content\/uploads\/2018\/12\/17.png\" alt=\"\" width=\"799\" height=\"643\" \/><\/p>\n<p>A\u00e7\u0131klanan verilere g\u00f6re 23 Kas\u0131m Cuma g\u00fcn\u00fc 975 milyon TL tutar\u0131nda kartl\u0131 \u00f6deme internetten ger\u00e7ekle\u015fti. Ge\u00e7en y\u0131l\u0131n ayn\u0131 d\u00f6nemiyle k\u0131yasland\u0131\u011f\u0131nda bu y\u0131l internetten ger\u00e7ekle\u015fen kartl\u0131 \u00f6demelerin <strong>y\u00fczde 68<\/strong> oran\u0131nda <strong>art\u0131\u015f<\/strong> g\u00f6sterdi\u011fini belirtelim. Hatta kartl\u0131 \u00f6demeler i\u00e7indeki <strong>internetten \u00f6deme pay\u0131<\/strong> da rekor k\u0131rarak <strong>y\u00fczde 29<\/strong> seviyesine ula\u015ft\u0131.<\/p>\n<hr \/>\n<h2><strong>Ho\u015f geldin Lezita!<\/strong><\/h2>\n<p><img class=\"alignnone wp-image-5215 size-full\" src=\"https:\/\/egegen.com\/blog\/wp-content\/uploads\/2018\/12\/18.jpg\" alt=\"\" width=\"696\" height=\"464\" \/><\/p>\n<p>T\u00fcrkiye\u2019de kendi sekt\u00f6r\u00fcn\u00fcn lider markalar\u0131ndan ABALIO\u011eLU Grubu\u2019nun g\u00f6zbebe\u011fi Lezita, yeni d\u00f6nemde t\u00fcm dijital i\u015flerini egegen\u2019e emanet etti!<\/p>\n<p>egegen olarak yepyeni markam\u0131z Lezita i\u00e7in; sosyal medya y\u00f6netimi, moderasyon s\u00fcre\u00e7leri, reklam y\u00f6netimi, online itibar y\u00f6netimi, dijital pazarlama gibi t\u00fcm 360 derece entegre ileti\u015fim s\u00fcre\u00e7lerini y\u00f6netiyor olaca\u011f\u0131z.<\/p>\n<p>T\u00fcrkiye\u2019nin en b\u00fcy\u00fck ve en modern et entegre tesisine sahip olan Lezita, \u00fclkenin d\u00f6rt bir yan\u0131na yay\u0131lan da\u011f\u0131t\u0131m a\u011f\u0131yla geni\u015f bir m\u00fc\u015fteri kitlesine ula\u015f\u0131rken ayn\u0131 zamanda 4 k\u0131tadaki onlarca \u00fclkeye yapt\u0131\u011f\u0131 ihracatla ad\u0131n\u0131 d\u00fcnyaya duyurmaktad\u0131r.<br \/>\nBiz de yeni d\u00f6nemde dijital platformlardan Lezita ile birlikte g\u00fczel ve yarat\u0131c\u0131 i\u015fler \u00e7\u0131karmaya devam edece\u011fiz.<\/p>\n<blockquote class=\"instagram-media\" style=\"background: #FFF; border: 0; border-radius: 3px; box-shadow: 0 0 1px 0 rgba(0,0,0,0.5),0 1px 10px 0 rgba(0,0,0,0.15); margin: 1px; max-width: 540px; min-width: 326px; padding: 0; width: calc(100% - 2px);\" data-instgrm-captioned=\"\" data-instgrm-permalink=\"https:\/\/www.instagram.com\/p\/BpmHRIEANw3\/?utm_source=ig_embed&amp;utm_medium=loading\" data-instgrm-version=\"12\">\n<div style=\"padding: 16px;\">\n<p>&nbsp;<\/p>\n<div style=\"display: flex; flex-direction: row; align-items: center;\">\n<div style=\"background-color: #f4f4f4; border-radius: 50%; flex-grow: 0; height: 40px; margin-right: 14px; width: 40px;\"><\/div>\n<div style=\"display: flex; flex-direction: column; flex-grow: 1; justify-content: center;\">\n<div style=\"background-color: #f4f4f4; border-radius: 4px; flex-grow: 0; height: 14px; margin-bottom: 6px; width: 100px;\"><\/div>\n<div style=\"background-color: #f4f4f4; border-radius: 4px; flex-grow: 0; height: 14px; width: 60px;\"><\/div>\n<\/div>\n<\/div>\n<div style=\"padding: 19% 0;\"><\/div>\n<div style=\"display: block; height: 50px; margin: 0 auto 12px; width: 50px;\"><\/div>\n<div style=\"padding-top: 8px;\">\n<div style=\"color: #3897f0; font-family: Arial,sans-serif; font-size: 14px; font-style: normal; font-weight: 550; line-height: 18px;\">Bu g\u00f6nderiyi Instagram&#8217;da g\u00f6r<\/div>\n<\/div>\n<div style=\"padding: 12.5% 0;\"><\/div>\n<div style=\"display: flex; flex-direction: row; margin-bottom: 14px; align-items: center;\">\n<div>\n<div style=\"background-color: #f4f4f4; border-radius: 50%; height: 12.5px; width: 12.5px; transform: translateX(0px) translateY(7px);\"><\/div>\n<div style=\"background-color: #f4f4f4; height: 12.5px; transform: rotate(-45deg) translateX(3px) translateY(1px); width: 12.5px; flex-grow: 0; margin-right: 14px; margin-left: 2px;\"><\/div>\n<div style=\"background-color: #f4f4f4; border-radius: 50%; height: 12.5px; width: 12.5px; transform: translateX(9px) translateY(-18px);\"><\/div>\n<\/div>\n<div style=\"margin-left: 8px;\">\n<div style=\"background-color: #f4f4f4; border-radius: 50%; flex-grow: 0; height: 20px; width: 20px;\"><\/div>\n<div style=\"width: 0; height: 0; border-top: 2px solid transparent; border-left: 6px solid #f4f4f4; border-bottom: 2px solid transparent; transform: translateX(16px) translateY(-4px) rotate(30deg);\"><\/div>\n<\/div>\n<div style=\"margin-left: auto;\">\n<div style=\"width: 0px; border-top: 8px solid #F4F4F4; border-right: 8px solid transparent; transform: translateY(16px);\"><\/div>\n<div style=\"background-color: #f4f4f4; flex-grow: 0; height: 12px; width: 16px; transform: translateY(-4px);\"><\/div>\n<div style=\"width: 0; height: 0; border-top: 8px solid #F4F4F4; border-left: 8px solid transparent; transform: translateY(-4px) translateX(8px);\"><\/div>\n<\/div>\n<\/div>\n<p>&nbsp;<\/p>\n<p style=\"margin: 8px 0 0 0; padding: 0 4px;\"><a style=\"color: #000; font-family: Arial,sans-serif; font-size: 14px; font-style: normal; font-weight: normal; line-height: 17px; text-decoration: none; word-wrap: break-word;\" href=\"https:\/\/www.instagram.com\/p\/BpmHRIEANw3\/?utm_source=ig_embed&amp;utm_medium=loading\" target=\"_blank\" rel=\"nofollow noopener\">Yeni fikirlerin havada u\u00e7u\u015ftu\u011fu, stratejilerin konu\u015fuldu\u011fu, tasar\u0131mda \u015fov yapt\u0131\u011f\u0131m\u0131z s\u0131radan bir g\u00fcnd\u00fc! \ud83d\ude09 Beklemedi\u011fimiz bir anda gelen dostlar, ajansta farkl\u0131 seslerin duyulmas\u0131na yol a\u00e7t\u0131. \u015eimdi fikirleri kanatland\u0131rma zaman\u0131; ho\u015f geldin Lezita! @hayatinlezzeti \ud83d\udc13 #egegen #lezita #hayat\u0131nlezzeti #abal\u0131o\u011flu #ajans #digital #agency #marketing #socialmedia #brand #creative #welcome #web #design #ho\u015fgeldin #sosyalmedya<\/a><\/p>\n<p style=\"color: #c9c8cd; font-family: Arial,sans-serif; font-size: 14px; line-height: 17px; margin-bottom: 0; margin-top: 8px; overflow: hidden; padding: 8px 0 7px; text-align: center; text-overflow: ellipsis; white-space: nowrap;\"><a style=\"color: #c9c8cd; font-family: Arial,sans-serif; font-size: 14px; font-style: normal; font-weight: normal; line-height: 17px;\" href=\"https:\/\/www.instagram.com\/egegen\/?utm_source=ig_embed&amp;utm_medium=loading\" target=\"_blank\" rel=\"nofollow noopener\"> egegen<\/a> (@egegen)&#8217;in payla\u015ft\u0131\u011f\u0131 bir g\u00f6nderi (<time style=\"font-family: Arial,sans-serif; font-size: 14px; line-height: 17px;\" datetime=\"2018-10-31T11:19:11+00:00\">31 Eki, 2018, 4:19\u00f6\u00f6 PDT<\/time>)<\/p>\n<\/div>\n<\/blockquote>\n<p><script async=\"\" src=\"\/\/www.instagram.com\/embed.js\"><\/script><\/p>\n<p>&nbsp;<\/p>\n","protected":false},"excerpt":{"rendered":"<p>Dijital d\u00fcnyada ya\u015fananlar\u0131, sosyal medya platformlar\u0131ndaki yenilikleri, dijital reklamc\u0131l\u0131\u011f\u0131n etkileyici \u00f6rneklerini ve bizden haberleri bulabilece\u011finiz\u00a0egegen Trend Raporu\u00a0on d\u00f6rd\u00fcnc\u00fc say\u0131s\u0131yla kar\u015f\u0131n\u0131zday\u0131z. Keyifli okumalar dileriz! Samsung\u2019dan Katlanabilir Ak\u0131ll\u0131 Telefon! Samsung\u2019un katlanabilir bir ak\u0131ll\u0131 telefon \u00e7\u0131karaca\u011f\u0131 uzun zamand\u0131r g\u00fcndemi oyal\u0131yordu. Y\u0131llar s\u00fcren haberlerden sonra\u00a0Samsung, katlanabilir modelini ilk kez kar\u015f\u0131m\u0131za \u00e7\u0131kard\u0131. D\u00fcn ger\u00e7ekle\u015ftirilen geli\u015ftirici konferans\u0131nda tan\u0131t\u0131lan katlanabilir ak\u0131ll\u0131 telefon, &hellip;<\/p>\n","protected":false},"author":20,"featured_media":5216,"comment_status":"open","ping_status":"open","sticky":false,"template":"","format":"standard","meta":[],"categories":[188],"tags":[],"_links":{"self":[{"href":"https:\/\/egegen.com\/blog\/wp-json\/wp\/v2\/posts\/5197"}],"collection":[{"href":"https:\/\/egegen.com\/blog\/wp-json\/wp\/v2\/posts"}],"about":[{"href":"https:\/\/egegen.com\/blog\/wp-json\/wp\/v2\/types\/post"}],"author":[{"embeddable":true,"href":"https:\/\/egegen.com\/blog\/wp-json\/wp\/v2\/users\/20"}],"replies":[{"embeddable":true,"href":"https:\/\/egegen.com\/blog\/wp-json\/wp\/v2\/comments?post=5197"}],"version-history":[{"count":2,"href":"https:\/\/egegen.com\/blog\/wp-json\/wp\/v2\/posts\/5197\/revisions"}],"predecessor-version":[{"id":8948,"href":"https:\/\/egegen.com\/blog\/wp-json\/wp\/v2\/posts\/5197\/revisions\/8948"}],"wp:featuredmedia":[{"embeddable":true,"href":"https:\/\/egegen.com\/blog\/wp-json\/wp\/v2\/media\/5216"}],"wp:attachment":[{"href":"https:\/\/egegen.com\/blog\/wp-json\/wp\/v2\/media?parent=5197"}],"wp:term":[{"taxonomy":"category","embeddable":true,"href":"https:\/\/egegen.com\/blog\/wp-json\/wp\/v2\/categories?post=5197"},{"taxonomy":"post_tag","embeddable":true,"href":"https:\/\/egegen.com\/blog\/wp-json\/wp\/v2\/tags?post=5197"}],"curies":[{"name":"wp","href":"https:\/\/api.w.org\/{rel}","templated":true}]}}