{"id":5174,"date":"2018-11-20T09:59:03","date_gmt":"2018-11-20T06:59:03","guid":{"rendered":"https:\/\/egegen.com\/blog\/?p=5174"},"modified":"2022-08-24T18:18:52","modified_gmt":"2022-08-24T15:18:52","slug":"instagramdan-alisveris-yapmayi-kolaylastiran-3-yeni-ozellik","status":"publish","type":"post","link":"https:\/\/egegen.com\/blog\/instagramdan-alisveris-yapmayi-kolaylastiran-3-yeni-ozellik\/","title":{"rendered":"Instagram\u2019dan al\u0131\u015fveri\u015f yapmay\u0131 kolayla\u015ft\u0131ran 3 yeni \u00f6zellik"},"content":{"rendered":"<p>Sosyal medyan\u0131n en dikkat \u00e7eken ve pop\u00fcler platformu Instagram, de\u011fi\u015fen talepler do\u011frultusunda her ge\u00e7en g\u00fcn yenilenmeye devam ediyor.<\/p>\n<p>\u015eu s\u0131ralar al\u0131\u015fveri\u015f \u00f6zelli\u011fiyle g\u00fcndemde olan Instagram, \u00fcr\u00fcnleri alma ve satma \u00f6zelli\u011fine ek, 3 yeni \u00f6zellik daha a\u00e7\u0131klad\u0131.<\/p>\n<p>Bu g\u00fcncellemelerden ilki, \u00f6zel bir al\u0131\u015fveri\u015f b\u00f6l\u00fcm\u00fcnde, sat\u0131n almak isteyebilece\u011finiz \u00fcr\u00fcnlere ait ba\u011flant\u0131lar\u0131 \u00f6zel olarak kaydetmenize olanak tan\u0131yan yeni bir koleksiyon olarak kar\u015f\u0131m\u0131za \u00e7\u0131k\u0131yor.<\/p>\n<p><img class=\"alignnone wp-image-5176 size-full\" src=\"https:\/\/egegen.com\/blog\/wp-content\/uploads\/2018\/11\/2.png\" alt=\"\" width=\"627\" height=\"518\" \/><\/p>\n<p>\u0130kinci bir \u00f6zellik ise videolara eklenen <strong>Shoppable<\/strong> yani <strong>\u201cAl\u0131\u015fveri\u015f yap\u0131labilir\u201d<\/strong> anlam\u0131na gelen \u00fcr\u00fcn etiketleri. Bu da \u015firketlerin videolar\u0131nda g\u00f6r\u00fcnen baz\u0131 \u00fcr\u00fcnlere ba\u011flant\u0131 kurmas\u0131n\u0131 sa\u011fl\u0131yor. Bildi\u011finiz gibi bu \u00f6zellik uzun zamand\u0131r b\u00fcy\u00fck markalar\u0131n Instagram hesaplar\u0131 i\u00e7in kullan\u0131labiliyordu, art\u0131k t\u00fcm sat\u0131\u015f hesaplar\u0131n\u0131n kullan\u0131m\u0131na da a\u00e7\u0131lm\u0131\u015f durumda.<\/p>\n<p>Bir di\u011fer g\u00fcncelleme ise belirli \u00f6\u011feleri sat\u0131n almay\u0131 kolayla\u015ft\u0131ran yeniden tasarlanm\u0131\u015f bir <strong>\u201cma\u011faza\u201d<\/strong> b\u00f6l\u00fcm\u00fc oldu. Ad\u0131ndan da anla\u015f\u0131laca\u011f\u0131 \u00fczere Instagram\u2019\u0131n ma\u011faza b\u00f6l\u00fcm\u00fc, platformu bir nevi e-ticaret sitesine d\u00f6n\u00fc\u015ft\u00fcr\u00fcyor.<\/p>\n<p><img class=\"alignnone wp-image-5177 size-full\" src=\"https:\/\/egegen.com\/blog\/wp-content\/uploads\/2018\/11\/3.png\" alt=\"\" width=\"566\" height=\"486\" \/><\/p>\n","protected":false},"excerpt":{"rendered":"<p>Sosyal medyan\u0131n en dikkat \u00e7eken ve pop\u00fcler platformu Instagram, de\u011fi\u015fen talepler do\u011frultusunda her ge\u00e7en g\u00fcn yenilenmeye devam ediyor. \u015eu s\u0131ralar al\u0131\u015fveri\u015f \u00f6zelli\u011fiyle g\u00fcndemde olan Instagram, \u00fcr\u00fcnleri alma ve satma \u00f6zelli\u011fine ek, 3 yeni \u00f6zellik daha a\u00e7\u0131klad\u0131. Bu g\u00fcncellemelerden ilki, \u00f6zel bir al\u0131\u015fveri\u015f b\u00f6l\u00fcm\u00fcnde, sat\u0131n almak isteyebilece\u011finiz \u00fcr\u00fcnlere ait ba\u011flant\u0131lar\u0131 \u00f6zel olarak kaydetmenize olanak tan\u0131yan yeni &hellip;<\/p>\n","protected":false},"author":1,"featured_media":5175,"comment_status":"open","ping_status":"open","sticky":false,"template":"","format":"standard","meta":[],"categories":[176],"tags":[],"_links":{"self":[{"href":"https:\/\/egegen.com\/blog\/wp-json\/wp\/v2\/posts\/5174"}],"collection":[{"href":"https:\/\/egegen.com\/blog\/wp-json\/wp\/v2\/posts"}],"about":[{"href":"https:\/\/egegen.com\/blog\/wp-json\/wp\/v2\/types\/post"}],"author":[{"embeddable":true,"href":"https:\/\/egegen.com\/blog\/wp-json\/wp\/v2\/users\/1"}],"replies":[{"embeddable":true,"href":"https:\/\/egegen.com\/blog\/wp-json\/wp\/v2\/comments?post=5174"}],"version-history":[{"count":0,"href":"https:\/\/egegen.com\/blog\/wp-json\/wp\/v2\/posts\/5174\/revisions"}],"wp:featuredmedia":[{"embeddable":true,"href":"https:\/\/egegen.com\/blog\/wp-json\/wp\/v2\/media\/5175"}],"wp:attachment":[{"href":"https:\/\/egegen.com\/blog\/wp-json\/wp\/v2\/media?parent=5174"}],"wp:term":[{"taxonomy":"category","embeddable":true,"href":"https:\/\/egegen.com\/blog\/wp-json\/wp\/v2\/categories?post=5174"},{"taxonomy":"post_tag","embeddable":true,"href":"https:\/\/egegen.com\/blog\/wp-json\/wp\/v2\/tags?post=5174"}],"curies":[{"name":"wp","href":"https:\/\/api.w.org\/{rel}","templated":true}]}}