{"id":5114,"date":"2018-10-22T09:43:10","date_gmt":"2018-10-22T06:43:10","guid":{"rendered":"https:\/\/egegen.com\/blog\/?p=5114"},"modified":"2022-08-24T18:09:55","modified_gmt":"2022-08-24T15:09:55","slug":"facebook-3d-fotograf-ozelligi-yayinlandi","status":"publish","type":"post","link":"https:\/\/egegen.com\/blog\/facebook-3d-fotograf-ozelligi-yayinlandi\/","title":{"rendered":"Facebook 3D Foto\u011fraf \u00d6zelli\u011fi Yay\u0131nland\u0131"},"content":{"rendered":"<p>D\u00fcnyan\u0131n en \u00e7ok kullan\u0131lan sosyal medya platformlar\u0131ndan biri olan <strong>Facebook<\/strong>, bir s\u00fcre \u00f6nce platforma 3D foto\u011fraf ve video deste\u011fi getirmi\u015fti. \u0130lk \u00f6nce s\u0131n\u0131rl\u0131 say\u0131da kullan\u0131c\u0131ya sunulan 3D g\u00f6rsel deste\u011fi, ilk birka\u00e7 ay\u0131n ard\u0131ndan t\u00fcm kullan\u0131c\u0131lara a\u00e7\u0131ld\u0131.<\/p>\n<p>3D foto\u011fraflar, <strong>panoramik foto\u011fraflar<\/strong>la benzer \u015fekilde \u00e7ekilip <strong>Facebook<\/strong>\u2019ta topluluk ve ki\u015fisel hesaplarda payla\u015f\u0131labilecek.<\/p>\n<div id=\"fb-root\"><\/div>\n<p><script async=\"1\" defer=\"1\" crossorigin=\"anonymous\" src=\"https:\/\/connect.facebook.net\/tr_TR\/sdk.js#xfbml=1&amp;version=v5.0\"><\/script><\/p>\n<div class=\"fb-video\" data-href=\"https:\/\/www.facebook.com\/Facebook360\/videos\/1967317100049786\/?t=20\" data-width=\"500\">\n<blockquote cite=\"https:\/\/www.facebook.com\/Facebook360\/videos\/1967317100049786\/\" class=\"fb-xfbml-parse-ignore\"><p><a href=\"https:\/\/www.facebook.com\/Facebook360\/videos\/1967317100049786\/\">3D Photos Now Rolling out on Facebook and in VR<\/a><\/p>\n<p>Today we&#039;re starting to roll out 3D photos in both News Feed and VR. 3D photos bring scenes to life with depth and movement. Simply take a photo in Portrait mode using your compatible dual-lens smartphone, then share as a 3D photo on Facebook where you can scroll, pan and tilt to see the photo in realistic 3D.Everyone will be able to see 3D photos in News Feed and VR today, and the ability to create and post 3D photos starts rolling out today to some users, and will be available to everyone in the coming weeks. Learn more here: http:\/\/bit.ly\/2Pu0Bsr<\/p>\n<p><a href=\"https:\/\/www.facebook.com\/Facebook360\/\">Facebook 360<\/a> payla\u015ft\u0131: 11 Ekim 2018 Per\u015fembe<\/p><\/blockquote>\n<\/div>\n<p><strong>360 derece foto\u011fraf<\/strong>lardan farkl\u0131 olan yeni \u00f6zelli\u011fin, sadece portre modu bulunan telefonlarda kullan\u0131labilece\u011finin alt\u0131 \u00e7izilmi\u015fti.<\/p>\n<p>Duyuru i\u00e7in haz\u0131rlanan yaz\u0131da\u00a0<strong>3D<\/strong> foto\u011fraf\u0131n ilk etapta iPhone 7 Plus, iPhone 8 Plus, iPhone X ve iPhone XS modellerinde kullan\u0131labilece\u011fi, ilerleyen g\u00fcnlerdeyse ba\u015fka telefon modelleri i\u00e7in 3D foto\u011fraf\u0131n devreye girebilece\u011fi ifade edilmi\u015fti. <strong>Facebook 360<\/strong> hesab\u0131ndan payla\u015f\u0131lan videoyla, <strong>3D foto\u011fraflar<\/strong>\u0131n nas\u0131l payla\u015f\u0131laca\u011f\u0131 g\u00f6sterildi.<\/p>\n<div id=\"fb-root\"><\/div>\n<p><script async=\"1\" defer=\"1\" crossorigin=\"anonymous\" src=\"https:\/\/connect.facebook.net\/tr_TR\/sdk.js#xfbml=1&amp;version=v5.0\"><\/script><\/p>\n<div class=\"fb-video\" data-href=\"https:\/\/www.facebook.com\/Facebook360\/videos\/1757729227689232\/?t=42\" data-width=\"500\">\n<blockquote cite=\"https:\/\/www.facebook.com\/Facebook360\/videos\/1757729227689232\/\" class=\"fb-xfbml-parse-ignore\"><p><a href=\"https:\/\/www.facebook.com\/Facebook360\/videos\/1757729227689232\/\">How to Create 3D Photos<\/a><\/p>\n<p>We presented the 3D photos feature and now we&#039;re handing the creativity off to you! We can&#039;t wait to see what you come up with. If you need a little help getting started, check out our video on how to post a 3D photo. What are you excited to bring to life using this immersive format?<\/p>\n<p><a href=\"https:\/\/www.facebook.com\/Facebook360\/\">Facebook 360<\/a> payla\u015ft\u0131: 11 Ekim 2018 Per\u015fembe<\/p><\/blockquote>\n<\/div>\n<p>Facebookun haz\u0131rlad\u0131\u011f\u0131 bu yeni \u00f6zellikle, art\u0131k daha e\u011flenceli foto\u011fraflar \u00e7ekebilir ve sevdiklerinizle payla\u015fabilirsiniz.<\/p>\n","protected":false},"excerpt":{"rendered":"<p>D\u00fcnyan\u0131n en \u00e7ok kullan\u0131lan sosyal medya platformlar\u0131ndan biri olan Facebook, bir s\u00fcre \u00f6nce platforma 3D foto\u011fraf ve video deste\u011fi getirmi\u015fti. \u0130lk \u00f6nce s\u0131n\u0131rl\u0131 say\u0131da kullan\u0131c\u0131ya sunulan 3D g\u00f6rsel deste\u011fi, ilk birka\u00e7 ay\u0131n ard\u0131ndan t\u00fcm kullan\u0131c\u0131lara a\u00e7\u0131ld\u0131. 3D foto\u011fraflar, panoramik foto\u011fraflarla benzer \u015fekilde \u00e7ekilip Facebook\u2019ta topluluk ve ki\u015fisel hesaplarda payla\u015f\u0131labilecek. 3D Photos Now Rolling out on &hellip;<\/p>\n","protected":false},"author":20,"featured_media":5115,"comment_status":"open","ping_status":"open","sticky":false,"template":"","format":"standard","meta":[],"categories":[176],"tags":[],"_links":{"self":[{"href":"https:\/\/egegen.com\/blog\/wp-json\/wp\/v2\/posts\/5114"}],"collection":[{"href":"https:\/\/egegen.com\/blog\/wp-json\/wp\/v2\/posts"}],"about":[{"href":"https:\/\/egegen.com\/blog\/wp-json\/wp\/v2\/types\/post"}],"author":[{"embeddable":true,"href":"https:\/\/egegen.com\/blog\/wp-json\/wp\/v2\/users\/20"}],"replies":[{"embeddable":true,"href":"https:\/\/egegen.com\/blog\/wp-json\/wp\/v2\/comments?post=5114"}],"version-history":[{"count":0,"href":"https:\/\/egegen.com\/blog\/wp-json\/wp\/v2\/posts\/5114\/revisions"}],"wp:featuredmedia":[{"embeddable":true,"href":"https:\/\/egegen.com\/blog\/wp-json\/wp\/v2\/media\/5115"}],"wp:attachment":[{"href":"https:\/\/egegen.com\/blog\/wp-json\/wp\/v2\/media?parent=5114"}],"wp:term":[{"taxonomy":"category","embeddable":true,"href":"https:\/\/egegen.com\/blog\/wp-json\/wp\/v2\/categories?post=5114"},{"taxonomy":"post_tag","embeddable":true,"href":"https:\/\/egegen.com\/blog\/wp-json\/wp\/v2\/tags?post=5114"}],"curies":[{"name":"wp","href":"https:\/\/api.w.org\/{rel}","templated":true}]}}