{"id":5072,"date":"2018-10-03T12:03:53","date_gmt":"2018-10-03T09:03:53","guid":{"rendered":"https:\/\/egegen.com\/blog\/?p=5072"},"modified":"2022-09-26T14:11:32","modified_gmt":"2022-09-26T11:11:32","slug":"3b-baski-biyonik-goz","status":"publish","type":"post","link":"https:\/\/egegen.com\/blog\/3b-baski-biyonik-goz\/","title":{"rendered":"3B Bask\u0131 Biyonik G\u00f6z"},"content":{"rendered":"<p>Minnesota \u00dcniversitesi\u2019nden biyonik organlar \u00fczerine \u00e7al\u0131\u015fmalar yapan Michael McAlpine, geli\u015ftirildi\u011fi takdirde g\u00f6rme engelli bireyin yeniden g\u00f6rebilmesini sa\u011flayacak biyonik g\u00f6z\u00fcn basit bir ilk versiyonunu 3B bask\u0131 ile \u00fcretti.<\/p>\n<p>Princeton \u00dcniversitesi\u2019nde yard\u0131mc\u0131 do\u00e7ent oldu\u011fu d\u00f6nemde, 3B bask\u0131 biyonik kulak geli\u015ftiren ara\u015ft\u0131rmac\u0131, \u00e7al\u0131\u015fmalar\u0131na Minnesota \u00dcniversitesi\u2019nde do\u00e7ent olarak devam ediyor.<\/p>\n<p>\u0130nsan g\u00f6z\u00fcn\u00fcn arkas\u0131na yerle\u015ftirilecek ve boyut ve \u015fekil olarak g\u00f6ze benzeyen yar\u0131m k\u00fcre \u015feklinde bir cam kubbe yaparak \u00e7al\u0131\u015fmalar\u0131na ba\u015flayan McAlpine, \u00d6zel bir 3B yaz\u0131c\u0131 kullanarak bas\u0131lan g\u00f6ze, daha sonra g\u00fcm\u00fc\u015f par\u00e7ac\u0131klar\u0131 i\u00e7eren bir m\u00fcrekkepten \u00e7izgiler eklenmi\u015f. Son olarak, bu m\u00fcrekkep taban\u0131n\u0131n \u00fczerinde, yar\u0131 iletken bir bas\u0131l\u0131 polimer tabakas\u0131 eklenmi\u015f. Sonu\u00e7, \u0131\u015f\u0131\u011f\u0131 y\u00fczde 25\u2019lik bir verimle elektrik ak\u0131m\u0131na d\u00f6n\u00fc\u015ft\u00fcrebilen bir 3B bask\u0131l\u0131 fotodiyotlar dizisi olmu\u015f.<\/p>\n<p><iframe loading=\"lazy\" src=\"https:\/\/www.youtube.com\/embed\/U2_zhpXZkS0\" width=\"100%\" height=\"315\" frameborder=\"0\" allowfullscreen=\"allowfullscreen\" data-mce-fragment=\"1\"><\/iframe><\/p>\n","protected":false},"excerpt":{"rendered":"<p>Minnesota \u00dcniversitesi\u2019nden biyonik organlar \u00fczerine \u00e7al\u0131\u015fmalar yapan Michael McAlpine, geli\u015ftirildi\u011fi takdirde g\u00f6rme engelli bireyin yeniden g\u00f6rebilmesini sa\u011flayacak biyonik g\u00f6z\u00fcn basit bir ilk versiyonunu 3B bask\u0131 ile \u00fcretti. Princeton \u00dcniversitesi\u2019nde yard\u0131mc\u0131 do\u00e7ent oldu\u011fu d\u00f6nemde, 3B bask\u0131 biyonik kulak geli\u015ftiren ara\u015ft\u0131rmac\u0131, \u00e7al\u0131\u015fmalar\u0131na Minnesota \u00dcniversitesi\u2019nde do\u00e7ent olarak devam ediyor. \u0130nsan g\u00f6z\u00fcn\u00fcn arkas\u0131na yerle\u015ftirilecek ve boyut ve \u015fekil olarak &hellip;<\/p>\n","protected":false},"author":20,"featured_media":5058,"comment_status":"open","ping_status":"open","sticky":false,"template":"","format":"standard","meta":[],"categories":[184],"tags":[],"_links":{"self":[{"href":"https:\/\/egegen.com\/blog\/wp-json\/wp\/v2\/posts\/5072"}],"collection":[{"href":"https:\/\/egegen.com\/blog\/wp-json\/wp\/v2\/posts"}],"about":[{"href":"https:\/\/egegen.com\/blog\/wp-json\/wp\/v2\/types\/post"}],"author":[{"embeddable":true,"href":"https:\/\/egegen.com\/blog\/wp-json\/wp\/v2\/users\/20"}],"replies":[{"embeddable":true,"href":"https:\/\/egegen.com\/blog\/wp-json\/wp\/v2\/comments?post=5072"}],"version-history":[{"count":0,"href":"https:\/\/egegen.com\/blog\/wp-json\/wp\/v2\/posts\/5072\/revisions"}],"wp:featuredmedia":[{"embeddable":true,"href":"https:\/\/egegen.com\/blog\/wp-json\/wp\/v2\/media\/5058"}],"wp:attachment":[{"href":"https:\/\/egegen.com\/blog\/wp-json\/wp\/v2\/media?parent=5072"}],"wp:term":[{"taxonomy":"category","embeddable":true,"href":"https:\/\/egegen.com\/blog\/wp-json\/wp\/v2\/categories?post=5072"},{"taxonomy":"post_tag","embeddable":true,"href":"https:\/\/egegen.com\/blog\/wp-json\/wp\/v2\/tags?post=5072"}],"curies":[{"name":"wp","href":"https:\/\/api.w.org\/{rel}","templated":true}]}}