{"id":5057,"date":"2018-10-03T11:54:30","date_gmt":"2018-10-03T08:54:30","guid":{"rendered":"https:\/\/egegen.com\/blog\/?p=5057"},"modified":"2022-10-10T17:22:10","modified_gmt":"2022-10-10T14:22:10","slug":"egegen-trend-raporu-12-eylul-2018","status":"publish","type":"post","link":"https:\/\/egegen.com\/blog\/egegen-trend-raporu-12-eylul-2018\/","title":{"rendered":"egegen Trend Raporu &#8211; 12 \/ Eyl\u00fcl 2018"},"content":{"rendered":"<h2 class=\"entry-title\"><strong>Apple, iPhone XS, iPhone Xs Plus, iPhone Xr ve Apple Watch Series 4\u2018\u00fcn teknik \u00f6zelliklerini ve fiyat\u0131n\u0131 duyurdu<\/strong><\/h2>\n<div class=\"td-post-featured-image\"><a class=\"td-modal-image\" href=\"https:\/\/egegen.com\/blog\/wp-content\/uploads\/2018\/09\/apple-yeni-iphone-modelleri-keynote-2018.jpeg\" data-caption=\"\"><img class=\"entry-thumb td-animation-stack-type0-2\" title=\"Apple, iPhone XS, iPhone Xs Plus, iPhone Xr ve Apple Watch Series 4\u2018\u00fcn teknik \u00f6zelliklerini ve fiyat\u0131n\u0131 duyurdu\" src=\"https:\/\/egegen.com\/blog\/wp-content\/uploads\/2018\/09\/apple-yeni-iphone-modelleri-keynote-2018-696x464.jpeg\" sizes=\"(max-width: 696px) 100vw, 696px\" srcset=\"https:\/\/egegen.com\/blog\/wp-content\/uploads\/2018\/09\/apple-yeni-iphone-modelleri-keynote-2018-696x464.jpeg 696w, https:\/\/egegen.com\/blog\/wp-content\/uploads\/2018\/09\/apple-yeni-iphone-modelleri-keynote-2018-300x200.jpeg 300w, https:\/\/egegen.com\/blog\/wp-content\/uploads\/2018\/09\/apple-yeni-iphone-modelleri-keynote-2018-768x512.jpeg 768w, https:\/\/egegen.com\/blog\/wp-content\/uploads\/2018\/09\/apple-yeni-iphone-modelleri-keynote-2018-630x420.jpeg 630w, https:\/\/egegen.com\/blog\/wp-content\/uploads\/2018\/09\/apple-yeni-iphone-modelleri-keynote-2018.jpeg 1000w\" alt=\"Apple, iPhone XS, iPhone Xs Plus, iPhone Xr ve Apple Watch Series 4\u2018\u00fcn teknik \u00f6zelliklerini ve fiyat\u0131n\u0131 duyurdu\" width=\"696\" height=\"464\" \/><\/a><\/div>\n<p>Apple merakla beklenen yeni \u00fcr\u00fcnleri\u00a0<strong>iPhone Xs<\/strong>,\u00a0<strong>iPhone Xs Plus<\/strong>,\u00a0<strong>iPhone Xr<\/strong>\u00a0ve\u00a0<strong>Apple Watch Series 4<\/strong>\u2018\u00fc Getting Round etkinli\u011finde\u00a0tan\u0131tt\u0131.<\/p>\n<p><img class=\"alignnone size-full wp-image-5014 td-animation-stack-type0-2\" src=\"https:\/\/egegen.com\/blog\/wp-content\/uploads\/2018\/09\/apple-yeni-iphone-modelleri-keynote-2018-2.jpeg\" sizes=\"(max-width: 719px) 100vw, 719px\" srcset=\"https:\/\/egegen.com\/blog\/wp-content\/uploads\/2018\/09\/apple-yeni-iphone-modelleri-keynote-2018-2.jpeg 719w, https:\/\/egegen.com\/blog\/wp-content\/uploads\/2018\/09\/apple-yeni-iphone-modelleri-keynote-2018-2-300x168.jpeg 300w, https:\/\/egegen.com\/blog\/wp-content\/uploads\/2018\/09\/apple-yeni-iphone-modelleri-keynote-2018-2-696x389.jpeg 696w\" alt=\"Apple, iPhone XS, iPhone Xs Plus, iPhone Xr ve Apple Watch Series 4\u2018\u00fcn teknik \u00f6zelliklerini ve fiyat\u0131n\u0131 duyurdu\" width=\"719\" height=\"402\" \/><\/p>\n<p>Apple\u2019\u0131n\u00a0tan\u0131tt\u0131\u011f\u0131 yeni iPhone modellerinin en \u00fcst versiyonu iPhone Xs Max oldu. 6.5 in\u00e7lik OLED ekran\u0131 ile Apple\u2019\u0131n en b\u00fcy\u00fck ak\u0131ll\u0131 telefonu olan\u00a0<strong>iPhone Xs Max<\/strong>, A12 Bionic i\u015flemci bar\u0131nd\u0131r\u0131yor.\u00a0iPhone XS Max\u2019te de 64 GB, 256 GB ve 512 GB depolama kapasitesine sahip se\u00e7enekler sunuluyor.<\/p>\n<p><strong>iPhone X<\/strong>\u00a0gibi \u00e7ift kamerayla gelen\u00a0<strong>iPhone Xs<\/strong>, portre modu ve \u00f6zel filtreleri de destekliyor. 12 megapiksel geni\u015f a\u00e7\u0131l\u0131 kamera ve 12 megapiksel telefoto kameraya sahip iPhone Xs, geni\u015f a\u00e7\u0131 i\u00e7in \u0192\/1.8 diyafram ve telefoto i\u00e7in \u0192\/2.4 diyafram a\u00e7\u0131kl\u0131\u011f\u0131 sunuyor. Her iki kamera da OIS deste\u011fine sahip.<\/p>\n<p>Yeni Apple \u00fcr\u00fcnleri 21 Eyl\u00fcl\u2019de ABD\u2019de sat\u0131\u015fa \u00e7\u0131kacak. T\u00fcrkiye i\u00e7in tarih hen\u00fcz a\u00e7\u0131klanmad\u0131. iPhone Xs\u2019in bayi kar\u0131 hari\u00e7 fiyat\u0131 yakla\u015f\u0131k\u00a0<strong>10 bin 800 TL<\/strong>\u00a0olacak. iPhone Xs\u2019in ba\u015flang\u0131\u00e7 modelinin yakla\u015f\u0131k 4.140 TL\u2019si vergi olacak.\u00a0iPhone Xr ise\u00a0749 dolardan ba\u015flayan fiyatlarla sat\u0131lacak.<\/p>\n<h2 class=\"entry-title\"><strong>Amazon T\u00fcrkiye resmen a\u00e7\u0131ld\u0131<\/strong><\/h2>\n<div class=\"td-post-featured-image\"><a class=\"td-modal-image\" href=\"https:\/\/egegen.com\/blog\/wp-content\/uploads\/2018\/09\/amazon-turkiye-acildi.jpeg\" data-caption=\"\"><img class=\"entry-thumb td-animation-stack-type0-2\" title=\"Amazon T\u00fcrkiye bug\u00fcn resmen a\u00e7\u0131ld\u0131\" src=\"https:\/\/egegen.com\/blog\/wp-content\/uploads\/2018\/09\/amazon-turkiye-acildi-696x544.jpeg\" sizes=\"(max-width: 696px) 100vw, 696px\" srcset=\"https:\/\/egegen.com\/blog\/wp-content\/uploads\/2018\/09\/amazon-turkiye-acildi-696x544.jpeg 696w, https:\/\/egegen.com\/blog\/wp-content\/uploads\/2018\/09\/amazon-turkiye-acildi-300x234.jpeg 300w, https:\/\/egegen.com\/blog\/wp-content\/uploads\/2018\/09\/amazon-turkiye-acildi-768x600.jpeg 768w, https:\/\/egegen.com\/blog\/wp-content\/uploads\/2018\/09\/amazon-turkiye-acildi-538x420.jpeg 538w, https:\/\/egegen.com\/blog\/wp-content\/uploads\/2018\/09\/amazon-turkiye-acildi.jpeg 960w\" alt=\"Amazon T\u00fcrkiye bug\u00fcn resmen a\u00e7\u0131ld\u0131\" width=\"696\" height=\"544\" \/><\/a><\/div>\n<p>Amazon T\u00fcrkiye resmen operasyona ba\u015flad\u0131 ve T\u00fcrkiye e-ticaret pazar\u0131na giri\u015f yapt\u0131.<\/p>\n<p>Hat\u0131rlarsan\u0131z \u00f6nceki d\u00f6nemlerde, ne zaman a\u00e7\u0131laca\u011f\u0131 konusunda belirsizli\u011fini koruyan Amazon T\u00fcrkiye\u2019nin bu ay i\u00e7inde fiilen operasyonu ba\u015flat\u0131ld\u0131. Amazon.com.tr adresinden hizmet verecek olan \u015firket, ge\u00e7ti\u011fimiz g\u00fcnlerde ana sayfas\u0131na a\u015fa\u011f\u0131da payla\u015ft\u0131\u011f\u0131m\u0131z mektubu ekleyip operasyonunu ba\u015flatt\u0131.<\/p>\n<p><img class=\"alignnone size-full wp-image-5023 td-animation-stack-type0-2\" src=\"https:\/\/egegen.com\/blog\/wp-content\/uploads\/2018\/09\/amazon-turkiye-acildi-2.jpeg\" sizes=\"(max-width: 1387px) 100vw, 1387px\" srcset=\"https:\/\/egegen.com\/blog\/wp-content\/uploads\/2018\/09\/amazon-turkiye-acildi-2.jpeg 1387w, https:\/\/egegen.com\/blog\/wp-content\/uploads\/2018\/09\/amazon-turkiye-acildi-2-300x174.jpeg 300w, https:\/\/egegen.com\/blog\/wp-content\/uploads\/2018\/09\/amazon-turkiye-acildi-2-768x445.jpeg 768w, https:\/\/egegen.com\/blog\/wp-content\/uploads\/2018\/09\/amazon-turkiye-acildi-2-1024x593.jpeg 1024w, https:\/\/egegen.com\/blog\/wp-content\/uploads\/2018\/09\/amazon-turkiye-acildi-2-696x403.jpeg 696w, https:\/\/egegen.com\/blog\/wp-content\/uploads\/2018\/09\/amazon-turkiye-acildi-2-1068x618.jpeg 1068w, https:\/\/egegen.com\/blog\/wp-content\/uploads\/2018\/09\/amazon-turkiye-acildi-2-725x420.jpeg 725w\" alt=\"Amazon T\u00fcrkiye bug\u00fcn resmen a\u00e7\u0131ld\u0131\" width=\"1387\" height=\"803\" \/><\/p>\n<h2 class=\"entry-title\"><strong>Unox Good Noodles insanlar\u0131 reklam panolar\u0131 i\u00e7in poz vermeye \u00e7a\u011f\u0131rd\u0131<\/strong><\/h2>\n<div class=\"td-post-featured-image\"><a class=\"td-modal-image\" href=\"https:\/\/egegen.com\/blog\/wp-content\/uploads\/2018\/09\/unox-good-noodles-reklam.jpeg\" data-caption=\"\"><img class=\"entry-thumb td-animation-stack-type0-2\" title=\"Unox Good Noodles insanlar\u0131 reklam panolar\u0131 i\u00e7in poz vermeye \u00e7a\u011f\u0131rd\u0131\" src=\"https:\/\/egegen.com\/blog\/wp-content\/uploads\/2018\/09\/unox-good-noodles-reklam-696x388.jpeg\" sizes=\"(max-width: 696px) 100vw, 696px\" srcset=\"https:\/\/egegen.com\/blog\/wp-content\/uploads\/2018\/09\/unox-good-noodles-reklam-696x388.jpeg 696w, https:\/\/egegen.com\/blog\/wp-content\/uploads\/2018\/09\/unox-good-noodles-reklam-300x167.jpeg 300w, https:\/\/egegen.com\/blog\/wp-content\/uploads\/2018\/09\/unox-good-noodles-reklam-768x428.jpeg 768w, https:\/\/egegen.com\/blog\/wp-content\/uploads\/2018\/09\/unox-good-noodles-reklam-1024x570.jpeg 1024w, https:\/\/egegen.com\/blog\/wp-content\/uploads\/2018\/09\/unox-good-noodles-reklam-1068x595.jpeg 1068w, https:\/\/egegen.com\/blog\/wp-content\/uploads\/2018\/09\/unox-good-noodles-reklam-754x420.jpeg 754w, https:\/\/egegen.com\/blog\/wp-content\/uploads\/2018\/09\/unox-good-noodles-reklam.jpeg 1366w\" alt=\"Unox Good Noodles insanlar\u0131 reklam panolar\u0131 i\u00e7in poz vermeye \u00e7a\u011f\u0131rd\u0131\" width=\"696\" height=\"388\" \/><\/a><\/div>\n<p><strong>Unox<\/strong>\u00a0yarat\u0131c\u0131 bir A\u00e7\u0131khava aktivasyonuna imza att\u0131.\u00a0<strong>Reklam<\/strong>\u00a0panolar\u0131nda foto\u011fraf yerine ger\u00e7ek insanlar\u0131 kullanan marka e\u011flenceli bir kampanyayla dikkatleri \u00fczerine \u00e7ekti.<\/p>\n<p>Halka a\u00e7\u0131k bir alanda canl\u0131 video kayd\u0131 alan kamera \u00f6n\u00fcnde, elinde en uzun s\u00fcre Unox \u00fcr\u00fcn\u00fcn\u00fc tutabilenler aras\u0131nda mini bir yar\u0131\u015fma ger\u00e7ekle\u015ftirildi. Puan s\u0131ralamas\u0131 ve kimin ka\u00e7 dakika\u00a0<strong>Noodle<\/strong>\u2019\u0131 tutabildi\u011fi bilgisi de canl\u0131 olarak yay\u0131nlan\u0131rken en uzun s\u00fcre pozu koruyan ki\u015fiyse hayat boyu \u00fccretsiz\u00a0<strong>Good Noodles<\/strong>\u00a0ile \u00f6d\u00fcllendirildi.<\/p>\n<p><iframe loading=\"lazy\" src=\"https:\/\/www.youtube.com\/embed\/Cqivt67SVrU?rel=0\" width=\"100%\" height=\"315\" frameborder=\"0\" allowfullscreen=\"allowfullscreen\" data-mce-fragment=\"1\"><\/iframe><\/p>\n<p>Kampanyan\u0131n etkisini ve eri\u015fimini art\u0131rmak i\u00e7in De Gierige Gasten, Sophie Milzink, JayJay Boske ve Gio gibi\u00a0influencer\u2019lardan da yararlan\u0131ld\u0131. Bunun yan\u0131s\u0131ra aktivasyon; \u00fcr\u00fcn odakl\u0131 internet videolar\u0131 ve k\u0131sa filmler ve \u00fcr\u00fcn\u00fc tan\u0131tan a\u00e7\u0131k hava panolar\u0131yla da desteklendi.<\/p>\n<h2 class=\"entry-title\"><strong>Google arama sonu\u00e7lar\u0131nda yak\u0131n zamanda de\u011fi\u015fecek 5 \u015fey<\/strong><\/h2>\n<div class=\"td-post-featured-image\"><a class=\"td-modal-image\" href=\"https:\/\/egegen.com\/blog\/wp-content\/uploads\/2018\/09\/google-aramanin-gelecegi.png\" data-caption=\"\"><img class=\"entry-thumb td-animation-stack-type0-2\" title=\"Google arama sonu\u00e7lar\u0131nda yak\u0131n zamanda de\u011fi\u015fecek 5 \u015fey\" src=\"https:\/\/egegen.com\/blog\/wp-content\/uploads\/2018\/09\/google-aramanin-gelecegi-696x414.png\" sizes=\"(max-width: 696px) 100vw, 696px\" srcset=\"https:\/\/egegen.com\/blog\/wp-content\/uploads\/2018\/09\/google-aramanin-gelecegi-696x414.png 696w, https:\/\/egegen.com\/blog\/wp-content\/uploads\/2018\/09\/google-aramanin-gelecegi-300x179.png 300w, https:\/\/egegen.com\/blog\/wp-content\/uploads\/2018\/09\/google-aramanin-gelecegi-768x457.png 768w, https:\/\/egegen.com\/blog\/wp-content\/uploads\/2018\/09\/google-aramanin-gelecegi-706x420.png 706w, https:\/\/egegen.com\/blog\/wp-content\/uploads\/2018\/09\/google-aramanin-gelecegi.png 1000w\" alt=\"Google arama sonu\u00e7lar\u0131nda yak\u0131n zamanda de\u011fi\u015fecek 5 \u015fey\" width=\"696\" height=\"414\" \/><\/a><\/div>\n<p>Ge\u00e7ti\u011fimiz g\u00fcn San Francisco\u2019da\u00a0<strong>Google<\/strong>\u00a0taraf\u0131ndan d\u00fczenlenen bir bas\u0131n toplant\u0131s\u0131nda Google araman\u0131n gelece\u011fini konu\u015ftu ve yapt\u0131klar\u0131 baz\u0131 yenilikleri duyurdu.<\/p>\n<p>\u201cFuture of Search \u2013\u00a0<strong>Araman\u0131n Gelece\u011fi<\/strong>\u201d etkinli\u011fi ba\u015fl\u0131klar\u0131 \u015f\u00f6yle;<\/p>\n<h2>Google Discover \u2013 Ke\u015ffet<\/h2>\n<p><img class=\"alignnone size-full wp-image-5051 td-animation-stack-type0-2\" src=\"https:\/\/egegen.com\/blog\/wp-content\/uploads\/2018\/09\/google-aramanin-gelecegi-2.png\" sizes=\"(max-width: 334px) 100vw, 334px\" srcset=\"https:\/\/egegen.com\/blog\/wp-content\/uploads\/2018\/09\/google-aramanin-gelecegi-2.png 334w, https:\/\/egegen.com\/blog\/wp-content\/uploads\/2018\/09\/google-aramanin-gelecegi-2-148x300.png 148w, https:\/\/egegen.com\/blog\/wp-content\/uploads\/2018\/09\/google-aramanin-gelecegi-2-207x420.png 207w\" alt=\"Google arama sonu\u00e7lar\u0131nda yak\u0131n zamanda de\u011fi\u015fecek 5 \u015fey\" width=\"334\" height=\"679\" \/><\/p>\n<p><strong>Google<\/strong>, her 8 aramadan en az 1\u2019inin d\u00fczenli olarak tekrarlanan bir arama oldu\u011funu s\u00f6yl\u00fcyor. Kullan\u0131c\u0131lar genel olarak \u00e7ok ilgili olduklar\u0131 alanlarda daha d\u00fczenli ve s\u0131k aramalar yap\u0131yorlar.\u00a0<strong>Google<\/strong>\u00a0bu aramay\u0131 art\u0131k siz daha yapmadan \u00f6ne \u00e7\u0131kar\u0131lm\u0131\u015f bir \u015fekilde ana sayfas\u0131nda size sunmaya haz\u0131rlan\u0131yor.<\/p>\n<h2>Recalling past queries \u2013 Eski aramalar\u0131 hat\u0131rlatma<\/h2>\n<p><img class=\"alignnone size-full wp-image-5052 td-animation-stack-type0-2\" src=\"https:\/\/egegen.com\/blog\/wp-content\/uploads\/2018\/09\/google-aramanin-gelecegi-3.png\" sizes=\"(max-width: 347px) 100vw, 347px\" srcset=\"https:\/\/egegen.com\/blog\/wp-content\/uploads\/2018\/09\/google-aramanin-gelecegi-3.png 347w, https:\/\/egegen.com\/blog\/wp-content\/uploads\/2018\/09\/google-aramanin-gelecegi-3-153x300.png 153w, https:\/\/egegen.com\/blog\/wp-content\/uploads\/2018\/09\/google-aramanin-gelecegi-3-214x420.png 214w\" alt=\"Google arama sonu\u00e7lar\u0131nda yak\u0131n zamanda de\u011fi\u015fecek 5 \u015fey\" width=\"347\" height=\"680\" \/><\/p>\n<p>Google yine ilerleyen haftalarda yay\u0131na alaca\u011f\u0131 yeni \u00f6zelli\u011fiyle daha \u00f6nce yapt\u0131\u011f\u0131n\u0131z aramalar\u0131 ve t\u0131klad\u0131\u011f\u0131n\u0131z sayfalar\u0131 tekrar kar\u015f\u0131n\u0131za \u00e7\u0131kar\u0131yor. \u00d6rne\u011fin g\u00f6rselde oldu\u011fu gibi \u201ckamp yapmak\u201d \u00fczerine bir arama yapt\u0131ysan\u0131z hemen a\u015fa\u011f\u0131da daha \u00f6nce bu aramay\u0131 yapt\u0131\u011f\u0131n\u0131z zaman t\u0131klad\u0131\u011f\u0131n\u0131z siteler ve ayn\u0131 konuda yani arama yapabilece\u011finiz ba\u015fl\u0131klar sunuyor. Dilerseniz bu \u00f6zelli\u011fi ayarlardan kapatabileceksiniz.<\/p>\n<h2>Koleksiyonlar<\/h2>\n<p><img class=\"alignnone size-full wp-image-5053 td-animation-stack-type0-2\" src=\"https:\/\/egegen.com\/blog\/wp-content\/uploads\/2018\/09\/google-aramanin-gelecegi-4.png\" sizes=\"(max-width: 680px) 100vw, 680px\" srcset=\"https:\/\/egegen.com\/blog\/wp-content\/uploads\/2018\/09\/google-aramanin-gelecegi-4.png 680w, https:\/\/egegen.com\/blog\/wp-content\/uploads\/2018\/09\/google-aramanin-gelecegi-4-300x294.png 300w, https:\/\/egegen.com\/blog\/wp-content\/uploads\/2018\/09\/google-aramanin-gelecegi-4-429x420.png 429w\" alt=\"Google arama sonu\u00e7lar\u0131nda yak\u0131n zamanda de\u011fi\u015fecek 5 \u015fey\" width=\"680\" height=\"666\" \/><\/p>\n<p>Bir\u00a0<strong>yeni \u00f6zellik<\/strong>\u00a0olarak; Google arama sonu\u00e7lar\u0131n\u0131z\u0131 daha sonra tekrar kontrol edebilmek i\u00e7in kategoriler halinde kay\u0131t etmenize olana sa\u011fl\u0131yor. Bu kategorileri analiz ederek size yeni \u00f6neriler sunarak araman\u0131z\u0131 derinle\u015ftirmek ve size daha fazla \u015fey sunmak buradaki ana ama\u00e7.<\/p>\n<h2>Stories \u2013 Hikayeler<\/h2>\n<p>\u201c<strong>Hikayeler<\/strong>\u201d \u015fimdi de Google\u2019da. Snapchat sonras\u0131 Instagram, Facebook,\u00a0<strong>Whatsapp<\/strong>\u00a0ve hatta Skype bile hikayeler ile bir \u015feyler denedi.\u00a0<strong>Google<\/strong>\u00a0\u201cbizde niye yok?\u201d demi\u015f olmal\u0131 ki yapay zeka taraf\u0131ndan pop\u00fcler aramalardan yola \u00e7\u0131karak \u00f6nemli isimlere y\u00f6nelik hikayeler olu\u015fturmaya karar vermi\u015f g\u00f6r\u00fcn\u00fcyor.<\/p>\n<h2>Dinamik Organizasyon<\/h2>\n<p>Google\u2019a her \u015feyi sorabildi\u011fimiz ve sordu\u011fumuz i\u00e7in Google bundan biraz daha fazlas\u0131na sahip diyebiliriz. Yap\u0131lan aramalardan yola \u00e7\u0131karak Google sizin bir sonraki arayaca\u011f\u0131n\u0131z ba\u015fl\u0131\u011f\u0131 art\u0131k tahmin edebiliyor. Buradan yola \u00e7\u0131karak yeni\u00a0<strong>arama sonu\u00e7 sayfas\u0131<\/strong>nda Google bir sonraki olas\u0131 araman\u0131za y\u00f6nelik cevab\u0131 da \u00f6nceden vererek size bir paket \u015feklinde sonu\u00e7 g\u00f6stermeye ba\u015flayacak.<\/p>\n<p>&nbsp;<\/p>\n<h2><strong>D\u00fcnyan\u0131n \u0130lk Torrent Dosyas\u0131 15 Ya\u015f\u0131na Girdi <\/strong><\/h2>\n<p>TorrentFreak, 2003 y\u0131l\u0131nda ilk y\u00fcklenen Torrent dosyas\u0131 ile ilgili bilgiler payla\u015ft\u0131. The Fanimatrix isimli torrent dosyas\u0131 halen indirilebilir durumda.<\/p>\n<p><img class=\"alignnone size-full wp-image-5064\" src=\"https:\/\/egegen.com\/blog\/wp-content\/uploads\/2018\/10\/torrent.png\" alt=\"\" width=\"581\" height=\"411\" \/><\/p>\n<p>Torrent Freak, 2003 y\u0131l\u0131nda y\u00fcklenmi\u015f olan The Matrix parodisi filmin 15 ya\u015f\u0131na girdi\u011fini a\u00e7\u0131klad\u0131.<\/p>\n<p>Yeni Zelandal\u0131 Sebastian Kai Frost ve arkada\u015flar\u0131 taraf\u0131ndan sadece 800 dolara mal edilen filmin boyutu 150 MB.<\/p>\n<p>Frost, o d\u00f6nemler sunucu \u00fccretlerinin \u00e7ok pahal\u0131 oldu\u011funu belirtiyor. Toplamda 550 dolarl\u0131k bir masraf \u00e7\u0131kt\u0131\u011f\u0131n\u0131 g\u00f6r\u00fcnce ba\u015fka bir y\u00f6ntem aramaya ba\u015flam\u0131\u015f. BitTorrent&#8217;ten haberdar olan Frost, daha sonra Linux \u00fczerinden dosyay\u0131 y\u00fckledi ve 550 dolardan tasarruf etmi\u015f oldu.<\/p>\n<p>Film halen resmi web sitesi \u00fczerinden indirilebilir durumda ve b\u00f6ylece bu nostaljiyi ya\u015fatmaya devam ediyor.<\/p>\n<hr \/>\n<h2><strong>3B Bask\u0131 Biyonik G\u00f6z<\/strong><\/h2>\n<p><img class=\"alignnone size-full wp-image-5058\" src=\"https:\/\/egegen.com\/blog\/wp-content\/uploads\/2018\/10\/3bbaskki.jpg\" alt=\"\" width=\"1300\" height=\"680\" \/><\/p>\n<p>Minnesota \u00dcniversitesi\u2019nden biyonik organlar \u00fczerine \u00e7al\u0131\u015fmalar yapan Michael McAlpine, geli\u015ftirildi\u011fi takdirde g\u00f6rme engelli bireyin yeniden g\u00f6rebilmesini sa\u011flayacak biyonik g\u00f6z\u00fcn basit bir ilk versiyonunu 3B bask\u0131 ile \u00fcretti.<\/p>\n<p>Princeton \u00dcniversitesi\u2019nde yard\u0131mc\u0131 do\u00e7ent oldu\u011fu d\u00f6nemde, 3B bask\u0131 biyonik kulak geli\u015ftiren ara\u015ft\u0131rmac\u0131, \u00e7al\u0131\u015fmalar\u0131na Minnesota \u00dcniversitesi\u2019nde do\u00e7ent olarak devam ediyor.<\/p>\n<p>\u0130nsan g\u00f6z\u00fcn\u00fcn arkas\u0131na yerle\u015ftirilecek ve boyut ve \u015fekil olarak g\u00f6ze benzeyen yar\u0131m k\u00fcre \u015feklinde bir cam kubbe yaparak \u00e7al\u0131\u015fmalar\u0131na ba\u015flayan McAlpine, \u00d6zel bir 3B yaz\u0131c\u0131 kullanarak bas\u0131lan g\u00f6ze, daha sonra g\u00fcm\u00fc\u015f par\u00e7ac\u0131klar\u0131 i\u00e7eren bir m\u00fcrekkepten \u00e7izgiler eklenmi\u015f. Son olarak, bu m\u00fcrekkep taban\u0131n\u0131n \u00fczerinde, yar\u0131 iletken bir bas\u0131l\u0131 polimer tabakas\u0131 eklenmi\u015f. Sonu\u00e7, \u0131\u015f\u0131\u011f\u0131 y\u00fczde 25\u2019lik bir verimle elektrik ak\u0131m\u0131na d\u00f6n\u00fc\u015ft\u00fcrebilen bir 3B bask\u0131l\u0131 fotodiyotlar dizisi olmu\u015f.<\/p>\n<p><iframe loading=\"lazy\" src=\"https:\/\/www.youtube.com\/embed\/U2_zhpXZkS0\" width=\"560\" height=\"315\" frameborder=\"0\" allowfullscreen=\"allowfullscreen\"><\/iframe><\/p>\n<hr \/>\n<h2><strong>Facebook, Hikayeler reklam format\u0131n\u0131 yay\u0131na ald\u0131<\/strong><\/h2>\n<p><img class=\"alignnone size-full wp-image-5059\" src=\"https:\/\/egegen.com\/blog\/wp-content\/uploads\/2018\/10\/facebook-hikaye.png\" alt=\"\" width=\"1000\" height=\"750\" \/><\/p>\n<p>Ge\u00e7ti\u011fimiz y\u0131l Instagram Hikayeler\u2019de reklam yay\u0131nlamaya ba\u015flayan Facebook, kendi platformundaki Hikaye format\u0131na da reklam almaya ba\u015fl\u0131yor. \u015eirket, k\u00fcresel olarak reklam verenler i\u00e7in Facebook Hikayeler\u2019de de reklam uygulamas\u0131n\u0131 hayata ge\u00e7irdi\u011fini duyurdu.<\/p>\n<p>Art\u0131k markalar ve reklam verenler, haber kayna\u011f\u0131 ya da Instagram Hikayeler \u00fczerinden y\u00fcr\u00fctt\u00fckleri reklam kampanyalar\u0131na Facebook Hikayeler\u2019i de ekleyebilecek. Bu yeni reklam format\u0131 sayesinde t\u00fcm reklam verenler Facebook\u2019un hikaye reklamlar\u0131 i\u00e7in sundu\u011fu hedefleme ve \u00f6l\u00e7\u00fcmleme olanaklar\u0131ndan faydalanabilecek.<\/p>\n<p>\u015eimdiye kadar Facebook Hikayeler\u2019de reklamlar\u0131 test eden markalar ise olumlu sonu\u00e7lar ald\u0131klar\u0131n\u0131 belirtiyor. ABD\u2019de iHeartRadio, Kettle Chips ve KFC markalar\u0131 taraf\u0131ndan test edilen Facebook Hikayeler reklam kampanyalar\u0131, marka y\u00fckseli\u015flerine olumlu etki sa\u011flam\u0131\u015f durumda.<\/p>\n<h2><strong>Facebook Jobs, \u0130\u015f F\u0131rsatlar\u0131 ad\u0131yla T\u00fcrkiye\u2019ye a\u00e7\u0131ld\u0131<\/strong><\/h2>\n<p>Uzun zamand\u0131r yurtd\u0131\u015f\u0131nda faaliyet g\u00f6steren Facebook Jobs T\u00fcrkiye\u2019de de a\u00e7\u0131ld\u0131. \u0130\u015f F\u0131rsatlar\u0131 ba\u015fl\u0131\u011f\u0131 alt\u0131nda kullan\u0131c\u0131lara i\u015f ilanlar\u0131 g\u00f6steren Facebook, kullan\u0131c\u0131lar\u0131n i\u015f ilan\u0131 yay\u0131nlamas\u0131n\u0131 da sa\u011fl\u0131yor.<\/p>\n<p><img class=\"alignnone size-full wp-image-5062\" src=\"https:\/\/egegen.com\/blog\/wp-content\/uploads\/2018\/10\/fabook-jobs.png\" alt=\"\" width=\"1000\" height=\"750\" \/><\/p>\n<p>\u0130\u015f F\u0131rsatlar\u0131 arac\u0131nda konum, sekt\u00f6r ve i\u015f t\u00fcr\u00fc belirterek ilanlar\u0131 g\u00f6r\u00fcnt\u00fcleyebiliyorsunuz. E\u011fer \u00fcst k\u0131s\u0131mda \u00e7\u0131kan abone ol se\u00e7ece\u011fine basarsan\u0131z, \u015fehrinizde yay\u0131nlanan yeni i\u015f ilanlar\u0131ndan bildirim alabiliyorsunuz. \u0130\u015f F\u0131rsatlar\u2019\u0131nda tam zamanl\u0131 i\u015flerin yan\u0131 s\u0131ra s\u00f6zle\u015fmeli, yar\u0131 zamanl\u0131, staj ya da g\u00f6n\u00fcll\u00fc i\u015flere rastlayabiliyorsunuz.<\/p>\n<p>\u0130\u015f F\u0131rsatlar\u0131\u2019nda i\u015f ilan\u0131 yay\u0131nlamak isteyen kurumlar da kolayca ilan olu\u015fturabiliyor. Bunun i\u00e7in \u201cBir \u0130\u015f \u0130lan\u0131 Payla\u015f\u201d butonuna basarak kar\u015f\u0131n\u0131za \u00e7\u0131kan ekranda yer alan \u0130\u015f Unvan\u0131, \u0130\u015f Tan\u0131m\u0131, Konum ve Maa\u015f k\u0131s\u0131mlar\u0131n\u0131 doldurman\u0131z yeterli oluyor.<\/p>\n<p>\u0130lan\u0131 yay\u0131nlamadan \u00f6nce i\u015fin tam zamanl\u0131 olup olmad\u0131\u011f\u0131n\u0131 da belirtmeniz gerekiyor. Dilerseniz ba\u015fvurular\u0131n size e -posta \u00fczerinden ula\u015ft\u0131r\u0131lmas\u0131n\u0131 da tercih edebiliyorsunuz.<\/p>\n<h2><strong>Google Maps uygulama i\u00e7inde m\u00fczi\u011finizi kontrol etme imkan\u0131 sunuyor<\/strong><\/h2>\n<p><img class=\"alignnone size-full wp-image-5060\" src=\"https:\/\/egegen.com\/blog\/wp-content\/uploads\/2018\/10\/googlemaps.jpg\" alt=\"\" width=\"950\" height=\"534\" \/><\/p>\n<p><strong>Google Maps<\/strong>\u00a0i\u00e7in haz\u0131rlanan son g\u00fcncellemenin merkezinde her g\u00fcn d\u00fczenli olarak toplu ta\u015f\u0131madan yararlanan kullan\u0131c\u0131lar bulunuyor. Buna ek olarak, g\u00fcncellemeyle kullan\u0131c\u0131lara dinledikleri m\u00fczi\u011fi uygulama i\u00e7inde kontrol etme imkan\u0131\u00a0sa\u011flan\u0131yor.<\/p>\n<p>Yeni eklenen toplu ula\u015f\u0131m sekmesiyle kullan\u0131c\u0131lar yola \u00e7\u0131kmadan \u00f6nce rotalar\u0131 \u00fczerinde herhangi bir yo\u011funluk veya \u00e7al\u0131\u015fma olup olmad\u0131\u011f\u0131n\u0131 g\u00f6rebiliyor. Buna ek olarak, kullan\u0131c\u0131lara yolculuklar\u0131n\u0131n her aya\u011f\u0131yla ilgili \u00f6zel bilgiler veriliyor.<\/p>\n<p><img class=\"alignnone size-full wp-image-5063\" src=\"https:\/\/egegen.com\/blog\/wp-content\/uploads\/2018\/10\/googlespotify.jpg\" alt=\"\" width=\"940\" height=\"940\" \/><\/p>\n<p><strong>Spotify<\/strong>,\u00a0<strong>Apple<\/strong><strong>\u00a0Music<\/strong>\u00a0ve\u00a0<strong>Google Play M\u00fczik<\/strong>\u00a0kullan\u0131c\u0131lar\u0131, dinledikleri m\u00fczi\u011fi navigasyon uygulamas\u0131n\u0131n i\u00e7inden kontrol edebilecek. Kullan\u0131c\u0131lar\u0131 uygulamalar aras\u0131nda ge\u00e7i\u015f yapma zahmetinden kurtarmas\u0131 a\u00e7\u0131s\u0131ndan \u00f6nemli bir g\u00fcncelleme oldu\u011fu a\u00e7\u0131k.<\/p>\n<p><strong>Google Haritalar<\/strong>\u00a0uygulamalar\u0131 i\u00e7in haz\u0131rlanan yeni \u00f6zellikler, Google Play Store ve iTunes App Store arac\u0131l\u0131\u011f\u0131yla kullan\u0131c\u0131lara ula\u015ft\u0131r\u0131lacak.<\/p>\n<p><strong>\u00a0<\/strong><\/p>\n<h2><strong>Whiskas\u2019dan Kedileri Rahatlatan Radyo Kanal\u0131<\/strong><\/h2>\n<p><img class=\"alignnone size-full wp-image-5065\" src=\"https:\/\/egegen.com\/blog\/wp-content\/uploads\/2018\/10\/whiskas.jpg\" alt=\"\" width=\"1680\" height=\"945\" \/><\/p>\n<p>Whiskas\u2019\u0131n yaratt\u0131\u011f\u0131 Cat Calming Radio, kedileri rahatlatacak m\u00fczikler \u00e7alan bir radyo. Veteriner yolunda strese giren kedicikleri sakinle\u015ftirmek i\u00e7in yola \u00e7\u0131kan proje; 22 A\u011fustos Take Your Cat to the Vet Day #Cat2VetDay (Kedinizi Veterinere G\u00f6t\u00fcr\u00fcn G\u00fcn\u00fc) i\u00e7in haz\u0131rlanm\u0131\u015f.<\/p>\n<p>\u0130nsanlar a\u015f\u0131 veya genel bir rahats\u0131zl\u0131k olmad\u0131\u011f\u0131nda hayvanlar\u0131n\u0131 veterinere d\u00fczenli kontrole g\u00f6t\u00fcrmeyi unutuyorlar, Take Your Cat to the Vet Day g\u00fcn\u00fc de bunu hat\u0131rlatmay\u0131 ama\u00e7layan bir g\u00fcn. Whiskas da bug\u00fcne dikkat \u00e7ekebilmek i\u00e7in d\u00fc\u015f\u00fcnceli bir projeye imza atm\u0131\u015f bulunuyor.<\/p>\n<p>\u0130nternet \u00fczerinden dinlenebilen radyo, Whiskas\u2019\u0131n reklam ajans\u0131 BBDO Toronto taraf\u0131ndan yarat\u0131lm\u0131\u015f. Radyo, g\u00fcn boyunca kesintisiz olarak kedilere \u00f6zel besteleriyle tan\u0131nan sanat\u00e7\u0131 David Teie\u2018nin m\u00fcziklerini \u00e7al\u0131yor.<\/p>\n<p><img class=\"alignnone size-full wp-image-5061\" src=\"https:\/\/egegen.com\/blog\/wp-content\/uploads\/2018\/10\/wiskys2.jpg\" alt=\"\" width=\"1500\" height=\"1500\" \/><\/p>\n<p>&nbsp;<\/p>\n","protected":false},"excerpt":{"rendered":"<p>Apple, iPhone XS, iPhone Xs Plus, iPhone Xr ve Apple Watch Series 4\u2018\u00fcn teknik \u00f6zelliklerini ve fiyat\u0131n\u0131 duyurdu Apple merakla beklenen yeni \u00fcr\u00fcnleri\u00a0iPhone Xs,\u00a0iPhone Xs Plus,\u00a0iPhone Xr\u00a0ve\u00a0Apple Watch Series 4\u2018\u00fc Getting Round etkinli\u011finde\u00a0tan\u0131tt\u0131. Apple\u2019\u0131n\u00a0tan\u0131tt\u0131\u011f\u0131 yeni iPhone modellerinin en \u00fcst versiyonu iPhone Xs Max oldu. 6.5 in\u00e7lik OLED ekran\u0131 ile Apple\u2019\u0131n en b\u00fcy\u00fck ak\u0131ll\u0131 telefonu olan\u00a0iPhone &hellip;<\/p>\n","protected":false},"author":20,"featured_media":5090,"comment_status":"open","ping_status":"open","sticky":false,"template":"","format":"standard","meta":[],"categories":[188],"tags":[],"_links":{"self":[{"href":"https:\/\/egegen.com\/blog\/wp-json\/wp\/v2\/posts\/5057"}],"collection":[{"href":"https:\/\/egegen.com\/blog\/wp-json\/wp\/v2\/posts"}],"about":[{"href":"https:\/\/egegen.com\/blog\/wp-json\/wp\/v2\/types\/post"}],"author":[{"embeddable":true,"href":"https:\/\/egegen.com\/blog\/wp-json\/wp\/v2\/users\/20"}],"replies":[{"embeddable":true,"href":"https:\/\/egegen.com\/blog\/wp-json\/wp\/v2\/comments?post=5057"}],"version-history":[{"count":2,"href":"https:\/\/egegen.com\/blog\/wp-json\/wp\/v2\/posts\/5057\/revisions"}],"predecessor-version":[{"id":8952,"href":"https:\/\/egegen.com\/blog\/wp-json\/wp\/v2\/posts\/5057\/revisions\/8952"}],"wp:featuredmedia":[{"embeddable":true,"href":"https:\/\/egegen.com\/blog\/wp-json\/wp\/v2\/media\/5090"}],"wp:attachment":[{"href":"https:\/\/egegen.com\/blog\/wp-json\/wp\/v2\/media?parent=5057"}],"wp:term":[{"taxonomy":"category","embeddable":true,"href":"https:\/\/egegen.com\/blog\/wp-json\/wp\/v2\/categories?post=5057"},{"taxonomy":"post_tag","embeddable":true,"href":"https:\/\/egegen.com\/blog\/wp-json\/wp\/v2\/tags?post=5057"}],"curies":[{"name":"wp","href":"https:\/\/api.w.org\/{rel}","templated":true}]}}