{"id":5036,"date":"2018-09-25T11:24:10","date_gmt":"2018-09-25T08:24:10","guid":{"rendered":"https:\/\/egegen.com\/blog\/?p=5036"},"modified":"2022-08-24T18:11:30","modified_gmt":"2022-08-24T15:11:30","slug":"unox-good-noodles-insanlari-reklam-panolari-icin-poz-vermeye-cagirdi","status":"publish","type":"post","link":"https:\/\/egegen.com\/blog\/unox-good-noodles-insanlari-reklam-panolari-icin-poz-vermeye-cagirdi\/","title":{"rendered":"Unox Good Noodles insanlar\u0131 reklam panolar\u0131 i\u00e7in poz vermeye \u00e7a\u011f\u0131rd\u0131"},"content":{"rendered":"<p><strong>Unox<\/strong> yarat\u0131c\u0131 bir A\u00e7\u0131khava aktivasyonuna imza att\u0131. <strong>Reklam<\/strong> panolar\u0131nda foto\u011fraf yerine ger\u00e7ek insanlar\u0131 kullanan marka e\u011flenceli bir kampanyayla dikkatleri \u00fczerine \u00e7ekti.<\/p>\n<p>Halka a\u00e7\u0131k bir alanda canl\u0131 video kayd\u0131 alan kamera \u00f6n\u00fcnde, elinde en uzun s\u00fcre Unox \u00fcr\u00fcn\u00fcn\u00fc tutabilenler aras\u0131nda mini bir yar\u0131\u015fma ger\u00e7ekle\u015ftirildi. Puan s\u0131ralamas\u0131 ve kimin ka\u00e7 dakika <strong>Noodle<\/strong>\u2019\u0131 tutabildi\u011fi bilgisi de canl\u0131 olarak yay\u0131nlan\u0131rken en uzun s\u00fcre pozu koruyan ki\u015fiyse hayat boyu \u00fccretsiz <strong>Good Noodles<\/strong> ile \u00f6d\u00fcllendirildi.<\/p>\n<p><iframe loading=\"lazy\" src=\"https:\/\/www.youtube.com\/embed\/Cqivt67SVrU?rel=0\" width=\"560\" height=\"315\" frameborder=\"0\" allowfullscreen=\"allowfullscreen\"><\/iframe><\/p>\n<p>Kampanyan\u0131n etkisini ve eri\u015fimini art\u0131rmak i\u00e7in De Gierige Gasten, Sophie Milzink, JayJay Boske ve Gio gibi <strong>influencer<\/strong>\u2019lardan da yararlan\u0131ld\u0131. Bunun yan\u0131s\u0131ra aktivasyon; \u00fcr\u00fcn odakl\u0131 internet videolar\u0131 ve k\u0131sa filmler ve \u00fcr\u00fcn\u00fc tan\u0131tan a\u00e7\u0131k hava panolar\u0131yla da desteklendi.<\/p>\n","protected":false},"excerpt":{"rendered":"<p>Unox yarat\u0131c\u0131 bir A\u00e7\u0131khava aktivasyonuna imza att\u0131. Reklam panolar\u0131nda foto\u011fraf yerine ger\u00e7ek insanlar\u0131 kullanan marka e\u011flenceli bir kampanyayla dikkatleri \u00fczerine \u00e7ekti. Halka a\u00e7\u0131k bir alanda canl\u0131 video kayd\u0131 alan kamera \u00f6n\u00fcnde, elinde en uzun s\u00fcre Unox \u00fcr\u00fcn\u00fcn\u00fc tutabilenler aras\u0131nda mini bir yar\u0131\u015fma ger\u00e7ekle\u015ftirildi. Puan s\u0131ralamas\u0131 ve kimin ka\u00e7 dakika Noodle\u2019\u0131 tutabildi\u011fi bilgisi de canl\u0131 olarak &hellip;<\/p>\n","protected":false},"author":20,"featured_media":5037,"comment_status":"open","ping_status":"open","sticky":false,"template":"","format":"standard","meta":[],"categories":[177],"tags":[],"_links":{"self":[{"href":"https:\/\/egegen.com\/blog\/wp-json\/wp\/v2\/posts\/5036"}],"collection":[{"href":"https:\/\/egegen.com\/blog\/wp-json\/wp\/v2\/posts"}],"about":[{"href":"https:\/\/egegen.com\/blog\/wp-json\/wp\/v2\/types\/post"}],"author":[{"embeddable":true,"href":"https:\/\/egegen.com\/blog\/wp-json\/wp\/v2\/users\/20"}],"replies":[{"embeddable":true,"href":"https:\/\/egegen.com\/blog\/wp-json\/wp\/v2\/comments?post=5036"}],"version-history":[{"count":0,"href":"https:\/\/egegen.com\/blog\/wp-json\/wp\/v2\/posts\/5036\/revisions"}],"wp:featuredmedia":[{"embeddable":true,"href":"https:\/\/egegen.com\/blog\/wp-json\/wp\/v2\/media\/5037"}],"wp:attachment":[{"href":"https:\/\/egegen.com\/blog\/wp-json\/wp\/v2\/media?parent=5036"}],"wp:term":[{"taxonomy":"category","embeddable":true,"href":"https:\/\/egegen.com\/blog\/wp-json\/wp\/v2\/categories?post=5036"},{"taxonomy":"post_tag","embeddable":true,"href":"https:\/\/egegen.com\/blog\/wp-json\/wp\/v2\/tags?post=5036"}],"curies":[{"name":"wp","href":"https:\/\/api.w.org\/{rel}","templated":true}]}}