{"id":4794,"date":"2018-07-06T16:55:15","date_gmt":"2018-07-06T13:55:15","guid":{"rendered":"https:\/\/egegen.com\/blog\/?p=4794"},"modified":"2022-09-15T17:37:39","modified_gmt":"2022-09-15T14:37:39","slug":"youtube-kadin-hareketi-biz","status":"publish","type":"post","link":"https:\/\/egegen.com\/blog\/youtube-kadin-hareketi-biz\/","title":{"rendered":"Youtube Kad\u0131n Hareketi; Biz"},"content":{"rendered":"<p>\u00dcretmekten, var etmekten ve \u00e7evrelerine etki etmekten her ne olursa olsun vazge\u00e7meyen kad\u0131nlar\u0131n sesinin birlikte duyurulmas\u0131 amac\u0131 ile YouTuber\u2019lar taraf\u0131ndan \u201c<strong>Biz<\/strong>\u201d adl\u0131 yeni bir hareket ba\u015flat\u0131ld\u0131. Di\u011fer kad\u0131nlar\u0131 harekete ge\u00e7irmek ad\u0131na umut olabilecek kad\u0131nlar\u0131n \u00f6yk\u00fclerini 360 derece yans\u0131tmaya \u00e7al\u0131\u015fan \u201c<strong>Biz<\/strong>\u201d hareketinin, T\u00fcrkiye\u2019nin d\u00f6rt bir yan\u0131nda ya\u015fayan \u00e7ok say\u0131da kad\u0131na&nbsp;ilham, cesaret ve g\u00fc\u00e7 kayna\u011f\u0131 olmas\u0131 ama\u00e7lan\u0131yor.<\/p>\n<p>Merve \u00d6zkaynak, Refika Birg\u00fcl, Rah\u015fan G\u00fcl\u015fan ve \u0130lker G\u00fcm\u00fc\u015foluk\u2019un \u00f6nc\u00fcl\u00fc\u011f\u00fcnde ba\u015flayan hareketin, hik\u00e2yesini payla\u015fmak isteyenlerin deste\u011fi ile geli\u015fip, hayat bulmas\u0131 hedefleniyor.<\/p>\n<p>Proje kapsam\u0131nda&nbsp;<strong>YouTuber<\/strong>\u2019lar,&nbsp;izleyicilerini, doldurulacak anketlerle g\u00fcnl\u00fck hayatta farkl\u0131la\u015farak elde ettikleri ba\u015far\u0131larla efsane olmu\u015f veya olmaya aday kad\u0131nlar\u0131n hik\u00e2yelerini payla\u015fmaya davet ediyor. Kat\u0131l\u0131m\u0131n herkese a\u00e7\u0131k oldu\u011fu anket sonucunda se\u00e7ilecek hik\u00e2yeler ise izleyicilerle <strong>YouTuber<\/strong>\u2019lar\u0131n anlat\u0131m\u0131 ile bulu\u015facak.<\/p>\n","protected":false},"excerpt":{"rendered":"<p>\u00dcretmekten, var etmekten ve \u00e7evrelerine etki etmekten her ne olursa olsun vazge\u00e7meyen kad\u0131nlar\u0131n sesinin birlikte duyurulmas\u0131 amac\u0131 ile YouTuber\u2019lar taraf\u0131ndan \u201cBiz\u201d adl\u0131 yeni bir hareket ba\u015flat\u0131ld\u0131. Di\u011fer kad\u0131nlar\u0131 harekete ge\u00e7irmek ad\u0131na umut olabilecek kad\u0131nlar\u0131n \u00f6yk\u00fclerini 360 derece yans\u0131tmaya \u00e7al\u0131\u015fan \u201cBiz\u201d hareketinin, T\u00fcrkiye\u2019nin d\u00f6rt bir yan\u0131nda ya\u015fayan \u00e7ok say\u0131da kad\u0131na&nbsp;ilham, cesaret ve g\u00fc\u00e7 kayna\u011f\u0131 olmas\u0131 ama\u00e7lan\u0131yor. &hellip;<\/p>\n","protected":false},"author":1,"featured_media":4795,"comment_status":"open","ping_status":"open","sticky":false,"template":"","format":"standard","meta":[],"categories":[176],"tags":[],"_links":{"self":[{"href":"https:\/\/egegen.com\/blog\/wp-json\/wp\/v2\/posts\/4794"}],"collection":[{"href":"https:\/\/egegen.com\/blog\/wp-json\/wp\/v2\/posts"}],"about":[{"href":"https:\/\/egegen.com\/blog\/wp-json\/wp\/v2\/types\/post"}],"author":[{"embeddable":true,"href":"https:\/\/egegen.com\/blog\/wp-json\/wp\/v2\/users\/1"}],"replies":[{"embeddable":true,"href":"https:\/\/egegen.com\/blog\/wp-json\/wp\/v2\/comments?post=4794"}],"version-history":[{"count":0,"href":"https:\/\/egegen.com\/blog\/wp-json\/wp\/v2\/posts\/4794\/revisions"}],"wp:featuredmedia":[{"embeddable":true,"href":"https:\/\/egegen.com\/blog\/wp-json\/wp\/v2\/media\/4795"}],"wp:attachment":[{"href":"https:\/\/egegen.com\/blog\/wp-json\/wp\/v2\/media?parent=4794"}],"wp:term":[{"taxonomy":"category","embeddable":true,"href":"https:\/\/egegen.com\/blog\/wp-json\/wp\/v2\/categories?post=4794"},{"taxonomy":"post_tag","embeddable":true,"href":"https:\/\/egegen.com\/blog\/wp-json\/wp\/v2\/tags?post=4794"}],"curies":[{"name":"wp","href":"https:\/\/api.w.org\/{rel}","templated":true}]}}