{"id":4719,"date":"2018-06-13T15:12:39","date_gmt":"2018-06-13T12:12:39","guid":{"rendered":"https:\/\/egegen.com\/blog\/?p=4719"},"modified":"2022-08-24T18:13:59","modified_gmt":"2022-08-24T15:13:59","slug":"ege-fren-ege-fren-yedek-parcanin-yeni-internet-sitesi-yayinda","status":"publish","type":"post","link":"https:\/\/egegen.com\/blog\/ege-fren-ege-fren-yedek-parcanin-yeni-internet-sitesi-yayinda\/","title":{"rendered":"Ege Fren ve Ege Fren Yedek Par\u00e7a\u2019n\u0131n Yeni \u0130nternet Sitesi Yay\u0131nda!"},"content":{"rendered":"<p class=\"p1\"><span class=\"s1\"><strong>Bayraktar Grubu<\/strong> ve d\u00fcnyan\u0131n \u00f6nde gelen otomotiv teknoloji \u015firketlerinden <strong>Meritor<\/strong> ortakl\u0131\u011f\u0131nda faaliyet g\u00f6steren Ege Fren\u2019in yeni sitesi yay\u0131nda!<\/span><\/p>\n<p class=\"p1\"><span class=\"s1\">\u00dcst\u00fcn kalitesiyle, rekabet\u00e7i fiyatlar\u0131yla, tam zaman\u0131nda sevkiyat\u0131yla ve m\u00fckemmel hizmet sunan <strong>Ege Fren<\/strong> i\u00e7in haz\u0131rlad\u0131\u011f\u0131m\u0131z projede; dijital d\u00fcnyan\u0131n dinamiklerine uygun, kullan\u0131c\u0131 kolayl\u0131\u011f\u0131n\u0131n \u00f6n planda oldu\u011fu sade ve modern \u00e7al\u0131\u015fma ger\u00e7ekle\u015ftirdik. Uzman <strong>yaz\u0131l\u0131m ekibi<\/strong>miz taraf\u0131nda haz\u0131rlanan yeni alt yap\u0131s\u0131yla k\u00f6kl\u00fc de\u011fi\u015fikli\u011fe imza att\u0131k.<\/span><\/p>\n<p class=\"p1\"><span class=\"s1\">Kusursuz navigasyon yap\u0131s\u0131yla haz\u0131rlanan <strong>web sitesi<\/strong>yle kullan\u0131c\u0131lar; <strong>Ege Fren<\/strong> hakk\u0131nda bilgilere, hizmetlerine, duyuru\/haberlere, geni\u015f \u00fcr\u00fcn yelpazesi ile ilgili detayl\u0131 bilgilere ula\u015f\u0131rken <strong>Ege Fren Yedek Par\u00e7a<\/strong> i\u00e7in de ayr\u0131 bir ara y\u00fcze ula\u015fabiliyorlar.<\/span><\/p>\n<p><iframe loading=\"lazy\" src=\"https:\/\/www.youtube.com\/embed\/wR49X06eL6s?rel=0\" width=\"560\" height=\"315\" frameborder=\"0\" allowfullscreen=\"allowfullscreen\"><\/iframe><\/p>\n<p>Web sitelerini incelemek i\u00e7in linklere t\u0131klay\u0131n\u0131z.<\/p>\n<p><a href=\"http:\/\/www.egefren.com.tr\" target=\"_blank\" rel=\"noopener nofollow noreferrer\">Ege Fren<\/a><\/p>\n<p><a href=\"http:\/\/www.egefrenyp.com\" target=\"_blank\" rel=\"noopener nofollow noreferrer\">Ege Fren Yedek Par\u00e7a<\/a><\/p>\n<p>Yeni projelerimiz i\u00e7in bizi takip etmeyi unutmay\u0131n!<\/p>\n","protected":false},"excerpt":{"rendered":"<p>Bayraktar Grubu ve d\u00fcnyan\u0131n \u00f6nde gelen otomotiv teknoloji \u015firketlerinden Meritor ortakl\u0131\u011f\u0131nda faaliyet g\u00f6steren Ege Fren\u2019in yeni sitesi yay\u0131nda! \u00dcst\u00fcn kalitesiyle, rekabet\u00e7i fiyatlar\u0131yla, tam zaman\u0131nda sevkiyat\u0131yla ve m\u00fckemmel hizmet sunan Ege Fren i\u00e7in haz\u0131rlad\u0131\u011f\u0131m\u0131z projede; dijital d\u00fcnyan\u0131n dinamiklerine uygun, kullan\u0131c\u0131 kolayl\u0131\u011f\u0131n\u0131n \u00f6n planda oldu\u011fu sade ve modern \u00e7al\u0131\u015fma ger\u00e7ekle\u015ftirdik. Uzman yaz\u0131l\u0131m ekibimiz taraf\u0131nda haz\u0131rlanan yeni alt &hellip;<\/p>\n","protected":false},"author":1,"featured_media":5788,"comment_status":"open","ping_status":"open","sticky":false,"template":"","format":"standard","meta":[],"categories":[179],"tags":[],"_links":{"self":[{"href":"https:\/\/egegen.com\/blog\/wp-json\/wp\/v2\/posts\/4719"}],"collection":[{"href":"https:\/\/egegen.com\/blog\/wp-json\/wp\/v2\/posts"}],"about":[{"href":"https:\/\/egegen.com\/blog\/wp-json\/wp\/v2\/types\/post"}],"author":[{"embeddable":true,"href":"https:\/\/egegen.com\/blog\/wp-json\/wp\/v2\/users\/1"}],"replies":[{"embeddable":true,"href":"https:\/\/egegen.com\/blog\/wp-json\/wp\/v2\/comments?post=4719"}],"version-history":[{"count":0,"href":"https:\/\/egegen.com\/blog\/wp-json\/wp\/v2\/posts\/4719\/revisions"}],"wp:featuredmedia":[{"embeddable":true,"href":"https:\/\/egegen.com\/blog\/wp-json\/wp\/v2\/media\/5788"}],"wp:attachment":[{"href":"https:\/\/egegen.com\/blog\/wp-json\/wp\/v2\/media?parent=4719"}],"wp:term":[{"taxonomy":"category","embeddable":true,"href":"https:\/\/egegen.com\/blog\/wp-json\/wp\/v2\/categories?post=4719"},{"taxonomy":"post_tag","embeddable":true,"href":"https:\/\/egegen.com\/blog\/wp-json\/wp\/v2\/tags?post=4719"}],"curies":[{"name":"wp","href":"https:\/\/api.w.org\/{rel}","templated":true}]}}