{"id":4705,"date":"2018-06-12T11:03:51","date_gmt":"2018-06-12T08:03:51","guid":{"rendered":"https:\/\/egegen.com\/blog\/?p=4705"},"modified":"2022-09-15T17:37:44","modified_gmt":"2022-09-15T14:37:44","slug":"muhtemelen-yanlis-kullandiginiz-9-emoji","status":"publish","type":"post","link":"https:\/\/egegen.com\/blog\/muhtemelen-yanlis-kullandiginiz-9-emoji\/","title":{"rendered":"Muhtemelen Yanl\u0131\u015f Kulland\u0131\u011f\u0131n\u0131z 9 Emoji"},"content":{"rendered":"<p><strong>\u0130nternet<\/strong> \u00fczerindeki ileti\u015fimlerimizi g\u00f6rsellerle s\u00fcslemeyi daha s\u0131k tercih eder olduk. Kar\u015f\u0131 tarafa sadece kelimeler yard\u0131m\u0131yla aktarman\u0131n zorlu\u011fu da eklenince, g\u00f6rseller yerlerini daha pratik olan <strong>simge<\/strong>lere b\u0131rakt\u0131lar.<\/p>\n<p>Bu ama\u00e7la g\u00fcl\u00fcmsemeyi belirtmek i\u00e7in ortaya \u00e7\u0131kan : ) i\u015fareti o kadar pop\u00fcler oldu ki, zamanla duygular\u0131m\u0131z\u0131 ifade eden pek \u00e7ok simge kullan\u0131lmaya ba\u015fland\u0131. Fakat baz\u0131 simgeler tam olarak hayal etti\u011fimiz anlamlara kar\u015f\u0131l\u0131k gelmiyor. \u0130\u015fte muhtemelen sizin de yanl\u0131\u015f kulland\u0131\u011f\u0131n\u0131z 9 <strong>emoji<\/strong>.<\/p>\n<p><strong>Dua Eden Eller<\/strong><\/p>\n<p><img class=\"aligncenter wp-image-4714 size-full\" src=\"https:\/\/egegen.com\/blog\/wp-content\/uploads\/2018\/06\/emoji.jpeg\" alt=\"Muhtemelen Yanl\u0131\u015f Kulland\u0131\u011f\u0131n\u0131z 9 Emoji\" width=\"600\" height=\"222\" \/><\/p>\n<p>Dua anlam\u0131nda kullan\u0131lan veya birine destek olmak amac\u0131yla kulland\u0131\u011f\u0131m\u0131z bu <strong>emoji<\/strong> asl\u0131nda kar\u015f\u0131m\u0131zda ki ki\u015fiden \u00f6z\u00fcr dilemek veya minnettarl\u0131k amac\u0131yla ortaya \u00e7\u0131km\u0131\u015ft\u0131r.<\/p>\n<p><strong>Tav\u015fan Kulakl\u0131 Dans Eden K\u0131zlar<\/strong><\/p>\n<p><img class=\"aligncenter wp-image-4706 size-full\" src=\"https:\/\/egegen.com\/blog\/wp-content\/uploads\/2018\/06\/emoji-2.jpeg\" alt=\"Muhtemelen Yanl\u0131\u015f Kulland\u0131\u011f\u0131n\u0131z 9 Emoji\" width=\"600\" height=\"224\" \/><\/p>\n<p>\u00c7o\u011funlukla k\u0131z k\u0131za e\u011flenmek veya mutluluk anlam\u0131nda kullan\u0131l\u0131yor. Fakat bu <strong>emoji<\/strong> \u00f6zellikle uzak do\u011fu i\u00e7in tav\u015fan k\u0131zlar ve benzer cosplay kost\u00fcmleri ifade ediyor.<\/p>\n<p><strong>Y\u0131ld\u0131z Kaymas\u0131<\/strong><\/p>\n<p><img class=\"aligncenter wp-image-4707 size-full\" src=\"https:\/\/egegen.com\/blog\/wp-content\/uploads\/2018\/06\/emoji-3.jpeg\" alt=\"Muhtemelen Yanl\u0131\u015f Kulland\u0131\u011f\u0131n\u0131z 9 Emoji\" width=\"600\" height=\"219\" \/><\/p>\n<p>\u00c7o\u011funlukla y\u0131ld\u0131z kaymas\u0131 ve dilek tutmay\u0131 ifade etti\u011fi san\u0131lan bu <strong>emoji<\/strong> dilek tutmak i\u00e7in kullan\u0131lsa da asl\u0131nda \u00e7izgi filmlerden de a\u015fina oldu\u011fumuz ba\u015f d\u00f6nmesini ifade ediyor.<\/p>\n<p><strong>Eller Ba\u015f\u0131n \u00dcst\u00fcnde<\/strong><\/p>\n<p><img class=\"aligncenter wp-image-4708 size-full\" src=\"https:\/\/egegen.com\/blog\/wp-content\/uploads\/2018\/06\/emoji-4.jpeg\" alt=\"Muhtemelen Yanl\u0131\u015f Kulland\u0131\u011f\u0131n\u0131z 9 Emoji\" width=\"600\" height=\"225\" \/><\/p>\n<p>Bu i\u015faret yayg\u0131n olarak iki farkl\u0131 anlam\u0131 ifade etmek i\u00e7in kullan\u0131l\u0131yor. Bunlardan ilki bale yapmak di\u011feri ise b\u00fcy\u00fck bir \u015fa\u015fk\u0131nl\u0131k ve hayreti belirtmek i\u00e7in kullan\u0131lmas\u0131d\u0131r. Ama asl\u0131nda bu <strong>emoji<\/strong> i\u015faretinin ortaya \u00e7\u0131kma nedeni Tamam anlam\u0131na gelen bir <strong>i\u015faret<\/strong> olu\u015fturmakt\u0131r.<\/p>\n<p><strong>Yatan Adam<\/strong><\/p>\n<p><img class=\"aligncenter wp-image-4709 size-full\" src=\"https:\/\/egegen.com\/blog\/wp-content\/uploads\/2018\/06\/emoji-5.jpeg\" alt=\"Muhtemelen Yanl\u0131\u015f Kulland\u0131\u011f\u0131n\u0131z 9 Emoji\" width=\"600\" height=\"225\" \/><\/p>\n<p>Yerde yatan adama benzeyen bu <strong>emoji<\/strong> kullan\u0131c\u0131lar\u0131n d\u00fc\u015f\u00fcnceli olduklar\u0131nda kulland\u0131klar\u0131 bir ifadedir. Asl\u0131nda bu emoji birinden \u00f6z\u00fcr dilemek ve minnettarl\u0131\u011f\u0131 belirtmek i\u00e7in ortaya \u00e7\u0131km\u0131\u015f bir emojidir.<\/p>\n<p><strong>\u00dczg\u00fcn Surat<\/strong><\/p>\n<p><img class=\"aligncenter wp-image-4710 size-full\" src=\"https:\/\/egegen.com\/blog\/wp-content\/uploads\/2018\/06\/emoji-6.jpeg\" alt=\"Muhtemelen Yanl\u0131\u015f Kulland\u0131\u011f\u0131n\u0131z 9 Emoji\" width=\"600\" height=\"223\" \/><\/p>\n<p>G\u00f6z\u00fcnden damlayan bir damla g\u00f6zya\u015f\u0131 ile \u00fcz\u00fcnt\u00fcy\u00fc ifade ediyormu\u015f gibi g\u00f6z\u00fckse de bu <strong>emoji uykusuzlu\u011fu<\/strong> ifade etmektedir.<\/p>\n<p><strong>Eli Havada Kad\u0131n<\/strong><\/p>\n<p><img class=\"aligncenter wp-image-4711 size-full\" src=\"https:\/\/egegen.com\/blog\/wp-content\/uploads\/2018\/06\/emoji-7.jpeg\" alt=\"Muhtemelen Yanl\u0131\u015f Kulland\u0131\u011f\u0131n\u0131z 9 Emoji\" width=\"600\" height=\"221\" \/><\/p>\n<p>Genellikle senden daha iyiyim demek veya s\u00f6ylenen s\u00f6z\u00fc \u00f6nemsemek anlam\u0131nda kullan\u0131rken as\u0131l anlam\u0131 size nas\u0131l yard\u0131m edebilirim diyen bir g\u00f6revliyi ifade etmektedir.<\/p>\n<p><strong>A\u00e7\u0131k Eller<\/strong><\/p>\n<p><img class=\"aligncenter wp-image-4712 size-full\" src=\"https:\/\/egegen.com\/blog\/wp-content\/uploads\/2018\/06\/emoji-8.jpeg\" alt=\"Muhtemelen Yanl\u0131\u015f Kulland\u0131\u011f\u0131n\u0131z 9 Emoji\" width=\"600\" height=\"224\" \/><\/p>\n<p>Bu <strong>emoji kullan\u0131c\u0131lar<\/strong> taraf\u0131ndan bir \u015feyi reddetmek amac\u0131yla kullan\u0131lsa da asl\u0131nda kucaklamak amac\u0131yla \u00fcretilmi\u015ftir.<\/p>\n<p><strong>Terleyen Surat<\/strong><\/p>\n<p><img class=\"aligncenter wp-image-4713 size-full\" src=\"https:\/\/egegen.com\/blog\/wp-content\/uploads\/2018\/06\/emoji-9.jpeg\" alt=\"Muhtemelen Yanl\u0131\u015f Kulland\u0131\u011f\u0131n\u0131z 9 Emoji\" width=\"600\" height=\"220\" \/><\/p>\n<p>Aln\u0131ndan bir damla ter akan akan bu <strong>emoji<\/strong> a\u015f\u0131r\u0131 fiziksel \u00e7al\u0131\u015fma, yorgunluk amac\u0131yla kullan\u0131l\u0131rken \u00fcretim amac\u0131 kayg\u0131 ve stres dolu bir durumu ifade etmektir.<\/p>\n","protected":false},"excerpt":{"rendered":"<p>\u0130nternet \u00fczerindeki ileti\u015fimlerimizi g\u00f6rsellerle s\u00fcslemeyi daha s\u0131k tercih eder olduk. Kar\u015f\u0131 tarafa sadece kelimeler yard\u0131m\u0131yla aktarman\u0131n zorlu\u011fu da eklenince, g\u00f6rseller yerlerini daha pratik olan simgelere b\u0131rakt\u0131lar. Bu ama\u00e7la g\u00fcl\u00fcmsemeyi belirtmek i\u00e7in ortaya \u00e7\u0131kan : ) i\u015fareti o kadar pop\u00fcler oldu ki, zamanla duygular\u0131m\u0131z\u0131 ifade eden pek \u00e7ok simge kullan\u0131lmaya ba\u015fland\u0131. Fakat baz\u0131 simgeler tam olarak &hellip;<\/p>\n","protected":false},"author":1,"featured_media":4715,"comment_status":"open","ping_status":"open","sticky":false,"template":"","format":"standard","meta":[],"categories":[176],"tags":[],"_links":{"self":[{"href":"https:\/\/egegen.com\/blog\/wp-json\/wp\/v2\/posts\/4705"}],"collection":[{"href":"https:\/\/egegen.com\/blog\/wp-json\/wp\/v2\/posts"}],"about":[{"href":"https:\/\/egegen.com\/blog\/wp-json\/wp\/v2\/types\/post"}],"author":[{"embeddable":true,"href":"https:\/\/egegen.com\/blog\/wp-json\/wp\/v2\/users\/1"}],"replies":[{"embeddable":true,"href":"https:\/\/egegen.com\/blog\/wp-json\/wp\/v2\/comments?post=4705"}],"version-history":[{"count":0,"href":"https:\/\/egegen.com\/blog\/wp-json\/wp\/v2\/posts\/4705\/revisions"}],"wp:featuredmedia":[{"embeddable":true,"href":"https:\/\/egegen.com\/blog\/wp-json\/wp\/v2\/media\/4715"}],"wp:attachment":[{"href":"https:\/\/egegen.com\/blog\/wp-json\/wp\/v2\/media?parent=4705"}],"wp:term":[{"taxonomy":"category","embeddable":true,"href":"https:\/\/egegen.com\/blog\/wp-json\/wp\/v2\/categories?post=4705"},{"taxonomy":"post_tag","embeddable":true,"href":"https:\/\/egegen.com\/blog\/wp-json\/wp\/v2\/tags?post=4705"}],"curies":[{"name":"wp","href":"https:\/\/api.w.org\/{rel}","templated":true}]}}